{"id":268,"date":"2004-11-29T08:59:00","date_gmt":"2004-11-29T08:59:00","guid":{"rendered":"https:\/\/www.euroresidentes.com\/social\/rodriguez-zapatero\/un-pp-fuerte-y-crecido"},"modified":"2016-02-26T10:12:23","modified_gmt":"2016-02-26T10:12:23","slug":"un-pp-fuerte-y-crecido","status":"publish","type":"post","link":"https:\/\/www.euroresidentes.com\/social\/rodriguez-zapatero\/un-pp-fuerte-y-crecido","title":{"rendered":"Un PP fuerte y crecido"},"content":{"rendered":"<p>Esperanza Aguirre lo dijo ayer con claridad en su Congreso: \u00ab<em><strong>el objetivo del PP es estar preparado para que esta legislatura no llegue a su fin\u00bb<\/strong><\/em>. \u00bfExagerado? \u00bfCongresual?<\/p>\n<p>Lo cierto es que aquellos que vaticinaban fuertes tensiones en el PP tras la p\u00e9rdida del Gobierno que acabar\u00edan por hundir el partido durante un cierto tiempo se est\u00e1n equivocando. Galicia, Madrid y la Comunidad Valenciana, afectados por graves disputas internas, han superado en buena parte sus problemas. No deber\u00eda pasar desapercibida la extrema debilidad del partido socialista en estas comunidades aut\u00f3nomas. Tendencia que el propio gobierno central quiz\u00e1s desarrolla al verse condicionado en exceso por el socialismo catal\u00e1n.<\/p>\n<p>Aznar llega hoy fuerte y crecido al Congreso. Sus primeras declaraciones de esta ma\u00f1ana a la Comisi\u00f3n siguen su l\u00ednea dogm\u00e1tica y prepotente. Llega con el pecho hinchado, con Bush a sus espaldas y tras una semana pol\u00edtica en la que Zapatero naufragaba por todos lados.<\/p>\n<p>La l\u00ednea \u00abdura\u00bb del PP se afianza. Aguirre ha fulminado a todo un Gallard\u00f3n en su propio terreno. Es una mujer a no perder de vista. Que lo haya dicho ella tiene mucho significado. Aguirre es la <em>quintaesencia <\/em>del Partido Popular. \u00bfHay base para pensar que Zapatero tendr\u00e1 que adelantar las elecciones?<\/p>\n<p>Veamos algunas gradas del escenario, el PP:<\/p>\n<ul>\n<li>El Partido Popular controla estrechamente grupos medi\u00e1ticos muy importantes. La p\u00e9rdida de la televisi\u00f3n p\u00fablica nacional, aunque notable, no debe verse como una restricci\u00f3n absoluta en la canalizaci\u00f3n de los mensajes precisos que este partido da puntualmente a su electorado.<\/li>\n<li>El Partido Popular controla un gran n\u00famero de empresas importantes de este pa\u00eds. Tel\u00e9fonica, BBVA, entre otras, conforman una red de influencias muy significativa y que la actitud tecnocr\u00e1tica de Pedro Solbes quiz\u00e1s no llegue a neutralizar.<\/li>\n<li>Aznar y el Partido Popular tienen un claro respaldo de la Administraci\u00f3n Bush.<\/li>\n<li>Y en el PP existe una  fuerte unidad \u00abideol\u00f3gica\u00bb y sin fisuras relevantes.<\/li>\n<\/ul>\n<p>El PSOE:<\/p>\n<ul>\n<li>Un intento de influir por parte de los hist\u00f3ricos en las decisiones del Gobierno Zapatero (Ibarra, Caso Vera&#8230;).<\/li>\n<li>Debilidad de los cuadros del partido socialista en muchas comunidades aut\u00f3nomas importantes (Madrid, Castilla -Le\u00f3n, Comunidad Valenciana, Galicia, Baleares&#8230;). <\/li>\n<li>Una pol\u00edtica exterior limitada por la reciente relecci\u00f3n de George Bush.<\/li>\n<li>Una imagen compleja derivada de la influencia de Pascual Margall en Zapatero y la sujeci\u00f3n de ambos al nacionalismo radical catal\u00e1n.<\/li>\n<li>Falta de claridad en la estrategia operativa del partido socialista y en sus objetivos.<\/li>\n<\/ul>\n<p>A\u00fan as\u00ed las cosas es dificil vislumbrar que el PP pueda provocar unas condiciones que lleven a Zapatero a convocar unas elecciones anticipadas. Pero m\u00e1s dif\u00edcil lo ten\u00eda el PP en la Comunidad de Madrid y Rodr\u00edguez Zapatero vi\u00f3 como a su gente se le esfumaba la Comunidad de Madrid incluso antes de tomar posesi\u00f3n.<\/p>\n<p>Por esta raz\u00f3n es muy significativo que haya sido Esperanza Aguirre la portavoz del mensaje. \u00bfQu\u00e9 informaci\u00f3n guarda que no sabemos? Probablemente la ausencia de los diputados del PSOE que no votararon en el Pleno del Congreso la reforma de la Ley Org\u00e1nica del Poder Judicial le habr\u00e1 puesto los pelos de punta a m\u00e1s de uno&#8230; De momento, el PP ya tiene la Alcald\u00eda de Le\u00f3n.<\/p>\n","protected":false},"excerpt":{"rendered":"<p>Esperanza Aguirre lo dijo ayer con claridad en su Congreso: \u00abel objetivo del PP es estar preparado para que esta legislatura no llegue a su fin\u00bb. \u00bfExagerado? \u00bfCongresual? Lo cierto es que aquellos que vaticinaban fuertes tensiones en el PP tras la p\u00e9rdida del Gobierno que acabar\u00edan por hundir el partido durante un cierto tiempo se est\u00e1n equivocando. Galicia, Madrid y la Comunidad Valenciana, afectados por graves disputas internas, han superado en buena parte sus problemas. No deber\u00eda pasar desapercibida la extrema debilidad del partido socialista en estas comunidades aut\u00f3nomas. Tendencia que el propio gobierno central quiz\u00e1s desarrolla al verse <\/p>\n","protected":false},"author":1,"featured_media":0,"comment_status":"open","ping_status":"open","sticky":false,"template":"","format":"standard","meta":{"footnotes":""},"categories":[1],"tags":[34],"class_list":["post-268","post","type-post","status-publish","format-standard","hentry","category-sin-categoria","tag-pp"],"yoast_head":"<!-- This site is optimized with the Yoast SEO plugin v25.6 - https:\/\/yoast.com\/wordpress\/plugins\/seo\/ -->\n<title>Un PP fuerte y crecido - Rodr\u00edguez Zapatero<\/title>\n<meta name=\"robots\" content=\"index, follow, max-snippet:-1, max-image-preview:large, max-video-preview:-1\" \/>\n<link rel=\"canonical\" href=\"https:\/\/www.euroresidentes.com\/social\/rodriguez-zapatero\/un-pp-fuerte-y-crecido\" \/>\n<meta property=\"og:locale\" content=\"es_ES\" \/>\n<meta property=\"og:type\" content=\"article\" \/>\n<meta property=\"og:title\" content=\"Un PP fuerte y crecido - Rodr\u00edguez Zapatero\" \/>\n<meta property=\"og:description\" content=\"Esperanza Aguirre lo dijo ayer con claridad en su Congreso: \u00abel objetivo del PP es estar preparado para que esta legislatura no llegue a su fin\u00bb. \u00bfExagerado? \u00bfCongresual? Lo cierto es que aquellos que vaticinaban fuertes tensiones en el PP tras la p\u00e9rdida del Gobierno que acabar\u00edan por hundir el partido durante un cierto tiempo se est\u00e1n equivocando. Galicia, Madrid y la Comunidad Valenciana, afectados por graves disputas internas, han superado en buena parte sus problemas. No deber\u00eda pasar desapercibida la extrema debilidad del partido socialista en estas comunidades aut\u00f3nomas. Tendencia que el propio gobierno central quiz\u00e1s desarrolla al verse\" \/>\n<meta property=\"og:url\" content=\"https:\/\/www.euroresidentes.com\/social\/rodriguez-zapatero\/un-pp-fuerte-y-crecido\" \/>\n<meta property=\"og:site_name\" content=\"Rodr\u00edguez Zapatero\" \/>\n<meta property=\"article:published_time\" content=\"2004-11-29T08:59:00+00:00\" \/>\n<meta property=\"article:modified_time\" content=\"2016-02-26T10:12:23+00:00\" \/>\n<meta name=\"author\" content=\"euroresidentes\" \/>\n<meta name=\"twitter:card\" content=\"summary_large_image\" \/>\n<meta name=\"twitter:label1\" content=\"Written by\" \/>\n\t<meta name=\"twitter:data1\" content=\"euroresidentes\" \/>\n\t<meta name=\"twitter:label2\" content=\"Est. reading time\" \/>\n\t<meta name=\"twitter:data2\" content=\"3 minutos\" \/>\n<script type=\"application\/ld+json\" class=\"yoast-schema-graph\">{\"@context\":\"https:\/\/schema.org\",\"@graph\":[{\"@type\":\"WebPage\",\"@id\":\"https:\/\/www.euroresidentes.com\/social\/rodriguez-zapatero\/un-pp-fuerte-y-crecido\",\"url\":\"https:\/\/www.euroresidentes.com\/social\/rodriguez-zapatero\/un-pp-fuerte-y-crecido\",\"name\":\"Un PP fuerte y crecido - Rodr\u00edguez Zapatero\",\"isPartOf\":{\"@id\":\"https:\/\/www.euroresidentes.com\/social\/rodriguez-zapatero\/#website\"},\"datePublished\":\"2004-11-29T08:59:00+00:00\",\"dateModified\":\"2016-02-26T10:12:23+00:00\",\"author\":{\"@id\":\"https:\/\/www.euroresidentes.com\/social\/rodriguez-zapatero\/#\/schema\/person\/6d45fc03936dc2e80f83afd41105b88c\"},\"breadcrumb\":{\"@id\":\"https:\/\/www.euroresidentes.com\/social\/rodriguez-zapatero\/un-pp-fuerte-y-crecido#breadcrumb\"},\"inLanguage\":\"es\",\"potentialAction\":[{\"@type\":\"ReadAction\",\"target\":[\"https:\/\/www.euroresidentes.com\/social\/rodriguez-zapatero\/un-pp-fuerte-y-crecido\"]}]},{\"@type\":\"BreadcrumbList\",\"@id\":\"https:\/\/www.euroresidentes.com\/social\/rodriguez-zapatero\/un-pp-fuerte-y-crecido#breadcrumb\",\"itemListElement\":[{\"@type\":\"ListItem\",\"position\":1,\"name\":\"Home\",\"item\":\"https:\/\/www.euroresidentes.com\/social\/rodriguez-zapatero\/\"},{\"@type\":\"ListItem\",\"position\":2,\"name\":\"Un PP fuerte y crecido\"}]},{\"@type\":\"WebSite\",\"@id\":\"https:\/\/www.euroresidentes.com\/social\/rodriguez-zapatero\/#website\",\"url\":\"https:\/\/www.euroresidentes.com\/social\/rodriguez-zapatero\/\",\"name\":\"Rodr\u00edguez Zapatero\",\"description\":\"Otro sitio m\u00e1s de Sitios de Social Euroresidentes\",\"potentialAction\":[{\"@type\":\"SearchAction\",\"target\":{\"@type\":\"EntryPoint\",\"urlTemplate\":\"https:\/\/www.euroresidentes.com\/social\/rodriguez-zapatero\/?s={search_term_string}\"},\"query-input\":{\"@type\":\"PropertyValueSpecification\",\"valueRequired\":true,\"valueName\":\"search_term_string\"}}],\"inLanguage\":\"es\"},{\"@type\":\"Person\",\"@id\":\"https:\/\/www.euroresidentes.com\/social\/rodriguez-zapatero\/#\/schema\/person\/6d45fc03936dc2e80f83afd41105b88c\",\"name\":\"euroresidentes\",\"image\":{\"@type\":\"ImageObject\",\"inLanguage\":\"es\",\"@id\":\"https:\/\/www.euroresidentes.com\/social\/rodriguez-zapatero\/#\/schema\/person\/image\/\",\"url\":\"https:\/\/www.euroresidentes.com\/social\/rodriguez-zapatero\/wp-content\/uploads\/sites\/10\/2017\/01\/logo-euroresidentes-300x300-150x150.jpg\",\"contentUrl\":\"https:\/\/www.euroresidentes.com\/social\/rodriguez-zapatero\/wp-content\/uploads\/sites\/10\/2017\/01\/logo-euroresidentes-300x300-150x150.jpg\",\"caption\":\"euroresidentes\"},\"description\":\"EuroresidentesQueremos emocionar y sorprender a nuestros usuarios, transmitir pasi\u00f3n por la vida y ayudar a las personas a resolver las necesidades grandes y peque\u00f1as de su vida cotidiana.\",\"sameAs\":[\"https:\/\/www.euroresidentes.com\/info.htm\"],\"url\":\"https:\/\/www.euroresidentes.com\/social\/rodriguez-zapatero\/author\/euroresidentes\"}]}<\/script>\n<!-- \/ Yoast SEO plugin. -->","yoast_head_json":{"title":"Un PP fuerte y crecido - Rodr\u00edguez Zapatero","robots":{"index":"index","follow":"follow","max-snippet":"max-snippet:-1","max-image-preview":"max-image-preview:large","max-video-preview":"max-video-preview:-1"},"canonical":"https:\/\/www.euroresidentes.com\/social\/rodriguez-zapatero\/un-pp-fuerte-y-crecido","og_locale":"es_ES","og_type":"article","og_title":"Un PP fuerte y crecido - Rodr\u00edguez Zapatero","og_description":"Esperanza Aguirre lo dijo ayer con claridad en su Congreso: \u00abel objetivo del PP es estar preparado para que esta legislatura no llegue a su fin\u00bb. \u00bfExagerado? \u00bfCongresual? Lo cierto es que aquellos que vaticinaban fuertes tensiones en el PP tras la p\u00e9rdida del Gobierno que acabar\u00edan por hundir el partido durante un cierto tiempo se est\u00e1n equivocando. Galicia, Madrid y la Comunidad Valenciana, afectados por graves disputas internas, han superado en buena parte sus problemas. No deber\u00eda pasar desapercibida la extrema debilidad del partido socialista en estas comunidades aut\u00f3nomas. Tendencia que el propio gobierno central quiz\u00e1s desarrolla al verse","og_url":"https:\/\/www.euroresidentes.com\/social\/rodriguez-zapatero\/un-pp-fuerte-y-crecido","og_site_name":"Rodr\u00edguez Zapatero","article_published_time":"2004-11-29T08:59:00+00:00","article_modified_time":"2016-02-26T10:12:23+00:00","author":"euroresidentes","twitter_card":"summary_large_image","twitter_misc":{"Written by":"euroresidentes","Est. reading time":"3 minutos"},"schema":{"@context":"https:\/\/schema.org","@graph":[{"@type":"WebPage","@id":"https:\/\/www.euroresidentes.com\/social\/rodriguez-zapatero\/un-pp-fuerte-y-crecido","url":"https:\/\/www.euroresidentes.com\/social\/rodriguez-zapatero\/un-pp-fuerte-y-crecido","name":"Un PP fuerte y crecido - Rodr\u00edguez Zapatero","isPartOf":{"@id":"https:\/\/www.euroresidentes.com\/social\/rodriguez-zapatero\/#website"},"datePublished":"2004-11-29T08:59:00+00:00","dateModified":"2016-02-26T10:12:23+00:00","author":{"@id":"https:\/\/www.euroresidentes.com\/social\/rodriguez-zapatero\/#\/schema\/person\/6d45fc03936dc2e80f83afd41105b88c"},"breadcrumb":{"@id":"https:\/\/www.euroresidentes.com\/social\/rodriguez-zapatero\/un-pp-fuerte-y-crecido#breadcrumb"},"inLanguage":"es","potentialAction":[{"@type":"ReadAction","target":["https:\/\/www.euroresidentes.com\/social\/rodriguez-zapatero\/un-pp-fuerte-y-crecido"]}]},{"@type":"BreadcrumbList","@id":"https:\/\/www.euroresidentes.com\/social\/rodriguez-zapatero\/un-pp-fuerte-y-crecido#breadcrumb","itemListElement":[{"@type":"ListItem","position":1,"name":"Home","item":"https:\/\/www.euroresidentes.com\/social\/rodriguez-zapatero\/"},{"@type":"ListItem","position":2,"name":"Un PP fuerte y crecido"}]},{"@type":"WebSite","@id":"https:\/\/www.euroresidentes.com\/social\/rodriguez-zapatero\/#website","url":"https:\/\/www.euroresidentes.com\/social\/rodriguez-zapatero\/","name":"Rodr\u00edguez Zapatero","description":"Otro sitio m\u00e1s de Sitios de Social Euroresidentes","potentialAction":[{"@type":"SearchAction","target":{"@type":"EntryPoint","urlTemplate":"https:\/\/www.euroresidentes.com\/social\/rodriguez-zapatero\/?s={search_term_string}"},"query-input":{"@type":"PropertyValueSpecification","valueRequired":true,"valueName":"search_term_string"}}],"inLanguage":"es"},{"@type":"Person","@id":"https:\/\/www.euroresidentes.com\/social\/rodriguez-zapatero\/#\/schema\/person\/6d45fc03936dc2e80f83afd41105b88c","name":"euroresidentes","image":{"@type":"ImageObject","inLanguage":"es","@id":"https:\/\/www.euroresidentes.com\/social\/rodriguez-zapatero\/#\/schema\/person\/image\/","url":"https:\/\/www.euroresidentes.com\/social\/rodriguez-zapatero\/wp-content\/uploads\/sites\/10\/2017\/01\/logo-euroresidentes-300x300-150x150.jpg","contentUrl":"https:\/\/www.euroresidentes.com\/social\/rodriguez-zapatero\/wp-content\/uploads\/sites\/10\/2017\/01\/logo-euroresidentes-300x300-150x150.jpg","caption":"euroresidentes"},"description":"EuroresidentesQueremos emocionar y sorprender a nuestros usuarios, transmitir pasi\u00f3n por la vida y ayudar a las personas a resolver las necesidades grandes y peque\u00f1as de su vida cotidiana.","sameAs":["https:\/\/www.euroresidentes.com\/info.htm"],"url":"https:\/\/www.euroresidentes.com\/social\/rodriguez-zapatero\/author\/euroresidentes"}]}},"_links":{"self":[{"href":"https:\/\/www.euroresidentes.com\/social\/rodriguez-zapatero\/wp-json\/wp\/v2\/posts\/268"}],"collection":[{"href":"https:\/\/www.euroresidentes.com\/social\/rodriguez-zapatero\/wp-json\/wp\/v2\/posts"}],"about":[{"href":"https:\/\/www.euroresidentes.com\/social\/rodriguez-zapatero\/wp-json\/wp\/v2\/types\/post"}],"author":[{"embeddable":true,"href":"https:\/\/www.euroresidentes.com\/social\/rodriguez-zapatero\/wp-json\/wp\/v2\/users\/1"}],"replies":[{"embeddable":true,"href":"https:\/\/www.euroresidentes.com\/social\/rodriguez-zapatero\/wp-json\/wp\/v2\/comments?post=268"}],"version-history":[{"count":1,"href":"https:\/\/www.euroresidentes.com\/social\/rodriguez-zapatero\/wp-json\/wp\/v2\/posts\/268\/revisions"}],"predecessor-version":[{"id":369,"href":"https:\/\/www.euroresidentes.com\/social\/rodriguez-zapatero\/wp-json\/wp\/v2\/posts\/268\/revisions\/369"}],"wp:attachment":[{"href":"https:\/\/www.euroresidentes.com\/social\/rodriguez-zapatero\/wp-json\/wp\/v2\/media?parent=268"}],"wp:term":[{"taxonomy":"category","embeddable":true,"href":"https:\/\/www.euroresidentes.com\/social\/rodriguez-zapatero\/wp-json\/wp\/v2\/categories?post=268"},{"taxonomy":"post_tag","embeddable":true,"href":"https:\/\/www.euroresidentes.com\/social\/rodriguez-zapatero\/wp-json\/wp\/v2\/tags?post=268"}],"curies":[{"name":"wp","href":"https:\/\/api.w.org\/{rel}","templated":true}]}}