{"id":257,"date":"2004-12-12T07:17:00","date_gmt":"2004-12-12T07:17:00","guid":{"rendered":"https:\/\/www.euroresidentes.com\/social\/rodriguez-zapatero\/la-tica-y-la-poltica"},"modified":"2016-02-26T10:12:23","modified_gmt":"2016-02-26T10:12:23","slug":"la-tica-y-la-poltica","status":"publish","type":"post","link":"https:\/\/www.euroresidentes.com\/social\/rodriguez-zapatero\/la-tica-y-la-poltica","title":{"rendered":"La \u00e9tica y la pol\u00edtica"},"content":{"rendered":"<p>Resulta muy preocupante para nuestras democracias admitir con pasividad el estado de la \u00e9tica en la pol\u00edtica. Ayer mencion\u00e1bamos la percepci\u00f3n de los ciudadanos a trav\u00e9s de una encuesta de TI sobre la corrupci\u00f3n de partidos y medios de comunicaci\u00f3n. Hoy la prensa est\u00e1 plagada de \u00abcasos pr\u00e1cticos\u00bb como dir\u00eda un estudiante de periodismo.<\/p>\n<p>En la Europa del siglo XXI leemos:<br \/>\n<\/p>\n<ol>\n<li>\u00ab<a class=\"titular\" href=\"http:\/\/www.periodistadigital.com\/object.php?o=38580\" target=\"_blank\"><em>Yushchenko fue envenenado<\/em><\/a>, <em>Los m\u00e9dicos aseguran no tener ninguna duda\u00bb. <\/em><\/li>\n<li><em><\/em>\u00ab<a class=\"titular\" href=\"http:\/\/www.periodistadigital.com\/secciones\/mundo\/object.php?o=38568\" target=\"_blank\"><em>Berlusconi esquiva otra vez a la Justicia italiana<\/em><\/a>, <em>Consigue librarse por 6\u00aa vez de sus responsabilidades\u00bb.<\/em><\/li>\n<li><em><\/em>\u00ab<a class=\"enlacerelacionado\" href=\"http:\/\/www.periodistadigital.com\/secciones\/mundo\/object.php?o=38568#mafioso\" target=\"_blank\"><em>Un estrecho colaborador de Berlusconi, condenado a nueve a\u00f1os de c\u00e1rcel por \u00abasociaci\u00f3n mafiosa\u00bb<\/em><\/a><em> Marcello Dell`Utri es considerado nexo de uni\u00f3n entre la mafia siciliana y el mundo pol\u00edtico y econ\u00f3mico de Mil\u00e1n\u00bb.<\/em> <\/li>\n<li>\u00ab<a class=\"titular\" href=\"http:\/\/www.periodistadigital.com\/object.php?o=38569\" target=\"_blank\"><em>Rusia amenaza con ataques preventivos<\/em><\/a>\u00ab<em>. La metodolog\u00eda de Bush asumida por las grandes potencias militares.<\/em><\/li>\n<li>\u00ab<a href=\"http:\/\/www.periodistadigital.com\/secciones\/mundo\/object.php?o=38578\"><em>Un suboficial estadounidense condenado a tres a\u00f1os de c\u00e1rcel <\/em><\/a><em>por dar el tiro de gracia a un joven iraqu\u00ed que iba desarmado y que acababa de ser gravemente herido por la misma unidad de este militar\u00bb.<\/em> <\/li>\n<\/ol>\n<p>En este marco llama poderosamente la atenci\u00f3n el <em>C\u00f3digo para el buen gobierno del Gobierno<\/em>. En general aplaudido por casi toda la prensa y aceptado, aunque como propaganda, por la oposici\u00f3n. Como se\u00f1ala el diario El Pa\u00eds \u00abNo hay \u00e9tica sin est\u00e9tica, y viceversa\u00bb (<a href=\"http:\/\/www.periodistadigital.com\/secciones\/editoriales\/object.php?o=38514\">Editorial El Pa\u00eds<\/a>).Sin embargo, Sr. Zapatero, Sr. Presidente, convendr\u00e1 que es poco \u00abest\u00e9tico\u00bb que vayamos a aprobar una constituci\u00f3n europea con un primer ministro en Italia que sigue en su cargo habiendo sido hallado culpable de corromper a la justicia y con colegas y colaboradores aliados de la mafia. Resulta poco \u00abest\u00e9tico\u00bb que visite usted al Presidente Putin, partidario de la guerra preventiva (a que usted Sr. Zapatero se opuso), por no hablar de temas muy graves que conviene esclarecer como es el caso del envenenamiento del candidato opositor a la Presidencia de Ucrania, Viktor Yushchenko. Es de alabar cualquier buena intenci\u00f3n, pero cr\u00e9anos, seguir\u00edamos de muy buen grado llam\u00e1ndole \u00abExcelent\u00edsimo\u00bb si afronta un \u00abc\u00f3digo\u00bb mucho m\u00e1s claro en sus relaciones internacionales. Incluido su reciente y poco comprensible viaje a Rusia.<\/p>\n<ul>\n<li><a href=\"http:\/\/www.euroresidentes.com\/Blogs\/rodriguez_zapatero\/2004\/12\/la-corrupcin-de-partidos-y-medios-de.html\">La corrupci\u00f3n de partidos y medios de comunicaci\u00f3n<\/a><\/li>\n<\/ul>\n<p><\/p>\n","protected":false},"excerpt":{"rendered":"<p>Resulta muy preocupante para nuestras democracias admitir con pasividad el estado de la \u00e9tica en la pol\u00edtica. Ayer mencion\u00e1bamos la percepci\u00f3n de los ciudadanos a trav\u00e9s de una encuesta de TI sobre la corrupci\u00f3n de partidos y medios de comunicaci\u00f3n. Hoy la prensa est\u00e1 plagada de \u00abcasos pr\u00e1cticos\u00bb como dir\u00eda un estudiante de periodismo. En la Europa del siglo XXI leemos: \u00abYushchenko fue envenenado, Los m\u00e9dicos aseguran no tener ninguna duda\u00bb. \u00abBerlusconi esquiva otra vez a la Justicia italiana, Consigue librarse por 6\u00aa vez de sus responsabilidades\u00bb. \u00abUn estrecho colaborador de Berlusconi, condenado a nueve a\u00f1os de c\u00e1rcel por \u00abasociaci\u00f3n <\/p>\n","protected":false},"author":1,"featured_media":0,"comment_status":"open","ping_status":"open","sticky":false,"template":"","format":"standard","meta":{"footnotes":""},"categories":[1],"tags":[27],"class_list":["post-257","post","type-post","status-publish","format-standard","hentry","category-sin-categoria","tag-corrupcion"],"yoast_head":"<!-- This site is optimized with the Yoast SEO plugin v25.6 - https:\/\/yoast.com\/wordpress\/plugins\/seo\/ -->\n<title>La \u00e9tica y la pol\u00edtica - Rodr\u00edguez Zapatero<\/title>\n<meta name=\"robots\" content=\"index, follow, max-snippet:-1, max-image-preview:large, max-video-preview:-1\" \/>\n<link rel=\"canonical\" href=\"https:\/\/www.euroresidentes.com\/social\/rodriguez-zapatero\/la-tica-y-la-poltica\" \/>\n<meta property=\"og:locale\" content=\"es_ES\" \/>\n<meta property=\"og:type\" content=\"article\" \/>\n<meta property=\"og:title\" content=\"La \u00e9tica y la pol\u00edtica - Rodr\u00edguez Zapatero\" \/>\n<meta property=\"og:description\" content=\"Resulta muy preocupante para nuestras democracias admitir con pasividad el estado de la \u00e9tica en la pol\u00edtica. Ayer mencion\u00e1bamos la percepci\u00f3n de los ciudadanos a trav\u00e9s de una encuesta de TI sobre la corrupci\u00f3n de partidos y medios de comunicaci\u00f3n. Hoy la prensa est\u00e1 plagada de \u00abcasos pr\u00e1cticos\u00bb como dir\u00eda un estudiante de periodismo. En la Europa del siglo XXI leemos: \u00abYushchenko fue envenenado, Los m\u00e9dicos aseguran no tener ninguna duda\u00bb. \u00abBerlusconi esquiva otra vez a la Justicia italiana, Consigue librarse por 6\u00aa vez de sus responsabilidades\u00bb. \u00abUn estrecho colaborador de Berlusconi, condenado a nueve a\u00f1os de c\u00e1rcel por \u00abasociaci\u00f3n\" \/>\n<meta property=\"og:url\" content=\"https:\/\/www.euroresidentes.com\/social\/rodriguez-zapatero\/la-tica-y-la-poltica\" \/>\n<meta property=\"og:site_name\" content=\"Rodr\u00edguez Zapatero\" \/>\n<meta property=\"article:published_time\" content=\"2004-12-12T07:17:00+00:00\" \/>\n<meta property=\"article:modified_time\" content=\"2016-02-26T10:12:23+00:00\" \/>\n<meta name=\"author\" content=\"euroresidentes\" \/>\n<meta name=\"twitter:card\" content=\"summary_large_image\" \/>\n<meta name=\"twitter:label1\" content=\"Written by\" \/>\n\t<meta name=\"twitter:data1\" content=\"euroresidentes\" \/>\n\t<meta name=\"twitter:label2\" content=\"Est. reading time\" \/>\n\t<meta name=\"twitter:data2\" content=\"2 minutos\" \/>\n<script type=\"application\/ld+json\" class=\"yoast-schema-graph\">{\"@context\":\"https:\/\/schema.org\",\"@graph\":[{\"@type\":\"WebPage\",\"@id\":\"https:\/\/www.euroresidentes.com\/social\/rodriguez-zapatero\/la-tica-y-la-poltica\",\"url\":\"https:\/\/www.euroresidentes.com\/social\/rodriguez-zapatero\/la-tica-y-la-poltica\",\"name\":\"La \u00e9tica y la pol\u00edtica - Rodr\u00edguez Zapatero\",\"isPartOf\":{\"@id\":\"https:\/\/www.euroresidentes.com\/social\/rodriguez-zapatero\/#website\"},\"datePublished\":\"2004-12-12T07:17:00+00:00\",\"dateModified\":\"2016-02-26T10:12:23+00:00\",\"author\":{\"@id\":\"https:\/\/www.euroresidentes.com\/social\/rodriguez-zapatero\/#\/schema\/person\/6d45fc03936dc2e80f83afd41105b88c\"},\"breadcrumb\":{\"@id\":\"https:\/\/www.euroresidentes.com\/social\/rodriguez-zapatero\/la-tica-y-la-poltica#breadcrumb\"},\"inLanguage\":\"es\",\"potentialAction\":[{\"@type\":\"ReadAction\",\"target\":[\"https:\/\/www.euroresidentes.com\/social\/rodriguez-zapatero\/la-tica-y-la-poltica\"]}]},{\"@type\":\"BreadcrumbList\",\"@id\":\"https:\/\/www.euroresidentes.com\/social\/rodriguez-zapatero\/la-tica-y-la-poltica#breadcrumb\",\"itemListElement\":[{\"@type\":\"ListItem\",\"position\":1,\"name\":\"Home\",\"item\":\"https:\/\/www.euroresidentes.com\/social\/rodriguez-zapatero\/\"},{\"@type\":\"ListItem\",\"position\":2,\"name\":\"La \u00e9tica y la pol\u00edtica\"}]},{\"@type\":\"WebSite\",\"@id\":\"https:\/\/www.euroresidentes.com\/social\/rodriguez-zapatero\/#website\",\"url\":\"https:\/\/www.euroresidentes.com\/social\/rodriguez-zapatero\/\",\"name\":\"Rodr\u00edguez Zapatero\",\"description\":\"Otro sitio m\u00e1s de Sitios de Social Euroresidentes\",\"potentialAction\":[{\"@type\":\"SearchAction\",\"target\":{\"@type\":\"EntryPoint\",\"urlTemplate\":\"https:\/\/www.euroresidentes.com\/social\/rodriguez-zapatero\/?s={search_term_string}\"},\"query-input\":{\"@type\":\"PropertyValueSpecification\",\"valueRequired\":true,\"valueName\":\"search_term_string\"}}],\"inLanguage\":\"es\"},{\"@type\":\"Person\",\"@id\":\"https:\/\/www.euroresidentes.com\/social\/rodriguez-zapatero\/#\/schema\/person\/6d45fc03936dc2e80f83afd41105b88c\",\"name\":\"euroresidentes\",\"image\":{\"@type\":\"ImageObject\",\"inLanguage\":\"es\",\"@id\":\"https:\/\/www.euroresidentes.com\/social\/rodriguez-zapatero\/#\/schema\/person\/image\/\",\"url\":\"https:\/\/www.euroresidentes.com\/social\/rodriguez-zapatero\/wp-content\/uploads\/sites\/10\/2017\/01\/logo-euroresidentes-300x300-150x150.jpg\",\"contentUrl\":\"https:\/\/www.euroresidentes.com\/social\/rodriguez-zapatero\/wp-content\/uploads\/sites\/10\/2017\/01\/logo-euroresidentes-300x300-150x150.jpg\",\"caption\":\"euroresidentes\"},\"description\":\"EuroresidentesQueremos emocionar y sorprender a nuestros usuarios, transmitir pasi\u00f3n por la vida y ayudar a las personas a resolver las necesidades grandes y peque\u00f1as de su vida cotidiana.\",\"sameAs\":[\"https:\/\/www.euroresidentes.com\/info.htm\"],\"url\":\"https:\/\/www.euroresidentes.com\/social\/rodriguez-zapatero\/author\/euroresidentes\"}]}<\/script>\n<!-- \/ Yoast SEO plugin. -->","yoast_head_json":{"title":"La \u00e9tica y la pol\u00edtica - Rodr\u00edguez Zapatero","robots":{"index":"index","follow":"follow","max-snippet":"max-snippet:-1","max-image-preview":"max-image-preview:large","max-video-preview":"max-video-preview:-1"},"canonical":"https:\/\/www.euroresidentes.com\/social\/rodriguez-zapatero\/la-tica-y-la-poltica","og_locale":"es_ES","og_type":"article","og_title":"La \u00e9tica y la pol\u00edtica - Rodr\u00edguez Zapatero","og_description":"Resulta muy preocupante para nuestras democracias admitir con pasividad el estado de la \u00e9tica en la pol\u00edtica. Ayer mencion\u00e1bamos la percepci\u00f3n de los ciudadanos a trav\u00e9s de una encuesta de TI sobre la corrupci\u00f3n de partidos y medios de comunicaci\u00f3n. Hoy la prensa est\u00e1 plagada de \u00abcasos pr\u00e1cticos\u00bb como dir\u00eda un estudiante de periodismo. En la Europa del siglo XXI leemos: \u00abYushchenko fue envenenado, Los m\u00e9dicos aseguran no tener ninguna duda\u00bb. \u00abBerlusconi esquiva otra vez a la Justicia italiana, Consigue librarse por 6\u00aa vez de sus responsabilidades\u00bb. \u00abUn estrecho colaborador de Berlusconi, condenado a nueve a\u00f1os de c\u00e1rcel por \u00abasociaci\u00f3n","og_url":"https:\/\/www.euroresidentes.com\/social\/rodriguez-zapatero\/la-tica-y-la-poltica","og_site_name":"Rodr\u00edguez Zapatero","article_published_time":"2004-12-12T07:17:00+00:00","article_modified_time":"2016-02-26T10:12:23+00:00","author":"euroresidentes","twitter_card":"summary_large_image","twitter_misc":{"Written by":"euroresidentes","Est. reading time":"2 minutos"},"schema":{"@context":"https:\/\/schema.org","@graph":[{"@type":"WebPage","@id":"https:\/\/www.euroresidentes.com\/social\/rodriguez-zapatero\/la-tica-y-la-poltica","url":"https:\/\/www.euroresidentes.com\/social\/rodriguez-zapatero\/la-tica-y-la-poltica","name":"La \u00e9tica y la pol\u00edtica - Rodr\u00edguez Zapatero","isPartOf":{"@id":"https:\/\/www.euroresidentes.com\/social\/rodriguez-zapatero\/#website"},"datePublished":"2004-12-12T07:17:00+00:00","dateModified":"2016-02-26T10:12:23+00:00","author":{"@id":"https:\/\/www.euroresidentes.com\/social\/rodriguez-zapatero\/#\/schema\/person\/6d45fc03936dc2e80f83afd41105b88c"},"breadcrumb":{"@id":"https:\/\/www.euroresidentes.com\/social\/rodriguez-zapatero\/la-tica-y-la-poltica#breadcrumb"},"inLanguage":"es","potentialAction":[{"@type":"ReadAction","target":["https:\/\/www.euroresidentes.com\/social\/rodriguez-zapatero\/la-tica-y-la-poltica"]}]},{"@type":"BreadcrumbList","@id":"https:\/\/www.euroresidentes.com\/social\/rodriguez-zapatero\/la-tica-y-la-poltica#breadcrumb","itemListElement":[{"@type":"ListItem","position":1,"name":"Home","item":"https:\/\/www.euroresidentes.com\/social\/rodriguez-zapatero\/"},{"@type":"ListItem","position":2,"name":"La \u00e9tica y la pol\u00edtica"}]},{"@type":"WebSite","@id":"https:\/\/www.euroresidentes.com\/social\/rodriguez-zapatero\/#website","url":"https:\/\/www.euroresidentes.com\/social\/rodriguez-zapatero\/","name":"Rodr\u00edguez Zapatero","description":"Otro sitio m\u00e1s de Sitios de Social Euroresidentes","potentialAction":[{"@type":"SearchAction","target":{"@type":"EntryPoint","urlTemplate":"https:\/\/www.euroresidentes.com\/social\/rodriguez-zapatero\/?s={search_term_string}"},"query-input":{"@type":"PropertyValueSpecification","valueRequired":true,"valueName":"search_term_string"}}],"inLanguage":"es"},{"@type":"Person","@id":"https:\/\/www.euroresidentes.com\/social\/rodriguez-zapatero\/#\/schema\/person\/6d45fc03936dc2e80f83afd41105b88c","name":"euroresidentes","image":{"@type":"ImageObject","inLanguage":"es","@id":"https:\/\/www.euroresidentes.com\/social\/rodriguez-zapatero\/#\/schema\/person\/image\/","url":"https:\/\/www.euroresidentes.com\/social\/rodriguez-zapatero\/wp-content\/uploads\/sites\/10\/2017\/01\/logo-euroresidentes-300x300-150x150.jpg","contentUrl":"https:\/\/www.euroresidentes.com\/social\/rodriguez-zapatero\/wp-content\/uploads\/sites\/10\/2017\/01\/logo-euroresidentes-300x300-150x150.jpg","caption":"euroresidentes"},"description":"EuroresidentesQueremos emocionar y sorprender a nuestros usuarios, transmitir pasi\u00f3n por la vida y ayudar a las personas a resolver las necesidades grandes y peque\u00f1as de su vida cotidiana.","sameAs":["https:\/\/www.euroresidentes.com\/info.htm"],"url":"https:\/\/www.euroresidentes.com\/social\/rodriguez-zapatero\/author\/euroresidentes"}]}},"_links":{"self":[{"href":"https:\/\/www.euroresidentes.com\/social\/rodriguez-zapatero\/wp-json\/wp\/v2\/posts\/257"}],"collection":[{"href":"https:\/\/www.euroresidentes.com\/social\/rodriguez-zapatero\/wp-json\/wp\/v2\/posts"}],"about":[{"href":"https:\/\/www.euroresidentes.com\/social\/rodriguez-zapatero\/wp-json\/wp\/v2\/types\/post"}],"author":[{"embeddable":true,"href":"https:\/\/www.euroresidentes.com\/social\/rodriguez-zapatero\/wp-json\/wp\/v2\/users\/1"}],"replies":[{"embeddable":true,"href":"https:\/\/www.euroresidentes.com\/social\/rodriguez-zapatero\/wp-json\/wp\/v2\/comments?post=257"}],"version-history":[{"count":1,"href":"https:\/\/www.euroresidentes.com\/social\/rodriguez-zapatero\/wp-json\/wp\/v2\/posts\/257\/revisions"}],"predecessor-version":[{"id":357,"href":"https:\/\/www.euroresidentes.com\/social\/rodriguez-zapatero\/wp-json\/wp\/v2\/posts\/257\/revisions\/357"}],"wp:attachment":[{"href":"https:\/\/www.euroresidentes.com\/social\/rodriguez-zapatero\/wp-json\/wp\/v2\/media?parent=257"}],"wp:term":[{"taxonomy":"category","embeddable":true,"href":"https:\/\/www.euroresidentes.com\/social\/rodriguez-zapatero\/wp-json\/wp\/v2\/categories?post=257"},{"taxonomy":"post_tag","embeddable":true,"href":"https:\/\/www.euroresidentes.com\/social\/rodriguez-zapatero\/wp-json\/wp\/v2\/tags?post=257"}],"curies":[{"name":"wp","href":"https:\/\/api.w.org\/{rel}","templated":true}]}}