{"id":234,"date":"2005-01-25T19:02:00","date_gmt":"2005-01-25T19:02:00","guid":{"rendered":"https:\/\/www.euroresidentes.com\/social\/rodriguez-zapatero\/zapatero-y-lula"},"modified":"2016-02-26T10:12:20","modified_gmt":"2016-02-26T10:12:20","slug":"zapatero-y-lula","status":"publish","type":"post","link":"https:\/\/www.euroresidentes.com\/social\/rodriguez-zapatero\/zapatero-y-lula","title":{"rendered":"Zapatero y Lula"},"content":{"rendered":"<p>Por fin, cuando ya va para un a\u00f1o de gobierno socialista, parece que el Presidente del Gobierno espa\u00f1ol Jos\u00e9 Luis Rodr\u00edguez Zapatero se inclina por hacer pol\u00edtica iberoamericana. No se comprende muy bien las razones de este retraso. No era Ch\u00e1vez, es Lula, el principio de una pol\u00edtica de alcance en Iberoam\u00e9rica. \u00a1Por fin la diplomacia espa\u00f1ola empieza a darse cuenta!<\/p>\n<p><strong>Brasil pa\u00eds clave en el continente americano<\/strong><\/p>\n<p>Aunque en Brasil no se hable espa\u00f1ol, se trata del pa\u00eds que est\u00e1 llamado a vertebrar el continente americano por el sur. Las principales empresas espa\u00f1olas as\u00ed lo han comprendido. Han apostado sin reservas en los \u00faltimos a\u00f1os por Brasil, e incluso, muy inteligentemente, por el propio Lula.<\/p>\n<p>Brasil con sus m\u00e1s de doscientos millones de habitantes presenta un muy elevado potencial de desarrollo en un territorio que abarca la mitad del continente americano con elevados desequilibrios sociales.<\/p>\n<p>Lula, necesita de modelos referencia como el espa\u00f1ol. Su situaci\u00f3n no es c\u00f3moda. Se enfrenta a un dilema permanente. Avanzar por la senda del crecimiento econ\u00f3mico y\/o las exigencias de avances sociales por parte de las capas de poblaci\u00f3n m\u00e1s desfavorecidas.<\/p>\n<p><strong>Lula y Zapatero: dos horas de entrevista pero no muchos resultados<\/strong><br \/>\n<br \/><strong><\/strong><br \/>\n<br \/>Mercosur, Uni\u00f3n Europea&#8230; buenos prop\u00f3sitos. Pero resulta incomprensible que se limite la visita a una aspiraci\u00f3n de una relaci\u00f3n bilateral en un marco mayor, a trav\u00e9s de un acuerdo entre la Uni\u00f3n Europea y el Mercosur, cuando las empresas espa\u00f1olas ubicadas en Brasil lideran inversiones en cuotas m\u00e1s elevadas que el resto de los pa\u00edses europeos en t\u00e9rminos relativos.<\/p>\n<p>Habr\u00e1 que esperar a una segunda ronda. Como dice el Nuevo Herald: <em>Lula y su visitante, el jefe de gobierno espa\u00f1ol Rodr\u00edguez Zapatero, parec\u00edan m\u00e1s a gusto debido a la convergencia de sus or\u00edgenes ideol\u00f3gicos ubicados en la izquierda<\/em>.<br \/><\/p>\n","protected":false},"excerpt":{"rendered":"<p>Por fin, cuando ya va para un a\u00f1o de gobierno socialista, parece que el Presidente del Gobierno espa\u00f1ol Jos\u00e9 Luis Rodr\u00edguez Zapatero se inclina por hacer pol\u00edtica iberoamericana. No se comprende muy bien las razones de este retraso. No era Ch\u00e1vez, es Lula, el principio de una pol\u00edtica de alcance en Iberoam\u00e9rica. \u00a1Por fin la diplomacia espa\u00f1ola empieza a darse cuenta! Brasil pa\u00eds clave en el continente americano Aunque en Brasil no se hable espa\u00f1ol, se trata del pa\u00eds que est\u00e1 llamado a vertebrar el continente americano por el sur. Las principales empresas espa\u00f1olas as\u00ed lo han comprendido. Han apostado <\/p>\n","protected":false},"author":1,"featured_media":0,"comment_status":"open","ping_status":"open","sticky":false,"template":"","format":"standard","meta":{"footnotes":""},"categories":[1],"tags":[33],"class_list":["post-234","post","type-post","status-publish","format-standard","hentry","category-sin-categoria","tag-politica-exterior"],"yoast_head":"<!-- This site is optimized with the Yoast SEO plugin v25.6 - https:\/\/yoast.com\/wordpress\/plugins\/seo\/ -->\n<title>Zapatero y Lula - Rodr\u00edguez Zapatero<\/title>\n<meta name=\"robots\" content=\"index, follow, max-snippet:-1, max-image-preview:large, max-video-preview:-1\" \/>\n<link rel=\"canonical\" href=\"https:\/\/www.euroresidentes.com\/social\/rodriguez-zapatero\/zapatero-y-lula\" \/>\n<meta property=\"og:locale\" content=\"es_ES\" \/>\n<meta property=\"og:type\" content=\"article\" \/>\n<meta property=\"og:title\" content=\"Zapatero y Lula - Rodr\u00edguez Zapatero\" \/>\n<meta property=\"og:description\" content=\"Por fin, cuando ya va para un a\u00f1o de gobierno socialista, parece que el Presidente del Gobierno espa\u00f1ol Jos\u00e9 Luis Rodr\u00edguez Zapatero se inclina por hacer pol\u00edtica iberoamericana. No se comprende muy bien las razones de este retraso. No era Ch\u00e1vez, es Lula, el principio de una pol\u00edtica de alcance en Iberoam\u00e9rica. \u00a1Por fin la diplomacia espa\u00f1ola empieza a darse cuenta! Brasil pa\u00eds clave en el continente americano Aunque en Brasil no se hable espa\u00f1ol, se trata del pa\u00eds que est\u00e1 llamado a vertebrar el continente americano por el sur. Las principales empresas espa\u00f1olas as\u00ed lo han comprendido. Han apostado\" \/>\n<meta property=\"og:url\" content=\"https:\/\/www.euroresidentes.com\/social\/rodriguez-zapatero\/zapatero-y-lula\" \/>\n<meta property=\"og:site_name\" content=\"Rodr\u00edguez Zapatero\" \/>\n<meta property=\"article:published_time\" content=\"2005-01-25T19:02:00+00:00\" \/>\n<meta property=\"article:modified_time\" content=\"2016-02-26T10:12:20+00:00\" \/>\n<meta name=\"author\" content=\"euroresidentes\" \/>\n<meta name=\"twitter:card\" content=\"summary_large_image\" \/>\n<meta name=\"twitter:label1\" content=\"Written by\" \/>\n\t<meta name=\"twitter:data1\" content=\"euroresidentes\" \/>\n\t<meta name=\"twitter:label2\" content=\"Est. reading time\" \/>\n\t<meta name=\"twitter:data2\" content=\"2 minutos\" \/>\n<script type=\"application\/ld+json\" class=\"yoast-schema-graph\">{\"@context\":\"https:\/\/schema.org\",\"@graph\":[{\"@type\":\"WebPage\",\"@id\":\"https:\/\/www.euroresidentes.com\/social\/rodriguez-zapatero\/zapatero-y-lula\",\"url\":\"https:\/\/www.euroresidentes.com\/social\/rodriguez-zapatero\/zapatero-y-lula\",\"name\":\"Zapatero y Lula - Rodr\u00edguez Zapatero\",\"isPartOf\":{\"@id\":\"https:\/\/www.euroresidentes.com\/social\/rodriguez-zapatero\/#website\"},\"datePublished\":\"2005-01-25T19:02:00+00:00\",\"dateModified\":\"2016-02-26T10:12:20+00:00\",\"author\":{\"@id\":\"https:\/\/www.euroresidentes.com\/social\/rodriguez-zapatero\/#\/schema\/person\/6d45fc03936dc2e80f83afd41105b88c\"},\"breadcrumb\":{\"@id\":\"https:\/\/www.euroresidentes.com\/social\/rodriguez-zapatero\/zapatero-y-lula#breadcrumb\"},\"inLanguage\":\"es\",\"potentialAction\":[{\"@type\":\"ReadAction\",\"target\":[\"https:\/\/www.euroresidentes.com\/social\/rodriguez-zapatero\/zapatero-y-lula\"]}]},{\"@type\":\"BreadcrumbList\",\"@id\":\"https:\/\/www.euroresidentes.com\/social\/rodriguez-zapatero\/zapatero-y-lula#breadcrumb\",\"itemListElement\":[{\"@type\":\"ListItem\",\"position\":1,\"name\":\"Home\",\"item\":\"https:\/\/www.euroresidentes.com\/social\/rodriguez-zapatero\/\"},{\"@type\":\"ListItem\",\"position\":2,\"name\":\"Zapatero y Lula\"}]},{\"@type\":\"WebSite\",\"@id\":\"https:\/\/www.euroresidentes.com\/social\/rodriguez-zapatero\/#website\",\"url\":\"https:\/\/www.euroresidentes.com\/social\/rodriguez-zapatero\/\",\"name\":\"Rodr\u00edguez Zapatero\",\"description\":\"Otro sitio m\u00e1s de Sitios de Social Euroresidentes\",\"potentialAction\":[{\"@type\":\"SearchAction\",\"target\":{\"@type\":\"EntryPoint\",\"urlTemplate\":\"https:\/\/www.euroresidentes.com\/social\/rodriguez-zapatero\/?s={search_term_string}\"},\"query-input\":{\"@type\":\"PropertyValueSpecification\",\"valueRequired\":true,\"valueName\":\"search_term_string\"}}],\"inLanguage\":\"es\"},{\"@type\":\"Person\",\"@id\":\"https:\/\/www.euroresidentes.com\/social\/rodriguez-zapatero\/#\/schema\/person\/6d45fc03936dc2e80f83afd41105b88c\",\"name\":\"euroresidentes\",\"image\":{\"@type\":\"ImageObject\",\"inLanguage\":\"es\",\"@id\":\"https:\/\/www.euroresidentes.com\/social\/rodriguez-zapatero\/#\/schema\/person\/image\/\",\"url\":\"https:\/\/www.euroresidentes.com\/social\/rodriguez-zapatero\/wp-content\/uploads\/sites\/10\/2017\/01\/logo-euroresidentes-300x300-150x150.jpg\",\"contentUrl\":\"https:\/\/www.euroresidentes.com\/social\/rodriguez-zapatero\/wp-content\/uploads\/sites\/10\/2017\/01\/logo-euroresidentes-300x300-150x150.jpg\",\"caption\":\"euroresidentes\"},\"description\":\"EuroresidentesQueremos emocionar y sorprender a nuestros usuarios, transmitir pasi\u00f3n por la vida y ayudar a las personas a resolver las necesidades grandes y peque\u00f1as de su vida cotidiana.\",\"sameAs\":[\"https:\/\/www.euroresidentes.com\/info.htm\"],\"url\":\"https:\/\/www.euroresidentes.com\/social\/rodriguez-zapatero\/author\/euroresidentes\"}]}<\/script>\n<!-- \/ Yoast SEO plugin. -->","yoast_head_json":{"title":"Zapatero y Lula - Rodr\u00edguez Zapatero","robots":{"index":"index","follow":"follow","max-snippet":"max-snippet:-1","max-image-preview":"max-image-preview:large","max-video-preview":"max-video-preview:-1"},"canonical":"https:\/\/www.euroresidentes.com\/social\/rodriguez-zapatero\/zapatero-y-lula","og_locale":"es_ES","og_type":"article","og_title":"Zapatero y Lula - Rodr\u00edguez Zapatero","og_description":"Por fin, cuando ya va para un a\u00f1o de gobierno socialista, parece que el Presidente del Gobierno espa\u00f1ol Jos\u00e9 Luis Rodr\u00edguez Zapatero se inclina por hacer pol\u00edtica iberoamericana. No se comprende muy bien las razones de este retraso. No era Ch\u00e1vez, es Lula, el principio de una pol\u00edtica de alcance en Iberoam\u00e9rica. \u00a1Por fin la diplomacia espa\u00f1ola empieza a darse cuenta! Brasil pa\u00eds clave en el continente americano Aunque en Brasil no se hable espa\u00f1ol, se trata del pa\u00eds que est\u00e1 llamado a vertebrar el continente americano por el sur. Las principales empresas espa\u00f1olas as\u00ed lo han comprendido. Han apostado","og_url":"https:\/\/www.euroresidentes.com\/social\/rodriguez-zapatero\/zapatero-y-lula","og_site_name":"Rodr\u00edguez Zapatero","article_published_time":"2005-01-25T19:02:00+00:00","article_modified_time":"2016-02-26T10:12:20+00:00","author":"euroresidentes","twitter_card":"summary_large_image","twitter_misc":{"Written by":"euroresidentes","Est. reading time":"2 minutos"},"schema":{"@context":"https:\/\/schema.org","@graph":[{"@type":"WebPage","@id":"https:\/\/www.euroresidentes.com\/social\/rodriguez-zapatero\/zapatero-y-lula","url":"https:\/\/www.euroresidentes.com\/social\/rodriguez-zapatero\/zapatero-y-lula","name":"Zapatero y Lula - Rodr\u00edguez Zapatero","isPartOf":{"@id":"https:\/\/www.euroresidentes.com\/social\/rodriguez-zapatero\/#website"},"datePublished":"2005-01-25T19:02:00+00:00","dateModified":"2016-02-26T10:12:20+00:00","author":{"@id":"https:\/\/www.euroresidentes.com\/social\/rodriguez-zapatero\/#\/schema\/person\/6d45fc03936dc2e80f83afd41105b88c"},"breadcrumb":{"@id":"https:\/\/www.euroresidentes.com\/social\/rodriguez-zapatero\/zapatero-y-lula#breadcrumb"},"inLanguage":"es","potentialAction":[{"@type":"ReadAction","target":["https:\/\/www.euroresidentes.com\/social\/rodriguez-zapatero\/zapatero-y-lula"]}]},{"@type":"BreadcrumbList","@id":"https:\/\/www.euroresidentes.com\/social\/rodriguez-zapatero\/zapatero-y-lula#breadcrumb","itemListElement":[{"@type":"ListItem","position":1,"name":"Home","item":"https:\/\/www.euroresidentes.com\/social\/rodriguez-zapatero\/"},{"@type":"ListItem","position":2,"name":"Zapatero y Lula"}]},{"@type":"WebSite","@id":"https:\/\/www.euroresidentes.com\/social\/rodriguez-zapatero\/#website","url":"https:\/\/www.euroresidentes.com\/social\/rodriguez-zapatero\/","name":"Rodr\u00edguez Zapatero","description":"Otro sitio m\u00e1s de Sitios de Social Euroresidentes","potentialAction":[{"@type":"SearchAction","target":{"@type":"EntryPoint","urlTemplate":"https:\/\/www.euroresidentes.com\/social\/rodriguez-zapatero\/?s={search_term_string}"},"query-input":{"@type":"PropertyValueSpecification","valueRequired":true,"valueName":"search_term_string"}}],"inLanguage":"es"},{"@type":"Person","@id":"https:\/\/www.euroresidentes.com\/social\/rodriguez-zapatero\/#\/schema\/person\/6d45fc03936dc2e80f83afd41105b88c","name":"euroresidentes","image":{"@type":"ImageObject","inLanguage":"es","@id":"https:\/\/www.euroresidentes.com\/social\/rodriguez-zapatero\/#\/schema\/person\/image\/","url":"https:\/\/www.euroresidentes.com\/social\/rodriguez-zapatero\/wp-content\/uploads\/sites\/10\/2017\/01\/logo-euroresidentes-300x300-150x150.jpg","contentUrl":"https:\/\/www.euroresidentes.com\/social\/rodriguez-zapatero\/wp-content\/uploads\/sites\/10\/2017\/01\/logo-euroresidentes-300x300-150x150.jpg","caption":"euroresidentes"},"description":"EuroresidentesQueremos emocionar y sorprender a nuestros usuarios, transmitir pasi\u00f3n por la vida y ayudar a las personas a resolver las necesidades grandes y peque\u00f1as de su vida cotidiana.","sameAs":["https:\/\/www.euroresidentes.com\/info.htm"],"url":"https:\/\/www.euroresidentes.com\/social\/rodriguez-zapatero\/author\/euroresidentes"}]}},"_links":{"self":[{"href":"https:\/\/www.euroresidentes.com\/social\/rodriguez-zapatero\/wp-json\/wp\/v2\/posts\/234"}],"collection":[{"href":"https:\/\/www.euroresidentes.com\/social\/rodriguez-zapatero\/wp-json\/wp\/v2\/posts"}],"about":[{"href":"https:\/\/www.euroresidentes.com\/social\/rodriguez-zapatero\/wp-json\/wp\/v2\/types\/post"}],"author":[{"embeddable":true,"href":"https:\/\/www.euroresidentes.com\/social\/rodriguez-zapatero\/wp-json\/wp\/v2\/users\/1"}],"replies":[{"embeddable":true,"href":"https:\/\/www.euroresidentes.com\/social\/rodriguez-zapatero\/wp-json\/wp\/v2\/comments?post=234"}],"version-history":[{"count":1,"href":"https:\/\/www.euroresidentes.com\/social\/rodriguez-zapatero\/wp-json\/wp\/v2\/posts\/234\/revisions"}],"predecessor-version":[{"id":331,"href":"https:\/\/www.euroresidentes.com\/social\/rodriguez-zapatero\/wp-json\/wp\/v2\/posts\/234\/revisions\/331"}],"wp:attachment":[{"href":"https:\/\/www.euroresidentes.com\/social\/rodriguez-zapatero\/wp-json\/wp\/v2\/media?parent=234"}],"wp:term":[{"taxonomy":"category","embeddable":true,"href":"https:\/\/www.euroresidentes.com\/social\/rodriguez-zapatero\/wp-json\/wp\/v2\/categories?post=234"},{"taxonomy":"post_tag","embeddable":true,"href":"https:\/\/www.euroresidentes.com\/social\/rodriguez-zapatero\/wp-json\/wp\/v2\/tags?post=234"}],"curies":[{"name":"wp","href":"https:\/\/api.w.org\/{rel}","templated":true}]}}