{"id":225,"date":"2005-02-08T12:59:00","date_gmt":"2005-02-08T12:59:00","guid":{"rendered":"https:\/\/www.euroresidentes.com\/social\/rodriguez-zapatero\/rajoy-y-el-pp"},"modified":"2016-02-26T10:12:20","modified_gmt":"2016-02-26T10:12:20","slug":"rajoy-y-el-pp","status":"publish","type":"post","link":"https:\/\/www.euroresidentes.com\/social\/rodriguez-zapatero\/rajoy-y-el-pp","title":{"rendered":"Rajoy y el PP"},"content":{"rendered":"<p>La Cadena Ser en su reciente \u00abpuls\u00f3metro\u00bb recoge algunos datos que consideramos de inter\u00e9s. Citamos textualmente:<\/p>\n<p><em><\/p>\n<blockquote><p><em>\u00abEl 63% de los espa\u00f1oles aprueba la gesti\u00f3n de Zapatero, tres puntos m\u00e1s que<br \/>\n<br \/>hace quince d\u00edas. El 55% aprueba a Rajoy como l\u00edder de la oposici\u00f3n, cinco<br \/>\n<br \/>puntos m\u00e1s que en la \u00faltima encuesta. En cuanto a las valoraciones, ambos<br \/>\n<br \/>mantienen su 6 y 5,2, respectivamente&#8230;. El PSOE obtiene un 5,7 y los<br \/>\n<br \/>ciudadanos aprueban por primera vez al PP desde que est\u00e1 en la oposici\u00f3n, con un<br \/>\n<br \/>5&#8243; (Cadena SER).<\/em><\/p><\/blockquote>\n<p><\/em><br \/>\n<br \/><strong>Rajoy y Zapatero, un nuevo estilo<\/strong>.<\/p>\n<p>Si el Presidente Rodr\u00edguez Zapatero ha insertado un nuevo estilo en Presidencia del Gobierno en su discurso y formas, tambi\u00e9n este estilo de moderaci\u00f3n y buenas maneras est\u00e1 dando buenos resultados al l\u00edder de la oposici\u00f3n Mariano Rajoy.<\/p>\n<p>Con esta nueva generaci\u00f3n de estilos la clase pol\u00edtica cierra etapas cargadas de innecesaria crispaci\u00f3n y descalificaciones que no aportaban nada positivo a la convivencia tranquila y sosegada que los espa\u00f1oles desean. Sus antecesores Gonz\u00e1lez y Aznar desarrollaron una tensi\u00f3n que no se ha mostrado en absoluto beneficiosa para el pa\u00eds.<\/p>\n<p><strong>Rajoy y el PP<\/strong><\/p>\n<p>Mariano Rajoy, sin menoscabo de la solidez de sus posturas y la firmeza de su discurso, ha demostrado h\u00e1bilmente la fuerza y rentabilidad que para el PP representa una actitud de moderaci\u00f3n y de estilo constructivo, superando una larga trayectoria de Aznar en sentido diametralmente opuesto.<\/p>\n<p>Pero un partido no cambia de la noche a la ma\u00f1ana, ni sus l\u00edderes se transforman por arte de magia. Quiz\u00e1s a Rajoy le lleve un tiempo cambiar los infantiles tics del portavoz o la actitud beligerante de Acebes. En todo caso, es motivo de esperanza para la madurez democr\u00e1tica de un pa\u00eds que las relaciones gobierno &#8211; oposici\u00f3n superen las descalificaciones f\u00e1ciles y entren en el terreno del respeto institucional y la b\u00fasqueda de puntos de encuentro en la pol\u00edtica de Estado.<\/p>\n<p><img decoding=\"async\" src=\"http:\/\/www.euroresidentes.com\/Blogs\/rodriguez_zapatero\/rajoy_zapatero.jpg\" \/><\/p>\n<ul>\n<li>\n<div align=\"left\"><a href=\"http:\/\/www.euroresidentes.com\/Blogs\/rodriguez_zapatero\/2005\/01\/mariano-rajoy.html\">Mariano Rajoy<\/a><\/div>\n<\/li>\n<li>\n<div align=\"left\"><a href=\"http:\/\/www.euroresidentes.com\/Blogs\/rodriguez_zapatero\/2005\/01\/estilo-zapatero.html\">Estilo Zapatero<\/a><\/div>\n<\/li>\n<\/ul>\n","protected":false},"excerpt":{"rendered":"<p>La Cadena Ser en su reciente \u00abpuls\u00f3metro\u00bb recoge algunos datos que consideramos de inter\u00e9s. Citamos textualmente: \u00abEl 63% de los espa\u00f1oles aprueba la gesti\u00f3n de Zapatero, tres puntos m\u00e1s que hace quince d\u00edas. El 55% aprueba a Rajoy como l\u00edder de la oposici\u00f3n, cinco puntos m\u00e1s que en la \u00faltima encuesta. En cuanto a las valoraciones, ambos mantienen su 6 y 5,2, respectivamente&#8230;. El PSOE obtiene un 5,7 y los ciudadanos aprueban por primera vez al PP desde que est\u00e1 en la oposici\u00f3n, con un 5&#8243; (Cadena SER). Rajoy y Zapatero, un nuevo estilo. Si el Presidente Rodr\u00edguez Zapatero ha <\/p>\n","protected":false},"author":1,"featured_media":318,"comment_status":"open","ping_status":"open","sticky":false,"template":"","format":"standard","meta":{"footnotes":""},"categories":[1],"tags":[34],"class_list":["post-225","post","type-post","status-publish","format-standard","has-post-thumbnail","hentry","category-sin-categoria","tag-pp","has_thumb"],"yoast_head":"<!-- This site is optimized with the Yoast SEO plugin v25.6 - https:\/\/yoast.com\/wordpress\/plugins\/seo\/ -->\n<title>Rajoy y el PP - Rodr\u00edguez Zapatero<\/title>\n<meta name=\"robots\" content=\"index, follow, max-snippet:-1, max-image-preview:large, max-video-preview:-1\" \/>\n<link rel=\"canonical\" href=\"https:\/\/www.euroresidentes.com\/social\/rodriguez-zapatero\/rajoy-y-el-pp\" \/>\n<meta property=\"og:locale\" content=\"es_ES\" \/>\n<meta property=\"og:type\" content=\"article\" \/>\n<meta property=\"og:title\" content=\"Rajoy y el PP - Rodr\u00edguez Zapatero\" \/>\n<meta property=\"og:description\" content=\"La Cadena Ser en su reciente \u00abpuls\u00f3metro\u00bb recoge algunos datos que consideramos de inter\u00e9s. Citamos textualmente: \u00abEl 63% de los espa\u00f1oles aprueba la gesti\u00f3n de Zapatero, tres puntos m\u00e1s que hace quince d\u00edas. El 55% aprueba a Rajoy como l\u00edder de la oposici\u00f3n, cinco puntos m\u00e1s que en la \u00faltima encuesta. En cuanto a las valoraciones, ambos mantienen su 6 y 5,2, respectivamente&#8230;. El PSOE obtiene un 5,7 y los ciudadanos aprueban por primera vez al PP desde que est\u00e1 en la oposici\u00f3n, con un 5&#8243; (Cadena SER). Rajoy y Zapatero, un nuevo estilo. Si el Presidente Rodr\u00edguez Zapatero ha\" \/>\n<meta property=\"og:url\" content=\"https:\/\/www.euroresidentes.com\/social\/rodriguez-zapatero\/rajoy-y-el-pp\" \/>\n<meta property=\"og:site_name\" content=\"Rodr\u00edguez Zapatero\" \/>\n<meta property=\"article:published_time\" content=\"2005-02-08T12:59:00+00:00\" \/>\n<meta property=\"article:modified_time\" content=\"2016-02-26T10:12:20+00:00\" \/>\n<meta property=\"og:image\" content=\"https:\/\/www.euroresidentes.com\/social\/rodriguez-zapatero\/wp-content\/uploads\/sites\/10\/2005\/02\/rajoy_zapatero.jpg\" \/>\n\t<meta property=\"og:image:width\" content=\"115\" \/>\n\t<meta property=\"og:image:height\" content=\"96\" \/>\n\t<meta property=\"og:image:type\" content=\"image\/jpeg\" \/>\n<meta name=\"author\" content=\"euroresidentes\" \/>\n<meta name=\"twitter:card\" content=\"summary_large_image\" \/>\n<meta name=\"twitter:label1\" content=\"Written by\" \/>\n\t<meta name=\"twitter:data1\" content=\"euroresidentes\" \/>\n\t<meta name=\"twitter:label2\" content=\"Est. reading time\" \/>\n\t<meta name=\"twitter:data2\" content=\"2 minutos\" \/>\n<script type=\"application\/ld+json\" class=\"yoast-schema-graph\">{\"@context\":\"https:\/\/schema.org\",\"@graph\":[{\"@type\":\"WebPage\",\"@id\":\"https:\/\/www.euroresidentes.com\/social\/rodriguez-zapatero\/rajoy-y-el-pp\",\"url\":\"https:\/\/www.euroresidentes.com\/social\/rodriguez-zapatero\/rajoy-y-el-pp\",\"name\":\"Rajoy y el PP - Rodr\u00edguez Zapatero\",\"isPartOf\":{\"@id\":\"https:\/\/www.euroresidentes.com\/social\/rodriguez-zapatero\/#website\"},\"primaryImageOfPage\":{\"@id\":\"https:\/\/www.euroresidentes.com\/social\/rodriguez-zapatero\/rajoy-y-el-pp#primaryimage\"},\"image\":{\"@id\":\"https:\/\/www.euroresidentes.com\/social\/rodriguez-zapatero\/rajoy-y-el-pp#primaryimage\"},\"thumbnailUrl\":\"https:\/\/www.euroresidentes.com\/social\/rodriguez-zapatero\/wp-content\/uploads\/sites\/10\/2005\/02\/rajoy_zapatero.jpg\",\"datePublished\":\"2005-02-08T12:59:00+00:00\",\"dateModified\":\"2016-02-26T10:12:20+00:00\",\"author\":{\"@id\":\"https:\/\/www.euroresidentes.com\/social\/rodriguez-zapatero\/#\/schema\/person\/6d45fc03936dc2e80f83afd41105b88c\"},\"breadcrumb\":{\"@id\":\"https:\/\/www.euroresidentes.com\/social\/rodriguez-zapatero\/rajoy-y-el-pp#breadcrumb\"},\"inLanguage\":\"es\",\"potentialAction\":[{\"@type\":\"ReadAction\",\"target\":[\"https:\/\/www.euroresidentes.com\/social\/rodriguez-zapatero\/rajoy-y-el-pp\"]}]},{\"@type\":\"ImageObject\",\"inLanguage\":\"es\",\"@id\":\"https:\/\/www.euroresidentes.com\/social\/rodriguez-zapatero\/rajoy-y-el-pp#primaryimage\",\"url\":\"https:\/\/www.euroresidentes.com\/social\/rodriguez-zapatero\/wp-content\/uploads\/sites\/10\/2005\/02\/rajoy_zapatero.jpg\",\"contentUrl\":\"https:\/\/www.euroresidentes.com\/social\/rodriguez-zapatero\/wp-content\/uploads\/sites\/10\/2005\/02\/rajoy_zapatero.jpg\",\"width\":115,\"height\":96},{\"@type\":\"BreadcrumbList\",\"@id\":\"https:\/\/www.euroresidentes.com\/social\/rodriguez-zapatero\/rajoy-y-el-pp#breadcrumb\",\"itemListElement\":[{\"@type\":\"ListItem\",\"position\":1,\"name\":\"Home\",\"item\":\"https:\/\/www.euroresidentes.com\/social\/rodriguez-zapatero\/\"},{\"@type\":\"ListItem\",\"position\":2,\"name\":\"Rajoy y el PP\"}]},{\"@type\":\"WebSite\",\"@id\":\"https:\/\/www.euroresidentes.com\/social\/rodriguez-zapatero\/#website\",\"url\":\"https:\/\/www.euroresidentes.com\/social\/rodriguez-zapatero\/\",\"name\":\"Rodr\u00edguez Zapatero\",\"description\":\"Otro sitio m\u00e1s de Sitios de Social Euroresidentes\",\"potentialAction\":[{\"@type\":\"SearchAction\",\"target\":{\"@type\":\"EntryPoint\",\"urlTemplate\":\"https:\/\/www.euroresidentes.com\/social\/rodriguez-zapatero\/?s={search_term_string}\"},\"query-input\":{\"@type\":\"PropertyValueSpecification\",\"valueRequired\":true,\"valueName\":\"search_term_string\"}}],\"inLanguage\":\"es\"},{\"@type\":\"Person\",\"@id\":\"https:\/\/www.euroresidentes.com\/social\/rodriguez-zapatero\/#\/schema\/person\/6d45fc03936dc2e80f83afd41105b88c\",\"name\":\"euroresidentes\",\"image\":{\"@type\":\"ImageObject\",\"inLanguage\":\"es\",\"@id\":\"https:\/\/www.euroresidentes.com\/social\/rodriguez-zapatero\/#\/schema\/person\/image\/\",\"url\":\"https:\/\/www.euroresidentes.com\/social\/rodriguez-zapatero\/wp-content\/uploads\/sites\/10\/2017\/01\/logo-euroresidentes-300x300-150x150.jpg\",\"contentUrl\":\"https:\/\/www.euroresidentes.com\/social\/rodriguez-zapatero\/wp-content\/uploads\/sites\/10\/2017\/01\/logo-euroresidentes-300x300-150x150.jpg\",\"caption\":\"euroresidentes\"},\"description\":\"EuroresidentesQueremos emocionar y sorprender a nuestros usuarios, transmitir pasi\u00f3n por la vida y ayudar a las personas a resolver las necesidades grandes y peque\u00f1as de su vida cotidiana.\",\"sameAs\":[\"https:\/\/www.euroresidentes.com\/info.htm\"],\"url\":\"https:\/\/www.euroresidentes.com\/social\/rodriguez-zapatero\/author\/euroresidentes\"}]}<\/script>\n<!-- \/ Yoast SEO plugin. -->","yoast_head_json":{"title":"Rajoy y el PP - Rodr\u00edguez Zapatero","robots":{"index":"index","follow":"follow","max-snippet":"max-snippet:-1","max-image-preview":"max-image-preview:large","max-video-preview":"max-video-preview:-1"},"canonical":"https:\/\/www.euroresidentes.com\/social\/rodriguez-zapatero\/rajoy-y-el-pp","og_locale":"es_ES","og_type":"article","og_title":"Rajoy y el PP - Rodr\u00edguez Zapatero","og_description":"La Cadena Ser en su reciente \u00abpuls\u00f3metro\u00bb recoge algunos datos que consideramos de inter\u00e9s. Citamos textualmente: \u00abEl 63% de los espa\u00f1oles aprueba la gesti\u00f3n de Zapatero, tres puntos m\u00e1s que hace quince d\u00edas. El 55% aprueba a Rajoy como l\u00edder de la oposici\u00f3n, cinco puntos m\u00e1s que en la \u00faltima encuesta. En cuanto a las valoraciones, ambos mantienen su 6 y 5,2, respectivamente&#8230;. El PSOE obtiene un 5,7 y los ciudadanos aprueban por primera vez al PP desde que est\u00e1 en la oposici\u00f3n, con un 5&#8243; (Cadena SER). Rajoy y Zapatero, un nuevo estilo. Si el Presidente Rodr\u00edguez Zapatero ha","og_url":"https:\/\/www.euroresidentes.com\/social\/rodriguez-zapatero\/rajoy-y-el-pp","og_site_name":"Rodr\u00edguez Zapatero","article_published_time":"2005-02-08T12:59:00+00:00","article_modified_time":"2016-02-26T10:12:20+00:00","og_image":[{"width":115,"height":96,"url":"https:\/\/www.euroresidentes.com\/social\/rodriguez-zapatero\/wp-content\/uploads\/sites\/10\/2005\/02\/rajoy_zapatero.jpg","type":"image\/jpeg"}],"author":"euroresidentes","twitter_card":"summary_large_image","twitter_misc":{"Written by":"euroresidentes","Est. reading time":"2 minutos"},"schema":{"@context":"https:\/\/schema.org","@graph":[{"@type":"WebPage","@id":"https:\/\/www.euroresidentes.com\/social\/rodriguez-zapatero\/rajoy-y-el-pp","url":"https:\/\/www.euroresidentes.com\/social\/rodriguez-zapatero\/rajoy-y-el-pp","name":"Rajoy y el PP - Rodr\u00edguez Zapatero","isPartOf":{"@id":"https:\/\/www.euroresidentes.com\/social\/rodriguez-zapatero\/#website"},"primaryImageOfPage":{"@id":"https:\/\/www.euroresidentes.com\/social\/rodriguez-zapatero\/rajoy-y-el-pp#primaryimage"},"image":{"@id":"https:\/\/www.euroresidentes.com\/social\/rodriguez-zapatero\/rajoy-y-el-pp#primaryimage"},"thumbnailUrl":"https:\/\/www.euroresidentes.com\/social\/rodriguez-zapatero\/wp-content\/uploads\/sites\/10\/2005\/02\/rajoy_zapatero.jpg","datePublished":"2005-02-08T12:59:00+00:00","dateModified":"2016-02-26T10:12:20+00:00","author":{"@id":"https:\/\/www.euroresidentes.com\/social\/rodriguez-zapatero\/#\/schema\/person\/6d45fc03936dc2e80f83afd41105b88c"},"breadcrumb":{"@id":"https:\/\/www.euroresidentes.com\/social\/rodriguez-zapatero\/rajoy-y-el-pp#breadcrumb"},"inLanguage":"es","potentialAction":[{"@type":"ReadAction","target":["https:\/\/www.euroresidentes.com\/social\/rodriguez-zapatero\/rajoy-y-el-pp"]}]},{"@type":"ImageObject","inLanguage":"es","@id":"https:\/\/www.euroresidentes.com\/social\/rodriguez-zapatero\/rajoy-y-el-pp#primaryimage","url":"https:\/\/www.euroresidentes.com\/social\/rodriguez-zapatero\/wp-content\/uploads\/sites\/10\/2005\/02\/rajoy_zapatero.jpg","contentUrl":"https:\/\/www.euroresidentes.com\/social\/rodriguez-zapatero\/wp-content\/uploads\/sites\/10\/2005\/02\/rajoy_zapatero.jpg","width":115,"height":96},{"@type":"BreadcrumbList","@id":"https:\/\/www.euroresidentes.com\/social\/rodriguez-zapatero\/rajoy-y-el-pp#breadcrumb","itemListElement":[{"@type":"ListItem","position":1,"name":"Home","item":"https:\/\/www.euroresidentes.com\/social\/rodriguez-zapatero\/"},{"@type":"ListItem","position":2,"name":"Rajoy y el PP"}]},{"@type":"WebSite","@id":"https:\/\/www.euroresidentes.com\/social\/rodriguez-zapatero\/#website","url":"https:\/\/www.euroresidentes.com\/social\/rodriguez-zapatero\/","name":"Rodr\u00edguez Zapatero","description":"Otro sitio m\u00e1s de Sitios de Social Euroresidentes","potentialAction":[{"@type":"SearchAction","target":{"@type":"EntryPoint","urlTemplate":"https:\/\/www.euroresidentes.com\/social\/rodriguez-zapatero\/?s={search_term_string}"},"query-input":{"@type":"PropertyValueSpecification","valueRequired":true,"valueName":"search_term_string"}}],"inLanguage":"es"},{"@type":"Person","@id":"https:\/\/www.euroresidentes.com\/social\/rodriguez-zapatero\/#\/schema\/person\/6d45fc03936dc2e80f83afd41105b88c","name":"euroresidentes","image":{"@type":"ImageObject","inLanguage":"es","@id":"https:\/\/www.euroresidentes.com\/social\/rodriguez-zapatero\/#\/schema\/person\/image\/","url":"https:\/\/www.euroresidentes.com\/social\/rodriguez-zapatero\/wp-content\/uploads\/sites\/10\/2017\/01\/logo-euroresidentes-300x300-150x150.jpg","contentUrl":"https:\/\/www.euroresidentes.com\/social\/rodriguez-zapatero\/wp-content\/uploads\/sites\/10\/2017\/01\/logo-euroresidentes-300x300-150x150.jpg","caption":"euroresidentes"},"description":"EuroresidentesQueremos emocionar y sorprender a nuestros usuarios, transmitir pasi\u00f3n por la vida y ayudar a las personas a resolver las necesidades grandes y peque\u00f1as de su vida cotidiana.","sameAs":["https:\/\/www.euroresidentes.com\/info.htm"],"url":"https:\/\/www.euroresidentes.com\/social\/rodriguez-zapatero\/author\/euroresidentes"}]}},"_links":{"self":[{"href":"https:\/\/www.euroresidentes.com\/social\/rodriguez-zapatero\/wp-json\/wp\/v2\/posts\/225"}],"collection":[{"href":"https:\/\/www.euroresidentes.com\/social\/rodriguez-zapatero\/wp-json\/wp\/v2\/posts"}],"about":[{"href":"https:\/\/www.euroresidentes.com\/social\/rodriguez-zapatero\/wp-json\/wp\/v2\/types\/post"}],"author":[{"embeddable":true,"href":"https:\/\/www.euroresidentes.com\/social\/rodriguez-zapatero\/wp-json\/wp\/v2\/users\/1"}],"replies":[{"embeddable":true,"href":"https:\/\/www.euroresidentes.com\/social\/rodriguez-zapatero\/wp-json\/wp\/v2\/comments?post=225"}],"version-history":[{"count":1,"href":"https:\/\/www.euroresidentes.com\/social\/rodriguez-zapatero\/wp-json\/wp\/v2\/posts\/225\/revisions"}],"predecessor-version":[{"id":317,"href":"https:\/\/www.euroresidentes.com\/social\/rodriguez-zapatero\/wp-json\/wp\/v2\/posts\/225\/revisions\/317"}],"wp:featuredmedia":[{"embeddable":true,"href":"https:\/\/www.euroresidentes.com\/social\/rodriguez-zapatero\/wp-json\/wp\/v2\/media\/318"}],"wp:attachment":[{"href":"https:\/\/www.euroresidentes.com\/social\/rodriguez-zapatero\/wp-json\/wp\/v2\/media?parent=225"}],"wp:term":[{"taxonomy":"category","embeddable":true,"href":"https:\/\/www.euroresidentes.com\/social\/rodriguez-zapatero\/wp-json\/wp\/v2\/categories?post=225"},{"taxonomy":"post_tag","embeddable":true,"href":"https:\/\/www.euroresidentes.com\/social\/rodriguez-zapatero\/wp-json\/wp\/v2\/tags?post=225"}],"curies":[{"name":"wp","href":"https:\/\/api.w.org\/{rel}","templated":true}]}}