{"id":21,"date":"2006-07-31T06:48:00","date_gmt":"2006-07-31T06:48:00","guid":{"rendered":""},"modified":"2015-12-23T09:31:26","modified_gmt":"2015-12-23T09:31:26","slug":"comentarios-sobre-una-provocacion","status":"publish","type":"post","link":"https:\/\/www.euroresidentes.com\/social\/cartas-memoria\/comentarios-sobre-una-provocacion","title":{"rendered":"COMENTARIOS SOBRE  UNA PROVOCACI\u00d3N"},"content":{"rendered":"<p>Mi estimado compa\u00f1ero:<\/p>\n<p>Hoy me gustar\u00eda transmitirte mi comentario a prop\u00f3sito de un art\u00edculo que aun no ha perdido la frescura de la actualidad . Es la ventaja de tener un Blog. Teni\u00e9ndolo a tu alcance act\u00faas con libertad y, como no dependes de ninguna fuerza oculta que te condicione, salvo tu propia conciencia, escribes y te quedas tranquilo. Es la mejor paga que puedes recibir, te lo juro.<\/p>\n<p>Pues bien: Resulta que la semana pasada y en EL SEMANAL (n\u00ba 978 del 23 al 29 de julio-07) que acompa\u00f1a a varios peri\u00f3dico el domingo, el ilustre Carlos Herrera escribi\u00f3 sobre \u201cLa clase de Zidane\u201d.<\/p>\n<p>Herrera es un hombre que pertenece a lo que yo llamo el\u201c clan de los intocables\u201d del que alg\u00fan d\u00eda te hablar\u00e9, y a quien sigo, espor\u00e1dicamente, ahora en su Onda Cero. Y yo, como tantos otros, soy testigo de su crecimiento en arrogancia, zigzagueo pol\u00edtico y, \u00faltimamente de su inigualable atrevimiento a opinar sobre todo lo divino y lo humano. Y es que este Se\u00f1or sabe de todo. Y a m\u00ed me parece bien que si sabe de todo y tiene a diario un altavoz, que llega a todos los rincones, opine de lo que le venga en gana. Pero si bien en sus opiniones pol\u00edticas puede alinearse con quien mejor le acoja, (algo muy discutible en una profesi\u00f3n en la que la independencia y objetividad de lo que se informa se tiene como cualidad imprescindible) no es de recibo que a trav\u00e9s de sus comentarios, a los que tiene el mismo derecho que yo, descalifique a los que no piensan como \u00e9l.<\/p>\n<p>Cosa que no s\u00f3lo practica a diario sino que adem\u00e1s lo hace, y con cajas destempladas, al contestar a alg\u00fan oyente que, con la mejor intenci\u00f3n y haciendo uso de su libertad , discrepa del Sr.Herrera. Ser\u00e1 por eso o porque funciona el sistema de filtros, lo cierto es que el oyente que sale a las ondas en un 90% alaba y adora a Carlos, como le llaman sus parroquianos.<\/p>\n<p>En su escrito sobre Zidanne Carlos Herrera opina, como yo, que t\u00e9cnicamente ha sido un jugador excepcional, que le ha dado una dimensi\u00f3n de belleza a su juego inigualable y que es un\u201d figura\u201d que permanecer\u00e1 en la memoria de los amantes del f\u00fatbol durante muchos a\u00f1os. Lo compara con los personajes hist\u00f3ricos y lo pone, ah\u00ed no opino porque no s\u00e9 tanto, en la cima m\u00e1s alta.<\/p>\n<p>En cambio se pasa bastante en frases como \u201cha hecho del f\u00fatbol una de las bellas artes\u201d \u00f3 \u201cTener clase es ir vestido de futbolista y parecer que est\u00e1s jugando con chaqu\u00e9\u201d. (sic)<br \/>Olvida que todos vemos el f\u00fatbol y sabemos de las marruller\u00edas, empujones, zancadillas piscinazos, quejas de muerte para que el contrario sea penalizado, etc. etc.<\/p>\n<p>Y tener clase, opino es ser sobre todo limpio, transparente y honrado. Se tenga o se vista uno de chaqu\u00e9 o vaya de prestado. Y Zidanne, a quien admiro como futbolista, ha utilizado muchas, much\u00edsimas veces, esas artima\u00f1as ratoneras que forman parte integrante del f\u00fatbol. Mejor dicho, de las miserias que componen el juego futbol\u00edstico Lo hemos visto todos a traves de sus partidos, lo que ocurre es que de eso no se habla.<\/p>\n<p>En cuanto al trist\u00edsimo y c\u00e9lebre cabezazo al pecho del contrario, que todo el mundo vio, comenta:<\/p>\n<p>\u201c&#8230;.pero no debemos quedarnos en un arranque rabioso ante las provocaciones de un italiano marrullero.\u201d Pues mire Ud. yo s\u00ed me quedo. Todo juego reglado tiene su \u201cfair play\u201d. Algo muy dif\u00edcil de conseguir pero fundamental en todo deporte. Y ser deportista completo, ejemplar y excepcional, lleva consigo aguantar, sufrir, hacer o\u00eddos sordos e incluso perdonar. Todas las semanas vemos durante los partidos agresiones, patadones injustificados o insultos. Y tambi\u00e9n todas las semanas disfrutamos del apret\u00f3n de manos, el abrazo y el aqu\u00ed no ha pasado nada. Y esto ocurre simplemente entre deportistas sean o no famosos Ah\u00ed est\u00e1 la grandeza del deporte.<br \/>Pero despu\u00e9s del \u00faltimo partido de un Mundial que vieron millones de espectadores no se puede otorgar un premio, que presupone una acci\u00f3n excepcional y ejemplar a quien propin\u00f3 una descarada agresi\u00f3n f\u00edsica como respuesta a una provocaci\u00f3n de palabra, aunque \u00e9sta venga de un \u201citaliano marrullero\u201d La generaci\u00f3n de mis nietos no lo perdonar\u00edan.<\/p>\n<p>Sigo pensando, querido amigo, que Zinedine Zidanne, es uno de los grandes que debe pasar a la historia por su bell\u00edsimo juego y su depurada y elegante t\u00e9cnica pero no como deportista ejemplar.<\/p>\n<p>Y como esto no se lo dir\u00e9 a Carlos Herrera en la radio me evitar\u00e9 una bronca por pensar de modo distinto al del Se\u00f1or de las Ondas.<\/p>\n<p>Oye, que a lo mejor \u00e9l tiene raz\u00f3n. Pues con su pan se lo coma y todos tan contentos. \u00a1As\u00ed es de \u201cchula\u201d la libertad!<\/p>\n<p>Hasta otro d\u00eda, amigo..<\/p>\n","protected":false},"excerpt":{"rendered":"<p>Mi estimado compa\u00f1ero: Hoy me gustar\u00eda transmitirte mi comentario a prop\u00f3sito de un art\u00edculo que aun no ha perdido la frescura de la actualidad . Es la ventaja de tener un Blog. Teni\u00e9ndolo a tu alcance act\u00faas con libertad y, como no dependes de ninguna fuerza oculta que te condicione, salvo tu propia conciencia, escribes y te quedas tranquilo. Es la mejor paga que puedes recibir, te lo juro. Pues bien: Resulta que la semana pasada y en EL SEMANAL (n\u00ba 978 del 23 al 29 de julio-07) que acompa\u00f1a a varios peri\u00f3dico el domingo, el ilustre Carlos Herrera escribi\u00f3 <\/p>\n","protected":false},"author":1,"featured_media":0,"comment_status":"open","ping_status":"open","sticky":false,"template":"","format":"standard","meta":{"footnotes":""},"categories":[1],"tags":[],"class_list":["post-21","post","type-post","status-publish","format-standard","hentry","category-sin-categoria"],"yoast_head":"<!-- This site is optimized with the Yoast SEO plugin v25.6 - https:\/\/yoast.com\/wordpress\/plugins\/seo\/ -->\n<title>COMENTARIOS SOBRE UNA PROVOCACI\u00d3N - Cartas desde mi memoria<\/title>\n<meta name=\"robots\" content=\"index, follow, max-snippet:-1, max-image-preview:large, max-video-preview:-1\" \/>\n<link rel=\"canonical\" href=\"https:\/\/www.euroresidentes.com\/social\/cartas-memoria\/comentarios-sobre-una-provocacion\" \/>\n<meta property=\"og:locale\" content=\"es_ES\" \/>\n<meta property=\"og:type\" content=\"article\" \/>\n<meta property=\"og:title\" content=\"COMENTARIOS SOBRE UNA PROVOCACI\u00d3N - Cartas desde mi memoria\" \/>\n<meta property=\"og:description\" content=\"Mi estimado compa\u00f1ero: Hoy me gustar\u00eda transmitirte mi comentario a prop\u00f3sito de un art\u00edculo que aun no ha perdido la frescura de la actualidad . Es la ventaja de tener un Blog. Teni\u00e9ndolo a tu alcance act\u00faas con libertad y, como no dependes de ninguna fuerza oculta que te condicione, salvo tu propia conciencia, escribes y te quedas tranquilo. Es la mejor paga que puedes recibir, te lo juro. Pues bien: Resulta que la semana pasada y en EL SEMANAL (n\u00ba 978 del 23 al 29 de julio-07) que acompa\u00f1a a varios peri\u00f3dico el domingo, el ilustre Carlos Herrera escribi\u00f3\" \/>\n<meta property=\"og:url\" content=\"https:\/\/www.euroresidentes.com\/social\/cartas-memoria\/comentarios-sobre-una-provocacion\" \/>\n<meta property=\"og:site_name\" content=\"Cartas desde mi memoria\" \/>\n<meta property=\"article:published_time\" content=\"2006-07-31T06:48:00+00:00\" \/>\n<meta property=\"article:modified_time\" content=\"2015-12-23T09:31:26+00:00\" \/>\n<meta name=\"author\" content=\"euroresidentes\" \/>\n<meta name=\"twitter:card\" content=\"summary_large_image\" \/>\n<meta name=\"twitter:label1\" content=\"Written by\" \/>\n\t<meta name=\"twitter:data1\" content=\"euroresidentes\" \/>\n\t<meta name=\"twitter:label2\" content=\"Est. reading time\" \/>\n\t<meta name=\"twitter:data2\" content=\"4 minutos\" \/>\n<script type=\"application\/ld+json\" class=\"yoast-schema-graph\">{\"@context\":\"https:\/\/schema.org\",\"@graph\":[{\"@type\":\"WebPage\",\"@id\":\"https:\/\/www.euroresidentes.com\/social\/cartas-memoria\/comentarios-sobre-una-provocacion\",\"url\":\"https:\/\/www.euroresidentes.com\/social\/cartas-memoria\/comentarios-sobre-una-provocacion\",\"name\":\"COMENTARIOS SOBRE UNA PROVOCACI\u00d3N - Cartas desde mi memoria\",\"isPartOf\":{\"@id\":\"https:\/\/www.euroresidentes.com\/social\/cartas-memoria\/#website\"},\"datePublished\":\"2006-07-31T06:48:00+00:00\",\"dateModified\":\"2015-12-23T09:31:26+00:00\",\"author\":{\"@id\":\"https:\/\/www.euroresidentes.com\/social\/cartas-memoria\/#\/schema\/person\/6d45fc03936dc2e80f83afd41105b88c\"},\"breadcrumb\":{\"@id\":\"https:\/\/www.euroresidentes.com\/social\/cartas-memoria\/comentarios-sobre-una-provocacion#breadcrumb\"},\"inLanguage\":\"es\",\"potentialAction\":[{\"@type\":\"ReadAction\",\"target\":[\"https:\/\/www.euroresidentes.com\/social\/cartas-memoria\/comentarios-sobre-una-provocacion\"]}]},{\"@type\":\"BreadcrumbList\",\"@id\":\"https:\/\/www.euroresidentes.com\/social\/cartas-memoria\/comentarios-sobre-una-provocacion#breadcrumb\",\"itemListElement\":[{\"@type\":\"ListItem\",\"position\":1,\"name\":\"Home\",\"item\":\"https:\/\/www.euroresidentes.com\/social\/cartas-memoria\/\"},{\"@type\":\"ListItem\",\"position\":2,\"name\":\"COMENTARIOS SOBRE UNA PROVOCACI\u00d3N\"}]},{\"@type\":\"WebSite\",\"@id\":\"https:\/\/www.euroresidentes.com\/social\/cartas-memoria\/#website\",\"url\":\"https:\/\/www.euroresidentes.com\/social\/cartas-memoria\/\",\"name\":\"Cartas desde mi memoria\",\"description\":\"Otro sitio m\u00e1s de Sitios de Social Euroresidentes\",\"potentialAction\":[{\"@type\":\"SearchAction\",\"target\":{\"@type\":\"EntryPoint\",\"urlTemplate\":\"https:\/\/www.euroresidentes.com\/social\/cartas-memoria\/?s={search_term_string}\"},\"query-input\":{\"@type\":\"PropertyValueSpecification\",\"valueRequired\":true,\"valueName\":\"search_term_string\"}}],\"inLanguage\":\"es\"},{\"@type\":\"Person\",\"@id\":\"https:\/\/www.euroresidentes.com\/social\/cartas-memoria\/#\/schema\/person\/6d45fc03936dc2e80f83afd41105b88c\",\"name\":\"euroresidentes\",\"image\":{\"@type\":\"ImageObject\",\"inLanguage\":\"es\",\"@id\":\"https:\/\/www.euroresidentes.com\/social\/cartas-memoria\/#\/schema\/person\/image\/\",\"url\":\"https:\/\/www.euroresidentes.com\/social\/cartas-memoria\/wp-content\/uploads\/sites\/8\/2017\/01\/logo-euroresidentes-300x300-150x150.jpg\",\"contentUrl\":\"https:\/\/www.euroresidentes.com\/social\/cartas-memoria\/wp-content\/uploads\/sites\/8\/2017\/01\/logo-euroresidentes-300x300-150x150.jpg\",\"caption\":\"euroresidentes\"},\"description\":\"EuroresidentesQueremos emocionar y sorprender a nuestros usuarios, transmitir pasi\u00f3n por la vida y ayudar a las personas a resolver las necesidades grandes y peque\u00f1as de su vida cotidiana.\",\"sameAs\":[\"https:\/\/www.euroresidentes.com\/info.htm\"],\"url\":\"https:\/\/www.euroresidentes.com\/social\/cartas-memoria\/author\/euroresidentes\"}]}<\/script>\n<!-- \/ Yoast SEO plugin. -->","yoast_head_json":{"title":"COMENTARIOS SOBRE UNA PROVOCACI\u00d3N - Cartas desde mi memoria","robots":{"index":"index","follow":"follow","max-snippet":"max-snippet:-1","max-image-preview":"max-image-preview:large","max-video-preview":"max-video-preview:-1"},"canonical":"https:\/\/www.euroresidentes.com\/social\/cartas-memoria\/comentarios-sobre-una-provocacion","og_locale":"es_ES","og_type":"article","og_title":"COMENTARIOS SOBRE UNA PROVOCACI\u00d3N - Cartas desde mi memoria","og_description":"Mi estimado compa\u00f1ero: Hoy me gustar\u00eda transmitirte mi comentario a prop\u00f3sito de un art\u00edculo que aun no ha perdido la frescura de la actualidad . Es la ventaja de tener un Blog. Teni\u00e9ndolo a tu alcance act\u00faas con libertad y, como no dependes de ninguna fuerza oculta que te condicione, salvo tu propia conciencia, escribes y te quedas tranquilo. Es la mejor paga que puedes recibir, te lo juro. Pues bien: Resulta que la semana pasada y en EL SEMANAL (n\u00ba 978 del 23 al 29 de julio-07) que acompa\u00f1a a varios peri\u00f3dico el domingo, el ilustre Carlos Herrera escribi\u00f3","og_url":"https:\/\/www.euroresidentes.com\/social\/cartas-memoria\/comentarios-sobre-una-provocacion","og_site_name":"Cartas desde mi memoria","article_published_time":"2006-07-31T06:48:00+00:00","article_modified_time":"2015-12-23T09:31:26+00:00","author":"euroresidentes","twitter_card":"summary_large_image","twitter_misc":{"Written by":"euroresidentes","Est. reading time":"4 minutos"},"schema":{"@context":"https:\/\/schema.org","@graph":[{"@type":"WebPage","@id":"https:\/\/www.euroresidentes.com\/social\/cartas-memoria\/comentarios-sobre-una-provocacion","url":"https:\/\/www.euroresidentes.com\/social\/cartas-memoria\/comentarios-sobre-una-provocacion","name":"COMENTARIOS SOBRE UNA PROVOCACI\u00d3N - Cartas desde mi memoria","isPartOf":{"@id":"https:\/\/www.euroresidentes.com\/social\/cartas-memoria\/#website"},"datePublished":"2006-07-31T06:48:00+00:00","dateModified":"2015-12-23T09:31:26+00:00","author":{"@id":"https:\/\/www.euroresidentes.com\/social\/cartas-memoria\/#\/schema\/person\/6d45fc03936dc2e80f83afd41105b88c"},"breadcrumb":{"@id":"https:\/\/www.euroresidentes.com\/social\/cartas-memoria\/comentarios-sobre-una-provocacion#breadcrumb"},"inLanguage":"es","potentialAction":[{"@type":"ReadAction","target":["https:\/\/www.euroresidentes.com\/social\/cartas-memoria\/comentarios-sobre-una-provocacion"]}]},{"@type":"BreadcrumbList","@id":"https:\/\/www.euroresidentes.com\/social\/cartas-memoria\/comentarios-sobre-una-provocacion#breadcrumb","itemListElement":[{"@type":"ListItem","position":1,"name":"Home","item":"https:\/\/www.euroresidentes.com\/social\/cartas-memoria\/"},{"@type":"ListItem","position":2,"name":"COMENTARIOS SOBRE UNA PROVOCACI\u00d3N"}]},{"@type":"WebSite","@id":"https:\/\/www.euroresidentes.com\/social\/cartas-memoria\/#website","url":"https:\/\/www.euroresidentes.com\/social\/cartas-memoria\/","name":"Cartas desde mi memoria","description":"Otro sitio m\u00e1s de Sitios de Social Euroresidentes","potentialAction":[{"@type":"SearchAction","target":{"@type":"EntryPoint","urlTemplate":"https:\/\/www.euroresidentes.com\/social\/cartas-memoria\/?s={search_term_string}"},"query-input":{"@type":"PropertyValueSpecification","valueRequired":true,"valueName":"search_term_string"}}],"inLanguage":"es"},{"@type":"Person","@id":"https:\/\/www.euroresidentes.com\/social\/cartas-memoria\/#\/schema\/person\/6d45fc03936dc2e80f83afd41105b88c","name":"euroresidentes","image":{"@type":"ImageObject","inLanguage":"es","@id":"https:\/\/www.euroresidentes.com\/social\/cartas-memoria\/#\/schema\/person\/image\/","url":"https:\/\/www.euroresidentes.com\/social\/cartas-memoria\/wp-content\/uploads\/sites\/8\/2017\/01\/logo-euroresidentes-300x300-150x150.jpg","contentUrl":"https:\/\/www.euroresidentes.com\/social\/cartas-memoria\/wp-content\/uploads\/sites\/8\/2017\/01\/logo-euroresidentes-300x300-150x150.jpg","caption":"euroresidentes"},"description":"EuroresidentesQueremos emocionar y sorprender a nuestros usuarios, transmitir pasi\u00f3n por la vida y ayudar a las personas a resolver las necesidades grandes y peque\u00f1as de su vida cotidiana.","sameAs":["https:\/\/www.euroresidentes.com\/info.htm"],"url":"https:\/\/www.euroresidentes.com\/social\/cartas-memoria\/author\/euroresidentes"}]}},"_links":{"self":[{"href":"https:\/\/www.euroresidentes.com\/social\/cartas-memoria\/wp-json\/wp\/v2\/posts\/21"}],"collection":[{"href":"https:\/\/www.euroresidentes.com\/social\/cartas-memoria\/wp-json\/wp\/v2\/posts"}],"about":[{"href":"https:\/\/www.euroresidentes.com\/social\/cartas-memoria\/wp-json\/wp\/v2\/types\/post"}],"author":[{"embeddable":true,"href":"https:\/\/www.euroresidentes.com\/social\/cartas-memoria\/wp-json\/wp\/v2\/users\/1"}],"replies":[{"embeddable":true,"href":"https:\/\/www.euroresidentes.com\/social\/cartas-memoria\/wp-json\/wp\/v2\/comments?post=21"}],"version-history":[{"count":1,"href":"https:\/\/www.euroresidentes.com\/social\/cartas-memoria\/wp-json\/wp\/v2\/posts\/21\/revisions"}],"predecessor-version":[{"id":42,"href":"https:\/\/www.euroresidentes.com\/social\/cartas-memoria\/wp-json\/wp\/v2\/posts\/21\/revisions\/42"}],"wp:attachment":[{"href":"https:\/\/www.euroresidentes.com\/social\/cartas-memoria\/wp-json\/wp\/v2\/media?parent=21"}],"wp:term":[{"taxonomy":"category","embeddable":true,"href":"https:\/\/www.euroresidentes.com\/social\/cartas-memoria\/wp-json\/wp\/v2\/categories?post=21"},{"taxonomy":"post_tag","embeddable":true,"href":"https:\/\/www.euroresidentes.com\/social\/cartas-memoria\/wp-json\/wp\/v2\/tags?post=21"}],"curies":[{"name":"wp","href":"https:\/\/api.w.org\/{rel}","templated":true}]}}