{"id":19,"date":"2006-09-14T12:49:00","date_gmt":"2006-09-14T12:49:00","guid":{"rendered":""},"modified":"2015-12-23T09:31:26","modified_gmt":"2015-12-23T09:31:26","slug":"incongruencias","status":"publish","type":"post","link":"https:\/\/www.euroresidentes.com\/social\/cartas-memoria\/incongruencias","title":{"rendered":"INCONGRUENCIAS"},"content":{"rendered":"<p>Hace apenas una semana se me ocurri\u00f3 estar atento a las incongruencias que yo, simple ciudadano, pod\u00eda detectar en mi vida normal y durante el transcurso de unos d\u00edas. Decid\u00ed que fueran siete . Resultar\u00eda curioso jugar a observar en esas fechas cuantos hechos, declaraciones o actitudes no est\u00e1n de acuerdo con la l\u00f3gica de los hechos entre s\u00ed. Es frecuente comprobar la falta de conexi\u00f3n de unas ideas palabras o principios respecto a otros que se consideran frecuentemente como indiscutibles.<\/p>\n<p>No te puedes imaginar lo divertido y a la vez perverso, que resulta ejercer de \u201cvoyeur reflexivo\u201d.<br \/>Me hice el \u00e1nimo de estar atento y adelante.<\/p>\n<p><strong>LA MODA<\/strong><\/p>\n<p>El primer d\u00eda y nada m\u00e1s pisar la calle me encontr\u00e9 que en la acera, y delante de m\u00ed, caminaba una joven de unos cien kilos de peso con vaqueros a un tercio del canalillo posterior barriendo literalmente la acera, apoyados casi en el pubis, para lucir un hermos\u00edsimo salvavidas seb\u00e1ceo y sonrosado que colgaba de una camiseta , talla M, supongo, que a mi nieta de doce a\u00f1os le podr\u00eda resultar justa.<\/p>\n<p>En la misma acera y s\u00f3lo a unos cuarenta pasos me cruc\u00e9 de cara con una belleza joven, rubia, delgada y con esa cara angelical y luminosa, que se les hace a las embarazadas.. . Luc\u00eda a su vez, con evidente orgullo, una aparente sandia sonrosada pegada al abdomen.. Otra camiseta, probablemente ajustada a su talla siete u ocho meses antes, ayudaba a resaltar un vientre agresivo a la vez que esplendoroso, coronado por un ombligo a punto de estallido.<br \/>Las dos se sent\u00edan sin duda a la moda.<\/p>\n<p>Ya lo s\u00e9: la moda en s\u00ed fuerza a esas incongruencias. Pero es que la misma moda \u00bf no es en ocasiones incongruente?. Que me expliquen esos desali\u00f1ados \u201cdise\u00f1adores\u201d qu\u00e9 les impulsa a incitar a las j\u00f3venes a ense\u00f1ar esos tirantes que en tiempos de mi madre eran ocultados porque en la \u00e9poca eran se\u00f1as de una intimidad vergonzante; su anchura y sus presillas denunciaban el peso y volumen de lo soportado. En aquella \u00e9poca se llamaban sostenes porque su funci\u00f3n, como ahora, era la de sostener lo que se podr\u00eda descolgar o desparramar. Ahora se les llama sujetadores, que aun teniendo el mismo cometido de sostener o sujetar, muchas veces no est\u00e1 claro qu\u00e9 es lo que sujetan. Yo cre\u00eda que entre la anorexia, las pr\u00f3tesis y la comodidad, unida a la libertad que lleg\u00f3 tambi\u00e9n a los senos, iba a sucumbir el artilugio sostenedor. Pues no. .Ahora resulta que hay que insinuar que se tiene lo que muchas veces apenas existe. Si te fijas deber\u00edamos preguntarnos para qu\u00e9 los dichosos tirantillos, que, adem\u00e1s, en esta moda deben destacar por su color bien distinto al de la prenda principal. Mi mujer me aclar\u00f3:<br \/>\u00abC<em>uando no hay se inventa, que en eso las mujeres somos sabias, y los hombres ciegos<\/em>\u00ab.<br \/>Instintivamente pens\u00e9 responderle \u00ab<em>y a la hora del tir\u00f3n, de los segundos fuera \u00bfqu\u00e9?&#8230;..\u00bb<\/em> Me call\u00e9 a tiempo porque en esos momentos me respond\u00ed yo mismo:.. \u00ab<em>el cerebro se baja a la entrepierna y &#8230;efectivamente manda la impetuosa ceguera<\/em>\u00ab<\/p>\n<p>Y es que somos los hombres los incongruentes, mientras las mujeres son perfectas (esto \u00faltimo lo dedico a mi mujer, claro).<\/p>\n<p><strong>SE\u00d1ALES <\/strong><\/p>\n<p>No tengo estad\u00edsticas pero seguro que estamos entre los pa\u00edses peor se\u00f1alizados del mundo.<br \/>No se te ocurra, como a m\u00ed, buscar una direcci\u00f3n tarjeta en mano, porque te puedes llegar a cabrear con \u201cb\u201d de borde. Y no hablo s\u00f3lo de mi pueblo. Seguro que en el tuyo tambi\u00e9n. hay calles, distritos enteros, sin un solo r\u00f3tulo que te aclare d\u00f3nde te encuentras. Y como los nombres de las calles no sean aquellos por los que las nombran los nativos, o preguntas a un inmigrante ruso ,que siempre es a quien te diriges, est\u00e1s, nunca mejor dicho, perdido. Y si tienes suerte te espera lo m\u00e1s dif\u00edcil. Encontrar ordenados los n\u00fameros es de aut\u00e9ntica osad\u00eda.<br \/>Cuando soy victima, y me sube la temperatura de mi c\u00f3lera, pienso que alguna vez deber\u00eda tocarle la china al Alcalde o al Concejal de la cosa. Pero no en su pueblo, no, en una ciudad desconocida porque ah\u00ed no encontrar\u00eda disculpas.\u00bfTan caro es un cartel de hojalata con letras impresas?. Yo no pido filigranas de hierro o de azulejos que a menudo son una horterada. S\u00f3lo pido lo m\u00e1s simple con tal que orienten al sufrido ciudadano venga de donde venga y vaya donde vaya.<\/p>\n<p>Me pregunto si lo que permanece en el subconsciente de los responsables ser\u00e1 por aquello que nos dec\u00edan de peque\u00f1os., Aunque, vaya Ud. a saber con lo complicado que es el mundo de los complejos.<\/p>\n<p>El tema no es balad\u00ed porque, recuerda, amigo m\u00edo, lo complicado y detectivesco que resulta encontrar d\u00f3nde aligerar cuando est\u00e1s en un Centro Comercial.\u00a1 Dios m\u00edo!&#8230;como no encuentres un empleado a tiempo te lo haces encima. Parece que hay recato en indicar las cosas m\u00e1s humanas. Vete si no, a esos Grandes Almacenes, ejemplo mundial de comercializaci\u00f3n, y ver\u00e1s lo que es bueno. Siempre oculto y siempre con pocas o ninguna se\u00f1al y, por supuesto siempre \u201carriba\u201d.<\/p>\n<p>Te embelesan para que pierdas muchas horas mirando y comprando. Hay cosas para la se\u00f1ora, para la casa, para el caballero, para el ni\u00f1o, para comer, para el cole , para m\u00fasica , para leer, para dormir, para el deporte&#8230;..\u00a1.miles y miles de ofertas!. Pero de tus necesidades f\u00edsicas irreprimibles y urgentes ni flower.. Ap\u00e1\u00f1ate y busca que eso no es rentable.<br \/>Y es que, simplemente en Espa\u00f1a, o no se indica por donde ir o se indica mal. Hasta hay confusi\u00f3n en algunas se\u00f1ales de autopista.\u00bfRecuerdas la ocasi\u00f3n en que casi te matas?<br \/>\u00bfFallos, olvidos, despiste?. Lo que quieras, pero imperdonable. Somos un Pa\u00eds Tur\u00edstico y depender cada d\u00eda m\u00e1s de nuestros visitantes, obliga a indicar suficientemente donde se est\u00e1, c\u00f3mo ir, y donde hacer pis. Incongruencia supina.<\/p>\n<p><strong>LA PRENSA<\/strong><\/p>\n<p>Una ma\u00f1ana, como todos los d\u00edas, compr\u00e9 la prensa. Y, tambi\u00e9n como todos los d\u00edas, El MUNDO presentaba en primera p\u00e1gina la consabida y cargante confabulaci\u00f3n del 11 M. Con \u201cel chino\u201d y el Juez Del Olmo, una vez m\u00e1s, como protagonistas. \u00bfNo es una incongruencia que a estas alturas y a punto de empezar las nuevas elecciones todos los d\u00edas se nos obsequie con otra entrega de la f\u00e1bula que le hubiese gustado al P.J. ? Y \u00bfno es m\u00e1s incongruente que la oposici\u00f3n siga los pasos que marca un peri\u00f3dico? Y es que la cavernaria que \u00e9l representa nunca supo perder, y leer lo que les gustar\u00eda que fuese cierto, es realmente \u201cconsolador\u201d.<\/p>\n<p>En el Siglo XXI :pensar que el pueblo llano es ingenuo es una incongruencia muy destacable. Pero seguir a los hombres que se creen \u201cSuperman\u201d.es otra todav\u00eda mayor. \u00bfA\u00fan no se han dado cuenta que ese personaje de ficci\u00f3n es del siglo pasado?<\/p>\n<p>El PAIS tra\u00eda otro episodio de la guerra entre el Presidente Camps y el insaciable Zaplana. El uno manda en la Comunidad Valenciana y el otro, que le cedi\u00f3 su sill\u00f3n y sus arcas en quiebra, para empezar, no abandona. El Ex. lo quiere todo: repicar en Madrid y presidir la procesi\u00f3n en Valencia. Quiere el plato y las \u201ctaj\u00e1s\u201d No se contiene cuando ve la oportunidad de disfrutar de eso tan apetitoso que se llama manipuleo. Del mismo Partido y bebiendo del mismo catecismo&#8230;.\u00a1Viva la incongruencia!.. La incongruencia no es de La POL\u00cdTICA; es de los que la emponzo\u00f1an .<\/p>\n<p><strong>LA IGLESIA<\/strong><\/p>\n<p>El fin de semana nos trajo, no las lluvias que se nos anunciaron, sino una tormenta Vaticana. El Papa, que antes fue el brazo armado de la Iglesia contra los imp\u00edos te\u00f3logos disidentes, o sea no sumisos a su criterio, ahora, probablemente aconsejado por sus \u201casesores de imagen\u201d, se suelta unas declaraciones en Radio Vaticano que no tienen desperdicio: \u201cEl Catolicismo no es un c\u00famulo de prohibiciones sino una opci\u00f3n positiva&#8230;&#8230;. Se deber\u00eda corregir la imagen seg\u00fan la cual sembramos en torno a nosotros r\u00edgidos NO\u201d.(sic).<\/p>\n<p>La pregunta es simple \u00bfQui\u00e9n se ha ganado con su rigidez y falta de flexibilidad esa imagen? La respuesta es todav\u00eda m\u00e1s f\u00e1cil: La Congregaci\u00f3n para la Doctrina de la Fe que Su Santidad ha gobernado en el reinado de Juan Pablo II ( \u201cEL Santo\u201d).La Iglesia no tendr\u00eda esa imagen si no se la hubiese ganado ella solita con su renacida Inquisici\u00f3n.<\/p>\n<p>Buena incongruencia con Tiara Papal incluida.\u00bfNo crees? Al menos eso es lo que vemos quienes somos \u201cel pueblo de Dios\u201d.<\/p>\n<p>Pero esta noticia, que redondeaba la semana, vino acompa\u00f1ada por otra m\u00e1s importante incongruencia; esta vez con capelo cardenalicio y solideos morados en mogoll\u00f3n.<br \/>Resulta que despu\u00e9s de la noticia papal, la Conferencia Episcopal Espa\u00f1ola, que tanto vela por nuestra unidad, le atiza un estacazo prohibitivo a un libro sobre Teolog\u00eda por \u201c incitar a pensar y hablar desde la libertad.\u201d, seg\u00fan su autor. Me sacudo la cabeza como un perro mojado porque debo ser tonto o estoy borracho sin beber ni agua \u00a1.Es la incongruencia del a\u00f1o!&#8230;: \u00a1Nada menos que los Obispos en nombre de la Iglesia Espa\u00f1ola le hacen una turuleta al Papa.! Y yo digo.\u00bf No ser\u00e1 que el viaje papal result\u00f3 un tanto fulero (la mitad de los asistentes previstos) y ahora quieren demostrar que son m\u00e1s papistas que el mism\u00edsimo Papa?. Y no sigo porque igual me excomulgan .<\/p>\n<p>Como ves las incongruencias de los hombres nos asedian. Los siete d\u00edas de vigilancia se han quedado en dos, por la importancia excepcional de los \u00faltimos. Los otros trajeron m\u00e1s y muy sabrosas que te relatar\u00e9 otro d\u00eda .<\/p>\n<p>Yo, como t\u00fa, pienso que los ciudadanos de 2\u00aa tambi\u00e9n somos incongruentes en muchas cosas. De acuerdo; pero las nuestras no hacen tanto da\u00f1o. Jugar en Primera es muy comprometido.<\/p>\n<p>Recomiendo la lectura del art\u00edculo de 9\/9\/2006 del diario El Pa\u00eds\u00bb \u00ab<a href=\"http:\/\/www.elpais.es\/articulo\/sociedad\/teologos\/nos\/hemos\/quedado\/solo\/miedo\/elpporsoc\/20060909elpepisoc_12\/Tes\/\">Los te\u00f3logos nos hemos quedado solo con el miedo<\/a>\u00ab.<\/p>\n<p>Buenas noches y hasta la pr\u00f3xima.<\/p>\n","protected":false},"excerpt":{"rendered":"<p>Hace apenas una semana se me ocurri\u00f3 estar atento a las incongruencias que yo, simple ciudadano, pod\u00eda detectar en mi vida normal y durante el transcurso de unos d\u00edas. Decid\u00ed que fueran siete . Resultar\u00eda curioso jugar a observar en esas fechas cuantos hechos, declaraciones o actitudes no est\u00e1n de acuerdo con la l\u00f3gica de los hechos entre s\u00ed. Es frecuente comprobar la falta de conexi\u00f3n de unas ideas palabras o principios respecto a otros que se consideran frecuentemente como indiscutibles. No te puedes imaginar lo divertido y a la vez perverso, que resulta ejercer de \u201cvoyeur reflexivo\u201d.Me hice el <\/p>\n","protected":false},"author":1,"featured_media":0,"comment_status":"open","ping_status":"open","sticky":false,"template":"","format":"standard","meta":{"footnotes":""},"categories":[1],"tags":[],"class_list":["post-19","post","type-post","status-publish","format-standard","hentry","category-sin-categoria"],"yoast_head":"<!-- This site is optimized with the Yoast SEO plugin v25.6 - https:\/\/yoast.com\/wordpress\/plugins\/seo\/ -->\n<title>INCONGRUENCIAS - Cartas desde mi memoria<\/title>\n<meta name=\"robots\" content=\"index, follow, max-snippet:-1, max-image-preview:large, max-video-preview:-1\" \/>\n<link rel=\"canonical\" href=\"https:\/\/www.euroresidentes.com\/social\/cartas-memoria\/incongruencias\" \/>\n<meta property=\"og:locale\" content=\"es_ES\" \/>\n<meta property=\"og:type\" content=\"article\" \/>\n<meta property=\"og:title\" content=\"INCONGRUENCIAS - Cartas desde mi memoria\" \/>\n<meta property=\"og:description\" content=\"Hace apenas una semana se me ocurri\u00f3 estar atento a las incongruencias que yo, simple ciudadano, pod\u00eda detectar en mi vida normal y durante el transcurso de unos d\u00edas. Decid\u00ed que fueran siete . Resultar\u00eda curioso jugar a observar en esas fechas cuantos hechos, declaraciones o actitudes no est\u00e1n de acuerdo con la l\u00f3gica de los hechos entre s\u00ed. Es frecuente comprobar la falta de conexi\u00f3n de unas ideas palabras o principios respecto a otros que se consideran frecuentemente como indiscutibles. No te puedes imaginar lo divertido y a la vez perverso, que resulta ejercer de \u201cvoyeur reflexivo\u201d.Me hice el\" \/>\n<meta property=\"og:url\" content=\"https:\/\/www.euroresidentes.com\/social\/cartas-memoria\/incongruencias\" \/>\n<meta property=\"og:site_name\" content=\"Cartas desde mi memoria\" \/>\n<meta property=\"article:published_time\" content=\"2006-09-14T12:49:00+00:00\" \/>\n<meta property=\"article:modified_time\" content=\"2015-12-23T09:31:26+00:00\" \/>\n<meta name=\"author\" content=\"euroresidentes\" \/>\n<meta name=\"twitter:card\" content=\"summary_large_image\" \/>\n<meta name=\"twitter:label1\" content=\"Written by\" \/>\n\t<meta name=\"twitter:data1\" content=\"euroresidentes\" \/>\n\t<meta name=\"twitter:label2\" content=\"Est. reading time\" \/>\n\t<meta name=\"twitter:data2\" content=\"9 minutos\" \/>\n<script type=\"application\/ld+json\" class=\"yoast-schema-graph\">{\"@context\":\"https:\/\/schema.org\",\"@graph\":[{\"@type\":\"WebPage\",\"@id\":\"https:\/\/www.euroresidentes.com\/social\/cartas-memoria\/incongruencias\",\"url\":\"https:\/\/www.euroresidentes.com\/social\/cartas-memoria\/incongruencias\",\"name\":\"INCONGRUENCIAS - Cartas desde mi memoria\",\"isPartOf\":{\"@id\":\"https:\/\/www.euroresidentes.com\/social\/cartas-memoria\/#website\"},\"datePublished\":\"2006-09-14T12:49:00+00:00\",\"dateModified\":\"2015-12-23T09:31:26+00:00\",\"author\":{\"@id\":\"https:\/\/www.euroresidentes.com\/social\/cartas-memoria\/#\/schema\/person\/6d45fc03936dc2e80f83afd41105b88c\"},\"breadcrumb\":{\"@id\":\"https:\/\/www.euroresidentes.com\/social\/cartas-memoria\/incongruencias#breadcrumb\"},\"inLanguage\":\"es\",\"potentialAction\":[{\"@type\":\"ReadAction\",\"target\":[\"https:\/\/www.euroresidentes.com\/social\/cartas-memoria\/incongruencias\"]}]},{\"@type\":\"BreadcrumbList\",\"@id\":\"https:\/\/www.euroresidentes.com\/social\/cartas-memoria\/incongruencias#breadcrumb\",\"itemListElement\":[{\"@type\":\"ListItem\",\"position\":1,\"name\":\"Home\",\"item\":\"https:\/\/www.euroresidentes.com\/social\/cartas-memoria\/\"},{\"@type\":\"ListItem\",\"position\":2,\"name\":\"INCONGRUENCIAS\"}]},{\"@type\":\"WebSite\",\"@id\":\"https:\/\/www.euroresidentes.com\/social\/cartas-memoria\/#website\",\"url\":\"https:\/\/www.euroresidentes.com\/social\/cartas-memoria\/\",\"name\":\"Cartas desde mi memoria\",\"description\":\"Otro sitio m\u00e1s de Sitios de Social Euroresidentes\",\"potentialAction\":[{\"@type\":\"SearchAction\",\"target\":{\"@type\":\"EntryPoint\",\"urlTemplate\":\"https:\/\/www.euroresidentes.com\/social\/cartas-memoria\/?s={search_term_string}\"},\"query-input\":{\"@type\":\"PropertyValueSpecification\",\"valueRequired\":true,\"valueName\":\"search_term_string\"}}],\"inLanguage\":\"es\"},{\"@type\":\"Person\",\"@id\":\"https:\/\/www.euroresidentes.com\/social\/cartas-memoria\/#\/schema\/person\/6d45fc03936dc2e80f83afd41105b88c\",\"name\":\"euroresidentes\",\"image\":{\"@type\":\"ImageObject\",\"inLanguage\":\"es\",\"@id\":\"https:\/\/www.euroresidentes.com\/social\/cartas-memoria\/#\/schema\/person\/image\/\",\"url\":\"https:\/\/www.euroresidentes.com\/social\/cartas-memoria\/wp-content\/uploads\/sites\/8\/2017\/01\/logo-euroresidentes-300x300-150x150.jpg\",\"contentUrl\":\"https:\/\/www.euroresidentes.com\/social\/cartas-memoria\/wp-content\/uploads\/sites\/8\/2017\/01\/logo-euroresidentes-300x300-150x150.jpg\",\"caption\":\"euroresidentes\"},\"description\":\"EuroresidentesQueremos emocionar y sorprender a nuestros usuarios, transmitir pasi\u00f3n por la vida y ayudar a las personas a resolver las necesidades grandes y peque\u00f1as de su vida cotidiana.\",\"sameAs\":[\"https:\/\/www.euroresidentes.com\/info.htm\"],\"url\":\"https:\/\/www.euroresidentes.com\/social\/cartas-memoria\/author\/euroresidentes\"}]}<\/script>\n<!-- \/ Yoast SEO plugin. -->","yoast_head_json":{"title":"INCONGRUENCIAS - Cartas desde mi memoria","robots":{"index":"index","follow":"follow","max-snippet":"max-snippet:-1","max-image-preview":"max-image-preview:large","max-video-preview":"max-video-preview:-1"},"canonical":"https:\/\/www.euroresidentes.com\/social\/cartas-memoria\/incongruencias","og_locale":"es_ES","og_type":"article","og_title":"INCONGRUENCIAS - Cartas desde mi memoria","og_description":"Hace apenas una semana se me ocurri\u00f3 estar atento a las incongruencias que yo, simple ciudadano, pod\u00eda detectar en mi vida normal y durante el transcurso de unos d\u00edas. Decid\u00ed que fueran siete . Resultar\u00eda curioso jugar a observar en esas fechas cuantos hechos, declaraciones o actitudes no est\u00e1n de acuerdo con la l\u00f3gica de los hechos entre s\u00ed. Es frecuente comprobar la falta de conexi\u00f3n de unas ideas palabras o principios respecto a otros que se consideran frecuentemente como indiscutibles. No te puedes imaginar lo divertido y a la vez perverso, que resulta ejercer de \u201cvoyeur reflexivo\u201d.Me hice el","og_url":"https:\/\/www.euroresidentes.com\/social\/cartas-memoria\/incongruencias","og_site_name":"Cartas desde mi memoria","article_published_time":"2006-09-14T12:49:00+00:00","article_modified_time":"2015-12-23T09:31:26+00:00","author":"euroresidentes","twitter_card":"summary_large_image","twitter_misc":{"Written by":"euroresidentes","Est. reading time":"9 minutos"},"schema":{"@context":"https:\/\/schema.org","@graph":[{"@type":"WebPage","@id":"https:\/\/www.euroresidentes.com\/social\/cartas-memoria\/incongruencias","url":"https:\/\/www.euroresidentes.com\/social\/cartas-memoria\/incongruencias","name":"INCONGRUENCIAS - Cartas desde mi memoria","isPartOf":{"@id":"https:\/\/www.euroresidentes.com\/social\/cartas-memoria\/#website"},"datePublished":"2006-09-14T12:49:00+00:00","dateModified":"2015-12-23T09:31:26+00:00","author":{"@id":"https:\/\/www.euroresidentes.com\/social\/cartas-memoria\/#\/schema\/person\/6d45fc03936dc2e80f83afd41105b88c"},"breadcrumb":{"@id":"https:\/\/www.euroresidentes.com\/social\/cartas-memoria\/incongruencias#breadcrumb"},"inLanguage":"es","potentialAction":[{"@type":"ReadAction","target":["https:\/\/www.euroresidentes.com\/social\/cartas-memoria\/incongruencias"]}]},{"@type":"BreadcrumbList","@id":"https:\/\/www.euroresidentes.com\/social\/cartas-memoria\/incongruencias#breadcrumb","itemListElement":[{"@type":"ListItem","position":1,"name":"Home","item":"https:\/\/www.euroresidentes.com\/social\/cartas-memoria\/"},{"@type":"ListItem","position":2,"name":"INCONGRUENCIAS"}]},{"@type":"WebSite","@id":"https:\/\/www.euroresidentes.com\/social\/cartas-memoria\/#website","url":"https:\/\/www.euroresidentes.com\/social\/cartas-memoria\/","name":"Cartas desde mi memoria","description":"Otro sitio m\u00e1s de Sitios de Social Euroresidentes","potentialAction":[{"@type":"SearchAction","target":{"@type":"EntryPoint","urlTemplate":"https:\/\/www.euroresidentes.com\/social\/cartas-memoria\/?s={search_term_string}"},"query-input":{"@type":"PropertyValueSpecification","valueRequired":true,"valueName":"search_term_string"}}],"inLanguage":"es"},{"@type":"Person","@id":"https:\/\/www.euroresidentes.com\/social\/cartas-memoria\/#\/schema\/person\/6d45fc03936dc2e80f83afd41105b88c","name":"euroresidentes","image":{"@type":"ImageObject","inLanguage":"es","@id":"https:\/\/www.euroresidentes.com\/social\/cartas-memoria\/#\/schema\/person\/image\/","url":"https:\/\/www.euroresidentes.com\/social\/cartas-memoria\/wp-content\/uploads\/sites\/8\/2017\/01\/logo-euroresidentes-300x300-150x150.jpg","contentUrl":"https:\/\/www.euroresidentes.com\/social\/cartas-memoria\/wp-content\/uploads\/sites\/8\/2017\/01\/logo-euroresidentes-300x300-150x150.jpg","caption":"euroresidentes"},"description":"EuroresidentesQueremos emocionar y sorprender a nuestros usuarios, transmitir pasi\u00f3n por la vida y ayudar a las personas a resolver las necesidades grandes y peque\u00f1as de su vida cotidiana.","sameAs":["https:\/\/www.euroresidentes.com\/info.htm"],"url":"https:\/\/www.euroresidentes.com\/social\/cartas-memoria\/author\/euroresidentes"}]}},"_links":{"self":[{"href":"https:\/\/www.euroresidentes.com\/social\/cartas-memoria\/wp-json\/wp\/v2\/posts\/19"}],"collection":[{"href":"https:\/\/www.euroresidentes.com\/social\/cartas-memoria\/wp-json\/wp\/v2\/posts"}],"about":[{"href":"https:\/\/www.euroresidentes.com\/social\/cartas-memoria\/wp-json\/wp\/v2\/types\/post"}],"author":[{"embeddable":true,"href":"https:\/\/www.euroresidentes.com\/social\/cartas-memoria\/wp-json\/wp\/v2\/users\/1"}],"replies":[{"embeddable":true,"href":"https:\/\/www.euroresidentes.com\/social\/cartas-memoria\/wp-json\/wp\/v2\/comments?post=19"}],"version-history":[{"count":1,"href":"https:\/\/www.euroresidentes.com\/social\/cartas-memoria\/wp-json\/wp\/v2\/posts\/19\/revisions"}],"predecessor-version":[{"id":40,"href":"https:\/\/www.euroresidentes.com\/social\/cartas-memoria\/wp-json\/wp\/v2\/posts\/19\/revisions\/40"}],"wp:attachment":[{"href":"https:\/\/www.euroresidentes.com\/social\/cartas-memoria\/wp-json\/wp\/v2\/media?parent=19"}],"wp:term":[{"taxonomy":"category","embeddable":true,"href":"https:\/\/www.euroresidentes.com\/social\/cartas-memoria\/wp-json\/wp\/v2\/categories?post=19"},{"taxonomy":"post_tag","embeddable":true,"href":"https:\/\/www.euroresidentes.com\/social\/cartas-memoria\/wp-json\/wp\/v2\/tags?post=19"}],"curies":[{"name":"wp","href":"https:\/\/api.w.org\/{rel}","templated":true}]}}