{"id":14,"date":"2007-05-28T17:31:00","date_gmt":"2007-05-28T17:31:00","guid":{"rendered":""},"modified":"2015-12-23T09:31:26","modified_gmt":"2015-12-23T09:31:26","slug":"el-voto","status":"publish","type":"post","link":"https:\/\/www.euroresidentes.com\/social\/cartas-memoria\/el-voto","title":{"rendered":"EL  VOTO"},"content":{"rendered":"<p>Hace 24 horas ante la mesa electoral y, despu\u00e9s de depositar mi voto, o\u00ed aquella parte del rito que a m\u00ed personalmente, quiz\u00e1s porque hasta maduro no pude votar, me sigue impresionando: \u201cVOT\u00d3\u201d: .<br \/>Hoy, como siempre, todos se proclaman vencedores; y en esta ocasi\u00f3n tal vez lo sean porque los resultados igualan; dan casi empate t\u00e9cnico.<br \/>Yo me pregunto: \u00bftodos son vencedores o, mas bi\u00e9n, todos perdedores hasta las cachas?<br \/>Desde anoche los datos y los comentarios de los protagonistas se me han acumulado en mi cerebro; los he agitado y revuelto, como si de culinaria se tratase, los he dejado reposar unas horas y he mirado la superficie como las brujas de los cuentos miran la olla cual si fuera un espejo clarificador de su or\u00e1culo.<\/p>\n<p>Veo, y no me creo, que se ha premiado todo lo que como persona detesto: la mentira sistem\u00e1tica y desvergonzada, el insulto, el af\u00e1n de destruir m\u00e1s que el de construir, la vociferaci\u00f3n del peor estilo, el ataque al otro con bajeza y a pu\u00f1alazo limpio, las posturas prepotentes, las promesas imposibles, la le\u00f1a por la le\u00f1a, la defensa del dirigente importando un p\u00ecto el inter\u00e9s del administrado, las payasadas injustificables, el sill\u00f3n como oportunidad y no como servicio. y , el colmo, los votos en catarata a los acusados de corrupci\u00f3n que por verg\u00fcenza torera nunca se debieron presentar -\u00bfacaso el pueblo entero piensa que algo le caer\u00e1 si favorecen al corrupto?- No, no lo entiendo.<br \/>Tambi\u00e9n es cierto que debajo de ese aparente telo-espejo, de esa sopa de incongruencias hay cosas buenas y respetables; que se premian muchos esfuerzos y buenas voluntades, gente capaz y honrada: pero lo que se aparece al votante, lo que destaca, lo que vemos los ciudadanos, es negativo. Es m\u00e1s, entre lineas alguien puede leer que siendo sinverg\u00fcenza se obtiene el bingo.<\/p>\n<p>Se anuncian hoy reuniones de los grandes dirigentes para analizar el alto grado de abstenci\u00f3n. \u00bfAhora se extra\u00f1an de la decepci\u00f3n hacia los pol\u00edticos y el \u00abpasar\u00bb de la pol\u00edtica?<br \/>Da la impresi\u00f3n de que cada votante tiene su agujero como lo tienen las hormigas, y en \u00e9l s\u00f3lo existe la oscuridad y el servilismo a la reina. No se pueden mezclar porque su madre las pari\u00f3 aqu\u00ed y este es su clan. Fieles a unas siglas hasta la muerte, y no a unas ideas, se consideran s\u00f3lo eso: un clan.<br \/>No se prefiere mejorar el pueblo ni la vida de sus vecinos. S\u00f3lo se persigue que el sill\u00f3n lo ocupe \u201cel m\u00edo\u201d y que a los otros, en ocasiones m\u00e1s capacitados, les den morcillas para que se consuelen.<br \/>Ni siquiera se desea una oposici\u00f3n fuerte que fiscalice y detenga al tanque avasallador de los absolutismos.<br \/>A los que no votan por decepci\u00f3n yo les aconsejar\u00eda el voto en blanco, suena m\u00e1s a reprimenda; y a los que no votan, y encima se vanaglorian, habr\u00e1 que decirles, cuando se lamenten, que ellos tambien son culpables por omisi\u00f3n. Porque&#8230; seguro que ser\u00e1n los primeros en airear sus quejas.<br \/>Nada nuevo: la Espa\u00f1a de siempre. La de la picaresca y la groser\u00eda.<br \/>A los que contamos la edad por el poco tiempo que la l\u00f3gica nos otorga y que hemos soportado tanto desm\u00e1n hist\u00f3rico, esperando la llegada de la cordura, no nos queda otro sentimiento que la frustraci\u00f3n..<br \/>Yo, que soy un ciudadano m\u00e1s, lo veo as\u00ed. Claro que tal vez sean \u201cchocheces\u201d de la edad.<\/p>\n","protected":false},"excerpt":{"rendered":"<p>Hace 24 horas ante la mesa electoral y, despu\u00e9s de depositar mi voto, o\u00ed aquella parte del rito que a m\u00ed personalmente, quiz\u00e1s porque hasta maduro no pude votar, me sigue impresionando: \u201cVOT\u00d3\u201d: .Hoy, como siempre, todos se proclaman vencedores; y en esta ocasi\u00f3n tal vez lo sean porque los resultados igualan; dan casi empate t\u00e9cnico.Yo me pregunto: \u00bftodos son vencedores o, mas bi\u00e9n, todos perdedores hasta las cachas?Desde anoche los datos y los comentarios de los protagonistas se me han acumulado en mi cerebro; los he agitado y revuelto, como si de culinaria se tratase, los he dejado reposar <\/p>\n","protected":false},"author":1,"featured_media":0,"comment_status":"open","ping_status":"open","sticky":false,"template":"","format":"standard","meta":{"footnotes":""},"categories":[1],"tags":[],"class_list":["post-14","post","type-post","status-publish","format-standard","hentry","category-sin-categoria"],"yoast_head":"<!-- This site is optimized with the Yoast SEO plugin v25.6 - https:\/\/yoast.com\/wordpress\/plugins\/seo\/ -->\n<title>EL VOTO - Cartas desde mi memoria<\/title>\n<meta name=\"robots\" content=\"index, follow, max-snippet:-1, max-image-preview:large, max-video-preview:-1\" \/>\n<link rel=\"canonical\" href=\"https:\/\/www.euroresidentes.com\/social\/cartas-memoria\/el-voto\" \/>\n<meta property=\"og:locale\" content=\"es_ES\" \/>\n<meta property=\"og:type\" content=\"article\" \/>\n<meta property=\"og:title\" content=\"EL VOTO - Cartas desde mi memoria\" \/>\n<meta property=\"og:description\" content=\"Hace 24 horas ante la mesa electoral y, despu\u00e9s de depositar mi voto, o\u00ed aquella parte del rito que a m\u00ed personalmente, quiz\u00e1s porque hasta maduro no pude votar, me sigue impresionando: \u201cVOT\u00d3\u201d: .Hoy, como siempre, todos se proclaman vencedores; y en esta ocasi\u00f3n tal vez lo sean porque los resultados igualan; dan casi empate t\u00e9cnico.Yo me pregunto: \u00bftodos son vencedores o, mas bi\u00e9n, todos perdedores hasta las cachas?Desde anoche los datos y los comentarios de los protagonistas se me han acumulado en mi cerebro; los he agitado y revuelto, como si de culinaria se tratase, los he dejado reposar\" \/>\n<meta property=\"og:url\" content=\"https:\/\/www.euroresidentes.com\/social\/cartas-memoria\/el-voto\" \/>\n<meta property=\"og:site_name\" content=\"Cartas desde mi memoria\" \/>\n<meta property=\"article:published_time\" content=\"2007-05-28T17:31:00+00:00\" \/>\n<meta property=\"article:modified_time\" content=\"2015-12-23T09:31:26+00:00\" \/>\n<meta name=\"author\" content=\"euroresidentes\" \/>\n<meta name=\"twitter:card\" content=\"summary_large_image\" \/>\n<meta name=\"twitter:label1\" content=\"Written by\" \/>\n\t<meta name=\"twitter:data1\" content=\"euroresidentes\" \/>\n\t<meta name=\"twitter:label2\" content=\"Est. reading time\" \/>\n\t<meta name=\"twitter:data2\" content=\"3 minutos\" \/>\n<script type=\"application\/ld+json\" class=\"yoast-schema-graph\">{\"@context\":\"https:\/\/schema.org\",\"@graph\":[{\"@type\":\"WebPage\",\"@id\":\"https:\/\/www.euroresidentes.com\/social\/cartas-memoria\/el-voto\",\"url\":\"https:\/\/www.euroresidentes.com\/social\/cartas-memoria\/el-voto\",\"name\":\"EL VOTO - Cartas desde mi memoria\",\"isPartOf\":{\"@id\":\"https:\/\/www.euroresidentes.com\/social\/cartas-memoria\/#website\"},\"datePublished\":\"2007-05-28T17:31:00+00:00\",\"dateModified\":\"2015-12-23T09:31:26+00:00\",\"author\":{\"@id\":\"https:\/\/www.euroresidentes.com\/social\/cartas-memoria\/#\/schema\/person\/6d45fc03936dc2e80f83afd41105b88c\"},\"breadcrumb\":{\"@id\":\"https:\/\/www.euroresidentes.com\/social\/cartas-memoria\/el-voto#breadcrumb\"},\"inLanguage\":\"es\",\"potentialAction\":[{\"@type\":\"ReadAction\",\"target\":[\"https:\/\/www.euroresidentes.com\/social\/cartas-memoria\/el-voto\"]}]},{\"@type\":\"BreadcrumbList\",\"@id\":\"https:\/\/www.euroresidentes.com\/social\/cartas-memoria\/el-voto#breadcrumb\",\"itemListElement\":[{\"@type\":\"ListItem\",\"position\":1,\"name\":\"Home\",\"item\":\"https:\/\/www.euroresidentes.com\/social\/cartas-memoria\/\"},{\"@type\":\"ListItem\",\"position\":2,\"name\":\"EL VOTO\"}]},{\"@type\":\"WebSite\",\"@id\":\"https:\/\/www.euroresidentes.com\/social\/cartas-memoria\/#website\",\"url\":\"https:\/\/www.euroresidentes.com\/social\/cartas-memoria\/\",\"name\":\"Cartas desde mi memoria\",\"description\":\"Otro sitio m\u00e1s de Sitios de Social Euroresidentes\",\"potentialAction\":[{\"@type\":\"SearchAction\",\"target\":{\"@type\":\"EntryPoint\",\"urlTemplate\":\"https:\/\/www.euroresidentes.com\/social\/cartas-memoria\/?s={search_term_string}\"},\"query-input\":{\"@type\":\"PropertyValueSpecification\",\"valueRequired\":true,\"valueName\":\"search_term_string\"}}],\"inLanguage\":\"es\"},{\"@type\":\"Person\",\"@id\":\"https:\/\/www.euroresidentes.com\/social\/cartas-memoria\/#\/schema\/person\/6d45fc03936dc2e80f83afd41105b88c\",\"name\":\"euroresidentes\",\"image\":{\"@type\":\"ImageObject\",\"inLanguage\":\"es\",\"@id\":\"https:\/\/www.euroresidentes.com\/social\/cartas-memoria\/#\/schema\/person\/image\/\",\"url\":\"https:\/\/www.euroresidentes.com\/social\/cartas-memoria\/wp-content\/uploads\/sites\/8\/2017\/01\/logo-euroresidentes-300x300-150x150.jpg\",\"contentUrl\":\"https:\/\/www.euroresidentes.com\/social\/cartas-memoria\/wp-content\/uploads\/sites\/8\/2017\/01\/logo-euroresidentes-300x300-150x150.jpg\",\"caption\":\"euroresidentes\"},\"description\":\"EuroresidentesQueremos emocionar y sorprender a nuestros usuarios, transmitir pasi\u00f3n por la vida y ayudar a las personas a resolver las necesidades grandes y peque\u00f1as de su vida cotidiana.\",\"sameAs\":[\"https:\/\/www.euroresidentes.com\/info.htm\"],\"url\":\"https:\/\/www.euroresidentes.com\/social\/cartas-memoria\/author\/euroresidentes\"}]}<\/script>\n<!-- \/ Yoast SEO plugin. -->","yoast_head_json":{"title":"EL VOTO - Cartas desde mi memoria","robots":{"index":"index","follow":"follow","max-snippet":"max-snippet:-1","max-image-preview":"max-image-preview:large","max-video-preview":"max-video-preview:-1"},"canonical":"https:\/\/www.euroresidentes.com\/social\/cartas-memoria\/el-voto","og_locale":"es_ES","og_type":"article","og_title":"EL VOTO - Cartas desde mi memoria","og_description":"Hace 24 horas ante la mesa electoral y, despu\u00e9s de depositar mi voto, o\u00ed aquella parte del rito que a m\u00ed personalmente, quiz\u00e1s porque hasta maduro no pude votar, me sigue impresionando: \u201cVOT\u00d3\u201d: .Hoy, como siempre, todos se proclaman vencedores; y en esta ocasi\u00f3n tal vez lo sean porque los resultados igualan; dan casi empate t\u00e9cnico.Yo me pregunto: \u00bftodos son vencedores o, mas bi\u00e9n, todos perdedores hasta las cachas?Desde anoche los datos y los comentarios de los protagonistas se me han acumulado en mi cerebro; los he agitado y revuelto, como si de culinaria se tratase, los he dejado reposar","og_url":"https:\/\/www.euroresidentes.com\/social\/cartas-memoria\/el-voto","og_site_name":"Cartas desde mi memoria","article_published_time":"2007-05-28T17:31:00+00:00","article_modified_time":"2015-12-23T09:31:26+00:00","author":"euroresidentes","twitter_card":"summary_large_image","twitter_misc":{"Written by":"euroresidentes","Est. reading time":"3 minutos"},"schema":{"@context":"https:\/\/schema.org","@graph":[{"@type":"WebPage","@id":"https:\/\/www.euroresidentes.com\/social\/cartas-memoria\/el-voto","url":"https:\/\/www.euroresidentes.com\/social\/cartas-memoria\/el-voto","name":"EL VOTO - Cartas desde mi memoria","isPartOf":{"@id":"https:\/\/www.euroresidentes.com\/social\/cartas-memoria\/#website"},"datePublished":"2007-05-28T17:31:00+00:00","dateModified":"2015-12-23T09:31:26+00:00","author":{"@id":"https:\/\/www.euroresidentes.com\/social\/cartas-memoria\/#\/schema\/person\/6d45fc03936dc2e80f83afd41105b88c"},"breadcrumb":{"@id":"https:\/\/www.euroresidentes.com\/social\/cartas-memoria\/el-voto#breadcrumb"},"inLanguage":"es","potentialAction":[{"@type":"ReadAction","target":["https:\/\/www.euroresidentes.com\/social\/cartas-memoria\/el-voto"]}]},{"@type":"BreadcrumbList","@id":"https:\/\/www.euroresidentes.com\/social\/cartas-memoria\/el-voto#breadcrumb","itemListElement":[{"@type":"ListItem","position":1,"name":"Home","item":"https:\/\/www.euroresidentes.com\/social\/cartas-memoria\/"},{"@type":"ListItem","position":2,"name":"EL VOTO"}]},{"@type":"WebSite","@id":"https:\/\/www.euroresidentes.com\/social\/cartas-memoria\/#website","url":"https:\/\/www.euroresidentes.com\/social\/cartas-memoria\/","name":"Cartas desde mi memoria","description":"Otro sitio m\u00e1s de Sitios de Social Euroresidentes","potentialAction":[{"@type":"SearchAction","target":{"@type":"EntryPoint","urlTemplate":"https:\/\/www.euroresidentes.com\/social\/cartas-memoria\/?s={search_term_string}"},"query-input":{"@type":"PropertyValueSpecification","valueRequired":true,"valueName":"search_term_string"}}],"inLanguage":"es"},{"@type":"Person","@id":"https:\/\/www.euroresidentes.com\/social\/cartas-memoria\/#\/schema\/person\/6d45fc03936dc2e80f83afd41105b88c","name":"euroresidentes","image":{"@type":"ImageObject","inLanguage":"es","@id":"https:\/\/www.euroresidentes.com\/social\/cartas-memoria\/#\/schema\/person\/image\/","url":"https:\/\/www.euroresidentes.com\/social\/cartas-memoria\/wp-content\/uploads\/sites\/8\/2017\/01\/logo-euroresidentes-300x300-150x150.jpg","contentUrl":"https:\/\/www.euroresidentes.com\/social\/cartas-memoria\/wp-content\/uploads\/sites\/8\/2017\/01\/logo-euroresidentes-300x300-150x150.jpg","caption":"euroresidentes"},"description":"EuroresidentesQueremos emocionar y sorprender a nuestros usuarios, transmitir pasi\u00f3n por la vida y ayudar a las personas a resolver las necesidades grandes y peque\u00f1as de su vida cotidiana.","sameAs":["https:\/\/www.euroresidentes.com\/info.htm"],"url":"https:\/\/www.euroresidentes.com\/social\/cartas-memoria\/author\/euroresidentes"}]}},"_links":{"self":[{"href":"https:\/\/www.euroresidentes.com\/social\/cartas-memoria\/wp-json\/wp\/v2\/posts\/14"}],"collection":[{"href":"https:\/\/www.euroresidentes.com\/social\/cartas-memoria\/wp-json\/wp\/v2\/posts"}],"about":[{"href":"https:\/\/www.euroresidentes.com\/social\/cartas-memoria\/wp-json\/wp\/v2\/types\/post"}],"author":[{"embeddable":true,"href":"https:\/\/www.euroresidentes.com\/social\/cartas-memoria\/wp-json\/wp\/v2\/users\/1"}],"replies":[{"embeddable":true,"href":"https:\/\/www.euroresidentes.com\/social\/cartas-memoria\/wp-json\/wp\/v2\/comments?post=14"}],"version-history":[{"count":1,"href":"https:\/\/www.euroresidentes.com\/social\/cartas-memoria\/wp-json\/wp\/v2\/posts\/14\/revisions"}],"predecessor-version":[{"id":35,"href":"https:\/\/www.euroresidentes.com\/social\/cartas-memoria\/wp-json\/wp\/v2\/posts\/14\/revisions\/35"}],"wp:attachment":[{"href":"https:\/\/www.euroresidentes.com\/social\/cartas-memoria\/wp-json\/wp\/v2\/media?parent=14"}],"wp:term":[{"taxonomy":"category","embeddable":true,"href":"https:\/\/www.euroresidentes.com\/social\/cartas-memoria\/wp-json\/wp\/v2\/categories?post=14"},{"taxonomy":"post_tag","embeddable":true,"href":"https:\/\/www.euroresidentes.com\/social\/cartas-memoria\/wp-json\/wp\/v2\/tags?post=14"}],"curies":[{"name":"wp","href":"https:\/\/api.w.org\/{rel}","templated":true}]}}