{"id":15,"date":"2011-08-15T10:26:00","date_gmt":"2011-08-15T10:26:00","guid":{"rendered":""},"modified":"2017-01-05T16:24:10","modified_gmt":"2017-01-05T15:24:10","slug":"la-nueva-juventud","status":"publish","type":"post","link":"https:\/\/www.euroresidentes.com\/social\/blog-gines-conesa\/la-nueva-juventud","title":{"rendered":"La &#8216;nueva&#8217; juventud"},"content":{"rendered":"<p><span>Desde que surgi\u00f3 el &#8216;Movimiento del 15-M&#8217; no dejo de darle vueltas a la probabilidad de que sea el germen del cambio social que muchos reclamamos. Luego de 39 a\u00f1os y 3 meses de r\u00e9gimen franquista, muchos de los que a\u00fan j\u00f3venes vivimos la Transici\u00f3n a la Democracia (una etapa ilusionante y esperanzada, a pesar de las convulsiones e incertidumbres que parecieron quedar finalmente enterradas con la asonada del 23-F del a\u00f1o 1981) no pod\u00edamos imaginar, de buena fe, el grave deterioro que sufre la actividad pol\u00edtica 30 a\u00f1os despu\u00e9s, hasta el punto de haberse convertido en el tercer gran problema que percibimos los espa\u00f1oles.<\/p>\n<p><\/span><\/p>\n<div><span>Cuando en 1986, siendo Felipe Gonz\u00e1lez presidente del Gobierno, saludamos alborozados nuestra definitiva entrada en la Comunidad Econ\u00f3mica Europea (hoy UE) tampoco  imagin\u00e1bamos que la crisis econ\u00f3mica actual nos pudiera amenazar tan seriamente con la quiebra. Para que hayamos llegado a este punto ha sido precisa la laxitud pol\u00edtica ante la continuada codicia de un se\u00f1or llamado &#8216;Mercado&#8217;, eufemismo en el que se agrupan especuladores de variada y casi escondida procedencia y condici\u00f3n, pero todos ejemplares de la misma especie avariciosa, mezquina para con quienes conviven en la pobreza y de execrables resultados para millones de personas que mueren de hambruna.<\/p>\n<p><\/span><\/div>\n<div><span>Mas, sin salirnos de nuestra propia sociedad occidental \u00bfc\u00f3mo hemos llegado hasta aqu\u00ed?<\/span><\/div>\n<div><span>Volviendo a la etapa de la Transici\u00f3n, probablemente entonces fuese necesario que todo girase alrededor de los partidos pol\u00edticos de nueva creaci\u00f3n. Pero los casi 33 a\u00f1os de vigencia de la Constituci\u00f3n han aportado sobradas muestras de que hay muchas cosas que corregir. Por citar alguna, ah\u00ed tenemos a la Administraci\u00f3n de Justicia cuyos principales \u00f3rganos est\u00e1n condicionados por el nombramiento de los grupos pol\u00edticos. El resultado es que la Justicia est\u00e1 contingentada y sus miembros, catalogados entre conservadores y progresistas (m\u00e1s alg\u00fan nacionalista para medio disimular) de tal suerte que la percepci\u00f3n ciudadana sobre la Justicia se aleja de que \u00e9sta sea un &#8216;poder&#8217; independiente.<\/p>\n<p><\/span><\/div>\n<div><span>Y en el plano econ\u00f3mico, el se\u00f1or Mercado dicta las normas a pol\u00edticos en el Gobierno. Hace tiempo que los pol\u00edticos no aspiran, como anta\u00f1o, a alcanzar el poder para <b>transformar la realidad<\/b>, sino que, impelidos por el ahora omnipotente se\u00f1or Mercado, cuando llegan al poder han de conformarse con <b>administrar la realidad<\/b>, que es bien distinto. La realidad actual es que todas las recetas para salir de la crisis, en cualquier pa\u00eds del mundo occidental, se\u00f1alan en la misma direcci\u00f3n: el recorte de las prestaciones sociales, que a veces ya son p\u00edrricas, los cuales provocan enormes desigualdades, sobre todo si, como en el caso reciente de los barrios de Londres, Liverpool y Birmingham, los recortes alcanzan a programas culturales y educativos, que han sido reducidos en un 75%.<\/p>\n<p><\/span><\/div>\n<div><span>Ya ocurri\u00f3 algo similar en Par\u00eds y hasta alg\u00fan episodio similar en nuestra Espa\u00f1a (bien que, afortunadamente, sin la violenta furia vivida en Inglaterra) donde pareciera, si seguimos a la gran mayor\u00eda de medios informativos, que cuando Zapatero desaparezca del mapa pol\u00edtico se va a arreglar todo gracias a la varita m\u00e1gica que Rajoy esconde bajo el c\u00f3modo sill\u00f3n en el que ahora est\u00e1 instalado. Tal creencia no es sino producto de la desinformaci\u00f3n y de la incultura.<\/p>\n<p><\/span><\/div>\n<div><span>En mi modesta opini\u00f3n, uno de los principales motivos por los que la particular crisis espa\u00f1ola tardar\u00e1 m\u00e1s en ceder, es el de nuestro atraso educativo. Es verdad que hemos avanzado mucho en este aspecto, pero&#8230; \u00a1ven\u00edamos de tan lejos! Que provincias como Alicante y Murcia registren un r\u00e1pido crecimiento cuando el sector de la Construcci\u00f3n est\u00e1 en boga y, por el contrario, padezcan el mayor aumento porcentual de desempleo cuando dicho sector decae es un indicativo de nuestra falta de diversificaci\u00f3n industrial. Ahora parece que todo el mundo reconoce que, como dice el viejo refr\u00e1n, \u00abno se deben poner todos los huevos en el mismo cesto\u00bb pero la realidad ordenada por el se\u00f1or Mercado nos lleva a la paradoja de que los recortes tambi\u00e9n alcanzan a la Investigaci\u00f3n y a la Educaci\u00f3n. \u00bfQue es cara, dicen? pues recuerden la frase del hasta hace cinco a\u00f1os rector de la Universidad de Harvard, DerekBok, quien dijo que \u00absi piensan que la educaci\u00f3n es cara, prueben con la ignorancia\u00bb. En otras palabras, algo parecido ha venido a decir el actual ministro espa\u00f1ol de Educaci\u00f3n, \u00c1ngel Gabilondo, pero no parece que los tiros presupuestarios vayan por ah\u00ed.<\/span> Y el caso es que tenemos la generaci\u00f3n mejor formada de toda la historia espa\u00f1ola, con j\u00f3venes investigadores que no desentonan de los del resto del mundo desarrollado, pero junto este positivo dato tambi\u00e9n figura que el 45% de los j\u00f3venes desempleados abandonaron en Bachiller para irse a ganar un dinero r\u00e1pido y f\u00e1cil trabajando en la Construcci\u00f3n (ahora muchos de ellos est\u00e1n volviendo a las aulas) lo que significativo de la falta de cultura y de pensamiento cr\u00edtico del que adolece nuestra sociedad.<\/p>\n<\/div>\n<div>No, no se trata de echar culpas a la juventud en general. Desde Hip\u00f3crates y S\u00f3crates, es decir, desde hace m\u00e1s de 2.500 a\u00f1os, cada generaci\u00f3n se ha quejado de &#8216;<i>la juventud actual<\/i>&#8216;. Pero s\u00ed llama la atenci\u00f3n el hecho de que una de las espoletas de las revueltas de Par\u00eds de hace m\u00e1s de un a\u00f1o, tuviese como ra\u00edz la llamada al despertar que, con su librito <i>\u00a1Indignaos! <\/i>hizo el nonagenario St\u00e9phane Hessel; y que esta llamada tuviese como respuesta de seguimiento en Espa\u00f1a a otro nonagenario, Jos\u00e9 Luis Sampedro, con su libro <i>Reacciona<\/i>. \u00bfEs que han de ser nuestros m\u00e1s mayores los que llamen a la &#8216;insurrecci\u00f3n pac\u00edfica&#8217;, a desperezarse del acomodamiento? Desde luego no son los j\u00f3venes los culpables de que un 45% de ellos engrosen las filas del paro. Pero s\u00ed son, con nuestra ayuda, por supuesto, los que pac\u00edfica pero firmemente deben decir \u00a1basta! a la nueva dictadura, la del se\u00f1or Mercado, cuyo poder tambi\u00e9n alcanz\u00f3 a los medios de comunicaci\u00f3n, como recientemente han hecho ver, entre otros, G\u00fcnter Grass (Premio &#8216;Pr\u00edncipe de Asturias&#8217;) e Ignacio Ramonet.<\/p>\n<\/div>\n<div>Pero esto de los medios informativos merece un comentario aparte. Prometo hacerlo cuando vuelva de mi semana de descanso. Por hoy, basta.<\/div>\n","protected":false},"excerpt":{"rendered":"<p>Desde que surgi\u00f3 el &#8216;Movimiento del 15-M&#8217; no dejo de darle vueltas a la probabilidad de que sea el germen del cambio social que muchos reclamamos. Luego de 39 a\u00f1os y 3 meses de r\u00e9gimen franquista, muchos de los que a\u00fan j\u00f3venes vivimos la Transici\u00f3n a la Democracia (una etapa ilusionante y esperanzada, a pesar de las convulsiones e incertidumbres que parecieron quedar finalmente enterradas con la asonada del 23-F del a\u00f1o 1981) no pod\u00edamos imaginar, de buena fe, el grave deterioro que sufre la actividad pol\u00edtica 30 a\u00f1os despu\u00e9s, hasta el punto de haberse convertido en el tercer gran <\/p>\n","protected":false},"author":8,"featured_media":0,"comment_status":"open","ping_status":"open","sticky":false,"template":"","format":"standard","meta":{"footnotes":""},"categories":[1],"tags":[],"class_list":["post-15","post","type-post","status-publish","format-standard","hentry","category-sin-categoria"],"yoast_head":"<!-- This site is optimized with the Yoast SEO plugin v25.6 - https:\/\/yoast.com\/wordpress\/plugins\/seo\/ -->\n<title>La &#039;nueva&#039; juventud - El blog de Gin\u00e9s Conesa<\/title>\n<meta name=\"robots\" content=\"index, follow, max-snippet:-1, max-image-preview:large, max-video-preview:-1\" \/>\n<link rel=\"canonical\" href=\"https:\/\/www.euroresidentes.com\/social\/blog-gines-conesa\/la-nueva-juventud\" \/>\n<meta property=\"og:locale\" content=\"es_ES\" \/>\n<meta property=\"og:type\" content=\"article\" \/>\n<meta property=\"og:title\" content=\"La &#039;nueva&#039; juventud - El blog de Gin\u00e9s Conesa\" \/>\n<meta property=\"og:description\" content=\"Desde que surgi\u00f3 el &#8216;Movimiento del 15-M&#8217; no dejo de darle vueltas a la probabilidad de que sea el germen del cambio social que muchos reclamamos. Luego de 39 a\u00f1os y 3 meses de r\u00e9gimen franquista, muchos de los que a\u00fan j\u00f3venes vivimos la Transici\u00f3n a la Democracia (una etapa ilusionante y esperanzada, a pesar de las convulsiones e incertidumbres que parecieron quedar finalmente enterradas con la asonada del 23-F del a\u00f1o 1981) no pod\u00edamos imaginar, de buena fe, el grave deterioro que sufre la actividad pol\u00edtica 30 a\u00f1os despu\u00e9s, hasta el punto de haberse convertido en el tercer gran\" \/>\n<meta property=\"og:url\" content=\"https:\/\/www.euroresidentes.com\/social\/blog-gines-conesa\/la-nueva-juventud\" \/>\n<meta property=\"og:site_name\" content=\"El blog de Gin\u00e9s Conesa\" \/>\n<meta property=\"article:published_time\" content=\"2011-08-15T10:26:00+00:00\" \/>\n<meta property=\"article:modified_time\" content=\"2017-01-05T15:24:10+00:00\" \/>\n<meta name=\"author\" content=\"Gin\u00e9s Conesa\" \/>\n<meta name=\"twitter:card\" content=\"summary_large_image\" \/>\n<meta name=\"twitter:label1\" content=\"Written by\" \/>\n\t<meta name=\"twitter:data1\" content=\"Gin\u00e9s Conesa\" \/>\n\t<meta name=\"twitter:label2\" content=\"Est. reading time\" \/>\n\t<meta name=\"twitter:data2\" content=\"6 minutos\" \/>\n<script type=\"application\/ld+json\" class=\"yoast-schema-graph\">{\"@context\":\"https:\/\/schema.org\",\"@graph\":[{\"@type\":\"WebPage\",\"@id\":\"https:\/\/www.euroresidentes.com\/social\/blog-gines-conesa\/la-nueva-juventud\",\"url\":\"https:\/\/www.euroresidentes.com\/social\/blog-gines-conesa\/la-nueva-juventud\",\"name\":\"La 'nueva' juventud - El blog de Gin\u00e9s Conesa\",\"isPartOf\":{\"@id\":\"https:\/\/www.euroresidentes.com\/social\/blog-gines-conesa\/#website\"},\"datePublished\":\"2011-08-15T10:26:00+00:00\",\"dateModified\":\"2017-01-05T15:24:10+00:00\",\"author\":{\"@id\":\"https:\/\/www.euroresidentes.com\/social\/blog-gines-conesa\/#\/schema\/person\/d9f40edffd9708c3710704db3476cc8d\"},\"breadcrumb\":{\"@id\":\"https:\/\/www.euroresidentes.com\/social\/blog-gines-conesa\/la-nueva-juventud#breadcrumb\"},\"inLanguage\":\"es\",\"potentialAction\":[{\"@type\":\"ReadAction\",\"target\":[\"https:\/\/www.euroresidentes.com\/social\/blog-gines-conesa\/la-nueva-juventud\"]}]},{\"@type\":\"BreadcrumbList\",\"@id\":\"https:\/\/www.euroresidentes.com\/social\/blog-gines-conesa\/la-nueva-juventud#breadcrumb\",\"itemListElement\":[{\"@type\":\"ListItem\",\"position\":1,\"name\":\"Home\",\"item\":\"https:\/\/www.euroresidentes.com\/social\/blog-gines-conesa\/\"},{\"@type\":\"ListItem\",\"position\":2,\"name\":\"La &#8216;nueva&#8217; juventud\"}]},{\"@type\":\"WebSite\",\"@id\":\"https:\/\/www.euroresidentes.com\/social\/blog-gines-conesa\/#website\",\"url\":\"https:\/\/www.euroresidentes.com\/social\/blog-gines-conesa\/\",\"name\":\"El blog de Gin\u00e9s Conesa\",\"description\":\"Otro sitio m\u00e1s de Sitios de Social Euroresidentes\",\"potentialAction\":[{\"@type\":\"SearchAction\",\"target\":{\"@type\":\"EntryPoint\",\"urlTemplate\":\"https:\/\/www.euroresidentes.com\/social\/blog-gines-conesa\/?s={search_term_string}\"},\"query-input\":{\"@type\":\"PropertyValueSpecification\",\"valueRequired\":true,\"valueName\":\"search_term_string\"}}],\"inLanguage\":\"es\"},{\"@type\":\"Person\",\"@id\":\"https:\/\/www.euroresidentes.com\/social\/blog-gines-conesa\/#\/schema\/person\/d9f40edffd9708c3710704db3476cc8d\",\"name\":\"Gin\u00e9s Conesa\",\"image\":{\"@type\":\"ImageObject\",\"inLanguage\":\"es\",\"@id\":\"https:\/\/www.euroresidentes.com\/social\/blog-gines-conesa\/#\/schema\/person\/image\/\",\"url\":\"https:\/\/www.euroresidentes.com\/social\/blog-gines-conesa\/wp-content\/uploads\/sites\/6\/2017\/08\/gines-conesa-150x150.jpg\",\"contentUrl\":\"https:\/\/www.euroresidentes.com\/social\/blog-gines-conesa\/wp-content\/uploads\/sites\/6\/2017\/08\/gines-conesa-150x150.jpg\",\"caption\":\"Gin\u00e9s Conesa\"},\"description\":\"Gin\u00e9s Conesa Licenciado en Ciencias de la Informaci\u00f3n por la Universidad Complutense de Madrid\",\"sameAs\":[\"https:\/\/www.euroresidentes.com\/social\/gines-conesa.html\"],\"url\":\"https:\/\/www.euroresidentes.com\/social\/blog-gines-conesa\/author\/gines\"}]}<\/script>\n<!-- \/ Yoast SEO plugin. -->","yoast_head_json":{"title":"La 'nueva' juventud - El blog de Gin\u00e9s Conesa","robots":{"index":"index","follow":"follow","max-snippet":"max-snippet:-1","max-image-preview":"max-image-preview:large","max-video-preview":"max-video-preview:-1"},"canonical":"https:\/\/www.euroresidentes.com\/social\/blog-gines-conesa\/la-nueva-juventud","og_locale":"es_ES","og_type":"article","og_title":"La 'nueva' juventud - El blog de Gin\u00e9s Conesa","og_description":"Desde que surgi\u00f3 el &#8216;Movimiento del 15-M&#8217; no dejo de darle vueltas a la probabilidad de que sea el germen del cambio social que muchos reclamamos. Luego de 39 a\u00f1os y 3 meses de r\u00e9gimen franquista, muchos de los que a\u00fan j\u00f3venes vivimos la Transici\u00f3n a la Democracia (una etapa ilusionante y esperanzada, a pesar de las convulsiones e incertidumbres que parecieron quedar finalmente enterradas con la asonada del 23-F del a\u00f1o 1981) no pod\u00edamos imaginar, de buena fe, el grave deterioro que sufre la actividad pol\u00edtica 30 a\u00f1os despu\u00e9s, hasta el punto de haberse convertido en el tercer gran","og_url":"https:\/\/www.euroresidentes.com\/social\/blog-gines-conesa\/la-nueva-juventud","og_site_name":"El blog de Gin\u00e9s Conesa","article_published_time":"2011-08-15T10:26:00+00:00","article_modified_time":"2017-01-05T15:24:10+00:00","author":"Gin\u00e9s Conesa","twitter_card":"summary_large_image","twitter_misc":{"Written by":"Gin\u00e9s Conesa","Est. reading time":"6 minutos"},"schema":{"@context":"https:\/\/schema.org","@graph":[{"@type":"WebPage","@id":"https:\/\/www.euroresidentes.com\/social\/blog-gines-conesa\/la-nueva-juventud","url":"https:\/\/www.euroresidentes.com\/social\/blog-gines-conesa\/la-nueva-juventud","name":"La 'nueva' juventud - El blog de Gin\u00e9s Conesa","isPartOf":{"@id":"https:\/\/www.euroresidentes.com\/social\/blog-gines-conesa\/#website"},"datePublished":"2011-08-15T10:26:00+00:00","dateModified":"2017-01-05T15:24:10+00:00","author":{"@id":"https:\/\/www.euroresidentes.com\/social\/blog-gines-conesa\/#\/schema\/person\/d9f40edffd9708c3710704db3476cc8d"},"breadcrumb":{"@id":"https:\/\/www.euroresidentes.com\/social\/blog-gines-conesa\/la-nueva-juventud#breadcrumb"},"inLanguage":"es","potentialAction":[{"@type":"ReadAction","target":["https:\/\/www.euroresidentes.com\/social\/blog-gines-conesa\/la-nueva-juventud"]}]},{"@type":"BreadcrumbList","@id":"https:\/\/www.euroresidentes.com\/social\/blog-gines-conesa\/la-nueva-juventud#breadcrumb","itemListElement":[{"@type":"ListItem","position":1,"name":"Home","item":"https:\/\/www.euroresidentes.com\/social\/blog-gines-conesa\/"},{"@type":"ListItem","position":2,"name":"La &#8216;nueva&#8217; juventud"}]},{"@type":"WebSite","@id":"https:\/\/www.euroresidentes.com\/social\/blog-gines-conesa\/#website","url":"https:\/\/www.euroresidentes.com\/social\/blog-gines-conesa\/","name":"El blog de Gin\u00e9s Conesa","description":"Otro sitio m\u00e1s de Sitios de Social Euroresidentes","potentialAction":[{"@type":"SearchAction","target":{"@type":"EntryPoint","urlTemplate":"https:\/\/www.euroresidentes.com\/social\/blog-gines-conesa\/?s={search_term_string}"},"query-input":{"@type":"PropertyValueSpecification","valueRequired":true,"valueName":"search_term_string"}}],"inLanguage":"es"},{"@type":"Person","@id":"https:\/\/www.euroresidentes.com\/social\/blog-gines-conesa\/#\/schema\/person\/d9f40edffd9708c3710704db3476cc8d","name":"Gin\u00e9s Conesa","image":{"@type":"ImageObject","inLanguage":"es","@id":"https:\/\/www.euroresidentes.com\/social\/blog-gines-conesa\/#\/schema\/person\/image\/","url":"https:\/\/www.euroresidentes.com\/social\/blog-gines-conesa\/wp-content\/uploads\/sites\/6\/2017\/08\/gines-conesa-150x150.jpg","contentUrl":"https:\/\/www.euroresidentes.com\/social\/blog-gines-conesa\/wp-content\/uploads\/sites\/6\/2017\/08\/gines-conesa-150x150.jpg","caption":"Gin\u00e9s Conesa"},"description":"Gin\u00e9s Conesa Licenciado en Ciencias de la Informaci\u00f3n por la Universidad Complutense de Madrid","sameAs":["https:\/\/www.euroresidentes.com\/social\/gines-conesa.html"],"url":"https:\/\/www.euroresidentes.com\/social\/blog-gines-conesa\/author\/gines"}]}},"_links":{"self":[{"href":"https:\/\/www.euroresidentes.com\/social\/blog-gines-conesa\/wp-json\/wp\/v2\/posts\/15"}],"collection":[{"href":"https:\/\/www.euroresidentes.com\/social\/blog-gines-conesa\/wp-json\/wp\/v2\/posts"}],"about":[{"href":"https:\/\/www.euroresidentes.com\/social\/blog-gines-conesa\/wp-json\/wp\/v2\/types\/post"}],"author":[{"embeddable":true,"href":"https:\/\/www.euroresidentes.com\/social\/blog-gines-conesa\/wp-json\/wp\/v2\/users\/8"}],"replies":[{"embeddable":true,"href":"https:\/\/www.euroresidentes.com\/social\/blog-gines-conesa\/wp-json\/wp\/v2\/comments?post=15"}],"version-history":[{"count":1,"href":"https:\/\/www.euroresidentes.com\/social\/blog-gines-conesa\/wp-json\/wp\/v2\/posts\/15\/revisions"}],"predecessor-version":[{"id":29,"href":"https:\/\/www.euroresidentes.com\/social\/blog-gines-conesa\/wp-json\/wp\/v2\/posts\/15\/revisions\/29"}],"wp:attachment":[{"href":"https:\/\/www.euroresidentes.com\/social\/blog-gines-conesa\/wp-json\/wp\/v2\/media?parent=15"}],"wp:term":[{"taxonomy":"category","embeddable":true,"href":"https:\/\/www.euroresidentes.com\/social\/blog-gines-conesa\/wp-json\/wp\/v2\/categories?post=15"},{"taxonomy":"post_tag","embeddable":true,"href":"https:\/\/www.euroresidentes.com\/social\/blog-gines-conesa\/wp-json\/wp\/v2\/tags?post=15"}],"curies":[{"name":"wp","href":"https:\/\/api.w.org\/{rel}","templated":true}]}}