 

{"id":732,"date":"2016-09-14T12:14:00","date_gmt":"2016-09-14T10:14:00","guid":{"rendered":"https:\/\/www.euroresidentes.com\/salud\/salud-ninos\/el-colico-del-lactante-es-un-problema"},"modified":"2018-07-31T13:31:43","modified_gmt":"2018-07-31T11:31:43","slug":"el-colico-del-lactante-es-un-problema","status":"publish","type":"post","link":"https:\/\/www.euroresidentes.com\/salud\/el-colico-del-lactante-es-un-problema\/","title":{"rendered":"C\u00f3lico del lactante: \u00bfQu\u00e9 sabes sobre \u00e9l?"},"content":{"rendered":"<h3>C\u00f3mo aliviar el c\u00f3lico del lactante<\/h3>\n<p class=\"separator\" style=\"clear: both;text-align: left\">El c\u00f3lico del lactante es un problema muy generalizado, afecta a 1 de cada 5 reci\u00e9n nacidos.<\/p>\n<p style=\"text-align: left\">Cuando un beb\u00e9 de menos de 3 meses de edad tiene\u00a0<strong>episodios de llanto intenso e inconsolable<\/strong>, que se acompa\u00f1a de otros s\u00edntomas que sugieren la existencia de\u00a0dolor abdominal\u00a0puede indicar que est\u00e1 sufriendo el c\u00f3lico del lactante.<\/p>\n<p><a href=\"https:\/\/euroresidentes.com\/salud\/wp-content\/uploads\/2016\/09\/colico-lactante.jpg\"><img loading=\"lazy\" decoding=\"async\" class=\"aligncenter wp-image-1559 size-full\" src=\"https:\/\/euroresidentes.com\/salud\/wp-content\/uploads\/2016\/09\/colico-lactante.jpg\" alt=\"colico-lactante\" width=\"700\" height=\"525\" \/><\/a><\/p>\n<div class=\"MsoNormal\" style=\"text-align: justify\">\n<div style=\"text-align: justify\">\u00a0<\/div>\n<div style=\"text-align: left\">Los s\u00edntomas suelen comenzar <strong>despu\u00e9s cada\u00a0toma<\/strong>, y aunque pueden ocurrir en cualquier momento del d\u00eda o de la noche, por lo<strong> general comienzan por la tarde o al anochecer<\/strong>.<\/div>\n<div style=\"text-align: left\">El c\u00f3lico del lactante suele <strong>comenzar alrededor de la<\/strong> <strong>2\u00aa a 3\u00aa semana de vida<\/strong>, alcanza su pico a los 2 meses, comienza a disminuir a los 3 meses. Suele resolverse espont\u00e1neamente alrededor de los 3-4 meses.<\/div>\n<\/div>\n<p><!-- inserta publi --><\/p>\n<div class=\"MsoNormal\" style=\"text-align: justify\">\n<div style=\"text-align: justify\">\n<h3>\u00a0<\/h3>\n<h3>\u00bfPor qu\u00e9 se produce el c\u00f3lico del lactante?<\/h3>\n<p style=\"text-align: left\">La\u00a0causa exacta por la que se produce el c\u00f3lico del lactante<strong style=\"font-size: 16px\">\u00a0es todav\u00eda desconocida<\/strong><span style=\"font-size: 16px\">.<\/span><\/p>\n<p style=\"text-align: left\"><span style=\"font-size: 16px\">Probablemente no hay una sola causa para este llanto inconsolable, si no que seguramente se produce por una combinaci\u00f3n de factores. Son muchas las investigaciones que existen al respecto, y entre las posibles causas propuestas destacan:<\/span><\/p>\n<\/div>\n<\/div>\n<ul style=\"color: black\">\n<li style=\"text-align: justify\">\n<h3>Causas psicol\u00f3gicas<\/h3>\n<\/li>\n<\/ul>\n<p style=\"padding-left: 30px;text-align: left\">Se plantea como resultados de un trastorno de conducta por una <strong>relaci\u00f3n padre-hijo alterada<\/strong> junto con un <strong>car\u00e1cter \u00abdif\u00edcil\u00bb del ni\u00f1o<\/strong>.<\/p>\n<p style=\"padding-left: 30px;text-align: left\">Aunque no puede afirmarse que el manejo del ni\u00f1o por parte de los padres sea la causa del c\u00f3lico del lactante, s\u00ed que es posible que contribuya a perpetuarlo.<\/p>\n<ul style=\"color: black\">\n<li style=\"text-align: justify\">\n<h3>Causas gastrointestinales<\/h3>\n<\/li>\n<\/ul>\n<p style=\"padding-left: 30px;text-align: left\">Muchos autores lo han relacionado con<strong> inmadurez y\/o alteraciones de la motilidad intestinal<\/strong>.<\/p>\n<p style=\"padding-left: 30px;text-align: left\">Aunque muchas madres relacionan la mayor parte de los s\u00edntomas con los gases, no existe evidencia de que el aire deglutido provoque los c\u00f3licos, y probablemente sea la consecuencia y no la causa del mismo.<\/p>\n<ul style=\"color: black\">\n<li style=\"text-align: justify\">\n<h3 style=\"text-align: left\">Causa al\u00e9rgica<\/h3>\n<\/li>\n<\/ul>\n<p style=\"padding-left: 30px;text-align: left\">De las posibles causas del c\u00f3lico del lactante es probable que la <strong>alergia\/intolerancia a la prote\u00edna de la leche de vaca<\/strong> sea la que est\u00e1 m\u00e1s ampliamente aceptada.<\/p>\n<div style=\"text-align: justify\">\n<h3>\u00a0<\/h3>\n<h3>\u00bfC\u00f3mo se diagnostica el c\u00f3lico del lactante?<\/h3>\n<\/div>\n<div style=\"text-align: justify\">El c\u00f3lico se define a menudo por la \u00abregla de tres\u00bb:<\/div>\n<ul>\n<li style=\"text-align: justify\">Llanto durante <strong>m\u00e1s de<\/strong> <strong>3\u00a0horas cada\u00a0d\u00eda<\/strong>.<\/li>\n<li style=\"text-align: justify\">Durante <strong>m\u00e1s de 3\u00a0d\u00edas a la semana<\/strong>.<\/li>\n<li style=\"text-align: justify\">Durante <strong>m\u00e1s de 3\u00a0semanas<\/strong> en un beb\u00e9 saludable que est\u00e1 bien alimentado .<\/li>\n<\/ul>\n<div class=\"MsoNormal\" style=\"text-align: justify\">\n<h3>\u00a0<\/h3>\n<h3>\u00bfQu\u00e9 se puede hacer para ayudar a los beb\u00e9 con c\u00f3lico del lactante?<\/h3>\n<\/div>\n<ul>\n<li style=\"color: #262626;text-align: left\"><strong>Evitar la sobreestimulaci\u00f3n<\/strong> del ni\u00f1o.<\/li>\n<li style=\"color: #262626;text-align: left\">Colocar al ni\u00f1o<strong> erguido o tumbarlo boca abajo<\/strong> sobre el regazo o sobre una bolsa de agua caliente o una manta el\u00e9ctrica.<\/li>\n<li style=\"color: #262626;text-align: left\"><strong>No sobrealimentar<\/strong> al ni\u00f1o.<\/li>\n<li style=\"color: #262626;text-align: left\">Durante la lactancia, las <strong>madres deben evitar algunos alimentos como<\/strong>\u00a0los productos l\u00e1cteos, la cafe\u00edna, cebolla, repollo, habichuelas, br\u00f3coli, y otros alimentos que puedan generar gases.<\/li>\n<li style=\"color: #262626;text-align: left\">Colocar al<strong> beb\u00e9 con las piernas encogidas<\/strong> de modo que presionen su vientre.<\/li>\n<li style=\"color: #262626;text-align: left\">Algunos beb\u00e9s se calman por los <strong>movimientos r\u00edtmicos y constantes<\/strong>. Mecerlo suavemente o incluso con un la utilizaci\u00f3n de un sonido constante, como el de la aspiradora o la secadora de ropa puede ayudar.<\/li>\n<li style=\"color: #262626;text-align: left\"><strong>Envolver al beb\u00e9<\/strong> con firmeza en una manta c\u00f3moda (a modo de pa\u00f1al).<\/li>\n<\/ul>\n<p><!-- inserta publi 2 --><\/p>\n<p style=\"text-align: left\">Aunque son muchos los productos que \u201cgarantizan\u201d que calman los s\u00edntomas del c\u00f3lico, es importante pedir consejo a los m\u00e9dicos acerca de estos productos, porque puede haber riesgos asociados con su uso.<\/p>\n<p style=\"text-align: left\">No se ha demostrado cient\u00edficamente que el uso de algunos f\u00e1rmacos\u00a0y tratamientos homeop\u00e1ticos puedan aliviar el c\u00f3lico del lactante\u00a0y deben evitarse a menos que los recete un m\u00e9dico.<\/p>\n<p style=\"text-align: left\">Los <strong>t\u00e9s de hierbas<\/strong> que contienen mezclas de manzanilla, verbena, regaliz e hinojo as\u00ed como algunos productos<strong>\u00a0probi\u00f3ticos<\/strong> (suplementos diet\u00e9ticos que contienen bacterias vivas o levaduras y se utiliza para ayudar a la digesti\u00f3n) si que parece que mejoran los s\u00edntomas, pero es importante<strong>\u00a0discutir esta opci\u00f3n con el m\u00e9dico antes de usarlos.<\/strong><\/p>\n<div>\u00a0<\/div>\n<div>\u00a0<\/div>\n<div style=\"text-align: left\"><strong>Lecturas relacionadas:\u00a0<\/strong><\/div>\n<ul>\n<li><a href=\"http:\/\/salud-hoy.euroresidentes.com\/2012\/02\/dejar-de-fumar-y-colicos-del-lactante.html\" target=\"_blank\" rel=\"noopener\">Dejar de fumar y c\u00f3lico del lactante<\/a><\/li>\n<\/ul>\n","protected":false},"excerpt":{"rendered":"<p>C\u00f3mo aliviar el c\u00f3lico del lactante El c\u00f3lico del lactante es un problema muy generalizado, afecta a 1 de cada 5 reci\u00e9n nacidos. Cuando un beb\u00e9 de menos de 3 meses de edad tiene\u00a0episodios de llanto intenso e inconsolable, que se acompa\u00f1a de otros s\u00edntomas que sugieren la existencia de\u00a0dolor abdominal\u00a0puede indicar que est\u00e1 sufriendo el c\u00f3lico del lactante. \u00a0 Los s\u00edntomas suelen comenzar despu\u00e9s cada\u00a0toma, y aunque pueden ocurrir en cualquier momento del d\u00eda o de la noche, por lo general comienzan por la tarde o al anochecer. El c\u00f3lico del lactante suele comenzar alrededor de la 2\u00aa a <\/p>\n","protected":false},"author":2,"featured_media":3959,"comment_status":"open","ping_status":"open","sticky":false,"template":"","format":"standard","meta":{"footnotes":""},"categories":[10],"tags":[],"class_list":["post-732","post","type-post","status-publish","format-standard","has-post-thumbnail","hentry","category-ninos","has_thumb"],"yoast_head":"<!-- This site is optimized with the Yoast SEO plugin v26.8 - https:\/\/yoast.com\/product\/yoast-seo-wordpress\/ -->\n<title>C\u00f3lico del lactante: \u00bfQu\u00e9 sabes sobre \u00e9l? - Salud<\/title>\n<meta name=\"robots\" content=\"index, follow, max-snippet:-1, max-image-preview:large, max-video-preview:-1\" \/>\n<link rel=\"canonical\" href=\"https:\/\/www.euroresidentes.com\/salud\/el-colico-del-lactante-es-un-problema\/\" \/>\n<meta property=\"og:locale\" content=\"es_ES\" \/>\n<meta property=\"og:type\" content=\"article\" \/>\n<meta property=\"og:title\" content=\"C\u00f3lico del lactante: \u00bfQu\u00e9 sabes sobre \u00e9l? - Salud\" \/>\n<meta property=\"og:description\" content=\"C\u00f3mo aliviar el c\u00f3lico del lactante El c\u00f3lico del lactante es un problema muy generalizado, afecta a 1 de cada 5 reci\u00e9n nacidos. Cuando un beb\u00e9 de menos de 3 meses de edad tiene\u00a0episodios de llanto intenso e inconsolable, que se acompa\u00f1a de otros s\u00edntomas que sugieren la existencia de\u00a0dolor abdominal\u00a0puede indicar que est\u00e1 sufriendo el c\u00f3lico del lactante. \u00a0 Los s\u00edntomas suelen comenzar despu\u00e9s cada\u00a0toma, y aunque pueden ocurrir en cualquier momento del d\u00eda o de la noche, por lo general comienzan por la tarde o al anochecer. El c\u00f3lico del lactante suele comenzar alrededor de la 2\u00aa a\" \/>\n<meta property=\"og:url\" content=\"https:\/\/www.euroresidentes.com\/salud\/el-colico-del-lactante-es-un-problema\/\" \/>\n<meta property=\"og:site_name\" content=\"Salud\" \/>\n<meta property=\"article:published_time\" content=\"2016-09-14T10:14:00+00:00\" \/>\n<meta property=\"article:modified_time\" content=\"2018-07-31T11:31:43+00:00\" \/>\n<meta property=\"og:image\" content=\"https:\/\/www.euroresidentes.com\/salud\/wp-content\/uploads\/2016\/09\/colico-lactante.jpg\" \/>\n\t<meta property=\"og:image:width\" content=\"700\" \/>\n\t<meta property=\"og:image:height\" content=\"525\" \/>\n\t<meta property=\"og:image:type\" content=\"image\/jpeg\" \/>\n<meta name=\"author\" content=\"Raquel Pomares\" \/>\n<meta name=\"twitter:label1\" content=\"Written by\" \/>\n\t<meta name=\"twitter:data1\" content=\"Raquel Pomares\" \/>\n\t<meta name=\"twitter:label2\" content=\"Est. reading time\" \/>\n\t<meta name=\"twitter:data2\" content=\"3 minutos\" \/>\n<script type=\"application\/ld+json\" class=\"yoast-schema-graph\">{\"@context\":\"https:\/\/schema.org\",\"@graph\":[{\"@type\":\"Article\",\"@id\":\"https:\/\/www.euroresidentes.com\/salud\/el-colico-del-lactante-es-un-problema\/#article\",\"isPartOf\":{\"@id\":\"https:\/\/www.euroresidentes.com\/salud\/el-colico-del-lactante-es-un-problema\/\"},\"author\":{\"name\":\"Raquel Pomares\",\"@id\":\"https:\/\/www.euroresidentes.com\/salud\/#\/schema\/person\/c0299534643677f2282b416ac1fe97f1\"},\"headline\":\"C\u00f3lico del lactante: \u00bfQu\u00e9 sabes sobre \u00e9l?\",\"datePublished\":\"2016-09-14T10:14:00+00:00\",\"dateModified\":\"2018-07-31T11:31:43+00:00\",\"mainEntityOfPage\":{\"@id\":\"https:\/\/www.euroresidentes.com\/salud\/el-colico-del-lactante-es-un-problema\/\"},\"wordCount\":688,\"commentCount\":0,\"image\":{\"@id\":\"https:\/\/www.euroresidentes.com\/salud\/el-colico-del-lactante-es-un-problema\/#primaryimage\"},\"thumbnailUrl\":\"https:\/\/www.euroresidentes.com\/salud\/wp-content\/uploads\/2016\/09\/colico-lactante.jpg\",\"articleSection\":[\"Ni\u00f1os\"],\"inLanguage\":\"es\",\"potentialAction\":[{\"@type\":\"CommentAction\",\"name\":\"Comment\",\"target\":[\"https:\/\/www.euroresidentes.com\/salud\/el-colico-del-lactante-es-un-problema\/#respond\"]}]},{\"@type\":\"WebPage\",\"@id\":\"https:\/\/www.euroresidentes.com\/salud\/el-colico-del-lactante-es-un-problema\/\",\"url\":\"https:\/\/www.euroresidentes.com\/salud\/el-colico-del-lactante-es-un-problema\/\",\"name\":\"C\u00f3lico del lactante: \u00bfQu\u00e9 sabes sobre \u00e9l? - Salud\",\"isPartOf\":{\"@id\":\"https:\/\/www.euroresidentes.com\/salud\/#website\"},\"primaryImageOfPage\":{\"@id\":\"https:\/\/www.euroresidentes.com\/salud\/el-colico-del-lactante-es-un-problema\/#primaryimage\"},\"image\":{\"@id\":\"https:\/\/www.euroresidentes.com\/salud\/el-colico-del-lactante-es-un-problema\/#primaryimage\"},\"thumbnailUrl\":\"https:\/\/www.euroresidentes.com\/salud\/wp-content\/uploads\/2016\/09\/colico-lactante.jpg\",\"datePublished\":\"2016-09-14T10:14:00+00:00\",\"dateModified\":\"2018-07-31T11:31:43+00:00\",\"author\":{\"@id\":\"https:\/\/www.euroresidentes.com\/salud\/#\/schema\/person\/c0299534643677f2282b416ac1fe97f1\"},\"breadcrumb\":{\"@id\":\"https:\/\/www.euroresidentes.com\/salud\/el-colico-del-lactante-es-un-problema\/#breadcrumb\"},\"inLanguage\":\"es\",\"potentialAction\":[{\"@type\":\"ReadAction\",\"target\":[\"https:\/\/www.euroresidentes.com\/salud\/el-colico-del-lactante-es-un-problema\/\"]}]},{\"@type\":\"ImageObject\",\"inLanguage\":\"es\",\"@id\":\"https:\/\/www.euroresidentes.com\/salud\/el-colico-del-lactante-es-un-problema\/#primaryimage\",\"url\":\"https:\/\/www.euroresidentes.com\/salud\/wp-content\/uploads\/2016\/09\/colico-lactante.jpg\",\"contentUrl\":\"https:\/\/www.euroresidentes.com\/salud\/wp-content\/uploads\/2016\/09\/colico-lactante.jpg\",\"width\":700,\"height\":525},{\"@type\":\"BreadcrumbList\",\"@id\":\"https:\/\/www.euroresidentes.com\/salud\/el-colico-del-lactante-es-un-problema\/#breadcrumb\",\"itemListElement\":[{\"@type\":\"ListItem\",\"position\":1,\"name\":\"Portada\",\"item\":\"https:\/\/www.euroresidentes.com\/salud\/\"},{\"@type\":\"ListItem\",\"position\":2,\"name\":\"C\u00f3lico del lactante: \u00bfQu\u00e9 sabes sobre \u00e9l?\"}]},{\"@type\":\"WebSite\",\"@id\":\"https:\/\/www.euroresidentes.com\/salud\/#website\",\"url\":\"https:\/\/www.euroresidentes.com\/salud\/\",\"name\":\"Salud\",\"description\":\"Consejos para el cuidado de la salud, vida sana, h\u00e1bitos saludables\",\"potentialAction\":[{\"@type\":\"SearchAction\",\"target\":{\"@type\":\"EntryPoint\",\"urlTemplate\":\"https:\/\/www.euroresidentes.com\/salud\/?s={search_term_string}\"},\"query-input\":{\"@type\":\"PropertyValueSpecification\",\"valueRequired\":true,\"valueName\":\"search_term_string\"}}],\"inLanguage\":\"es\"},{\"@type\":\"Person\",\"@id\":\"https:\/\/www.euroresidentes.com\/salud\/#\/schema\/person\/c0299534643677f2282b416ac1fe97f1\",\"name\":\"Raquel Pomares\",\"image\":{\"@type\":\"ImageObject\",\"inLanguage\":\"es\",\"@id\":\"https:\/\/www.euroresidentes.com\/salud\/#\/schema\/person\/image\/\",\"url\":\"https:\/\/www.euroresidentes.com\/salud\/wp-content\/uploads\/2016\/07\/YO2-150x150.jpg\",\"contentUrl\":\"https:\/\/www.euroresidentes.com\/salud\/wp-content\/uploads\/2016\/07\/YO2-150x150.jpg\",\"caption\":\"Raquel Pomares\"},\"description\":\"Raquel PomaresBi\u00f3loga, doctora y divulgadora cient\u00edfica especializada en temas de salud.\",\"sameAs\":[\"https:\/\/www.euroresidentes.com\/salud\/raquel-pomares.html\"],\"url\":\"https:\/\/www.euroresidentes.com\/salud\/author\/raquel\/\"}]}<\/script>\n<!-- \/ Yoast SEO plugin. -->","yoast_head_json":{"title":"C\u00f3lico del lactante: \u00bfQu\u00e9 sabes sobre \u00e9l? - Salud","robots":{"index":"index","follow":"follow","max-snippet":"max-snippet:-1","max-image-preview":"max-image-preview:large","max-video-preview":"max-video-preview:-1"},"canonical":"https:\/\/www.euroresidentes.com\/salud\/el-colico-del-lactante-es-un-problema\/","og_locale":"es_ES","og_type":"article","og_title":"C\u00f3lico del lactante: \u00bfQu\u00e9 sabes sobre \u00e9l? - Salud","og_description":"C\u00f3mo aliviar el c\u00f3lico del lactante El c\u00f3lico del lactante es un problema muy generalizado, afecta a 1 de cada 5 reci\u00e9n nacidos. Cuando un beb\u00e9 de menos de 3 meses de edad tiene\u00a0episodios de llanto intenso e inconsolable, que se acompa\u00f1a de otros s\u00edntomas que sugieren la existencia de\u00a0dolor abdominal\u00a0puede indicar que est\u00e1 sufriendo el c\u00f3lico del lactante. \u00a0 Los s\u00edntomas suelen comenzar despu\u00e9s cada\u00a0toma, y aunque pueden ocurrir en cualquier momento del d\u00eda o de la noche, por lo general comienzan por la tarde o al anochecer. El c\u00f3lico del lactante suele comenzar alrededor de la 2\u00aa a","og_url":"https:\/\/www.euroresidentes.com\/salud\/el-colico-del-lactante-es-un-problema\/","og_site_name":"Salud","article_published_time":"2016-09-14T10:14:00+00:00","article_modified_time":"2018-07-31T11:31:43+00:00","og_image":[{"width":700,"height":525,"url":"https:\/\/www.euroresidentes.com\/salud\/wp-content\/uploads\/2016\/09\/colico-lactante.jpg","type":"image\/jpeg"}],"author":"Raquel Pomares","twitter_misc":{"Written by":"Raquel Pomares","Est. reading time":"3 minutos"},"schema":{"@context":"https:\/\/schema.org","@graph":[{"@type":"Article","@id":"https:\/\/www.euroresidentes.com\/salud\/el-colico-del-lactante-es-un-problema\/#article","isPartOf":{"@id":"https:\/\/www.euroresidentes.com\/salud\/el-colico-del-lactante-es-un-problema\/"},"author":{"name":"Raquel Pomares","@id":"https:\/\/www.euroresidentes.com\/salud\/#\/schema\/person\/c0299534643677f2282b416ac1fe97f1"},"headline":"C\u00f3lico del lactante: \u00bfQu\u00e9 sabes sobre \u00e9l?","datePublished":"2016-09-14T10:14:00+00:00","dateModified":"2018-07-31T11:31:43+00:00","mainEntityOfPage":{"@id":"https:\/\/www.euroresidentes.com\/salud\/el-colico-del-lactante-es-un-problema\/"},"wordCount":688,"commentCount":0,"image":{"@id":"https:\/\/www.euroresidentes.com\/salud\/el-colico-del-lactante-es-un-problema\/#primaryimage"},"thumbnailUrl":"https:\/\/www.euroresidentes.com\/salud\/wp-content\/uploads\/2016\/09\/colico-lactante.jpg","articleSection":["Ni\u00f1os"],"inLanguage":"es","potentialAction":[{"@type":"CommentAction","name":"Comment","target":["https:\/\/www.euroresidentes.com\/salud\/el-colico-del-lactante-es-un-problema\/#respond"]}]},{"@type":"WebPage","@id":"https:\/\/www.euroresidentes.com\/salud\/el-colico-del-lactante-es-un-problema\/","url":"https:\/\/www.euroresidentes.com\/salud\/el-colico-del-lactante-es-un-problema\/","name":"C\u00f3lico del lactante: \u00bfQu\u00e9 sabes sobre \u00e9l? - Salud","isPartOf":{"@id":"https:\/\/www.euroresidentes.com\/salud\/#website"},"primaryImageOfPage":{"@id":"https:\/\/www.euroresidentes.com\/salud\/el-colico-del-lactante-es-un-problema\/#primaryimage"},"image":{"@id":"https:\/\/www.euroresidentes.com\/salud\/el-colico-del-lactante-es-un-problema\/#primaryimage"},"thumbnailUrl":"https:\/\/www.euroresidentes.com\/salud\/wp-content\/uploads\/2016\/09\/colico-lactante.jpg","datePublished":"2016-09-14T10:14:00+00:00","dateModified":"2018-07-31T11:31:43+00:00","author":{"@id":"https:\/\/www.euroresidentes.com\/salud\/#\/schema\/person\/c0299534643677f2282b416ac1fe97f1"},"breadcrumb":{"@id":"https:\/\/www.euroresidentes.com\/salud\/el-colico-del-lactante-es-un-problema\/#breadcrumb"},"inLanguage":"es","potentialAction":[{"@type":"ReadAction","target":["https:\/\/www.euroresidentes.com\/salud\/el-colico-del-lactante-es-un-problema\/"]}]},{"@type":"ImageObject","inLanguage":"es","@id":"https:\/\/www.euroresidentes.com\/salud\/el-colico-del-lactante-es-un-problema\/#primaryimage","url":"https:\/\/www.euroresidentes.com\/salud\/wp-content\/uploads\/2016\/09\/colico-lactante.jpg","contentUrl":"https:\/\/www.euroresidentes.com\/salud\/wp-content\/uploads\/2016\/09\/colico-lactante.jpg","width":700,"height":525},{"@type":"BreadcrumbList","@id":"https:\/\/www.euroresidentes.com\/salud\/el-colico-del-lactante-es-un-problema\/#breadcrumb","itemListElement":[{"@type":"ListItem","position":1,"name":"Portada","item":"https:\/\/www.euroresidentes.com\/salud\/"},{"@type":"ListItem","position":2,"name":"C\u00f3lico del lactante: \u00bfQu\u00e9 sabes sobre \u00e9l?"}]},{"@type":"WebSite","@id":"https:\/\/www.euroresidentes.com\/salud\/#website","url":"https:\/\/www.euroresidentes.com\/salud\/","name":"Salud","description":"Consejos para el cuidado de la salud, vida sana, h\u00e1bitos saludables","potentialAction":[{"@type":"SearchAction","target":{"@type":"EntryPoint","urlTemplate":"https:\/\/www.euroresidentes.com\/salud\/?s={search_term_string}"},"query-input":{"@type":"PropertyValueSpecification","valueRequired":true,"valueName":"search_term_string"}}],"inLanguage":"es"},{"@type":"Person","@id":"https:\/\/www.euroresidentes.com\/salud\/#\/schema\/person\/c0299534643677f2282b416ac1fe97f1","name":"Raquel Pomares","image":{"@type":"ImageObject","inLanguage":"es","@id":"https:\/\/www.euroresidentes.com\/salud\/#\/schema\/person\/image\/","url":"https:\/\/www.euroresidentes.com\/salud\/wp-content\/uploads\/2016\/07\/YO2-150x150.jpg","contentUrl":"https:\/\/www.euroresidentes.com\/salud\/wp-content\/uploads\/2016\/07\/YO2-150x150.jpg","caption":"Raquel Pomares"},"description":"Raquel PomaresBi\u00f3loga, doctora y divulgadora cient\u00edfica especializada en temas de salud.","sameAs":["https:\/\/www.euroresidentes.com\/salud\/raquel-pomares.html"],"url":"https:\/\/www.euroresidentes.com\/salud\/author\/raquel\/"}]}},"_links":{"self":[{"href":"https:\/\/www.euroresidentes.com\/salud\/wp-json\/wp\/v2\/posts\/732","targetHints":{"allow":["GET"]}}],"collection":[{"href":"https:\/\/www.euroresidentes.com\/salud\/wp-json\/wp\/v2\/posts"}],"about":[{"href":"https:\/\/www.euroresidentes.com\/salud\/wp-json\/wp\/v2\/types\/post"}],"author":[{"embeddable":true,"href":"https:\/\/www.euroresidentes.com\/salud\/wp-json\/wp\/v2\/users\/2"}],"replies":[{"embeddable":true,"href":"https:\/\/www.euroresidentes.com\/salud\/wp-json\/wp\/v2\/comments?post=732"}],"version-history":[{"count":6,"href":"https:\/\/www.euroresidentes.com\/salud\/wp-json\/wp\/v2\/posts\/732\/revisions"}],"predecessor-version":[{"id":5872,"href":"https:\/\/www.euroresidentes.com\/salud\/wp-json\/wp\/v2\/posts\/732\/revisions\/5872"}],"wp:featuredmedia":[{"embeddable":true,"href":"https:\/\/www.euroresidentes.com\/salud\/wp-json\/wp\/v2\/media\/3959"}],"wp:attachment":[{"href":"https:\/\/www.euroresidentes.com\/salud\/wp-json\/wp\/v2\/media?parent=732"}],"wp:term":[{"taxonomy":"category","embeddable":true,"href":"https:\/\/www.euroresidentes.com\/salud\/wp-json\/wp\/v2\/categories?post=732"},{"taxonomy":"post_tag","embeddable":true,"href":"https:\/\/www.euroresidentes.com\/salud\/wp-json\/wp\/v2\/tags?post=732"}],"curies":[{"name":"wp","href":"https:\/\/api.w.org\/{rel}","templated":true}]}}