 

{"id":725,"date":"2012-06-12T10:00:00","date_gmt":"2012-06-12T10:00:00","guid":{"rendered":"https:\/\/www.euroresidentes.com\/salud\/salud-ninos\/deficit-de-atencion-con-hiperactividad"},"modified":"2018-06-20T11:24:43","modified_gmt":"2018-06-20T09:24:43","slug":"deficit-de-atencion-con-hiperactividad","status":"publish","type":"post","link":"https:\/\/www.euroresidentes.com\/salud\/deficit-de-atencion-con-hiperactividad\/","title":{"rendered":"D\u00e9ficit de atenci\u00f3n con hiperactividad"},"content":{"rendered":"<p class=\"separator\" style=\"clear: both; text-align: left;\"><b>El d\u00e9ficit de atenci\u00f3n con hiperactividad afecta al 5,8% de los ni\u00f1os en edad escolar.<\/b> <b>Los ni\u00f1os con TDAH act\u00faan sin pensar, son hiperactivos y no pueden concentrarse f\u00e1cilmente.<\/b><\/p>\n<div class=\"separator\" style=\"clear: both; text-align: center;\">\u00a0<\/div>\n<p class=\"separator\" style=\"clear: both; text-align: center;\"><a href=\"https:\/\/euroresidentes.com\/salud\/wp-content\/uploads\/2012\/06\/hiperactividad-ninos.jpg\" rel=\"attachment wp-att-2529\"><img loading=\"lazy\" decoding=\"async\" class=\"aligncenter size-full wp-image-2529\" src=\"https:\/\/euroresidentes.com\/salud\/wp-content\/uploads\/2012\/06\/hiperactividad-ninos.jpg\" alt=\"Hiperactividad en ni\u00f1os: s\u00edntomas, c\u00f3mo detectarla\" width=\"700\" height=\"525\" \/><\/a><\/p>\n<p>Todo el mundo tiene una dificultad ocasional para estar sentado, prestar atenci\u00f3n, o controlar el comportamiento impulsivo. Sin embargo, para algunos ni\u00f1os y adultos, el problema es tan generalizado y persistente que interfiere con su vida cotidiana en el hogar, en la escuela, en el trabajo y en el entorno social.<\/p>\n<p>El d\u00e9ficit de atenci\u00f3n con hiperactividad (TDAH) es un trastorno neurobiol\u00f3gico que afecta al 5,8% de los ni\u00f1os en edad escolar, y que se caracteriza por una impulsividad inapropiadas para el desarrollo, falta de atenci\u00f3n, y en algunos casos, hiperactividad.<\/p>\n<p>Aunque se desconoce la raz\u00f3n, los ni\u00f1os son tres veces m\u00e1s propensos de padecer este trastorno que las ni\u00f1as.<\/p>\n<p>Hasta hace poco se cre\u00eda que los ni\u00f1os superaban el TDAH en la adolescencia, lo cual se debe a que la hiperactividad con frecuencia disminuye durante la adolescencia. Sin embargo, ahora sabemos que muchos de los s\u00edntomas contin\u00faan hasta la edad adulta, concretamente en el 60% de los casos de ni\u00f1os con TADH, los s\u00edntomas persisten hasta la edad adulta (es decir, aproximadamente el 4% de los adultos padecen este desorden).<\/p>\n<p>Las personas con TDAH pueden tener mucho \u00e9xito en la vida, pero sin la debida identificaci\u00f3n y el tratamiento, el TDAH puede tener serias consecuencias, incluyendo el fracaso escolar, depresi\u00f3n, trastorno de conducta, relaciones fallidas, y abuso de sustancias. Por lo que la identificaci\u00f3n temprana y el tratamiento son extremadamente importantes.<\/p>\n<h2 style=\"text-align: left;\">\u00bfCu\u00e1les son los s\u00edntomas del d\u00e9ficit de atenci\u00f3n con hiperactividad?<\/h2>\n<p>Por lo general, los s\u00edntomas del TDAH se presentan en la primera infancia y pueden persistir hasta la edad adulta.<\/p>\n<p>Se divide en tres categor\u00edas o subtipos, cada una de las cuales con un tipo de comportamiento caracter\u00edstico.<\/p>\n<h3>TDAH tipo predominantemente inatento (TDAH-I)<\/h3>\n<ul>\n<li>No logra prestar atenci\u00f3n a los detalles o comete errores por descuido.<\/li>\n<li>Tiene dificultad para mantener la atenci\u00f3n de forma continua.<\/li>\n<li>No parece escuchar.<\/li>\n<li>Tiene dificultad para seguir las instrucciones.<\/li>\n<li>Tiene dificultad con la organizaci\u00f3n.<\/li>\n<li>Evita o le disgustan las tareas que requieren esfuerzo mental sostenido.<\/li>\n<li>Pierde las cosas.<\/li>\n<li>Se distrae f\u00e1cilmente.<\/li>\n<li>Es olvidadizo en las actividades diarias.<\/li>\n<\/ul>\n<h3>TDAH con predominio hiperactivo-impulsivo (TDAH-HI)<\/h3>\n<ul>\n<li>Juega con sus manos o pies o se retuerce en la silla.<\/li>\n<li>Tiene dificultad para permanecer sentado.<\/li>\n<li>Corre o salta excesivamente.<\/li>\n<li>Dificultad para realizar actividades en silencio.<\/li>\n<li>Act\u00faa como si tuviera prisa.<\/li>\n<li>Habla excesivamente.<\/li>\n<li>Responde antes de las preguntas se hayan completado.<\/li>\n<li>Dificultad para esperar turnos.<\/li>\n<li>Tendencia a interrumpir o entrometerse.<\/li>\n<\/ul>\n<h3>TDAH tipo combinado (TDAH-C)<\/h3>\n<ul>\n<li>Comparte caracter\u00edsticas de los dos grupos anteriores.<\/li>\n<\/ul>\n<h2 style=\"text-align: left;\">\u00bfC\u00f3mo se diagnostica el d\u00e9ficit de atenci\u00f3n con hiperactividad?<\/h2>\n<p>No existe una prueba \u00fanica para diagnosticar el TDAH. Por lo tanto, se necesita de una evaluaci\u00f3n completa para establecer un diagn\u00f3stico, descartar otras causas y determinar la presencia o ausencia de condiciones coexistentes.<\/p>\n<p>Tal evaluaci\u00f3n requiere tiempo y esfuerzo y debe incluir una cuidadosa historia cl\u00ednica y una evaluaci\u00f3n cl\u00ednica del funcionamiento acad\u00e9mico, social y emocional del individuo y de su nivel de desarrollo.<\/p>\n<h2 style=\"text-align: left;\">\u00bfCu\u00e1les son las causas del d\u00e9ficit de atenci\u00f3n con hiperactividad?<\/h2>\n<p>El TDAH es un trastorno hereditario complejo, que sin duda es el resultado de la interacci\u00f3n de muchos genes.<\/p>\n<p>Se han encontrado que existen ciertas \u00e1reas en el cerebro que son aproximadamente entre un 5 y un 10% m\u00e1s peque\u00f1as en tama\u00f1o y en actividad en los ni\u00f1os con ADHD. Tambi\u00e9n se han encontrado cambios qu\u00edmicos cerebrales en estos ni\u00f1os.<\/p>\n<p>Otros factores de riesgo desencadenantes del TDAH incluyen parto prematuro, bajo peso al nacer, da\u00f1o en el cerebro al nacimiento, y que la madre fume durante el embarazo.<\/p>\n<h2 style=\"text-align: justify;\">\u00bfCu\u00e1l es el mejor tratamiento para el d\u00e9ficit de atenci\u00f3n con hiperactividad?<\/h2>\n<p>El ADHD <strong>no puede curarse, pero puede ser manejado con \u00e9xito<\/strong>, logrando que el ni\u00f1o aprenda a controlar su comportamiento, y ayudar a las familias a crear una atm\u00f3sfera en la que esta meta pueda lograrse.<\/p>\n<p>Los medicamentos para el TDAH puede ayudar al ni\u00f1o a concentrarse mejor o a permanecer quieto, al menos a corto plazo. Pero hasta la fecha, existen poca evidencia de que mejoren el rendimiento escolar, las relaciones o problemas de comportamiento a largo plazo.<\/p>\n<p>Por otra parte, existen dudas acerca de los efectos que estos f\u00e1rmacos puede tener en el desarrollo del cerebro de un ni\u00f1o. Y los efectos secundarios de tales como irritabilidad, p\u00e9rdida del apetito e insomnio tambi\u00e9n pueden ser problem\u00e1ticos.<\/p>\n<p>No se trata s\u00f3lo de tomar medicaci\u00f3n. Hay muchos otros tratamientos eficaces que pueden ayudar a los ni\u00f1os con TDAH a mejorar su capacidad para prestar atenci\u00f3n, controlar el comportamiento impulsivo, y poner freno a su hiperactividad.<\/p>\n<p>Existen muchos estudios que demuestran que los medicamentos que se emplean para reducir el comportamiento impulsivo y la falta de atenci\u00f3n son m\u00e1s efectivos cuando se combinan con terapias de comportamiento.<\/p>\n<p>La terapia de comportamiento intenta cambiar patrones de conducta mediante la reorganizaci\u00f3n del ambiente escolar y familiar, la comunicaci\u00f3n de instrucciones y \u00f3rdenes claras, as\u00ed como el desarrollo de un sistema de recompensa para las conductas apropiadas.<\/p>\n<p>Por tanto, hay que tener en cuenta que la medicaci\u00f3n es una herramienta, y no una cura. Y que es m\u00e1s eficaz cuando se combina con otros tratamientos que se ocupan de los problemas emocionales y de comportamiento.<\/p>\n<p><b>Temas relacionados con,\u00a0D\u00e9ficit de atenci\u00f3n con hiperactividad:<\/b><\/p>\n<ul>\n<li><a href=\"http:\/\/adolescentes.euroresidentes.com\/2010\/08\/relacion-de-la-dieta-con-deficit-de.html\" target=\"_blank\" rel=\"noopener\">Relaci\u00f3n de la dieta con el d\u00e9ficit de atenci\u00f3n y la hiperactividad<\/a><\/li>\n<li>C\u00f3mo saber si mi hijo es hiperactivo<\/li>\n<li><a href=\"https:\/\/www.euroresidentes.com\/hogar\/consejos-trucos-remedios\/posturas-de-yoga-para-estres-ansiedad-ninos\">5 posturas de yoga para reducir el estr\u00e9s y la ansiedad en los ni\u00f1os<\/a><\/li>\n<li>Beneficios de hacer deporte para los ni\u00f1os<\/li>\n<li><a href=\"https:\/\/www.euroresidentes.com\/estilo-de-vida\/adolescentes\/ansiedad-en-ninos-como-transformarla-y\">Ansiedad en ni\u00f1os: C\u00f3mo transformarla y protegerlos de por vida<\/a><\/li>\n<\/ul>\n","protected":false},"excerpt":{"rendered":"<p>El d\u00e9ficit de atenci\u00f3n con hiperactividad afecta al 5,8% de los ni\u00f1os en edad escolar. Los ni\u00f1os con TDAH act\u00faan sin pensar, son hiperactivos y no pueden concentrarse f\u00e1cilmente. \u00a0 Todo el mundo tiene una dificultad ocasional para estar sentado, prestar atenci\u00f3n, o controlar el comportamiento impulsivo. Sin embargo, para algunos ni\u00f1os y adultos, el problema es tan generalizado y persistente que interfiere con su vida cotidiana en el hogar, en la escuela, en el trabajo y en el entorno social. El d\u00e9ficit de atenci\u00f3n con hiperactividad (TDAH) es un trastorno neurobiol\u00f3gico que afecta al 5,8% de los ni\u00f1os en <\/p>\n","protected":false},"author":2,"featured_media":4335,"comment_status":"open","ping_status":"open","sticky":false,"template":"","format":"standard","meta":{"footnotes":""},"categories":[10],"tags":[],"class_list":["post-725","post","type-post","status-publish","format-standard","has-post-thumbnail","hentry","category-ninos","has_thumb"],"yoast_head":"<!-- This site is optimized with the Yoast SEO plugin v26.8 - https:\/\/yoast.com\/product\/yoast-seo-wordpress\/ -->\n<title>D\u00e9ficit de atenci\u00f3n con hiperactividad - Salud<\/title>\n<meta name=\"robots\" content=\"index, follow, max-snippet:-1, max-image-preview:large, max-video-preview:-1\" \/>\n<link rel=\"canonical\" href=\"https:\/\/www.euroresidentes.com\/salud\/deficit-de-atencion-con-hiperactividad\/\" \/>\n<meta property=\"og:locale\" content=\"es_ES\" \/>\n<meta property=\"og:type\" content=\"article\" \/>\n<meta property=\"og:title\" content=\"D\u00e9ficit de atenci\u00f3n con hiperactividad - Salud\" \/>\n<meta property=\"og:description\" content=\"El d\u00e9ficit de atenci\u00f3n con hiperactividad afecta al 5,8% de los ni\u00f1os en edad escolar. Los ni\u00f1os con TDAH act\u00faan sin pensar, son hiperactivos y no pueden concentrarse f\u00e1cilmente. \u00a0 Todo el mundo tiene una dificultad ocasional para estar sentado, prestar atenci\u00f3n, o controlar el comportamiento impulsivo. Sin embargo, para algunos ni\u00f1os y adultos, el problema es tan generalizado y persistente que interfiere con su vida cotidiana en el hogar, en la escuela, en el trabajo y en el entorno social. El d\u00e9ficit de atenci\u00f3n con hiperactividad (TDAH) es un trastorno neurobiol\u00f3gico que afecta al 5,8% de los ni\u00f1os en\" \/>\n<meta property=\"og:url\" content=\"https:\/\/www.euroresidentes.com\/salud\/deficit-de-atencion-con-hiperactividad\/\" \/>\n<meta property=\"og:site_name\" content=\"Salud\" \/>\n<meta property=\"article:published_time\" content=\"2012-06-12T10:00:00+00:00\" \/>\n<meta property=\"article:modified_time\" content=\"2018-06-20T09:24:43+00:00\" \/>\n<meta property=\"og:image\" content=\"https:\/\/www.euroresidentes.com\/salud\/wp-content\/uploads\/2012\/06\/hiperactividad-ninos.jpg\" \/>\n\t<meta property=\"og:image:width\" content=\"700\" \/>\n\t<meta property=\"og:image:height\" content=\"525\" \/>\n\t<meta property=\"og:image:type\" content=\"image\/jpeg\" \/>\n<meta name=\"author\" content=\"Raquel Pomares\" \/>\n<meta name=\"twitter:label1\" content=\"Written by\" \/>\n\t<meta name=\"twitter:data1\" content=\"Raquel Pomares\" \/>\n\t<meta name=\"twitter:label2\" content=\"Est. reading time\" \/>\n\t<meta name=\"twitter:data2\" content=\"5 minutos\" \/>\n<script type=\"application\/ld+json\" class=\"yoast-schema-graph\">{\"@context\":\"https:\/\/schema.org\",\"@graph\":[{\"@type\":\"Article\",\"@id\":\"https:\/\/www.euroresidentes.com\/salud\/deficit-de-atencion-con-hiperactividad\/#article\",\"isPartOf\":{\"@id\":\"https:\/\/www.euroresidentes.com\/salud\/deficit-de-atencion-con-hiperactividad\/\"},\"author\":{\"name\":\"Raquel Pomares\",\"@id\":\"https:\/\/www.euroresidentes.com\/salud\/#\/schema\/person\/c0299534643677f2282b416ac1fe97f1\"},\"headline\":\"D\u00e9ficit de atenci\u00f3n con hiperactividad\",\"datePublished\":\"2012-06-12T10:00:00+00:00\",\"dateModified\":\"2018-06-20T09:24:43+00:00\",\"mainEntityOfPage\":{\"@id\":\"https:\/\/www.euroresidentes.com\/salud\/deficit-de-atencion-con-hiperactividad\/\"},\"wordCount\":1035,\"commentCount\":0,\"image\":{\"@id\":\"https:\/\/www.euroresidentes.com\/salud\/deficit-de-atencion-con-hiperactividad\/#primaryimage\"},\"thumbnailUrl\":\"https:\/\/www.euroresidentes.com\/salud\/wp-content\/uploads\/2012\/06\/hiperactividad-ninos.jpg\",\"articleSection\":[\"Ni\u00f1os\"],\"inLanguage\":\"es\",\"potentialAction\":[{\"@type\":\"CommentAction\",\"name\":\"Comment\",\"target\":[\"https:\/\/www.euroresidentes.com\/salud\/deficit-de-atencion-con-hiperactividad\/#respond\"]}]},{\"@type\":\"WebPage\",\"@id\":\"https:\/\/www.euroresidentes.com\/salud\/deficit-de-atencion-con-hiperactividad\/\",\"url\":\"https:\/\/www.euroresidentes.com\/salud\/deficit-de-atencion-con-hiperactividad\/\",\"name\":\"D\u00e9ficit de atenci\u00f3n con hiperactividad - Salud\",\"isPartOf\":{\"@id\":\"https:\/\/www.euroresidentes.com\/salud\/#website\"},\"primaryImageOfPage\":{\"@id\":\"https:\/\/www.euroresidentes.com\/salud\/deficit-de-atencion-con-hiperactividad\/#primaryimage\"},\"image\":{\"@id\":\"https:\/\/www.euroresidentes.com\/salud\/deficit-de-atencion-con-hiperactividad\/#primaryimage\"},\"thumbnailUrl\":\"https:\/\/www.euroresidentes.com\/salud\/wp-content\/uploads\/2012\/06\/hiperactividad-ninos.jpg\",\"datePublished\":\"2012-06-12T10:00:00+00:00\",\"dateModified\":\"2018-06-20T09:24:43+00:00\",\"author\":{\"@id\":\"https:\/\/www.euroresidentes.com\/salud\/#\/schema\/person\/c0299534643677f2282b416ac1fe97f1\"},\"breadcrumb\":{\"@id\":\"https:\/\/www.euroresidentes.com\/salud\/deficit-de-atencion-con-hiperactividad\/#breadcrumb\"},\"inLanguage\":\"es\",\"potentialAction\":[{\"@type\":\"ReadAction\",\"target\":[\"https:\/\/www.euroresidentes.com\/salud\/deficit-de-atencion-con-hiperactividad\/\"]}]},{\"@type\":\"ImageObject\",\"inLanguage\":\"es\",\"@id\":\"https:\/\/www.euroresidentes.com\/salud\/deficit-de-atencion-con-hiperactividad\/#primaryimage\",\"url\":\"https:\/\/www.euroresidentes.com\/salud\/wp-content\/uploads\/2012\/06\/hiperactividad-ninos.jpg\",\"contentUrl\":\"https:\/\/www.euroresidentes.com\/salud\/wp-content\/uploads\/2012\/06\/hiperactividad-ninos.jpg\",\"width\":700,\"height\":525},{\"@type\":\"BreadcrumbList\",\"@id\":\"https:\/\/www.euroresidentes.com\/salud\/deficit-de-atencion-con-hiperactividad\/#breadcrumb\",\"itemListElement\":[{\"@type\":\"ListItem\",\"position\":1,\"name\":\"Portada\",\"item\":\"https:\/\/www.euroresidentes.com\/salud\/\"},{\"@type\":\"ListItem\",\"position\":2,\"name\":\"D\u00e9ficit de atenci\u00f3n con hiperactividad\"}]},{\"@type\":\"WebSite\",\"@id\":\"https:\/\/www.euroresidentes.com\/salud\/#website\",\"url\":\"https:\/\/www.euroresidentes.com\/salud\/\",\"name\":\"Salud\",\"description\":\"Consejos para el cuidado de la salud, vida sana, h\u00e1bitos saludables\",\"potentialAction\":[{\"@type\":\"SearchAction\",\"target\":{\"@type\":\"EntryPoint\",\"urlTemplate\":\"https:\/\/www.euroresidentes.com\/salud\/?s={search_term_string}\"},\"query-input\":{\"@type\":\"PropertyValueSpecification\",\"valueRequired\":true,\"valueName\":\"search_term_string\"}}],\"inLanguage\":\"es\"},{\"@type\":\"Person\",\"@id\":\"https:\/\/www.euroresidentes.com\/salud\/#\/schema\/person\/c0299534643677f2282b416ac1fe97f1\",\"name\":\"Raquel Pomares\",\"image\":{\"@type\":\"ImageObject\",\"inLanguage\":\"es\",\"@id\":\"https:\/\/www.euroresidentes.com\/salud\/#\/schema\/person\/image\/\",\"url\":\"https:\/\/www.euroresidentes.com\/salud\/wp-content\/uploads\/2016\/07\/YO2-150x150.jpg\",\"contentUrl\":\"https:\/\/www.euroresidentes.com\/salud\/wp-content\/uploads\/2016\/07\/YO2-150x150.jpg\",\"caption\":\"Raquel Pomares\"},\"description\":\"Raquel PomaresBi\u00f3loga, doctora y divulgadora cient\u00edfica especializada en temas de salud.\",\"sameAs\":[\"https:\/\/www.euroresidentes.com\/salud\/raquel-pomares.html\"],\"url\":\"https:\/\/www.euroresidentes.com\/salud\/author\/raquel\/\"}]}<\/script>\n<!-- \/ Yoast SEO plugin. -->","yoast_head_json":{"title":"D\u00e9ficit de atenci\u00f3n con hiperactividad - Salud","robots":{"index":"index","follow":"follow","max-snippet":"max-snippet:-1","max-image-preview":"max-image-preview:large","max-video-preview":"max-video-preview:-1"},"canonical":"https:\/\/www.euroresidentes.com\/salud\/deficit-de-atencion-con-hiperactividad\/","og_locale":"es_ES","og_type":"article","og_title":"D\u00e9ficit de atenci\u00f3n con hiperactividad - Salud","og_description":"El d\u00e9ficit de atenci\u00f3n con hiperactividad afecta al 5,8% de los ni\u00f1os en edad escolar. Los ni\u00f1os con TDAH act\u00faan sin pensar, son hiperactivos y no pueden concentrarse f\u00e1cilmente. \u00a0 Todo el mundo tiene una dificultad ocasional para estar sentado, prestar atenci\u00f3n, o controlar el comportamiento impulsivo. Sin embargo, para algunos ni\u00f1os y adultos, el problema es tan generalizado y persistente que interfiere con su vida cotidiana en el hogar, en la escuela, en el trabajo y en el entorno social. El d\u00e9ficit de atenci\u00f3n con hiperactividad (TDAH) es un trastorno neurobiol\u00f3gico que afecta al 5,8% de los ni\u00f1os en","og_url":"https:\/\/www.euroresidentes.com\/salud\/deficit-de-atencion-con-hiperactividad\/","og_site_name":"Salud","article_published_time":"2012-06-12T10:00:00+00:00","article_modified_time":"2018-06-20T09:24:43+00:00","og_image":[{"width":700,"height":525,"url":"https:\/\/www.euroresidentes.com\/salud\/wp-content\/uploads\/2012\/06\/hiperactividad-ninos.jpg","type":"image\/jpeg"}],"author":"Raquel Pomares","twitter_misc":{"Written by":"Raquel Pomares","Est. reading time":"5 minutos"},"schema":{"@context":"https:\/\/schema.org","@graph":[{"@type":"Article","@id":"https:\/\/www.euroresidentes.com\/salud\/deficit-de-atencion-con-hiperactividad\/#article","isPartOf":{"@id":"https:\/\/www.euroresidentes.com\/salud\/deficit-de-atencion-con-hiperactividad\/"},"author":{"name":"Raquel Pomares","@id":"https:\/\/www.euroresidentes.com\/salud\/#\/schema\/person\/c0299534643677f2282b416ac1fe97f1"},"headline":"D\u00e9ficit de atenci\u00f3n con hiperactividad","datePublished":"2012-06-12T10:00:00+00:00","dateModified":"2018-06-20T09:24:43+00:00","mainEntityOfPage":{"@id":"https:\/\/www.euroresidentes.com\/salud\/deficit-de-atencion-con-hiperactividad\/"},"wordCount":1035,"commentCount":0,"image":{"@id":"https:\/\/www.euroresidentes.com\/salud\/deficit-de-atencion-con-hiperactividad\/#primaryimage"},"thumbnailUrl":"https:\/\/www.euroresidentes.com\/salud\/wp-content\/uploads\/2012\/06\/hiperactividad-ninos.jpg","articleSection":["Ni\u00f1os"],"inLanguage":"es","potentialAction":[{"@type":"CommentAction","name":"Comment","target":["https:\/\/www.euroresidentes.com\/salud\/deficit-de-atencion-con-hiperactividad\/#respond"]}]},{"@type":"WebPage","@id":"https:\/\/www.euroresidentes.com\/salud\/deficit-de-atencion-con-hiperactividad\/","url":"https:\/\/www.euroresidentes.com\/salud\/deficit-de-atencion-con-hiperactividad\/","name":"D\u00e9ficit de atenci\u00f3n con hiperactividad - Salud","isPartOf":{"@id":"https:\/\/www.euroresidentes.com\/salud\/#website"},"primaryImageOfPage":{"@id":"https:\/\/www.euroresidentes.com\/salud\/deficit-de-atencion-con-hiperactividad\/#primaryimage"},"image":{"@id":"https:\/\/www.euroresidentes.com\/salud\/deficit-de-atencion-con-hiperactividad\/#primaryimage"},"thumbnailUrl":"https:\/\/www.euroresidentes.com\/salud\/wp-content\/uploads\/2012\/06\/hiperactividad-ninos.jpg","datePublished":"2012-06-12T10:00:00+00:00","dateModified":"2018-06-20T09:24:43+00:00","author":{"@id":"https:\/\/www.euroresidentes.com\/salud\/#\/schema\/person\/c0299534643677f2282b416ac1fe97f1"},"breadcrumb":{"@id":"https:\/\/www.euroresidentes.com\/salud\/deficit-de-atencion-con-hiperactividad\/#breadcrumb"},"inLanguage":"es","potentialAction":[{"@type":"ReadAction","target":["https:\/\/www.euroresidentes.com\/salud\/deficit-de-atencion-con-hiperactividad\/"]}]},{"@type":"ImageObject","inLanguage":"es","@id":"https:\/\/www.euroresidentes.com\/salud\/deficit-de-atencion-con-hiperactividad\/#primaryimage","url":"https:\/\/www.euroresidentes.com\/salud\/wp-content\/uploads\/2012\/06\/hiperactividad-ninos.jpg","contentUrl":"https:\/\/www.euroresidentes.com\/salud\/wp-content\/uploads\/2012\/06\/hiperactividad-ninos.jpg","width":700,"height":525},{"@type":"BreadcrumbList","@id":"https:\/\/www.euroresidentes.com\/salud\/deficit-de-atencion-con-hiperactividad\/#breadcrumb","itemListElement":[{"@type":"ListItem","position":1,"name":"Portada","item":"https:\/\/www.euroresidentes.com\/salud\/"},{"@type":"ListItem","position":2,"name":"D\u00e9ficit de atenci\u00f3n con hiperactividad"}]},{"@type":"WebSite","@id":"https:\/\/www.euroresidentes.com\/salud\/#website","url":"https:\/\/www.euroresidentes.com\/salud\/","name":"Salud","description":"Consejos para el cuidado de la salud, vida sana, h\u00e1bitos saludables","potentialAction":[{"@type":"SearchAction","target":{"@type":"EntryPoint","urlTemplate":"https:\/\/www.euroresidentes.com\/salud\/?s={search_term_string}"},"query-input":{"@type":"PropertyValueSpecification","valueRequired":true,"valueName":"search_term_string"}}],"inLanguage":"es"},{"@type":"Person","@id":"https:\/\/www.euroresidentes.com\/salud\/#\/schema\/person\/c0299534643677f2282b416ac1fe97f1","name":"Raquel Pomares","image":{"@type":"ImageObject","inLanguage":"es","@id":"https:\/\/www.euroresidentes.com\/salud\/#\/schema\/person\/image\/","url":"https:\/\/www.euroresidentes.com\/salud\/wp-content\/uploads\/2016\/07\/YO2-150x150.jpg","contentUrl":"https:\/\/www.euroresidentes.com\/salud\/wp-content\/uploads\/2016\/07\/YO2-150x150.jpg","caption":"Raquel Pomares"},"description":"Raquel PomaresBi\u00f3loga, doctora y divulgadora cient\u00edfica especializada en temas de salud.","sameAs":["https:\/\/www.euroresidentes.com\/salud\/raquel-pomares.html"],"url":"https:\/\/www.euroresidentes.com\/salud\/author\/raquel\/"}]}},"_links":{"self":[{"href":"https:\/\/www.euroresidentes.com\/salud\/wp-json\/wp\/v2\/posts\/725","targetHints":{"allow":["GET"]}}],"collection":[{"href":"https:\/\/www.euroresidentes.com\/salud\/wp-json\/wp\/v2\/posts"}],"about":[{"href":"https:\/\/www.euroresidentes.com\/salud\/wp-json\/wp\/v2\/types\/post"}],"author":[{"embeddable":true,"href":"https:\/\/www.euroresidentes.com\/salud\/wp-json\/wp\/v2\/users\/2"}],"replies":[{"embeddable":true,"href":"https:\/\/www.euroresidentes.com\/salud\/wp-json\/wp\/v2\/comments?post=725"}],"version-history":[{"count":7,"href":"https:\/\/www.euroresidentes.com\/salud\/wp-json\/wp\/v2\/posts\/725\/revisions"}],"predecessor-version":[{"id":5279,"href":"https:\/\/www.euroresidentes.com\/salud\/wp-json\/wp\/v2\/posts\/725\/revisions\/5279"}],"wp:featuredmedia":[{"embeddable":true,"href":"https:\/\/www.euroresidentes.com\/salud\/wp-json\/wp\/v2\/media\/4335"}],"wp:attachment":[{"href":"https:\/\/www.euroresidentes.com\/salud\/wp-json\/wp\/v2\/media?parent=725"}],"wp:term":[{"taxonomy":"category","embeddable":true,"href":"https:\/\/www.euroresidentes.com\/salud\/wp-json\/wp\/v2\/categories?post=725"},{"taxonomy":"post_tag","embeddable":true,"href":"https:\/\/www.euroresidentes.com\/salud\/wp-json\/wp\/v2\/tags?post=725"}],"curies":[{"name":"wp","href":"https:\/\/api.w.org\/{rel}","templated":true}]}}