 

{"id":700,"date":"2013-02-21T10:35:00","date_gmt":"2013-02-21T09:35:00","guid":{"rendered":"https:\/\/www.euroresidentes.com\/salud\/salud-ninos\/obesidad-de-padres-hijos"},"modified":"2018-06-27T12:49:50","modified_gmt":"2018-06-27T10:49:50","slug":"obesidad-de-padres-a-hijos","status":"publish","type":"post","link":"https:\/\/www.euroresidentes.com\/salud\/obesidad-de-padres-a-hijos\/","title":{"rendered":"Obesidad de padres a hijos"},"content":{"rendered":"<div class=\"separator\" style=\"clear: both;text-align: center\"><a style=\"margin-left: 1em;margin-right: 1em\" href=\"http:\/\/3.bp.blogspot.com\/-B57LtqbN9YY\/USX2XxEk6TI\/AAAAAAAABgo\/aNn6G5uh4tY\/s1600\/948308_98026226.jpg\"><img loading=\"lazy\" decoding=\"async\" title=\"Obesidad de padres a hijos\" src=\"https:\/\/euroresidentes.com\/salud\/wp-content\/uploads\/2013\/02\/948308_98026226.jpg\" alt=\"Obesidad de padres a hijos\" width=\"640\" height=\"456\" border=\"0\" \/><\/a><\/div>\n<div style=\"text-align: justify\">\u00a0<\/div>\n<div style=\"text-align: left\"><b>La obesidad en los padres en el momento de la concepci\u00f3n puede estar asociada con un mayor riesgo de desarrollar ciertos tipos de c\u00e1ncer en los ni\u00f1os.<\/b><\/div>\n<div style=\"text-align: left\">\u00a0<\/div>\n<div style=\"text-align: left\">Los estudios han demostrado que la nutrici\u00f3n y los factores ambientales durante el embarazo puede afectar a la salud de los ni\u00f1os, aumentando el riesgo de enfermedades cr\u00f3nicas. Sin embargo, un estudio reciente, publicado en la revista <i><a href=\"http:\/\/www.biomedcentral.com\/1741-7015\/11\/30\/abstract\">BMC Medicine<\/a><\/i>, sugiere que los factores de estilo de vida del padre pueden transmitirse a los hijos. Concretamente, la obesidad paterna puede alterar un mecanismo gen\u00e9tico en la siguiente generaci\u00f3n.<\/div>\n<div style=\"text-align: left\">\u00a0<\/div>\n<div style=\"text-align: left\">Los autores reunieron informaci\u00f3n sobre padres y madres a trav\u00e9s de cuestionarios y registros m\u00e9dicos, y luego examinaron el ADN de los cordones umbilicales de 79 reci\u00e9n nacidos para determinar la asociaci\u00f3n entre los patrones de metilaci\u00f3n del ADN en la descendencia y la obesidad de los padres antes de la concepci\u00f3n.<\/div>\n<div style=\"text-align: left\">\u00a0<\/div>\n<div style=\"text-align: left\">La metilaci\u00f3n del ADN regula la actividad de ciertos genes, que puede reflejar un mayor riesgo de algunas enfermedades. Una disminuci\u00f3n de la metilaci\u00f3n del ADN en el gen IGF2 se ha asociado con un mayor riesgo de desarrollar ciertos tipos de c\u00e1ncer, incluyendo c\u00e1ncer colorrectal y el c\u00e1ncer de ovario.<\/div>\n<div style=\"text-align: left\">\u00a0<\/div>\n<div style=\"text-align: left\">Encontraron que la metilaci\u00f3n del ADN en el gen IGF2 en los hijos de padres obesos fue significativamente menor que en los hijos de padres que no eran obesos. Esto sugiere que la obesidad paterna puede estar asociada con un mayor riesgo de desarrollar ciertos c\u00e1nceres en los ni\u00f1os.<\/div>\n<div style=\"text-align: left\">Estos cambios en la metilaci\u00f3n del ADN podr\u00eda haber sido el resultado de factores relacionados con la obesidad en los padres, como comer una dieta determinada o tener diabetes.<\/div>\n<div style=\"text-align: left\">\u00a0<\/div>\n<div style=\"text-align: left\">Se necesitan m\u00e1s investigaci\u00f3n para determinar si estos cambios en la metilaci\u00f3n del ADN en el gen IGF2 permanecen en los ni\u00f1os cuando crecen, y para saber si las mujeres que toman \u00e1cido f\u00f3lico durante el embarazo para\u00a0prevenir los defectos de nacimiento\u00a0podr\u00edan tambi\u00e9n evitar perfiles irregulares de metilaci\u00f3n.<\/div>\n<div style=\"text-align: left\">\u00a0<\/div>\n<div style=\"text-align: justify\">Moore GE y Stanier P. BMC Medicine (20123). <a href=\"http:\/\/www.biomedcentral.com\/1741-7015\/11\/30\/abstract\">Online<\/a>.<\/div>\n<div>\u00a0<\/div>\n<div style=\"text-align: justify\"><b>Temas relacionados con:\u00a0Obesidad de padres a hijos<\/b><\/p>\n<ul>\n<li><a href=\"http:\/\/salud-hoy.euroresidentes.com\/2012\/10\/padres-estresados-ninos-obesos.html\" target=\"_blank\" rel=\"noopener\">Padres estresados, ni\u00f1os obesos<\/a><\/li>\n<li><a href=\"http:\/\/adolescentes.euroresidentes.com\/2010\/06\/evitar-la-obesidad-infantil.html\" target=\"_blank\" rel=\"noopener\">Evitar la obesidad infantil<\/a><\/li>\n<li><a href=\"http:\/\/salud-ninos.euroresidentes.com\/2013\/02\/leche-baja-en-grasa-y-ninos.html\" target=\"_blank\" rel=\"noopener\">Leche baja en grasa y ni\u00f1os<\/a><\/li>\n<\/ul>\n<\/div>\n","protected":false},"excerpt":{"rendered":"<p>\u00a0 La obesidad en los padres en el momento de la concepci\u00f3n puede estar asociada con un mayor riesgo de desarrollar ciertos tipos de c\u00e1ncer en los ni\u00f1os. \u00a0 Los estudios han demostrado que la nutrici\u00f3n y los factores ambientales durante el embarazo puede afectar a la salud de los ni\u00f1os, aumentando el riesgo de enfermedades cr\u00f3nicas. Sin embargo, un estudio reciente, publicado en la revista BMC Medicine, sugiere que los factores de estilo de vida del padre pueden transmitirse a los hijos. Concretamente, la obesidad paterna puede alterar un mecanismo gen\u00e9tico en la siguiente generaci\u00f3n. \u00a0 Los autores reunieron <\/p>\n","protected":false},"author":2,"featured_media":4304,"comment_status":"open","ping_status":"open","sticky":false,"template":"","format":"standard","meta":{"footnotes":""},"categories":[10],"tags":[],"class_list":["post-700","post","type-post","status-publish","format-standard","has-post-thumbnail","hentry","category-ninos","has_thumb"],"yoast_head":"<!-- This site is optimized with the Yoast SEO plugin v26.8 - https:\/\/yoast.com\/product\/yoast-seo-wordpress\/ -->\n<title>Obesidad de padres a hijos - Salud<\/title>\n<meta name=\"robots\" content=\"index, follow, max-snippet:-1, max-image-preview:large, max-video-preview:-1\" \/>\n<link rel=\"canonical\" href=\"https:\/\/www.euroresidentes.com\/salud\/obesidad-de-padres-a-hijos\/\" \/>\n<meta property=\"og:locale\" content=\"es_ES\" \/>\n<meta property=\"og:type\" content=\"article\" \/>\n<meta property=\"og:title\" content=\"Obesidad de padres a hijos - Salud\" \/>\n<meta property=\"og:description\" content=\"\u00a0 La obesidad en los padres en el momento de la concepci\u00f3n puede estar asociada con un mayor riesgo de desarrollar ciertos tipos de c\u00e1ncer en los ni\u00f1os. \u00a0 Los estudios han demostrado que la nutrici\u00f3n y los factores ambientales durante el embarazo puede afectar a la salud de los ni\u00f1os, aumentando el riesgo de enfermedades cr\u00f3nicas. Sin embargo, un estudio reciente, publicado en la revista BMC Medicine, sugiere que los factores de estilo de vida del padre pueden transmitirse a los hijos. Concretamente, la obesidad paterna puede alterar un mecanismo gen\u00e9tico en la siguiente generaci\u00f3n. \u00a0 Los autores reunieron\" \/>\n<meta property=\"og:url\" content=\"https:\/\/www.euroresidentes.com\/salud\/obesidad-de-padres-a-hijos\/\" \/>\n<meta property=\"og:site_name\" content=\"Salud\" \/>\n<meta property=\"article:published_time\" content=\"2013-02-21T09:35:00+00:00\" \/>\n<meta property=\"article:modified_time\" content=\"2018-06-27T10:49:50+00:00\" \/>\n<meta property=\"og:image\" content=\"https:\/\/www.euroresidentes.com\/salud\/wp-content\/uploads\/2013\/02\/948308_98026226.jpg\" \/>\n\t<meta property=\"og:image:width\" content=\"640\" \/>\n\t<meta property=\"og:image:height\" content=\"457\" \/>\n\t<meta property=\"og:image:type\" content=\"image\/jpeg\" \/>\n<meta name=\"author\" content=\"Raquel Pomares\" \/>\n<meta name=\"twitter:label1\" content=\"Written by\" \/>\n\t<meta name=\"twitter:data1\" content=\"Raquel Pomares\" \/>\n\t<meta name=\"twitter:label2\" content=\"Est. reading time\" \/>\n\t<meta name=\"twitter:data2\" content=\"2 minutos\" \/>\n<script type=\"application\/ld+json\" class=\"yoast-schema-graph\">{\"@context\":\"https:\/\/schema.org\",\"@graph\":[{\"@type\":\"Article\",\"@id\":\"https:\/\/www.euroresidentes.com\/salud\/obesidad-de-padres-a-hijos\/#article\",\"isPartOf\":{\"@id\":\"https:\/\/www.euroresidentes.com\/salud\/obesidad-de-padres-a-hijos\/\"},\"author\":{\"name\":\"Raquel Pomares\",\"@id\":\"https:\/\/www.euroresidentes.com\/salud\/#\/schema\/person\/c0299534643677f2282b416ac1fe97f1\"},\"headline\":\"Obesidad de padres a hijos\",\"datePublished\":\"2013-02-21T09:35:00+00:00\",\"dateModified\":\"2018-06-27T10:49:50+00:00\",\"mainEntityOfPage\":{\"@id\":\"https:\/\/www.euroresidentes.com\/salud\/obesidad-de-padres-a-hijos\/\"},\"wordCount\":395,\"commentCount\":0,\"image\":{\"@id\":\"https:\/\/www.euroresidentes.com\/salud\/obesidad-de-padres-a-hijos\/#primaryimage\"},\"thumbnailUrl\":\"https:\/\/www.euroresidentes.com\/salud\/wp-content\/uploads\/2013\/02\/948308_98026226.jpg\",\"articleSection\":[\"Ni\u00f1os\"],\"inLanguage\":\"es\",\"potentialAction\":[{\"@type\":\"CommentAction\",\"name\":\"Comment\",\"target\":[\"https:\/\/www.euroresidentes.com\/salud\/obesidad-de-padres-a-hijos\/#respond\"]}]},{\"@type\":\"WebPage\",\"@id\":\"https:\/\/www.euroresidentes.com\/salud\/obesidad-de-padres-a-hijos\/\",\"url\":\"https:\/\/www.euroresidentes.com\/salud\/obesidad-de-padres-a-hijos\/\",\"name\":\"Obesidad de padres a hijos - Salud\",\"isPartOf\":{\"@id\":\"https:\/\/www.euroresidentes.com\/salud\/#website\"},\"primaryImageOfPage\":{\"@id\":\"https:\/\/www.euroresidentes.com\/salud\/obesidad-de-padres-a-hijos\/#primaryimage\"},\"image\":{\"@id\":\"https:\/\/www.euroresidentes.com\/salud\/obesidad-de-padres-a-hijos\/#primaryimage\"},\"thumbnailUrl\":\"https:\/\/www.euroresidentes.com\/salud\/wp-content\/uploads\/2013\/02\/948308_98026226.jpg\",\"datePublished\":\"2013-02-21T09:35:00+00:00\",\"dateModified\":\"2018-06-27T10:49:50+00:00\",\"author\":{\"@id\":\"https:\/\/www.euroresidentes.com\/salud\/#\/schema\/person\/c0299534643677f2282b416ac1fe97f1\"},\"breadcrumb\":{\"@id\":\"https:\/\/www.euroresidentes.com\/salud\/obesidad-de-padres-a-hijos\/#breadcrumb\"},\"inLanguage\":\"es\",\"potentialAction\":[{\"@type\":\"ReadAction\",\"target\":[\"https:\/\/www.euroresidentes.com\/salud\/obesidad-de-padres-a-hijos\/\"]}]},{\"@type\":\"ImageObject\",\"inLanguage\":\"es\",\"@id\":\"https:\/\/www.euroresidentes.com\/salud\/obesidad-de-padres-a-hijos\/#primaryimage\",\"url\":\"https:\/\/www.euroresidentes.com\/salud\/wp-content\/uploads\/2013\/02\/948308_98026226.jpg\",\"contentUrl\":\"https:\/\/www.euroresidentes.com\/salud\/wp-content\/uploads\/2013\/02\/948308_98026226.jpg\",\"width\":640,\"height\":457,\"caption\":\"Obesidad de padres a hijos\"},{\"@type\":\"BreadcrumbList\",\"@id\":\"https:\/\/www.euroresidentes.com\/salud\/obesidad-de-padres-a-hijos\/#breadcrumb\",\"itemListElement\":[{\"@type\":\"ListItem\",\"position\":1,\"name\":\"Portada\",\"item\":\"https:\/\/www.euroresidentes.com\/salud\/\"},{\"@type\":\"ListItem\",\"position\":2,\"name\":\"Obesidad de padres a hijos\"}]},{\"@type\":\"WebSite\",\"@id\":\"https:\/\/www.euroresidentes.com\/salud\/#website\",\"url\":\"https:\/\/www.euroresidentes.com\/salud\/\",\"name\":\"Salud\",\"description\":\"Consejos para el cuidado de la salud, vida sana, h\u00e1bitos saludables\",\"potentialAction\":[{\"@type\":\"SearchAction\",\"target\":{\"@type\":\"EntryPoint\",\"urlTemplate\":\"https:\/\/www.euroresidentes.com\/salud\/?s={search_term_string}\"},\"query-input\":{\"@type\":\"PropertyValueSpecification\",\"valueRequired\":true,\"valueName\":\"search_term_string\"}}],\"inLanguage\":\"es\"},{\"@type\":\"Person\",\"@id\":\"https:\/\/www.euroresidentes.com\/salud\/#\/schema\/person\/c0299534643677f2282b416ac1fe97f1\",\"name\":\"Raquel Pomares\",\"image\":{\"@type\":\"ImageObject\",\"inLanguage\":\"es\",\"@id\":\"https:\/\/www.euroresidentes.com\/salud\/#\/schema\/person\/image\/\",\"url\":\"https:\/\/www.euroresidentes.com\/salud\/wp-content\/uploads\/2016\/07\/YO2-150x150.jpg\",\"contentUrl\":\"https:\/\/www.euroresidentes.com\/salud\/wp-content\/uploads\/2016\/07\/YO2-150x150.jpg\",\"caption\":\"Raquel Pomares\"},\"description\":\"Raquel PomaresBi\u00f3loga, doctora y divulgadora cient\u00edfica especializada en temas de salud.\",\"sameAs\":[\"https:\/\/www.euroresidentes.com\/salud\/raquel-pomares.html\"],\"url\":\"https:\/\/www.euroresidentes.com\/salud\/author\/raquel\/\"}]}<\/script>\n<!-- \/ Yoast SEO plugin. -->","yoast_head_json":{"title":"Obesidad de padres a hijos - Salud","robots":{"index":"index","follow":"follow","max-snippet":"max-snippet:-1","max-image-preview":"max-image-preview:large","max-video-preview":"max-video-preview:-1"},"canonical":"https:\/\/www.euroresidentes.com\/salud\/obesidad-de-padres-a-hijos\/","og_locale":"es_ES","og_type":"article","og_title":"Obesidad de padres a hijos - Salud","og_description":"\u00a0 La obesidad en los padres en el momento de la concepci\u00f3n puede estar asociada con un mayor riesgo de desarrollar ciertos tipos de c\u00e1ncer en los ni\u00f1os. \u00a0 Los estudios han demostrado que la nutrici\u00f3n y los factores ambientales durante el embarazo puede afectar a la salud de los ni\u00f1os, aumentando el riesgo de enfermedades cr\u00f3nicas. Sin embargo, un estudio reciente, publicado en la revista BMC Medicine, sugiere que los factores de estilo de vida del padre pueden transmitirse a los hijos. Concretamente, la obesidad paterna puede alterar un mecanismo gen\u00e9tico en la siguiente generaci\u00f3n. \u00a0 Los autores reunieron","og_url":"https:\/\/www.euroresidentes.com\/salud\/obesidad-de-padres-a-hijos\/","og_site_name":"Salud","article_published_time":"2013-02-21T09:35:00+00:00","article_modified_time":"2018-06-27T10:49:50+00:00","og_image":[{"width":640,"height":457,"url":"https:\/\/www.euroresidentes.com\/salud\/wp-content\/uploads\/2013\/02\/948308_98026226.jpg","type":"image\/jpeg"}],"author":"Raquel Pomares","twitter_misc":{"Written by":"Raquel Pomares","Est. reading time":"2 minutos"},"schema":{"@context":"https:\/\/schema.org","@graph":[{"@type":"Article","@id":"https:\/\/www.euroresidentes.com\/salud\/obesidad-de-padres-a-hijos\/#article","isPartOf":{"@id":"https:\/\/www.euroresidentes.com\/salud\/obesidad-de-padres-a-hijos\/"},"author":{"name":"Raquel Pomares","@id":"https:\/\/www.euroresidentes.com\/salud\/#\/schema\/person\/c0299534643677f2282b416ac1fe97f1"},"headline":"Obesidad de padres a hijos","datePublished":"2013-02-21T09:35:00+00:00","dateModified":"2018-06-27T10:49:50+00:00","mainEntityOfPage":{"@id":"https:\/\/www.euroresidentes.com\/salud\/obesidad-de-padres-a-hijos\/"},"wordCount":395,"commentCount":0,"image":{"@id":"https:\/\/www.euroresidentes.com\/salud\/obesidad-de-padres-a-hijos\/#primaryimage"},"thumbnailUrl":"https:\/\/www.euroresidentes.com\/salud\/wp-content\/uploads\/2013\/02\/948308_98026226.jpg","articleSection":["Ni\u00f1os"],"inLanguage":"es","potentialAction":[{"@type":"CommentAction","name":"Comment","target":["https:\/\/www.euroresidentes.com\/salud\/obesidad-de-padres-a-hijos\/#respond"]}]},{"@type":"WebPage","@id":"https:\/\/www.euroresidentes.com\/salud\/obesidad-de-padres-a-hijos\/","url":"https:\/\/www.euroresidentes.com\/salud\/obesidad-de-padres-a-hijos\/","name":"Obesidad de padres a hijos - Salud","isPartOf":{"@id":"https:\/\/www.euroresidentes.com\/salud\/#website"},"primaryImageOfPage":{"@id":"https:\/\/www.euroresidentes.com\/salud\/obesidad-de-padres-a-hijos\/#primaryimage"},"image":{"@id":"https:\/\/www.euroresidentes.com\/salud\/obesidad-de-padres-a-hijos\/#primaryimage"},"thumbnailUrl":"https:\/\/www.euroresidentes.com\/salud\/wp-content\/uploads\/2013\/02\/948308_98026226.jpg","datePublished":"2013-02-21T09:35:00+00:00","dateModified":"2018-06-27T10:49:50+00:00","author":{"@id":"https:\/\/www.euroresidentes.com\/salud\/#\/schema\/person\/c0299534643677f2282b416ac1fe97f1"},"breadcrumb":{"@id":"https:\/\/www.euroresidentes.com\/salud\/obesidad-de-padres-a-hijos\/#breadcrumb"},"inLanguage":"es","potentialAction":[{"@type":"ReadAction","target":["https:\/\/www.euroresidentes.com\/salud\/obesidad-de-padres-a-hijos\/"]}]},{"@type":"ImageObject","inLanguage":"es","@id":"https:\/\/www.euroresidentes.com\/salud\/obesidad-de-padres-a-hijos\/#primaryimage","url":"https:\/\/www.euroresidentes.com\/salud\/wp-content\/uploads\/2013\/02\/948308_98026226.jpg","contentUrl":"https:\/\/www.euroresidentes.com\/salud\/wp-content\/uploads\/2013\/02\/948308_98026226.jpg","width":640,"height":457,"caption":"Obesidad de padres a hijos"},{"@type":"BreadcrumbList","@id":"https:\/\/www.euroresidentes.com\/salud\/obesidad-de-padres-a-hijos\/#breadcrumb","itemListElement":[{"@type":"ListItem","position":1,"name":"Portada","item":"https:\/\/www.euroresidentes.com\/salud\/"},{"@type":"ListItem","position":2,"name":"Obesidad de padres a hijos"}]},{"@type":"WebSite","@id":"https:\/\/www.euroresidentes.com\/salud\/#website","url":"https:\/\/www.euroresidentes.com\/salud\/","name":"Salud","description":"Consejos para el cuidado de la salud, vida sana, h\u00e1bitos saludables","potentialAction":[{"@type":"SearchAction","target":{"@type":"EntryPoint","urlTemplate":"https:\/\/www.euroresidentes.com\/salud\/?s={search_term_string}"},"query-input":{"@type":"PropertyValueSpecification","valueRequired":true,"valueName":"search_term_string"}}],"inLanguage":"es"},{"@type":"Person","@id":"https:\/\/www.euroresidentes.com\/salud\/#\/schema\/person\/c0299534643677f2282b416ac1fe97f1","name":"Raquel Pomares","image":{"@type":"ImageObject","inLanguage":"es","@id":"https:\/\/www.euroresidentes.com\/salud\/#\/schema\/person\/image\/","url":"https:\/\/www.euroresidentes.com\/salud\/wp-content\/uploads\/2016\/07\/YO2-150x150.jpg","contentUrl":"https:\/\/www.euroresidentes.com\/salud\/wp-content\/uploads\/2016\/07\/YO2-150x150.jpg","caption":"Raquel Pomares"},"description":"Raquel PomaresBi\u00f3loga, doctora y divulgadora cient\u00edfica especializada en temas de salud.","sameAs":["https:\/\/www.euroresidentes.com\/salud\/raquel-pomares.html"],"url":"https:\/\/www.euroresidentes.com\/salud\/author\/raquel\/"}]}},"_links":{"self":[{"href":"https:\/\/www.euroresidentes.com\/salud\/wp-json\/wp\/v2\/posts\/700","targetHints":{"allow":["GET"]}}],"collection":[{"href":"https:\/\/www.euroresidentes.com\/salud\/wp-json\/wp\/v2\/posts"}],"about":[{"href":"https:\/\/www.euroresidentes.com\/salud\/wp-json\/wp\/v2\/types\/post"}],"author":[{"embeddable":true,"href":"https:\/\/www.euroresidentes.com\/salud\/wp-json\/wp\/v2\/users\/2"}],"replies":[{"embeddable":true,"href":"https:\/\/www.euroresidentes.com\/salud\/wp-json\/wp\/v2\/comments?post=700"}],"version-history":[{"count":2,"href":"https:\/\/www.euroresidentes.com\/salud\/wp-json\/wp\/v2\/posts\/700\/revisions"}],"predecessor-version":[{"id":5303,"href":"https:\/\/www.euroresidentes.com\/salud\/wp-json\/wp\/v2\/posts\/700\/revisions\/5303"}],"wp:featuredmedia":[{"embeddable":true,"href":"https:\/\/www.euroresidentes.com\/salud\/wp-json\/wp\/v2\/media\/4304"}],"wp:attachment":[{"href":"https:\/\/www.euroresidentes.com\/salud\/wp-json\/wp\/v2\/media?parent=700"}],"wp:term":[{"taxonomy":"category","embeddable":true,"href":"https:\/\/www.euroresidentes.com\/salud\/wp-json\/wp\/v2\/categories?post=700"},{"taxonomy":"post_tag","embeddable":true,"href":"https:\/\/www.euroresidentes.com\/salud\/wp-json\/wp\/v2\/tags?post=700"}],"curies":[{"name":"wp","href":"https:\/\/api.w.org\/{rel}","templated":true}]}}