 

{"id":697,"date":"2013-03-01T10:28:00","date_gmt":"2013-03-01T10:28:00","guid":{"rendered":"https:\/\/www.euroresidentes.com\/salud\/salud-ninos\/sueno-y-bebes"},"modified":"2018-06-04T12:22:15","modified_gmt":"2018-06-04T10:22:15","slug":"sueno-y-bebes","status":"publish","type":"post","link":"https:\/\/www.euroresidentes.com\/salud\/sueno-y-bebes\/","title":{"rendered":"Sue\u00f1o y beb\u00e9s"},"content":{"rendered":"<div class=\"separator\" style=\"clear: both;text-align: center\"><a style=\"margin-left: 1em;margin-right: 1em\" href=\"http:\/\/2.bp.blogspot.com\/-9VscLg0D9qM\/UTB9npWJjnI\/AAAAAAAABmo\/WjZTqQhkU0Y\/s1600\/177768_3856.jpg\"><img loading=\"lazy\" decoding=\"async\" title=\"Sue\u00f1o y beb\u00e9s\" src=\"https:\/\/euroresidentes.com\/salud\/wp-content\/uploads\/2013\/03\/177768_3856.jpg\" alt='Sue\u00f1o y beb\u00e9s' width=\"640\" height=\"480\" border=\"0\" \/><\/a><\/div>\n<div style=\"text-align: justify\"><\/div>\n<div style=\"text-align: justify\"><b>Los beb\u00e9s con problemas de sue\u00f1o son m\u00e1s propensos a convertirse en ni\u00f1os con problemas de sue\u00f1o.<\/b><\/div>\n<div style=\"text-align: justify\"><\/div>\n<div style=\"text-align: justify\">En un estudio, publicado en la revista <i><a href=\"http:\/\/pediatrics.aappublications.org\/content\/early\/2012\/01\/02\/peds.2011-0372.full.pdf+html\">Pediatrics<\/a><\/i>, se sigui\u00f3 a parejas mam\u00e1-beb\u00e9 durante tres a\u00f1os para determinar si los problemas de sue\u00f1o eran persistentes en los ni\u00f1os. Comprobaron que los ni\u00f1os que se despiertan con frecuencia o duermen muy poco a los 6, 12 o 24 meses ten\u00edan entre 3 y 5 veces m\u00e1s probabilidad de seguir durmiendo igual a los 2 a\u00f1os.<\/div>\n<div style=\"text-align: justify\"><\/div>\n<div style=\"text-align: justify\">Un estudio previo, tambi\u00e9n publicado en la revista <i><a href=\"http:\/\/pediatrics.aappublications.org\/content\/80\/5\/664.short\">Pediatrics<\/a><\/i>, encontr\u00f3 que los beb\u00e9s con problemas de sue\u00f1o, que se definen como los que necesitan m\u00e1s de una hora para conciliar el sue\u00f1o o los que se despiertan por lo menos tres veces cada noche, a los 8 meses de edad tuvieron\u00a0aproximadamente el doble de probabilidad de tener los mismos problemas con el sue\u00f1o cuando crecieron.<\/div>\n<div style=\"text-align: justify\"><\/div>\n<div style=\"text-align: justify\">Aunque estos datos pueden resultar desalentadores, ahora un nuevo estudio muestra que aproximadamente el 30% de los beb\u00e9s y ni\u00f1os peque\u00f1os con problemas de sue\u00f1o siguen durmiendo mal cuando tienen uno o dos a\u00f1os. Pero, esto significa que el 70% de los beb\u00e9s comienzan a dormir mucho mejor a la edad preescolar. Es decir, <u><i>es muy probable que los ni\u00f1os que duermen mal acaben durmiendo bien<\/i><\/u>.<\/div>\n<div style=\"text-align: justify\"><\/div>\n<div style=\"text-align: justify\">De hecho, un <a href=\"http:\/\/pediatrics.aappublications.org\/content\/117\/3\/836.full.pdf\">estudio<\/a> realizado en 2006 encontr\u00f3 que la mayor\u00eda de los ni\u00f1os entre los 8 y 24 meses comienzan a dormir mejor, y s\u00f3lo el 6% tiene\u00a0problemas de sue\u00f1o persistentes.<\/div>\n<div style=\"text-align: justify\"><\/div>\n<div style=\"text-align: justify\">Pero siempre surge la pregunta de si estos problemas de sue\u00f1o se deben a la naturaleza propia del ni\u00f1o o al tipo de crianza.<\/div>\n<div style=\"text-align: justify\">En el caso de los ni\u00f1os que aunque crezcan siguen teniendo problemas para dormir, probablemente el temperamento y la personalidad del ni\u00f1o tienen parte de la culpa, pero el ambiente tambi\u00e9n influye. La falta de una rutina de sue\u00f1o tambi\u00e9n puede interponerse a la hora de conseguir que el ni\u00f1o descanse toda la noche tanto cuando es un beb\u00e9 como durante la edad preescolar.<\/div>\n<div style=\"text-align: justify\"><\/div>\n<div style=\"text-align: justify\">Una cosa son los problemas de sue\u00f1o t\u00edpicos, como resistencia a la hora de dormir o el despertarse muchas veces durante la noche, pero en ocasiones pueden existir problemas cl\u00ednicos que no se pueden ignorar. Los ni\u00f1os con problemas de sue\u00f1o persistentes, por ejemplo, los que est\u00e1n cr\u00f3nicamente privados de sue\u00f1o y duermen muy pocas horas cada noche tienen un mayor riesgo de problemas de conducta, e incluso de obesidad y diabetes.<b>Temas relacionados con:\u00a0Sue\u00f1o y beb\u00e9s<\/b><\/p>\n<ul>\n<li><a href=\"http:\/\/salud-ninos.euroresidentes.com\/2013\/01\/cuanto-tiempo-necesita-dormir-un-nino.html\" target=\"_blank\">\u00bfCuanto tiempo necesita dormir un ni\u00f1o?<\/a><\/li>\n<li style=\"margin: 0px 0px 0.25em;padding: 0px\"><a href=\"http:\/\/www.euroresidentes.com\/suenos\/problemas_dormir_ninos.htm\" target=\"_blank\">\u00bfCu\u00e1ntas horas de sue\u00f1o son necesarias en un ni\u00f1o sano?<\/a><\/li>\n<li style=\"margin: 0px 0px 0.25em;padding: 0px\"><a href=\"http:\/\/www.euroresidentes.com\/suenos\/trastornos_sueno_ninos.htm\" target=\"_blank\">Trastornos del sue\u00f1o en los ni\u00f1os<\/a><\/li>\n<\/ul>\n<\/div>\n","protected":false},"excerpt":{"rendered":"<p>Los beb\u00e9s con problemas de sue\u00f1o son m\u00e1s propensos a convertirse en ni\u00f1os con problemas de sue\u00f1o. En un estudio, publicado en la revista Pediatrics, se sigui\u00f3 a parejas mam\u00e1-beb\u00e9 durante tres a\u00f1os para determinar si los problemas de sue\u00f1o eran persistentes en los ni\u00f1os. Comprobaron que los ni\u00f1os que se despiertan con frecuencia o duermen muy poco a los 6, 12 o 24 meses ten\u00edan entre 3 y 5 veces m\u00e1s probabilidad de seguir durmiendo igual a los 2 a\u00f1os. Un estudio previo, tambi\u00e9n publicado en la revista Pediatrics, encontr\u00f3 que los beb\u00e9s con problemas de sue\u00f1o, que se <\/p>\n","protected":false},"author":2,"featured_media":2413,"comment_status":"open","ping_status":"open","sticky":false,"template":"","format":"standard","meta":{"footnotes":""},"categories":[10],"tags":[],"class_list":["post-697","post","type-post","status-publish","format-standard","has-post-thumbnail","hentry","category-ninos","has_thumb"],"yoast_head":"<!-- This site is optimized with the Yoast SEO plugin v26.8 - https:\/\/yoast.com\/product\/yoast-seo-wordpress\/ -->\n<title>Sue\u00f1o y beb\u00e9s - Salud<\/title>\n<meta name=\"robots\" content=\"index, follow, max-snippet:-1, max-image-preview:large, max-video-preview:-1\" \/>\n<link rel=\"canonical\" href=\"https:\/\/www.euroresidentes.com\/salud\/sueno-y-bebes\/\" \/>\n<meta property=\"og:locale\" content=\"es_ES\" \/>\n<meta property=\"og:type\" content=\"article\" \/>\n<meta property=\"og:title\" content=\"Sue\u00f1o y beb\u00e9s - Salud\" \/>\n<meta property=\"og:description\" content=\"Los beb\u00e9s con problemas de sue\u00f1o son m\u00e1s propensos a convertirse en ni\u00f1os con problemas de sue\u00f1o. En un estudio, publicado en la revista Pediatrics, se sigui\u00f3 a parejas mam\u00e1-beb\u00e9 durante tres a\u00f1os para determinar si los problemas de sue\u00f1o eran persistentes en los ni\u00f1os. Comprobaron que los ni\u00f1os que se despiertan con frecuencia o duermen muy poco a los 6, 12 o 24 meses ten\u00edan entre 3 y 5 veces m\u00e1s probabilidad de seguir durmiendo igual a los 2 a\u00f1os. Un estudio previo, tambi\u00e9n publicado en la revista Pediatrics, encontr\u00f3 que los beb\u00e9s con problemas de sue\u00f1o, que se\" \/>\n<meta property=\"og:url\" content=\"https:\/\/www.euroresidentes.com\/salud\/sueno-y-bebes\/\" \/>\n<meta property=\"og:site_name\" content=\"Salud\" \/>\n<meta property=\"article:published_time\" content=\"2013-03-01T10:28:00+00:00\" \/>\n<meta property=\"article:modified_time\" content=\"2018-06-04T10:22:15+00:00\" \/>\n<meta property=\"og:image\" content=\"https:\/\/www.euroresidentes.com\/salud\/wp-content\/uploads\/2014\/11\/ligadura-embarazo-euroresidentes.jpg\" \/>\n\t<meta property=\"og:image:width\" content=\"700\" \/>\n\t<meta property=\"og:image:height\" content=\"525\" \/>\n\t<meta property=\"og:image:type\" content=\"image\/jpeg\" \/>\n<meta name=\"author\" content=\"Raquel Pomares\" \/>\n<meta name=\"twitter:label1\" content=\"Written by\" \/>\n\t<meta name=\"twitter:data1\" content=\"Raquel Pomares\" \/>\n\t<meta name=\"twitter:label2\" content=\"Est. reading time\" \/>\n\t<meta name=\"twitter:data2\" content=\"2 minutos\" \/>\n<script type=\"application\/ld+json\" class=\"yoast-schema-graph\">{\"@context\":\"https:\/\/schema.org\",\"@graph\":[{\"@type\":\"Article\",\"@id\":\"https:\/\/www.euroresidentes.com\/salud\/sueno-y-bebes\/#article\",\"isPartOf\":{\"@id\":\"https:\/\/www.euroresidentes.com\/salud\/sueno-y-bebes\/\"},\"author\":{\"name\":\"Raquel Pomares\",\"@id\":\"https:\/\/www.euroresidentes.com\/salud\/#\/schema\/person\/c0299534643677f2282b416ac1fe97f1\"},\"headline\":\"Sue\u00f1o y beb\u00e9s\",\"datePublished\":\"2013-03-01T10:28:00+00:00\",\"dateModified\":\"2018-06-04T10:22:15+00:00\",\"mainEntityOfPage\":{\"@id\":\"https:\/\/www.euroresidentes.com\/salud\/sueno-y-bebes\/\"},\"wordCount\":480,\"commentCount\":0,\"image\":{\"@id\":\"https:\/\/www.euroresidentes.com\/salud\/sueno-y-bebes\/#primaryimage\"},\"thumbnailUrl\":\"https:\/\/www.euroresidentes.com\/salud\/wp-content\/uploads\/2014\/11\/ligadura-embarazo-euroresidentes.jpg\",\"articleSection\":[\"Ni\u00f1os\"],\"inLanguage\":\"es\",\"potentialAction\":[{\"@type\":\"CommentAction\",\"name\":\"Comment\",\"target\":[\"https:\/\/www.euroresidentes.com\/salud\/sueno-y-bebes\/#respond\"]}]},{\"@type\":\"WebPage\",\"@id\":\"https:\/\/www.euroresidentes.com\/salud\/sueno-y-bebes\/\",\"url\":\"https:\/\/www.euroresidentes.com\/salud\/sueno-y-bebes\/\",\"name\":\"Sue\u00f1o y beb\u00e9s - Salud\",\"isPartOf\":{\"@id\":\"https:\/\/www.euroresidentes.com\/salud\/#website\"},\"primaryImageOfPage\":{\"@id\":\"https:\/\/www.euroresidentes.com\/salud\/sueno-y-bebes\/#primaryimage\"},\"image\":{\"@id\":\"https:\/\/www.euroresidentes.com\/salud\/sueno-y-bebes\/#primaryimage\"},\"thumbnailUrl\":\"https:\/\/www.euroresidentes.com\/salud\/wp-content\/uploads\/2014\/11\/ligadura-embarazo-euroresidentes.jpg\",\"datePublished\":\"2013-03-01T10:28:00+00:00\",\"dateModified\":\"2018-06-04T10:22:15+00:00\",\"author\":{\"@id\":\"https:\/\/www.euroresidentes.com\/salud\/#\/schema\/person\/c0299534643677f2282b416ac1fe97f1\"},\"breadcrumb\":{\"@id\":\"https:\/\/www.euroresidentes.com\/salud\/sueno-y-bebes\/#breadcrumb\"},\"inLanguage\":\"es\",\"potentialAction\":[{\"@type\":\"ReadAction\",\"target\":[\"https:\/\/www.euroresidentes.com\/salud\/sueno-y-bebes\/\"]}]},{\"@type\":\"ImageObject\",\"inLanguage\":\"es\",\"@id\":\"https:\/\/www.euroresidentes.com\/salud\/sueno-y-bebes\/#primaryimage\",\"url\":\"https:\/\/www.euroresidentes.com\/salud\/wp-content\/uploads\/2014\/11\/ligadura-embarazo-euroresidentes.jpg\",\"contentUrl\":\"https:\/\/www.euroresidentes.com\/salud\/wp-content\/uploads\/2014\/11\/ligadura-embarazo-euroresidentes.jpg\",\"width\":700,\"height\":525},{\"@type\":\"BreadcrumbList\",\"@id\":\"https:\/\/www.euroresidentes.com\/salud\/sueno-y-bebes\/#breadcrumb\",\"itemListElement\":[{\"@type\":\"ListItem\",\"position\":1,\"name\":\"Portada\",\"item\":\"https:\/\/www.euroresidentes.com\/salud\/\"},{\"@type\":\"ListItem\",\"position\":2,\"name\":\"Sue\u00f1o y beb\u00e9s\"}]},{\"@type\":\"WebSite\",\"@id\":\"https:\/\/www.euroresidentes.com\/salud\/#website\",\"url\":\"https:\/\/www.euroresidentes.com\/salud\/\",\"name\":\"Salud\",\"description\":\"Consejos para el cuidado de la salud, vida sana, h\u00e1bitos saludables\",\"potentialAction\":[{\"@type\":\"SearchAction\",\"target\":{\"@type\":\"EntryPoint\",\"urlTemplate\":\"https:\/\/www.euroresidentes.com\/salud\/?s={search_term_string}\"},\"query-input\":{\"@type\":\"PropertyValueSpecification\",\"valueRequired\":true,\"valueName\":\"search_term_string\"}}],\"inLanguage\":\"es\"},{\"@type\":\"Person\",\"@id\":\"https:\/\/www.euroresidentes.com\/salud\/#\/schema\/person\/c0299534643677f2282b416ac1fe97f1\",\"name\":\"Raquel Pomares\",\"image\":{\"@type\":\"ImageObject\",\"inLanguage\":\"es\",\"@id\":\"https:\/\/www.euroresidentes.com\/salud\/#\/schema\/person\/image\/\",\"url\":\"https:\/\/www.euroresidentes.com\/salud\/wp-content\/uploads\/2016\/07\/YO2-150x150.jpg\",\"contentUrl\":\"https:\/\/www.euroresidentes.com\/salud\/wp-content\/uploads\/2016\/07\/YO2-150x150.jpg\",\"caption\":\"Raquel Pomares\"},\"description\":\"Raquel PomaresBi\u00f3loga, doctora y divulgadora cient\u00edfica especializada en temas de salud.\",\"sameAs\":[\"https:\/\/www.euroresidentes.com\/salud\/raquel-pomares.html\"],\"url\":\"https:\/\/www.euroresidentes.com\/salud\/author\/raquel\/\"}]}<\/script>\n<!-- \/ Yoast SEO plugin. -->","yoast_head_json":{"title":"Sue\u00f1o y beb\u00e9s - Salud","robots":{"index":"index","follow":"follow","max-snippet":"max-snippet:-1","max-image-preview":"max-image-preview:large","max-video-preview":"max-video-preview:-1"},"canonical":"https:\/\/www.euroresidentes.com\/salud\/sueno-y-bebes\/","og_locale":"es_ES","og_type":"article","og_title":"Sue\u00f1o y beb\u00e9s - Salud","og_description":"Los beb\u00e9s con problemas de sue\u00f1o son m\u00e1s propensos a convertirse en ni\u00f1os con problemas de sue\u00f1o. En un estudio, publicado en la revista Pediatrics, se sigui\u00f3 a parejas mam\u00e1-beb\u00e9 durante tres a\u00f1os para determinar si los problemas de sue\u00f1o eran persistentes en los ni\u00f1os. Comprobaron que los ni\u00f1os que se despiertan con frecuencia o duermen muy poco a los 6, 12 o 24 meses ten\u00edan entre 3 y 5 veces m\u00e1s probabilidad de seguir durmiendo igual a los 2 a\u00f1os. Un estudio previo, tambi\u00e9n publicado en la revista Pediatrics, encontr\u00f3 que los beb\u00e9s con problemas de sue\u00f1o, que se","og_url":"https:\/\/www.euroresidentes.com\/salud\/sueno-y-bebes\/","og_site_name":"Salud","article_published_time":"2013-03-01T10:28:00+00:00","article_modified_time":"2018-06-04T10:22:15+00:00","og_image":[{"width":700,"height":525,"url":"https:\/\/www.euroresidentes.com\/salud\/wp-content\/uploads\/2014\/11\/ligadura-embarazo-euroresidentes.jpg","type":"image\/jpeg"}],"author":"Raquel Pomares","twitter_misc":{"Written by":"Raquel Pomares","Est. reading time":"2 minutos"},"schema":{"@context":"https:\/\/schema.org","@graph":[{"@type":"Article","@id":"https:\/\/www.euroresidentes.com\/salud\/sueno-y-bebes\/#article","isPartOf":{"@id":"https:\/\/www.euroresidentes.com\/salud\/sueno-y-bebes\/"},"author":{"name":"Raquel Pomares","@id":"https:\/\/www.euroresidentes.com\/salud\/#\/schema\/person\/c0299534643677f2282b416ac1fe97f1"},"headline":"Sue\u00f1o y beb\u00e9s","datePublished":"2013-03-01T10:28:00+00:00","dateModified":"2018-06-04T10:22:15+00:00","mainEntityOfPage":{"@id":"https:\/\/www.euroresidentes.com\/salud\/sueno-y-bebes\/"},"wordCount":480,"commentCount":0,"image":{"@id":"https:\/\/www.euroresidentes.com\/salud\/sueno-y-bebes\/#primaryimage"},"thumbnailUrl":"https:\/\/www.euroresidentes.com\/salud\/wp-content\/uploads\/2014\/11\/ligadura-embarazo-euroresidentes.jpg","articleSection":["Ni\u00f1os"],"inLanguage":"es","potentialAction":[{"@type":"CommentAction","name":"Comment","target":["https:\/\/www.euroresidentes.com\/salud\/sueno-y-bebes\/#respond"]}]},{"@type":"WebPage","@id":"https:\/\/www.euroresidentes.com\/salud\/sueno-y-bebes\/","url":"https:\/\/www.euroresidentes.com\/salud\/sueno-y-bebes\/","name":"Sue\u00f1o y beb\u00e9s - Salud","isPartOf":{"@id":"https:\/\/www.euroresidentes.com\/salud\/#website"},"primaryImageOfPage":{"@id":"https:\/\/www.euroresidentes.com\/salud\/sueno-y-bebes\/#primaryimage"},"image":{"@id":"https:\/\/www.euroresidentes.com\/salud\/sueno-y-bebes\/#primaryimage"},"thumbnailUrl":"https:\/\/www.euroresidentes.com\/salud\/wp-content\/uploads\/2014\/11\/ligadura-embarazo-euroresidentes.jpg","datePublished":"2013-03-01T10:28:00+00:00","dateModified":"2018-06-04T10:22:15+00:00","author":{"@id":"https:\/\/www.euroresidentes.com\/salud\/#\/schema\/person\/c0299534643677f2282b416ac1fe97f1"},"breadcrumb":{"@id":"https:\/\/www.euroresidentes.com\/salud\/sueno-y-bebes\/#breadcrumb"},"inLanguage":"es","potentialAction":[{"@type":"ReadAction","target":["https:\/\/www.euroresidentes.com\/salud\/sueno-y-bebes\/"]}]},{"@type":"ImageObject","inLanguage":"es","@id":"https:\/\/www.euroresidentes.com\/salud\/sueno-y-bebes\/#primaryimage","url":"https:\/\/www.euroresidentes.com\/salud\/wp-content\/uploads\/2014\/11\/ligadura-embarazo-euroresidentes.jpg","contentUrl":"https:\/\/www.euroresidentes.com\/salud\/wp-content\/uploads\/2014\/11\/ligadura-embarazo-euroresidentes.jpg","width":700,"height":525},{"@type":"BreadcrumbList","@id":"https:\/\/www.euroresidentes.com\/salud\/sueno-y-bebes\/#breadcrumb","itemListElement":[{"@type":"ListItem","position":1,"name":"Portada","item":"https:\/\/www.euroresidentes.com\/salud\/"},{"@type":"ListItem","position":2,"name":"Sue\u00f1o y beb\u00e9s"}]},{"@type":"WebSite","@id":"https:\/\/www.euroresidentes.com\/salud\/#website","url":"https:\/\/www.euroresidentes.com\/salud\/","name":"Salud","description":"Consejos para el cuidado de la salud, vida sana, h\u00e1bitos saludables","potentialAction":[{"@type":"SearchAction","target":{"@type":"EntryPoint","urlTemplate":"https:\/\/www.euroresidentes.com\/salud\/?s={search_term_string}"},"query-input":{"@type":"PropertyValueSpecification","valueRequired":true,"valueName":"search_term_string"}}],"inLanguage":"es"},{"@type":"Person","@id":"https:\/\/www.euroresidentes.com\/salud\/#\/schema\/person\/c0299534643677f2282b416ac1fe97f1","name":"Raquel Pomares","image":{"@type":"ImageObject","inLanguage":"es","@id":"https:\/\/www.euroresidentes.com\/salud\/#\/schema\/person\/image\/","url":"https:\/\/www.euroresidentes.com\/salud\/wp-content\/uploads\/2016\/07\/YO2-150x150.jpg","contentUrl":"https:\/\/www.euroresidentes.com\/salud\/wp-content\/uploads\/2016\/07\/YO2-150x150.jpg","caption":"Raquel Pomares"},"description":"Raquel PomaresBi\u00f3loga, doctora y divulgadora cient\u00edfica especializada en temas de salud.","sameAs":["https:\/\/www.euroresidentes.com\/salud\/raquel-pomares.html"],"url":"https:\/\/www.euroresidentes.com\/salud\/author\/raquel\/"}]}},"_links":{"self":[{"href":"https:\/\/www.euroresidentes.com\/salud\/wp-json\/wp\/v2\/posts\/697","targetHints":{"allow":["GET"]}}],"collection":[{"href":"https:\/\/www.euroresidentes.com\/salud\/wp-json\/wp\/v2\/posts"}],"about":[{"href":"https:\/\/www.euroresidentes.com\/salud\/wp-json\/wp\/v2\/types\/post"}],"author":[{"embeddable":true,"href":"https:\/\/www.euroresidentes.com\/salud\/wp-json\/wp\/v2\/users\/2"}],"replies":[{"embeddable":true,"href":"https:\/\/www.euroresidentes.com\/salud\/wp-json\/wp\/v2\/comments?post=697"}],"version-history":[{"count":1,"href":"https:\/\/www.euroresidentes.com\/salud\/wp-json\/wp\/v2\/posts\/697\/revisions"}],"predecessor-version":[{"id":3109,"href":"https:\/\/www.euroresidentes.com\/salud\/wp-json\/wp\/v2\/posts\/697\/revisions\/3109"}],"wp:featuredmedia":[{"embeddable":true,"href":"https:\/\/www.euroresidentes.com\/salud\/wp-json\/wp\/v2\/media\/2413"}],"wp:attachment":[{"href":"https:\/\/www.euroresidentes.com\/salud\/wp-json\/wp\/v2\/media?parent=697"}],"wp:term":[{"taxonomy":"category","embeddable":true,"href":"https:\/\/www.euroresidentes.com\/salud\/wp-json\/wp\/v2\/categories?post=697"},{"taxonomy":"post_tag","embeddable":true,"href":"https:\/\/www.euroresidentes.com\/salud\/wp-json\/wp\/v2\/tags?post=697"}],"curies":[{"name":"wp","href":"https:\/\/api.w.org\/{rel}","templated":true}]}}