 

{"id":696,"date":"2013-03-05T10:56:00","date_gmt":"2013-03-05T10:56:00","guid":{"rendered":"https:\/\/www.euroresidentes.com\/salud\/salud-ninos\/neumonia-y-ninos"},"modified":"2020-03-26T19:15:05","modified_gmt":"2020-03-26T18:15:05","slug":"neumonia-y-ninos","status":"publish","type":"post","link":"https:\/\/www.euroresidentes.com\/salud\/neumonia-y-ninos\/","title":{"rendered":"Neumon\u00eda en ni\u00f1os"},"content":{"rendered":"<h2>\u00bfC\u00f3mo saber si mi hijo tiene neumon\u00eda?<\/h2>\n<p>La neumon\u00eda es una<strong>\u00a0infecci\u00f3n respiratoria aguda<\/strong> que afecta a los pulmones, y es la <strong>principal causa de muerte<\/strong> en <strong>ni\u00f1os menores de 5<\/strong> a\u00f1os. Aprender cu\u00e1les son sus s\u00edntomas y c\u00f3mo se contagia puede ayudarte a prevenirla.<\/p>\n<h3>Causas de la neumon\u00eda<\/h3>\n<p>La neumon\u00eda puede ser causada por varios de agentes infecciosos como los virus, las bacterias y los hongos.<\/p>\n<div id=\"attachment_7089\" style=\"width: 710px\" class=\"wp-caption aligncenter\"><a href=\"https:\/\/www.euroresidentes.com\/salud\/wp-content\/uploads\/2013\/03\/neumonia-que-es.jpg\"><img loading=\"lazy\" decoding=\"async\" aria-describedby=\"caption-attachment-7089\" class=\"size-full wp-image-7089\" src=\"https:\/\/www.euroresidentes.com\/salud\/wp-content\/uploads\/2013\/03\/neumonia-que-es.jpg\" alt=\"Qu\u00e9 es la neumon\u00eda\" width=\"700\" height=\"525\" srcset=\"https:\/\/www.euroresidentes.com\/salud\/wp-content\/uploads\/2013\/03\/neumonia-que-es.jpg 700w, https:\/\/www.euroresidentes.com\/salud\/wp-content\/uploads\/2013\/03\/neumonia-que-es-300x225.jpg 300w, https:\/\/www.euroresidentes.com\/salud\/wp-content\/uploads\/2013\/03\/neumonia-que-es-396x297.jpg 396w\" sizes=\"auto, (max-width: 700px) 100vw, 700px\" \/><\/a><p id=\"caption-attachment-7089\" class=\"wp-caption-text\"><a href=\"https:\/\/www.freepik.com\/free-photos-vectors\/medical\">Medical vector created by brgfx &#8211; www.freepik.com<\/a><\/p><\/div>\n<p>Los m\u00e1s comunes son:<\/p>\n<ul style=\"text-align: justify;\">\n<li><strong>Streptococcus pneumoniae<\/strong>. Es la causa m\u00e1s com\u00fan de neumon\u00eda bacteriana en los ni\u00f1os.<\/li>\n<li style=\"text-align: left;\"><strong>Haemophilus influenzae<\/strong> tipo b (Hib). Es la segunda causa m\u00e1s com\u00fan de neumon\u00eda bacteriana.<\/li>\n<li style=\"text-align: left;\">Virus sincitial respiratorio. Es la causa viral m\u00e1s com\u00fan de neumon\u00eda en los lactantes infectados por el VIH.<\/li>\n<li style=\"text-align: left;\"><strong>Pneumocystis jiroveci<\/strong>. Es una de las causas m\u00e1s comunes de neumon\u00eda, responsable de al menos una cuarta parte de todas las muertes por neumon\u00eda en los lactantes infectados por VIH.<\/li>\n<\/ul>\n<p>Los pulmones est\u00e1n formados por unos peque\u00f1os sacos llamados alveolos. Cuando una persona respira, los alveolos se llenan de aire.<\/p>\n<p>La neumon\u00eda provoca que <strong>los alveolos se llenen de l\u00edquido o pus<\/strong>, lo que hace que la <strong>respiraci\u00f3n sea dolorosa<\/strong> y provoca s\u00edntomas como tos, fiebre, escalofr\u00edos y dificultad para respirar.<\/p>\n<h3>Transmisi\u00f3n de la neumon\u00eda<\/h3>\n<p style=\"text-align: left;\">Los virus y las bacterias que se encuentran com\u00fanmente en la nariz o en la garganta de un ni\u00f1o, si <strong>se inhalan<\/strong> pueden infectar los pulmones. Tambi\u00e9n puede <strong>propagarse a trav\u00e9s del aire<\/strong> por las gotitas provenientes de la <strong>tos<\/strong> o del <strong>estornudo<\/strong>.<\/p>\n<p style=\"text-align: left;\">La neumon\u00eda tambi\u00e9n puede propagarse <strong>a trav\u00e9s de la sangre<\/strong>. Especialmente durante y poco despu\u00e9s del nacimiento, los beb\u00e9s tienen un mayor riesgo de desarrollar neumon\u00eda por el contacto con microorganismos en el canal del parto o por el contacto con sustancias contaminadas durante el parto.<\/p>\n<h3 style=\"text-align: left;\">S\u00edntomas de la neumon\u00eda<\/h3>\n<p style=\"text-align: left;\">Los ni\u00f1os con neumon\u00eda pueden tener una <strong>variedad de s\u00edntomas<\/strong> que dependen de la <strong>edad<\/strong> y de la<strong> causa de la infecci\u00f3n<\/strong>.<\/p>\n<p style=\"text-align: left;\">La <strong>neumon\u00eda bacteriana<\/strong> suele provocar que los ni\u00f1os enfermen gravemente con fiebre alta y dificultades respiratorias, mientras que la <strong>neumon\u00eda viral<\/strong> a menudo se presenta gradualmente y puede empeorar con el tiempo.<\/p>\n<p>Los s\u00edntomas m\u00e1s comunes de la neumon\u00eda bacteriana y viral son:<\/p>\n<ul>\n<li style=\"text-align: justify;\"><strong>Respiraci\u00f3n r\u00e1pida y dificultosa<\/strong><\/li>\n<li style=\"text-align: justify;\"><strong>Tos<\/strong><\/li>\n<li style=\"text-align: justify;\"><strong>Fiebre<\/strong><\/li>\n<li style=\"text-align: justify;\"><strong>Escalofr\u00edos<\/strong><\/li>\n<li style=\"text-align: justify;\"><strong>P\u00e9rdida de apetito<\/strong><\/li>\n<li style=\"text-align: left;\"><strong>Sibilancia.<\/strong> Es el sonido que hace el aire al pasar por las v\u00edas respiratorias congestionadas.<\/li>\n<li style=\"text-align: left;\"><strong>Menor tiraje intercostal.<\/strong> El tiraje intercostal, o retracciones de los m\u00fasculos del t\u00f3rax, corresponde al movimiento de los m\u00fasculos hacia adentro entre las costillas, como resultado de la reducci\u00f3n de la presi\u00f3n en la cavidad tor\u00e1cica. Cuando lo neumon\u00eda se agrava, el pecho de los ni\u00f1os retrocede durante una inspiraci\u00f3n (en una persona sana, el pecho se expande durante la inspiraci\u00f3n) lo que es un signo de dificultad respiratoria.<\/li>\n<li><strong>Incapacidad para alimentarse o beber<\/strong><\/li>\n<li><strong>Inconsciencia<\/strong><\/li>\n<li><strong>Hipotermia<\/strong><\/li>\n<li><strong>Convulsiones<\/strong><\/li>\n<\/ul>\n<h3>\u00bfC\u00f3mo se diagnostica la neumon\u00eda?<\/h3>\n<p style=\"text-align: left;\">Para diagnosticar una neumon\u00eda se realizan <strong>radiograf\u00edas de t\u00f3rax<\/strong> y <strong>pruebas de laboratorio<\/strong>, con lo que se consigue confirmar la presencia de la enfermedad, la extensi\u00f3n, la localizaci\u00f3n de la infecci\u00f3n as\u00ed como su causa.<\/p>\n<p style=\"text-align: left;\">En entornos con bajos recursos, en los que es imposible realizar estas pruebas, los casos sospechosos de neumon\u00eda son diagnosticados en base a sus s\u00edntomas cl\u00ednicos. \u00a0<\/p>\n<h3>Factores de riesgo de la neumon\u00eda<\/h3>\n<p style=\"text-align: left;\">Aunque la mayor\u00eda de los ni\u00f1os sanos pueden combatir la infecci\u00f3n con sus defensas naturales, los ni\u00f1os cuyos <strong>sistemas inmunol\u00f3gicos est\u00e1n comprometidos<\/strong> tienen un mayor riesgo de desarrollar neumon\u00eda.<\/p>\n<ul>\n<li style=\"text-align: left;\">El sistema inmunitario de un ni\u00f1o puede debilitarse por <strong>malnutrici\u00f3n o desnutrici\u00f3n<\/strong>, especialmente en los ni\u00f1os que no reciben lactancia materna exclusiva o los que tienen una ingesta inadecuada de zinc.<\/li>\n<li style=\"text-align: left;\">La existencia de <strong>otras enfermedades<\/strong>, como VIH y sarampi\u00f3n, tambi\u00e9n aumenta el riesgo de un ni\u00f1o de contraer neumon\u00eda.<\/li>\n<li style=\"text-align: left;\">Existen ciertos <strong>factores ambientales<\/strong> que tambi\u00e9n incrementan la susceptibilidad de los ni\u00f1os a la neumon\u00eda como: vivir en hogares hacinados, la contaminaci\u00f3n del aire en interiores causada \u200b\u200bpor la cocci\u00f3n y calefacci\u00f3n con combustibles como le\u00f1a o esti\u00e9rcol o el tabaquismo de los padres.<\/li>\n<\/ul>\n<h3>Tratamiento de la neumon\u00eda<\/h3>\n<p style=\"text-align: left;\">La neumon\u00eda causada por bacterias pueden ser <strong>tratadas con antibi\u00f3ticos<\/strong>.<\/p>\n<p style=\"text-align: left;\">El cotrimoxacol y la amoxicilina son f\u00e1rmacos eficaces contra los pat\u00f3genos bacterianos causantes de la neumon\u00eda.<\/p>\n<p style=\"text-align: left;\">En el caso de lactantes menores de dos meses o en casos severos, que tienen un mayor riesgo de un agravamiento de la enfermedad, e incluso de muerte, se recomienda la hospitalizaci\u00f3n del ni\u00f1os para su tratamiento.<\/p>\n<h3 style=\"text-align: justify;\">Prevenci\u00f3n de la neumon\u00eda<\/h3>\n<p style=\"text-align: left;\">Los estudios han demostrado que <strong>la prevenci\u00f3n y el tratamiento adecuado de la neumon\u00eda pueden evitar un mill\u00f3n de muertes de ni\u00f1os cada a\u00f1o.<\/strong><\/p>\n<p style=\"text-align: left;\">La prevenci\u00f3n de la neumon\u00eda en los ni\u00f1os es un componente esencial de una estrategia para reducir la mortalidad infantil.<\/p>\n<ul>\n<li style=\"text-align: left;\">La <strong>inmunizaci\u00f3n<\/strong> contra la Hib, neumococo, sarampi\u00f3n y tos ferina (pertussis) es la forma m\u00e1s eficaz de prevenir la neumon\u00eda.<\/li>\n<li style=\"text-align: left;\">Una <strong>nutrici\u00f3n adecuada<\/strong> es clave para mejorar las defensas naturales de los ni\u00f1os, comenzando con la lactancia materna exclusiva durante los primeros seis meses de vida.<\/li>\n<li style=\"text-align: left;\">Mejorar algunos <strong>factores ambientales<\/strong> como la contaminaci\u00f3n del aire en locales cerrados y fomentar una buena higiene en hogares hacinados, tambi\u00e9n reduce el n\u00famero de ni\u00f1os que contraen neumon\u00eda.<\/li>\n<\/ul>\n<p style=\"text-align: left;\">En los ni\u00f1os infectados con el VIH, el antibi\u00f3tico cotrimoxazol se da diariamente para disminuir el riesgo de contraer neumon\u00eda.<\/p>\n<p><strong>Lecturas relacionadas:\u00a0<\/strong><\/p>\n<ul>\n<li><a href=\"https:\/\/www.euroresidentes.com\/salud\/coronavirus\/\">Especial coronavirus Covid-19<\/a><\/li>\n<li><a href=\"https:\/\/www.euroresidentes.com\/salud\/como-evitar-que-los-ninos-enfermen\/\">C\u00f3mo evitar que los ni\u00f1os enfermen<\/a><\/li>\n<li><a href=\"https:\/\/www.euroresidentes.com\/salud\/remedios\/resfriado.htm\">Consejos para prevenir un resfriado<\/a><\/li>\n<\/ul>\n","protected":false},"excerpt":{"rendered":"<p>\u00bfC\u00f3mo saber si mi hijo tiene neumon\u00eda? La neumon\u00eda es una\u00a0infecci\u00f3n respiratoria aguda que afecta a los pulmones, y es la principal causa de muerte en ni\u00f1os menores de 5 a\u00f1os. Aprender cu\u00e1les son sus s\u00edntomas y c\u00f3mo se contagia puede ayudarte a prevenirla. Causas de la neumon\u00eda La neumon\u00eda puede ser causada por varios de agentes infecciosos como los virus, las bacterias y los hongos. Los m\u00e1s comunes son: Streptococcus pneumoniae. Es la causa m\u00e1s com\u00fan de neumon\u00eda bacteriana en los ni\u00f1os. Haemophilus influenzae tipo b (Hib). Es la segunda causa m\u00e1s com\u00fan de neumon\u00eda bacteriana. Virus sincitial respiratorio. <\/p>\n","protected":false},"author":2,"featured_media":7089,"comment_status":"open","ping_status":"open","sticky":false,"template":"","format":"standard","meta":{"footnotes":""},"categories":[10],"tags":[],"class_list":["post-696","post","type-post","status-publish","format-standard","has-post-thumbnail","hentry","category-ninos","has_thumb"],"yoast_head":"<!-- This site is optimized with the Yoast SEO plugin v26.8 - https:\/\/yoast.com\/product\/yoast-seo-wordpress\/ -->\n<title>Neumon\u00eda en ni\u00f1os - Salud<\/title>\n<meta name=\"description\" content=\"\u00bfC\u00f3mo saber si mi hijo tiene neumon\u00eda? Una infecci\u00f3n respiratoria aguda que es la principal causa de muerte en ni\u00f1os menores de 5 a\u00f1os\" \/>\n<meta name=\"robots\" content=\"index, follow, max-snippet:-1, max-image-preview:large, max-video-preview:-1\" \/>\n<link rel=\"canonical\" href=\"https:\/\/www.euroresidentes.com\/salud\/neumonia-y-ninos\/\" \/>\n<meta property=\"og:locale\" content=\"es_ES\" \/>\n<meta property=\"og:type\" content=\"article\" \/>\n<meta property=\"og:title\" content=\"Neumon\u00eda en ni\u00f1os - Salud\" \/>\n<meta property=\"og:description\" content=\"\u00bfC\u00f3mo saber si mi hijo tiene neumon\u00eda? Una infecci\u00f3n respiratoria aguda que es la principal causa de muerte en ni\u00f1os menores de 5 a\u00f1os\" \/>\n<meta property=\"og:url\" content=\"https:\/\/www.euroresidentes.com\/salud\/neumonia-y-ninos\/\" \/>\n<meta property=\"og:site_name\" content=\"Salud\" \/>\n<meta property=\"article:published_time\" content=\"2013-03-05T10:56:00+00:00\" \/>\n<meta property=\"article:modified_time\" content=\"2020-03-26T18:15:05+00:00\" \/>\n<meta property=\"og:image\" content=\"https:\/\/www.euroresidentes.com\/salud\/wp-content\/uploads\/2013\/03\/neumonia-que-es.jpg\" \/>\n\t<meta property=\"og:image:width\" content=\"700\" \/>\n\t<meta property=\"og:image:height\" content=\"525\" \/>\n\t<meta property=\"og:image:type\" content=\"image\/jpeg\" \/>\n<meta name=\"author\" content=\"Raquel Pomares\" \/>\n<meta name=\"twitter:label1\" content=\"Written by\" \/>\n\t<meta name=\"twitter:data1\" content=\"Raquel Pomares\" \/>\n\t<meta name=\"twitter:label2\" content=\"Est. reading time\" \/>\n\t<meta name=\"twitter:data2\" content=\"5 minutos\" \/>\n<script type=\"application\/ld+json\" class=\"yoast-schema-graph\">{\"@context\":\"https:\/\/schema.org\",\"@graph\":[{\"@type\":\"Article\",\"@id\":\"https:\/\/www.euroresidentes.com\/salud\/neumonia-y-ninos\/#article\",\"isPartOf\":{\"@id\":\"https:\/\/www.euroresidentes.com\/salud\/neumonia-y-ninos\/\"},\"author\":{\"name\":\"Raquel Pomares\",\"@id\":\"https:\/\/www.euroresidentes.com\/salud\/#\/schema\/person\/c0299534643677f2282b416ac1fe97f1\"},\"headline\":\"Neumon\u00eda en ni\u00f1os\",\"datePublished\":\"2013-03-05T10:56:00+00:00\",\"dateModified\":\"2020-03-26T18:15:05+00:00\",\"mainEntityOfPage\":{\"@id\":\"https:\/\/www.euroresidentes.com\/salud\/neumonia-y-ninos\/\"},\"wordCount\":1042,\"commentCount\":0,\"image\":{\"@id\":\"https:\/\/www.euroresidentes.com\/salud\/neumonia-y-ninos\/#primaryimage\"},\"thumbnailUrl\":\"https:\/\/www.euroresidentes.com\/salud\/wp-content\/uploads\/2013\/03\/neumonia-que-es.jpg\",\"articleSection\":[\"Ni\u00f1os\"],\"inLanguage\":\"es\",\"potentialAction\":[{\"@type\":\"CommentAction\",\"name\":\"Comment\",\"target\":[\"https:\/\/www.euroresidentes.com\/salud\/neumonia-y-ninos\/#respond\"]}]},{\"@type\":\"WebPage\",\"@id\":\"https:\/\/www.euroresidentes.com\/salud\/neumonia-y-ninos\/\",\"url\":\"https:\/\/www.euroresidentes.com\/salud\/neumonia-y-ninos\/\",\"name\":\"Neumon\u00eda en ni\u00f1os - Salud\",\"isPartOf\":{\"@id\":\"https:\/\/www.euroresidentes.com\/salud\/#website\"},\"primaryImageOfPage\":{\"@id\":\"https:\/\/www.euroresidentes.com\/salud\/neumonia-y-ninos\/#primaryimage\"},\"image\":{\"@id\":\"https:\/\/www.euroresidentes.com\/salud\/neumonia-y-ninos\/#primaryimage\"},\"thumbnailUrl\":\"https:\/\/www.euroresidentes.com\/salud\/wp-content\/uploads\/2013\/03\/neumonia-que-es.jpg\",\"datePublished\":\"2013-03-05T10:56:00+00:00\",\"dateModified\":\"2020-03-26T18:15:05+00:00\",\"author\":{\"@id\":\"https:\/\/www.euroresidentes.com\/salud\/#\/schema\/person\/c0299534643677f2282b416ac1fe97f1\"},\"description\":\"\u00bfC\u00f3mo saber si mi hijo tiene neumon\u00eda? Una infecci\u00f3n respiratoria aguda que es la principal causa de muerte en ni\u00f1os menores de 5 a\u00f1os\",\"breadcrumb\":{\"@id\":\"https:\/\/www.euroresidentes.com\/salud\/neumonia-y-ninos\/#breadcrumb\"},\"inLanguage\":\"es\",\"potentialAction\":[{\"@type\":\"ReadAction\",\"target\":[\"https:\/\/www.euroresidentes.com\/salud\/neumonia-y-ninos\/\"]}]},{\"@type\":\"ImageObject\",\"inLanguage\":\"es\",\"@id\":\"https:\/\/www.euroresidentes.com\/salud\/neumonia-y-ninos\/#primaryimage\",\"url\":\"https:\/\/www.euroresidentes.com\/salud\/wp-content\/uploads\/2013\/03\/neumonia-que-es.jpg\",\"contentUrl\":\"https:\/\/www.euroresidentes.com\/salud\/wp-content\/uploads\/2013\/03\/neumonia-que-es.jpg\",\"width\":700,\"height\":525,\"caption\":\"Medical vector created by brgfx - www.freepik.com\"},{\"@type\":\"BreadcrumbList\",\"@id\":\"https:\/\/www.euroresidentes.com\/salud\/neumonia-y-ninos\/#breadcrumb\",\"itemListElement\":[{\"@type\":\"ListItem\",\"position\":1,\"name\":\"Portada\",\"item\":\"https:\/\/www.euroresidentes.com\/salud\/\"},{\"@type\":\"ListItem\",\"position\":2,\"name\":\"Neumon\u00eda en ni\u00f1os\"}]},{\"@type\":\"WebSite\",\"@id\":\"https:\/\/www.euroresidentes.com\/salud\/#website\",\"url\":\"https:\/\/www.euroresidentes.com\/salud\/\",\"name\":\"Salud\",\"description\":\"Consejos para el cuidado de la salud, vida sana, h\u00e1bitos saludables\",\"potentialAction\":[{\"@type\":\"SearchAction\",\"target\":{\"@type\":\"EntryPoint\",\"urlTemplate\":\"https:\/\/www.euroresidentes.com\/salud\/?s={search_term_string}\"},\"query-input\":{\"@type\":\"PropertyValueSpecification\",\"valueRequired\":true,\"valueName\":\"search_term_string\"}}],\"inLanguage\":\"es\"},{\"@type\":\"Person\",\"@id\":\"https:\/\/www.euroresidentes.com\/salud\/#\/schema\/person\/c0299534643677f2282b416ac1fe97f1\",\"name\":\"Raquel Pomares\",\"image\":{\"@type\":\"ImageObject\",\"inLanguage\":\"es\",\"@id\":\"https:\/\/www.euroresidentes.com\/salud\/#\/schema\/person\/image\/\",\"url\":\"https:\/\/www.euroresidentes.com\/salud\/wp-content\/uploads\/2016\/07\/YO2-150x150.jpg\",\"contentUrl\":\"https:\/\/www.euroresidentes.com\/salud\/wp-content\/uploads\/2016\/07\/YO2-150x150.jpg\",\"caption\":\"Raquel Pomares\"},\"description\":\"Raquel PomaresBi\u00f3loga, doctora y divulgadora cient\u00edfica especializada en temas de salud.\",\"sameAs\":[\"https:\/\/www.euroresidentes.com\/salud\/raquel-pomares.html\"],\"url\":\"https:\/\/www.euroresidentes.com\/salud\/author\/raquel\/\"}]}<\/script>\n<!-- \/ Yoast SEO plugin. -->","yoast_head_json":{"title":"Neumon\u00eda en ni\u00f1os - Salud","description":"\u00bfC\u00f3mo saber si mi hijo tiene neumon\u00eda? Una infecci\u00f3n respiratoria aguda que es la principal causa de muerte en ni\u00f1os menores de 5 a\u00f1os","robots":{"index":"index","follow":"follow","max-snippet":"max-snippet:-1","max-image-preview":"max-image-preview:large","max-video-preview":"max-video-preview:-1"},"canonical":"https:\/\/www.euroresidentes.com\/salud\/neumonia-y-ninos\/","og_locale":"es_ES","og_type":"article","og_title":"Neumon\u00eda en ni\u00f1os - Salud","og_description":"\u00bfC\u00f3mo saber si mi hijo tiene neumon\u00eda? Una infecci\u00f3n respiratoria aguda que es la principal causa de muerte en ni\u00f1os menores de 5 a\u00f1os","og_url":"https:\/\/www.euroresidentes.com\/salud\/neumonia-y-ninos\/","og_site_name":"Salud","article_published_time":"2013-03-05T10:56:00+00:00","article_modified_time":"2020-03-26T18:15:05+00:00","og_image":[{"width":700,"height":525,"url":"https:\/\/www.euroresidentes.com\/salud\/wp-content\/uploads\/2013\/03\/neumonia-que-es.jpg","type":"image\/jpeg"}],"author":"Raquel Pomares","twitter_misc":{"Written by":"Raquel Pomares","Est. reading time":"5 minutos"},"schema":{"@context":"https:\/\/schema.org","@graph":[{"@type":"Article","@id":"https:\/\/www.euroresidentes.com\/salud\/neumonia-y-ninos\/#article","isPartOf":{"@id":"https:\/\/www.euroresidentes.com\/salud\/neumonia-y-ninos\/"},"author":{"name":"Raquel Pomares","@id":"https:\/\/www.euroresidentes.com\/salud\/#\/schema\/person\/c0299534643677f2282b416ac1fe97f1"},"headline":"Neumon\u00eda en ni\u00f1os","datePublished":"2013-03-05T10:56:00+00:00","dateModified":"2020-03-26T18:15:05+00:00","mainEntityOfPage":{"@id":"https:\/\/www.euroresidentes.com\/salud\/neumonia-y-ninos\/"},"wordCount":1042,"commentCount":0,"image":{"@id":"https:\/\/www.euroresidentes.com\/salud\/neumonia-y-ninos\/#primaryimage"},"thumbnailUrl":"https:\/\/www.euroresidentes.com\/salud\/wp-content\/uploads\/2013\/03\/neumonia-que-es.jpg","articleSection":["Ni\u00f1os"],"inLanguage":"es","potentialAction":[{"@type":"CommentAction","name":"Comment","target":["https:\/\/www.euroresidentes.com\/salud\/neumonia-y-ninos\/#respond"]}]},{"@type":"WebPage","@id":"https:\/\/www.euroresidentes.com\/salud\/neumonia-y-ninos\/","url":"https:\/\/www.euroresidentes.com\/salud\/neumonia-y-ninos\/","name":"Neumon\u00eda en ni\u00f1os - Salud","isPartOf":{"@id":"https:\/\/www.euroresidentes.com\/salud\/#website"},"primaryImageOfPage":{"@id":"https:\/\/www.euroresidentes.com\/salud\/neumonia-y-ninos\/#primaryimage"},"image":{"@id":"https:\/\/www.euroresidentes.com\/salud\/neumonia-y-ninos\/#primaryimage"},"thumbnailUrl":"https:\/\/www.euroresidentes.com\/salud\/wp-content\/uploads\/2013\/03\/neumonia-que-es.jpg","datePublished":"2013-03-05T10:56:00+00:00","dateModified":"2020-03-26T18:15:05+00:00","author":{"@id":"https:\/\/www.euroresidentes.com\/salud\/#\/schema\/person\/c0299534643677f2282b416ac1fe97f1"},"description":"\u00bfC\u00f3mo saber si mi hijo tiene neumon\u00eda? Una infecci\u00f3n respiratoria aguda que es la principal causa de muerte en ni\u00f1os menores de 5 a\u00f1os","breadcrumb":{"@id":"https:\/\/www.euroresidentes.com\/salud\/neumonia-y-ninos\/#breadcrumb"},"inLanguage":"es","potentialAction":[{"@type":"ReadAction","target":["https:\/\/www.euroresidentes.com\/salud\/neumonia-y-ninos\/"]}]},{"@type":"ImageObject","inLanguage":"es","@id":"https:\/\/www.euroresidentes.com\/salud\/neumonia-y-ninos\/#primaryimage","url":"https:\/\/www.euroresidentes.com\/salud\/wp-content\/uploads\/2013\/03\/neumonia-que-es.jpg","contentUrl":"https:\/\/www.euroresidentes.com\/salud\/wp-content\/uploads\/2013\/03\/neumonia-que-es.jpg","width":700,"height":525,"caption":"Medical vector created by brgfx - www.freepik.com"},{"@type":"BreadcrumbList","@id":"https:\/\/www.euroresidentes.com\/salud\/neumonia-y-ninos\/#breadcrumb","itemListElement":[{"@type":"ListItem","position":1,"name":"Portada","item":"https:\/\/www.euroresidentes.com\/salud\/"},{"@type":"ListItem","position":2,"name":"Neumon\u00eda en ni\u00f1os"}]},{"@type":"WebSite","@id":"https:\/\/www.euroresidentes.com\/salud\/#website","url":"https:\/\/www.euroresidentes.com\/salud\/","name":"Salud","description":"Consejos para el cuidado de la salud, vida sana, h\u00e1bitos saludables","potentialAction":[{"@type":"SearchAction","target":{"@type":"EntryPoint","urlTemplate":"https:\/\/www.euroresidentes.com\/salud\/?s={search_term_string}"},"query-input":{"@type":"PropertyValueSpecification","valueRequired":true,"valueName":"search_term_string"}}],"inLanguage":"es"},{"@type":"Person","@id":"https:\/\/www.euroresidentes.com\/salud\/#\/schema\/person\/c0299534643677f2282b416ac1fe97f1","name":"Raquel Pomares","image":{"@type":"ImageObject","inLanguage":"es","@id":"https:\/\/www.euroresidentes.com\/salud\/#\/schema\/person\/image\/","url":"https:\/\/www.euroresidentes.com\/salud\/wp-content\/uploads\/2016\/07\/YO2-150x150.jpg","contentUrl":"https:\/\/www.euroresidentes.com\/salud\/wp-content\/uploads\/2016\/07\/YO2-150x150.jpg","caption":"Raquel Pomares"},"description":"Raquel PomaresBi\u00f3loga, doctora y divulgadora cient\u00edfica especializada en temas de salud.","sameAs":["https:\/\/www.euroresidentes.com\/salud\/raquel-pomares.html"],"url":"https:\/\/www.euroresidentes.com\/salud\/author\/raquel\/"}]}},"_links":{"self":[{"href":"https:\/\/www.euroresidentes.com\/salud\/wp-json\/wp\/v2\/posts\/696","targetHints":{"allow":["GET"]}}],"collection":[{"href":"https:\/\/www.euroresidentes.com\/salud\/wp-json\/wp\/v2\/posts"}],"about":[{"href":"https:\/\/www.euroresidentes.com\/salud\/wp-json\/wp\/v2\/types\/post"}],"author":[{"embeddable":true,"href":"https:\/\/www.euroresidentes.com\/salud\/wp-json\/wp\/v2\/users\/2"}],"replies":[{"embeddable":true,"href":"https:\/\/www.euroresidentes.com\/salud\/wp-json\/wp\/v2\/comments?post=696"}],"version-history":[{"count":8,"href":"https:\/\/www.euroresidentes.com\/salud\/wp-json\/wp\/v2\/posts\/696\/revisions"}],"predecessor-version":[{"id":7090,"href":"https:\/\/www.euroresidentes.com\/salud\/wp-json\/wp\/v2\/posts\/696\/revisions\/7090"}],"wp:featuredmedia":[{"embeddable":true,"href":"https:\/\/www.euroresidentes.com\/salud\/wp-json\/wp\/v2\/media\/7089"}],"wp:attachment":[{"href":"https:\/\/www.euroresidentes.com\/salud\/wp-json\/wp\/v2\/media?parent=696"}],"wp:term":[{"taxonomy":"category","embeddable":true,"href":"https:\/\/www.euroresidentes.com\/salud\/wp-json\/wp\/v2\/categories?post=696"},{"taxonomy":"post_tag","embeddable":true,"href":"https:\/\/www.euroresidentes.com\/salud\/wp-json\/wp\/v2\/tags?post=696"}],"curies":[{"name":"wp","href":"https:\/\/api.w.org\/{rel}","templated":true}]}}