 

{"id":685,"date":"2013-04-17T11:07:00","date_gmt":"2013-04-17T09:07:00","guid":{"rendered":"https:\/\/www.euroresidentes.com\/salud\/salud-ninos\/trastorno-por-deficit-de-atencion-con"},"modified":"2018-06-29T11:38:50","modified_gmt":"2018-06-29T09:38:50","slug":"trastorno-por-deficit-de-atencion-con-hiperactividad","status":"publish","type":"post","link":"https:\/\/www.euroresidentes.com\/salud\/trastorno-por-deficit-de-atencion-con-hiperactividad\/","title":{"rendered":"Trastorno por d\u00e9ficit de atenci\u00f3n con hiperactividad"},"content":{"rendered":"<div style=\"text-align: justify\">\n<div>\n<h3 style=\"text-align: justify\">\u00bfQu\u00e9 es el trastorno por d\u00e9ficit de atenci\u00f3n con hiperactividad?<\/h3>\n<div style=\"text-align: left\">El trastorno por d\u00e9ficit de atenci\u00f3n con hiperactividad (TDAH) es un trastorno neurobiol\u00f3gico caracterizado por una impulsividad inapropiada, por falta de atenci\u00f3n e hiperactividad.<\/div>\n<div style=\"text-align: justify\">\u00a0<\/div>\n<div style=\"text-align: left\">Los ni\u00f1os con TDAH tiene dificultades para permanecer sentados, prestar atenci\u00f3n o controlar su comportamiento impulsivo. Este comportamiento es tan generalizado y persistente que interfiere con muchos aspectos de la vida cotidiana de estos ni\u00f1os.<\/div>\n<div style=\"text-align: left\">Sin la identificaci\u00f3n y el tratamiento adecuado, el TDAH puede tener graves consecuencias como fracaso escolar, estr\u00e9s familiar, depresi\u00f3n, problemas con las relaciones, abuso de droga, delincuencia, riesgo de lesiones accidentales y fracaso laboral.<\/div>\n<\/div>\n<div class=\"separator\" style=\"clear: both;text-align: center\"><a style=\"margin-left: 1em;margin-right: 1em\" href=\"http:\/\/1.bp.blogspot.com\/-I-sKSPF2HvA\/UW5tzKpS-MI\/AAAAAAAAB0s\/u06tR-L1BPw\/s1600\/TDAH.jpg\"><img loading=\"lazy\" decoding=\"async\" title=\"TDAH\" src=\"https:\/\/euroresidentes.com\/salud\/wp-content\/uploads\/2013\/04\/TDAH.jpg\" alt=\"TDAH\" width=\"640\" height=\"438\" border=\"0\" \/><\/a><\/div>\n<p><b><\/b><\/div>\n<div style=\"text-align: justify\">\u00a0<\/div>\n<h3 style=\"text-align: justify\">S\u00edntomas del TDAH en ni\u00f1os<\/h3>\n<div style=\"text-align: justify\">Un ni\u00f1o con TDAH tiene dificultad para controlar su comportamiento.<\/div>\n<div style=\"text-align: justify\">Est\u00e1 en constante movimiento, hacer ruido sin parar, se niegan a esperar su turno, tropieza con todo lo que le rodea, no presta atenci\u00f3n ni termina las cosas que comienza.<\/div>\n<div style=\"text-align: justify\">Tambi\u00e9n tiene dificultades para aprender y recordar.\u00a0<\/div>\n<div>\u00a0<\/div>\n<h3 style=\"text-align: justify\">Tipos de ADHD<\/h3>\n<div style=\"text-align: justify\">El trastorno de d\u00e9ficit de atenci\u00f3n se divide en 3 subtipos generales:<\/div>\n<ul>\n<li><strong>TDAH de tipo impulsivo\/hiperactivo<\/strong>(TDAH-HI)<\/li>\n<\/ul>\n<p style=\"padding-left: 30px\">El ni\u00f1o tiende a ser muy inquieto, tiene dificultades para esperar su turno y tiende a ser desorganizado.<\/p>\n<p style=\"padding-left: 30px\">Tambi\u00e9n act\u00faa con inmadurez, tiene un escaso sentido de los l\u00edmites f\u00edsicos, problemas de conducta y tendencia a adoptar comportamientos destructivos.<\/p>\n<ul style=\"text-align: justify\">\n<li><strong>TDAH de tipo desatento\u00a0<\/strong>(TDAH-I)<\/li>\n<\/ul>\n<p style=\"padding-left: 30px\">El ni\u00f1o puede parecer distra\u00eddo, y carece de la componente hiperactiva del subtipo anterior.<\/p>\n<p style=\"padding-left: 30px\">Procesa lentamente la informaci\u00f3n, y puede tener problemas de aprendizaje y mostrar signos de ansiedad y depresi\u00f3n.<\/p>\n<ul style=\"text-align: justify\">\n<li><strong>TDAH de tipo combinado<\/strong> (TDAH-C)<\/li>\n<\/ul>\n<p style=\"padding-left: 30px\">El ni\u00f1o suele mostrar comportamientos de los dos subtipos anteriores, falta de atenci\u00f3n e hiperactividad\/impulsividad.<\/p>\n<div style=\"text-align: justify\">\u00a0<\/div>\n<h3 style=\"text-align: justify\">Diagn\u00f3stico del ADHD<\/h3>\n<div style=\"text-align: left\">Existen s\u00edntomas claros que permiten a los profesionales identificar y diferenciar a un ni\u00f1o sin TDAH y a un ni\u00f1o con la enfermedad.<\/div>\n<div style=\"text-align: left\">La presencia de TDAH se puede sospechar si la falta de atenci\u00f3n, el comportamiento impulsivo o hiperactivo no es apropiado para la edad del ni\u00f1o. Este comportamiento conduce a problemas cr\u00f3nicos en el funcionamiento diario. Los primeros signos suelen aparecer antes de los 7 a\u00f1os, aunque a veces son dif\u00edciles de reconocer y el trastorno se diagnostica m\u00e1s tarde.<\/div>\n<div style=\"text-align: left\">No existe una prueba \u00fanica para diagnosticar el TDAH, por lo tanto es necesario realizar una evaluaci\u00f3n completa del ni\u00f1o para poder descartar otras causas. Se requiere una cuidadosa historia y evaluaci\u00f3n cl\u00ednica del funcionamiento acad\u00e9mico, social y emocional del ni\u00f1o, as\u00ed como de su nivel de desarrollo.<\/div>\n<div style=\"text-align: left\">Cada uno de los subtipos tiende a ser diagnosticado a diferentes edades y etapas del desarrollo. As\u00ed en el caso de la TDAH de tipo hiperactivo\/impulsivo o de tipo combinado suelen ser diagnosticados en edades preescolares. Mientras que la TDAH de tipo desatento se suele detectar m\u00e1s tarde, cuando el ni\u00f1o est\u00e1 en etapas escolares que requieren una mayor atenci\u00f3n para desempe\u00f1ar sus tareas en el colegio.<\/div>\n<div style=\"text-align: justify\">\u00a0<\/div>\n<h3 style=\"text-align: justify\">Causas del TDAH<\/h3>\n<div style=\"text-align: justify\">El TDAH es un trastorno complejo que resulta de la interacci\u00f3n de m\u00faltiples factores.<\/div>\n<div style=\"text-align: justify\">\u00a0<\/div>\n<div style=\"text-align: justify\">Una de las teor\u00edas que existe actualmente es que puede ser debido a un desequilibrio en algunos de los neurotransmisores del cerebro, es decir en las sustancias que permiten la transmisi\u00f3n de se\u00f1ales en el cerebro.<\/div>\n<div style=\"text-align: justify\">Tambi\u00e9n parece que en el TDAH, el cerebro no es capaz de filtrar la gran cantidad de informaci\u00f3n que proviene de los est\u00edmulos del mundo exterior, y que en las personas con TDAH, los l\u00f3bulos frontales del cerebro, que est\u00e1n relacionados con la inhibici\u00f3n, son menos activos que en las personas sin TDAH. Los factores gen\u00e9ticos o hereditarios tambi\u00e9n son importantes. Son muchos los estudios que han demostrado que varios genes podr\u00edan estar involucrados.<\/div>\n<div style=\"text-align: justify\">El bajo peso al nacer, el tabaquismo materno prenatal y otros problemas prenatales adicionales pueden tambi\u00e9n parece que contribuyen a la aparici\u00f3n de TDAH.<\/div>\n<div style=\"text-align: justify\">\u00a0<\/div>\n<div style=\"text-align: justify\">\u00a0<\/div>\n<h3 style=\"text-align: justify\">Tratamiento del TDAH<\/h3>\n<div style=\"text-align: justify\">No existe cura para el TDAH, pero un diagn\u00f3stico y tratamiento precoz son muy importantes. El tratamiento debe adaptarse a las necesidades de cada ni\u00f1o y de su familia.<\/div>\n<div style=\"text-align: justify\">El primer paso en el tratamiento incluyen ayuda con el comportamiento y el manejo del estr\u00e9s, as\u00ed como apoyo educativo. En este punto es muy importante que los padres de los ni\u00f1os con TDAH reciban instruciones que les permita enfrentarse y manejar la conducta de sus hijos.<\/div>\n<div style=\"text-align: justify\">Los medicamentos s\u00f3lo deben ser prescritos si las estrategias de conducta no son suficientes. Los m\u00e1s efectivos son los medicamentos psicoestimulantes, como el metilfenidato, que mejoran la capacidad del ni\u00f1o para concentrarse y prestar atenci\u00f3n. Aproximadamente el 70-80% de los ni\u00f1os con TDAH responden positivamente a los psicoestimulantes.<\/div>\n<div style=\"text-align: justify\">Para disminuir la impulsividad, la hiperactividad y la agresi\u00f3n se utilizan algunos antidepresivos y antihipertensivos.<\/div>\n<div style=\"text-align: justify\">\u00a0<\/div>\n<div style=\"text-align: justify\">Como todos los f\u00e1rmacos, pueden existir efectos secundarios que deben ser valorados.<\/div>\n<div>\u00a0<\/div>\n<div style=\"text-align: justify\"><b>Lecturas relacionadas:<\/b><\/p>\n<ul>\n<li><a style=\"font-family: 'Trebuchet MS', sans-serif\" href=\"http:\/\/adolescentes.euroresidentes.com\/2010\/08\/relacion-de-la-dieta-con-deficit-de.html\" target=\"_blank\" rel=\"noopener\">Relaci\u00f3n de la dieta con d\u00e9ficit de atenci\u00f3n e hiperactividad<\/a><\/li>\n<li><a style=\"background-color: white;font-family: 'Trebuchet MS', sans-serif;text-align: start\" href=\"http:\/\/salud-ninos.euroresidentes.com\/2013\/04\/apnea-del-sueno-y-deficit-de-atencion.html\" target=\"_blank\" rel=\"noopener\">Apnea del sue\u00f1o y d\u00e9ficit de atenci\u00f3n con hiperactividad<\/a><\/li>\n<li><a href=\"http:\/\/salud-ninos.euroresidentes.com\/2012\/06\/deficit-de-atencion-con-hiperactividad.html\" target=\"_blank\" rel=\"noopener\">D\u00e9ficit de atenci\u00f3n con hiperactividad<\/a><\/li>\n<\/ul>\n<\/div>\n","protected":false},"excerpt":{"rendered":"<p>\u00bfQu\u00e9 es el trastorno por d\u00e9ficit de atenci\u00f3n con hiperactividad? El trastorno por d\u00e9ficit de atenci\u00f3n con hiperactividad (TDAH) es un trastorno neurobiol\u00f3gico caracterizado por una impulsividad inapropiada, por falta de atenci\u00f3n e hiperactividad. \u00a0 Los ni\u00f1os con TDAH tiene dificultades para permanecer sentados, prestar atenci\u00f3n o controlar su comportamiento impulsivo. Este comportamiento es tan generalizado y persistente que interfiere con muchos aspectos de la vida cotidiana de estos ni\u00f1os. Sin la identificaci\u00f3n y el tratamiento adecuado, el TDAH puede tener graves consecuencias como fracaso escolar, estr\u00e9s familiar, depresi\u00f3n, problemas con las relaciones, abuso de droga, delincuencia, riesgo de lesiones <\/p>\n","protected":false},"author":2,"featured_media":4292,"comment_status":"open","ping_status":"open","sticky":false,"template":"","format":"standard","meta":{"footnotes":""},"categories":[10],"tags":[],"class_list":["post-685","post","type-post","status-publish","format-standard","has-post-thumbnail","hentry","category-ninos","has_thumb"],"yoast_head":"<!-- This site is optimized with the Yoast SEO plugin v26.8 - https:\/\/yoast.com\/product\/yoast-seo-wordpress\/ -->\n<title>Trastorno por d\u00e9ficit de atenci\u00f3n con hiperactividad - Salud<\/title>\n<meta name=\"robots\" content=\"index, follow, max-snippet:-1, max-image-preview:large, max-video-preview:-1\" \/>\n<link rel=\"canonical\" href=\"https:\/\/www.euroresidentes.com\/salud\/trastorno-por-deficit-de-atencion-con-hiperactividad\/\" \/>\n<meta property=\"og:locale\" content=\"es_ES\" \/>\n<meta property=\"og:type\" content=\"article\" \/>\n<meta property=\"og:title\" content=\"Trastorno por d\u00e9ficit de atenci\u00f3n con hiperactividad - Salud\" \/>\n<meta property=\"og:description\" content=\"\u00bfQu\u00e9 es el trastorno por d\u00e9ficit de atenci\u00f3n con hiperactividad? El trastorno por d\u00e9ficit de atenci\u00f3n con hiperactividad (TDAH) es un trastorno neurobiol\u00f3gico caracterizado por una impulsividad inapropiada, por falta de atenci\u00f3n e hiperactividad. \u00a0 Los ni\u00f1os con TDAH tiene dificultades para permanecer sentados, prestar atenci\u00f3n o controlar su comportamiento impulsivo. Este comportamiento es tan generalizado y persistente que interfiere con muchos aspectos de la vida cotidiana de estos ni\u00f1os. Sin la identificaci\u00f3n y el tratamiento adecuado, el TDAH puede tener graves consecuencias como fracaso escolar, estr\u00e9s familiar, depresi\u00f3n, problemas con las relaciones, abuso de droga, delincuencia, riesgo de lesiones\" \/>\n<meta property=\"og:url\" content=\"https:\/\/www.euroresidentes.com\/salud\/trastorno-por-deficit-de-atencion-con-hiperactividad\/\" \/>\n<meta property=\"og:site_name\" content=\"Salud\" \/>\n<meta property=\"article:published_time\" content=\"2013-04-17T09:07:00+00:00\" \/>\n<meta property=\"article:modified_time\" content=\"2018-06-29T09:38:50+00:00\" \/>\n<meta property=\"og:image\" content=\"https:\/\/www.euroresidentes.com\/salud\/wp-content\/uploads\/2013\/04\/TDAH.jpg\" \/>\n\t<meta property=\"og:image:width\" content=\"640\" \/>\n\t<meta property=\"og:image:height\" content=\"438\" \/>\n\t<meta property=\"og:image:type\" content=\"image\/jpeg\" \/>\n<meta name=\"author\" content=\"Raquel Pomares\" \/>\n<meta name=\"twitter:label1\" content=\"Written by\" \/>\n\t<meta name=\"twitter:data1\" content=\"Raquel Pomares\" \/>\n\t<meta name=\"twitter:label2\" content=\"Est. reading time\" \/>\n\t<meta name=\"twitter:data2\" content=\"4 minutos\" \/>\n<script type=\"application\/ld+json\" class=\"yoast-schema-graph\">{\"@context\":\"https:\/\/schema.org\",\"@graph\":[{\"@type\":\"Article\",\"@id\":\"https:\/\/www.euroresidentes.com\/salud\/trastorno-por-deficit-de-atencion-con-hiperactividad\/#article\",\"isPartOf\":{\"@id\":\"https:\/\/www.euroresidentes.com\/salud\/trastorno-por-deficit-de-atencion-con-hiperactividad\/\"},\"author\":{\"name\":\"Raquel Pomares\",\"@id\":\"https:\/\/www.euroresidentes.com\/salud\/#\/schema\/person\/c0299534643677f2282b416ac1fe97f1\"},\"headline\":\"Trastorno por d\u00e9ficit de atenci\u00f3n con hiperactividad\",\"datePublished\":\"2013-04-17T09:07:00+00:00\",\"dateModified\":\"2018-06-29T09:38:50+00:00\",\"mainEntityOfPage\":{\"@id\":\"https:\/\/www.euroresidentes.com\/salud\/trastorno-por-deficit-de-atencion-con-hiperactividad\/\"},\"wordCount\":896,\"commentCount\":0,\"image\":{\"@id\":\"https:\/\/www.euroresidentes.com\/salud\/trastorno-por-deficit-de-atencion-con-hiperactividad\/#primaryimage\"},\"thumbnailUrl\":\"https:\/\/www.euroresidentes.com\/salud\/wp-content\/uploads\/2013\/04\/TDAH.jpg\",\"articleSection\":[\"Ni\u00f1os\"],\"inLanguage\":\"es\",\"potentialAction\":[{\"@type\":\"CommentAction\",\"name\":\"Comment\",\"target\":[\"https:\/\/www.euroresidentes.com\/salud\/trastorno-por-deficit-de-atencion-con-hiperactividad\/#respond\"]}]},{\"@type\":\"WebPage\",\"@id\":\"https:\/\/www.euroresidentes.com\/salud\/trastorno-por-deficit-de-atencion-con-hiperactividad\/\",\"url\":\"https:\/\/www.euroresidentes.com\/salud\/trastorno-por-deficit-de-atencion-con-hiperactividad\/\",\"name\":\"Trastorno por d\u00e9ficit de atenci\u00f3n con hiperactividad - Salud\",\"isPartOf\":{\"@id\":\"https:\/\/www.euroresidentes.com\/salud\/#website\"},\"primaryImageOfPage\":{\"@id\":\"https:\/\/www.euroresidentes.com\/salud\/trastorno-por-deficit-de-atencion-con-hiperactividad\/#primaryimage\"},\"image\":{\"@id\":\"https:\/\/www.euroresidentes.com\/salud\/trastorno-por-deficit-de-atencion-con-hiperactividad\/#primaryimage\"},\"thumbnailUrl\":\"https:\/\/www.euroresidentes.com\/salud\/wp-content\/uploads\/2013\/04\/TDAH.jpg\",\"datePublished\":\"2013-04-17T09:07:00+00:00\",\"dateModified\":\"2018-06-29T09:38:50+00:00\",\"author\":{\"@id\":\"https:\/\/www.euroresidentes.com\/salud\/#\/schema\/person\/c0299534643677f2282b416ac1fe97f1\"},\"breadcrumb\":{\"@id\":\"https:\/\/www.euroresidentes.com\/salud\/trastorno-por-deficit-de-atencion-con-hiperactividad\/#breadcrumb\"},\"inLanguage\":\"es\",\"potentialAction\":[{\"@type\":\"ReadAction\",\"target\":[\"https:\/\/www.euroresidentes.com\/salud\/trastorno-por-deficit-de-atencion-con-hiperactividad\/\"]}]},{\"@type\":\"ImageObject\",\"inLanguage\":\"es\",\"@id\":\"https:\/\/www.euroresidentes.com\/salud\/trastorno-por-deficit-de-atencion-con-hiperactividad\/#primaryimage\",\"url\":\"https:\/\/www.euroresidentes.com\/salud\/wp-content\/uploads\/2013\/04\/TDAH.jpg\",\"contentUrl\":\"https:\/\/www.euroresidentes.com\/salud\/wp-content\/uploads\/2013\/04\/TDAH.jpg\",\"width\":640,\"height\":438,\"caption\":\"tdah-ninos\"},{\"@type\":\"BreadcrumbList\",\"@id\":\"https:\/\/www.euroresidentes.com\/salud\/trastorno-por-deficit-de-atencion-con-hiperactividad\/#breadcrumb\",\"itemListElement\":[{\"@type\":\"ListItem\",\"position\":1,\"name\":\"Portada\",\"item\":\"https:\/\/www.euroresidentes.com\/salud\/\"},{\"@type\":\"ListItem\",\"position\":2,\"name\":\"Trastorno por d\u00e9ficit de atenci\u00f3n con hiperactividad\"}]},{\"@type\":\"WebSite\",\"@id\":\"https:\/\/www.euroresidentes.com\/salud\/#website\",\"url\":\"https:\/\/www.euroresidentes.com\/salud\/\",\"name\":\"Salud\",\"description\":\"Consejos para el cuidado de la salud, vida sana, h\u00e1bitos saludables\",\"potentialAction\":[{\"@type\":\"SearchAction\",\"target\":{\"@type\":\"EntryPoint\",\"urlTemplate\":\"https:\/\/www.euroresidentes.com\/salud\/?s={search_term_string}\"},\"query-input\":{\"@type\":\"PropertyValueSpecification\",\"valueRequired\":true,\"valueName\":\"search_term_string\"}}],\"inLanguage\":\"es\"},{\"@type\":\"Person\",\"@id\":\"https:\/\/www.euroresidentes.com\/salud\/#\/schema\/person\/c0299534643677f2282b416ac1fe97f1\",\"name\":\"Raquel Pomares\",\"image\":{\"@type\":\"ImageObject\",\"inLanguage\":\"es\",\"@id\":\"https:\/\/www.euroresidentes.com\/salud\/#\/schema\/person\/image\/\",\"url\":\"https:\/\/www.euroresidentes.com\/salud\/wp-content\/uploads\/2016\/07\/YO2-150x150.jpg\",\"contentUrl\":\"https:\/\/www.euroresidentes.com\/salud\/wp-content\/uploads\/2016\/07\/YO2-150x150.jpg\",\"caption\":\"Raquel Pomares\"},\"description\":\"Raquel PomaresBi\u00f3loga, doctora y divulgadora cient\u00edfica especializada en temas de salud.\",\"sameAs\":[\"https:\/\/www.euroresidentes.com\/salud\/raquel-pomares.html\"],\"url\":\"https:\/\/www.euroresidentes.com\/salud\/author\/raquel\/\"}]}<\/script>\n<!-- \/ Yoast SEO plugin. -->","yoast_head_json":{"title":"Trastorno por d\u00e9ficit de atenci\u00f3n con hiperactividad - Salud","robots":{"index":"index","follow":"follow","max-snippet":"max-snippet:-1","max-image-preview":"max-image-preview:large","max-video-preview":"max-video-preview:-1"},"canonical":"https:\/\/www.euroresidentes.com\/salud\/trastorno-por-deficit-de-atencion-con-hiperactividad\/","og_locale":"es_ES","og_type":"article","og_title":"Trastorno por d\u00e9ficit de atenci\u00f3n con hiperactividad - Salud","og_description":"\u00bfQu\u00e9 es el trastorno por d\u00e9ficit de atenci\u00f3n con hiperactividad? El trastorno por d\u00e9ficit de atenci\u00f3n con hiperactividad (TDAH) es un trastorno neurobiol\u00f3gico caracterizado por una impulsividad inapropiada, por falta de atenci\u00f3n e hiperactividad. \u00a0 Los ni\u00f1os con TDAH tiene dificultades para permanecer sentados, prestar atenci\u00f3n o controlar su comportamiento impulsivo. Este comportamiento es tan generalizado y persistente que interfiere con muchos aspectos de la vida cotidiana de estos ni\u00f1os. Sin la identificaci\u00f3n y el tratamiento adecuado, el TDAH puede tener graves consecuencias como fracaso escolar, estr\u00e9s familiar, depresi\u00f3n, problemas con las relaciones, abuso de droga, delincuencia, riesgo de lesiones","og_url":"https:\/\/www.euroresidentes.com\/salud\/trastorno-por-deficit-de-atencion-con-hiperactividad\/","og_site_name":"Salud","article_published_time":"2013-04-17T09:07:00+00:00","article_modified_time":"2018-06-29T09:38:50+00:00","og_image":[{"width":640,"height":438,"url":"https:\/\/www.euroresidentes.com\/salud\/wp-content\/uploads\/2013\/04\/TDAH.jpg","type":"image\/jpeg"}],"author":"Raquel Pomares","twitter_misc":{"Written by":"Raquel Pomares","Est. reading time":"4 minutos"},"schema":{"@context":"https:\/\/schema.org","@graph":[{"@type":"Article","@id":"https:\/\/www.euroresidentes.com\/salud\/trastorno-por-deficit-de-atencion-con-hiperactividad\/#article","isPartOf":{"@id":"https:\/\/www.euroresidentes.com\/salud\/trastorno-por-deficit-de-atencion-con-hiperactividad\/"},"author":{"name":"Raquel Pomares","@id":"https:\/\/www.euroresidentes.com\/salud\/#\/schema\/person\/c0299534643677f2282b416ac1fe97f1"},"headline":"Trastorno por d\u00e9ficit de atenci\u00f3n con hiperactividad","datePublished":"2013-04-17T09:07:00+00:00","dateModified":"2018-06-29T09:38:50+00:00","mainEntityOfPage":{"@id":"https:\/\/www.euroresidentes.com\/salud\/trastorno-por-deficit-de-atencion-con-hiperactividad\/"},"wordCount":896,"commentCount":0,"image":{"@id":"https:\/\/www.euroresidentes.com\/salud\/trastorno-por-deficit-de-atencion-con-hiperactividad\/#primaryimage"},"thumbnailUrl":"https:\/\/www.euroresidentes.com\/salud\/wp-content\/uploads\/2013\/04\/TDAH.jpg","articleSection":["Ni\u00f1os"],"inLanguage":"es","potentialAction":[{"@type":"CommentAction","name":"Comment","target":["https:\/\/www.euroresidentes.com\/salud\/trastorno-por-deficit-de-atencion-con-hiperactividad\/#respond"]}]},{"@type":"WebPage","@id":"https:\/\/www.euroresidentes.com\/salud\/trastorno-por-deficit-de-atencion-con-hiperactividad\/","url":"https:\/\/www.euroresidentes.com\/salud\/trastorno-por-deficit-de-atencion-con-hiperactividad\/","name":"Trastorno por d\u00e9ficit de atenci\u00f3n con hiperactividad - Salud","isPartOf":{"@id":"https:\/\/www.euroresidentes.com\/salud\/#website"},"primaryImageOfPage":{"@id":"https:\/\/www.euroresidentes.com\/salud\/trastorno-por-deficit-de-atencion-con-hiperactividad\/#primaryimage"},"image":{"@id":"https:\/\/www.euroresidentes.com\/salud\/trastorno-por-deficit-de-atencion-con-hiperactividad\/#primaryimage"},"thumbnailUrl":"https:\/\/www.euroresidentes.com\/salud\/wp-content\/uploads\/2013\/04\/TDAH.jpg","datePublished":"2013-04-17T09:07:00+00:00","dateModified":"2018-06-29T09:38:50+00:00","author":{"@id":"https:\/\/www.euroresidentes.com\/salud\/#\/schema\/person\/c0299534643677f2282b416ac1fe97f1"},"breadcrumb":{"@id":"https:\/\/www.euroresidentes.com\/salud\/trastorno-por-deficit-de-atencion-con-hiperactividad\/#breadcrumb"},"inLanguage":"es","potentialAction":[{"@type":"ReadAction","target":["https:\/\/www.euroresidentes.com\/salud\/trastorno-por-deficit-de-atencion-con-hiperactividad\/"]}]},{"@type":"ImageObject","inLanguage":"es","@id":"https:\/\/www.euroresidentes.com\/salud\/trastorno-por-deficit-de-atencion-con-hiperactividad\/#primaryimage","url":"https:\/\/www.euroresidentes.com\/salud\/wp-content\/uploads\/2013\/04\/TDAH.jpg","contentUrl":"https:\/\/www.euroresidentes.com\/salud\/wp-content\/uploads\/2013\/04\/TDAH.jpg","width":640,"height":438,"caption":"tdah-ninos"},{"@type":"BreadcrumbList","@id":"https:\/\/www.euroresidentes.com\/salud\/trastorno-por-deficit-de-atencion-con-hiperactividad\/#breadcrumb","itemListElement":[{"@type":"ListItem","position":1,"name":"Portada","item":"https:\/\/www.euroresidentes.com\/salud\/"},{"@type":"ListItem","position":2,"name":"Trastorno por d\u00e9ficit de atenci\u00f3n con hiperactividad"}]},{"@type":"WebSite","@id":"https:\/\/www.euroresidentes.com\/salud\/#website","url":"https:\/\/www.euroresidentes.com\/salud\/","name":"Salud","description":"Consejos para el cuidado de la salud, vida sana, h\u00e1bitos saludables","potentialAction":[{"@type":"SearchAction","target":{"@type":"EntryPoint","urlTemplate":"https:\/\/www.euroresidentes.com\/salud\/?s={search_term_string}"},"query-input":{"@type":"PropertyValueSpecification","valueRequired":true,"valueName":"search_term_string"}}],"inLanguage":"es"},{"@type":"Person","@id":"https:\/\/www.euroresidentes.com\/salud\/#\/schema\/person\/c0299534643677f2282b416ac1fe97f1","name":"Raquel Pomares","image":{"@type":"ImageObject","inLanguage":"es","@id":"https:\/\/www.euroresidentes.com\/salud\/#\/schema\/person\/image\/","url":"https:\/\/www.euroresidentes.com\/salud\/wp-content\/uploads\/2016\/07\/YO2-150x150.jpg","contentUrl":"https:\/\/www.euroresidentes.com\/salud\/wp-content\/uploads\/2016\/07\/YO2-150x150.jpg","caption":"Raquel Pomares"},"description":"Raquel PomaresBi\u00f3loga, doctora y divulgadora cient\u00edfica especializada en temas de salud.","sameAs":["https:\/\/www.euroresidentes.com\/salud\/raquel-pomares.html"],"url":"https:\/\/www.euroresidentes.com\/salud\/author\/raquel\/"}]}},"_links":{"self":[{"href":"https:\/\/www.euroresidentes.com\/salud\/wp-json\/wp\/v2\/posts\/685","targetHints":{"allow":["GET"]}}],"collection":[{"href":"https:\/\/www.euroresidentes.com\/salud\/wp-json\/wp\/v2\/posts"}],"about":[{"href":"https:\/\/www.euroresidentes.com\/salud\/wp-json\/wp\/v2\/types\/post"}],"author":[{"embeddable":true,"href":"https:\/\/www.euroresidentes.com\/salud\/wp-json\/wp\/v2\/users\/2"}],"replies":[{"embeddable":true,"href":"https:\/\/www.euroresidentes.com\/salud\/wp-json\/wp\/v2\/comments?post=685"}],"version-history":[{"count":3,"href":"https:\/\/www.euroresidentes.com\/salud\/wp-json\/wp\/v2\/posts\/685\/revisions"}],"predecessor-version":[{"id":5396,"href":"https:\/\/www.euroresidentes.com\/salud\/wp-json\/wp\/v2\/posts\/685\/revisions\/5396"}],"wp:featuredmedia":[{"embeddable":true,"href":"https:\/\/www.euroresidentes.com\/salud\/wp-json\/wp\/v2\/media\/4292"}],"wp:attachment":[{"href":"https:\/\/www.euroresidentes.com\/salud\/wp-json\/wp\/v2\/media?parent=685"}],"wp:term":[{"taxonomy":"category","embeddable":true,"href":"https:\/\/www.euroresidentes.com\/salud\/wp-json\/wp\/v2\/categories?post=685"},{"taxonomy":"post_tag","embeddable":true,"href":"https:\/\/www.euroresidentes.com\/salud\/wp-json\/wp\/v2\/tags?post=685"}],"curies":[{"name":"wp","href":"https:\/\/api.w.org\/{rel}","templated":true}]}}