 

{"id":667,"date":"2018-07-03T14:05:00","date_gmt":"2018-07-03T12:05:00","guid":{"rendered":"https:\/\/www.euroresidentes.com\/salud\/salud-ninos\/los-bebes-prematuros-tienen-un-mayor"},"modified":"2018-07-30T11:07:35","modified_gmt":"2018-07-30T09:07:35","slug":"bebes-prematuros-mayor-riesgo-problemas-salud","status":"publish","type":"post","link":"https:\/\/www.euroresidentes.com\/salud\/bebes-prematuros-mayor-riesgo-problemas-salud\/","title":{"rendered":"Por qu\u00e9 los beb\u00e9s prematuros tienen un mayor riesgo de problemas de salud"},"content":{"rendered":"<h2 class=\"separator\" style=\"clear: both;text-align: left\">Complicaciones m\u00e1s frecuentes en los beb\u00e9s prematuros<\/h2>\n<p class=\"separator\" style=\"clear: both;text-align: left\">Cuanto m\u00e1s prematuro\u00a0nace un beb\u00e9, menos preparado est\u00e1 su cuerpo para el mundo exterior<\/p>\n<div class=\"separator\" style=\"clear: both;text-align: left\">La Organizaci\u00f3n Mundial de la Salud define la<strong> prematuridad como beb\u00e9s nacidos antes de las 37 semanas<\/strong>\u00a0de embarazo.<\/div>\n<div class=\"separator\" style=\"clear: both;text-align: left\">Datos recientes indican que en 2010, 1 de cada 10 beb\u00e9s nacidos en todo el mundo eran prematuros, lo que se traduce en un estimado de <strong>15 millones de nacimientos prematuros<\/strong>.<\/div>\n<div style=\"text-align: justify\"><a href=\"https:\/\/euroresidentes.com\/salud\/wp-content\/uploads\/2016\/11\/salud-prematuros-euroresidentes.jpg\"><img loading=\"lazy\" decoding=\"async\" class=\"aligncenter size-full wp-image-1978\" src=\"https:\/\/euroresidentes.com\/salud\/wp-content\/uploads\/2016\/11\/salud-prematuros-euroresidentes.jpg\" alt=\"Complicaciones de salud de los beb\u00e9s prematuros\" width=\"700\" height=\"525\" \/><\/a><\/div>\n<h3 style=\"text-align: left\">Cuanto antes nazca un beb\u00e9, m\u00e1s probable es que tenga problemas de salud<\/h3>\n<div style=\"text-align: left\">Algunos de estos problemas pueden permanecer durante varios a\u00f1os, incluso hasta en\u00a0la edad adulta.<\/div>\n<div style=\"text-align: left\">Saber cu\u00e1nto afectar\u00e1 la prematuridad a su salud va a depender en gran medida\u00a0de <strong>cu\u00e1ndo hayan nacido<\/strong>, y de la <strong>calidad de la atenci\u00f3n<\/strong> que recibieron durante y en\u00a0los d\u00edas y semanas posteriores al nacimiento.<\/div>\n<div style=\"text-align: left\">\u00a0<\/div>\n<h3 style=\"text-align: left\">\u00bfQu\u00e9 problemas de salud enfrentan los beb\u00e9s prematuros?<\/h3>\n<h4 style=\"text-align: left\"><strong>\u2022 Mantener la temperatura corporal<\/strong><\/h4>\n<p style=\"text-align: left\">Los beb\u00e9s prematuros pierden calor corporal m\u00e1s f\u00e1cilmente, lo que hace que tengan un <strong>mayor riesgo de sufrir hipotermia<\/strong>, lo que es potencialmente mortal.<\/p>\n<h4 style=\"text-align: left\"><strong>\u2022 Alimentaci\u00f3n<\/strong><\/h4>\n<div style=\"text-align: left\">Los beb\u00e9s prematuros\u00a0<strong>no tienen\u00a0completamente desarrollado el\u00a0reflejo coordinado de succi\u00f3n y degluci\u00f3n<\/strong>, por lo que\u00a0pueden tener <strong>dificultad para alimentarse<\/strong> y\u00a0necesitan apoyo adicional para alimentarse.<\/div>\n<h4 style=\"text-align: left\"><strong>\u2022 Coraz\u00f3n<\/strong><\/h4>\n<div style=\"text-align: left\">Los problemas card\u00edacos m\u00e1s comunes que experimentan los beb\u00e9s prematuros son la presi\u00f3n arterial baja y el conducto arterioso persistente, que es una abertura persistente entre los dos vasos sangu\u00edneos principales que conducen sangre al coraz\u00f3n.<\/div>\n<h4 style=\"text-align: left\"><strong>\u2022 Respiraci\u00f3n<\/strong><\/h4>\n<div style=\"text-align: left\">Si los<strong> pulmones no est\u00e1n completamente desarrollados<\/strong>, los beb\u00e9s prematuros pueden tener dificultad para respirar.<\/div>\n<div style=\"text-align: left\">Incluso aunque algunos\u00a0beb\u00e9s prematuros respiren por s\u00ed solos cuando nacen, no son lo suficientemente fuertes como para continuar por su cuenta. Se agotan y pueden dejar de respirar.<\/div>\n<h4 style=\"text-align: left\"><strong>\u2022 Infecciones<\/strong><\/h4>\n<div style=\"text-align: left\">Su <strong>sistema inmunol\u00f3gico todav\u00eda no est\u00e1 completamente desarrollado<\/strong>, y tienen un mayor riesgo de morir si tienen una infecci\u00f3n.<\/div>\n<h4 style=\"text-align: left\"><strong>\u2022 Cerebro<\/strong><\/h4>\n<div style=\"text-align: left\">Cuanto antes nazca un beb\u00e9, mayor es el riesgo de hemorragia intraventricular (sangrado en el cerebro). Aunque la mayor\u00eda de las hemorragias son leves y se resuelven con poco impacto a corto plazo, en algunos casos la\u00a0hemorragia cerebral puede ser mayor y\u00a0causar una lesi\u00f3n cerebral permanente.<\/div>\n<div style=\"text-align: left\">Tambi\u00e9n pueden tener lesiones cerebrales por falta de ox\u00edgeno. \u00c9sto\u00a0\u00a0puede causar retrasos en el desarrollo y dificultades de aprendizaje.<\/div>\n<h4 style=\"text-align: left\"><strong>\u2022 Ojos<\/strong><\/h4>\n<div style=\"text-align: left\">Los ojos de los beb\u00e9s prematuros no est\u00e1n preparados para el mundo exterior.<\/div>\n<h4 style=\"text-align: left\"><strong>\u2022 Metabolismo<\/strong><\/h4>\n<div style=\"text-align: left\">Algunos\u00a0beb\u00e9s prematuros pueden desarrollar hipoglucemia (nivel anormalmente bajo de az\u00facar en la sangre), debido a que tienen menos reservas de glucosa almacenada que los beb\u00e9s nacidos a t\u00e9rmino.<\/div>\n<div style=\"text-align: justify\">\u00a0<\/div>\n<div style=\"text-align: justify\">\u00a0<\/div>\n<h3 style=\"text-align: left\">\u00bfPor qu\u00e9 es tan importante que los beb\u00e9s se desarrollen en el \u00fatero materno el mayor tiempo posible?<\/h3>\n<p style=\"text-align: left\">En una <a href=\"http:\/\/archpedi.jamanetwork.com\/article.aspx?articleid=1730534\">revisi\u00f3n<\/a> de nueve estudios realizados en beb\u00e9s muy prematuros, nacidos entre las 22 y 25 semanas de gestaci\u00f3n, se observ\u00f3 que en comparaci\u00f3n con los beb\u00e9s nacidos a t\u00e9rmino, los beb\u00e9s prematuros tienen un <strong>mayor riesgo de sufrir problemas neurol\u00f3gicos entre los 4 y 8 a\u00f1os.\u00a0<\/strong><\/p>\n<p style=\"text-align: left\">Los autores observaron que entre el 24% y 43% de los beb\u00e9s muy prematuros presentaban una insuficiencia neurol\u00f3gica de moderada a grave, dependiendo del tiempo que hubieran pasado en el \u00fatero materno. As\u00ed, el 43% de los beb\u00e9s nacidos tras 22 semanas de gestaci\u00f3n sufr\u00edan alg\u00fan tipo de deficiencia, el 40% de los nacidos a las 23 semanas, el 28% en los nacidos a las 24 semanas y el 43% para quienes nacieron tras 25 semanas de gestaci\u00f3n.<\/p>\n<p style=\"text-align: left\">En uno de los estudios, se observ\u00f3\u00a0que los ni\u00f1os que nacieron <strong>extremadamente prematuros<\/strong> al llegar a la edad adulta obtuvieron un <strong>menor coeficiente intelectual<\/strong> que las personas que nacieron a t\u00e9rmino.<\/p>\n<div style=\"text-align: justify\">\u00a0<\/div>\n<div style=\"background-color: white;font-size: 15px;line-height: 1.5em\">Moore GP, Lemyre B, Barrowman N y Daboval T. JAMA Pediatrics (2013). <a href=\"http:\/\/archpedi.jamanetwork.com\/article.aspx?articleid=1730534\" target=\"_blank\" rel=\"nofollow noopener\">M\u00e1s informaci\u00f3n<\/a>.<\/div>\n<div style=\"text-align: justify\"><img loading=\"lazy\" decoding=\"async\" class=\"aligncenter\" title=\"Los beb\u00e9s prematuros tienen un mayor riesgo de problemas de salud.\" src=\"https:\/\/euroresidentes.com\/salud\/wp-content\/uploads\/2016\/11\/beb\u00e9s-prematuros-mayor-riesgo-problemas-de-salud.jpg\" alt=\"Los beb\u00e9s prematuros tienen un mayor riesgo de problemas de salud.\" width=\"500\" height=\"375\" border=\"0\" \/><\/div>\n<div style=\"text-align: justify\"><b>Seguir leyendo:<\/b><\/p>\n<ul>\n<li><a href=\"https:\/\/www.euroresidentes.com\/salud\/salud-hoy\/leche-y-bebes-prematuros\">Leche y beb\u00e9s prematuros<\/a><\/li>\n<li><a href=\"https:\/\/www.euroresidentes.com\/hogar\/consejos-trucos-remedios\/la-musica-puede-resultar-muy\">La m\u00fasica puede resultar muy beneficiosa para los ni\u00f1os prematuros<\/a><\/li>\n<\/ul>\n<\/div>\n","protected":false},"excerpt":{"rendered":"<p>Complicaciones m\u00e1s frecuentes en los beb\u00e9s prematuros Cuanto m\u00e1s prematuro\u00a0nace un beb\u00e9, menos preparado est\u00e1 su cuerpo para el mundo exterior La Organizaci\u00f3n Mundial de la Salud define la prematuridad como beb\u00e9s nacidos antes de las 37 semanas\u00a0de embarazo. Datos recientes indican que en 2010, 1 de cada 10 beb\u00e9s nacidos en todo el mundo eran prematuros, lo que se traduce en un estimado de 15 millones de nacimientos prematuros. Cuanto antes nazca un beb\u00e9, m\u00e1s probable es que tenga problemas de salud Algunos de estos problemas pueden permanecer durante varios a\u00f1os, incluso hasta en\u00a0la edad adulta. Saber cu\u00e1nto afectar\u00e1 <\/p>\n","protected":false},"author":2,"featured_media":2360,"comment_status":"open","ping_status":"open","sticky":false,"template":"","format":"standard","meta":{"footnotes":""},"categories":[10],"tags":[],"class_list":["post-667","post","type-post","status-publish","format-standard","has-post-thumbnail","hentry","category-ninos","has_thumb"],"yoast_head":"<!-- This site is optimized with the Yoast SEO plugin v26.8 - https:\/\/yoast.com\/product\/yoast-seo-wordpress\/ -->\n<title>Complicaciones frecuentes en los beb\u00e9s prematuros<\/title>\n<meta name=\"description\" content=\"Cuanto m\u00e1s prematuro nace un beb\u00e9, menos preparado est\u00e1 su cuerpo para el mundo exterior y mayor riesgo de complicaciones tendr\u00e1.\" \/>\n<meta name=\"robots\" content=\"index, follow, max-snippet:-1, max-image-preview:large, max-video-preview:-1\" \/>\n<link rel=\"canonical\" href=\"https:\/\/www.euroresidentes.com\/salud\/bebes-prematuros-mayor-riesgo-problemas-salud\/\" \/>\n<meta property=\"og:locale\" content=\"es_ES\" \/>\n<meta property=\"og:type\" content=\"article\" \/>\n<meta property=\"og:title\" content=\"Complicaciones frecuentes en los beb\u00e9s prematuros\" \/>\n<meta property=\"og:description\" content=\"Cuanto m\u00e1s prematuro nace un beb\u00e9, menos preparado est\u00e1 su cuerpo para el mundo exterior y mayor riesgo de complicaciones tendr\u00e1.\" \/>\n<meta property=\"og:url\" content=\"https:\/\/www.euroresidentes.com\/salud\/bebes-prematuros-mayor-riesgo-problemas-salud\/\" \/>\n<meta property=\"og:site_name\" content=\"Salud\" \/>\n<meta property=\"article:published_time\" content=\"2018-07-03T12:05:00+00:00\" \/>\n<meta property=\"article:modified_time\" content=\"2018-07-30T09:07:35+00:00\" \/>\n<meta property=\"og:image\" content=\"https:\/\/www.euroresidentes.com\/salud\/wp-content\/uploads\/2015\/03\/menstruacion-despues-parto.jpg\" \/>\n\t<meta property=\"og:image:width\" content=\"700\" \/>\n\t<meta property=\"og:image:height\" content=\"525\" \/>\n\t<meta property=\"og:image:type\" content=\"image\/jpeg\" \/>\n<meta name=\"author\" content=\"Raquel Pomares\" \/>\n<meta name=\"twitter:label1\" content=\"Written by\" \/>\n\t<meta name=\"twitter:data1\" content=\"Raquel Pomares\" \/>\n\t<meta name=\"twitter:label2\" content=\"Est. reading time\" \/>\n\t<meta name=\"twitter:data2\" content=\"3 minutos\" \/>\n<script type=\"application\/ld+json\" class=\"yoast-schema-graph\">{\"@context\":\"https:\/\/schema.org\",\"@graph\":[{\"@type\":\"Article\",\"@id\":\"https:\/\/www.euroresidentes.com\/salud\/bebes-prematuros-mayor-riesgo-problemas-salud\/#article\",\"isPartOf\":{\"@id\":\"https:\/\/www.euroresidentes.com\/salud\/bebes-prematuros-mayor-riesgo-problemas-salud\/\"},\"author\":{\"name\":\"Raquel Pomares\",\"@id\":\"https:\/\/www.euroresidentes.com\/salud\/#\/schema\/person\/c0299534643677f2282b416ac1fe97f1\"},\"headline\":\"Por qu\u00e9 los beb\u00e9s prematuros tienen un mayor riesgo de problemas de salud\",\"datePublished\":\"2018-07-03T12:05:00+00:00\",\"dateModified\":\"2018-07-30T09:07:35+00:00\",\"mainEntityOfPage\":{\"@id\":\"https:\/\/www.euroresidentes.com\/salud\/bebes-prematuros-mayor-riesgo-problemas-salud\/\"},\"wordCount\":685,\"commentCount\":0,\"image\":{\"@id\":\"https:\/\/www.euroresidentes.com\/salud\/bebes-prematuros-mayor-riesgo-problemas-salud\/#primaryimage\"},\"thumbnailUrl\":\"https:\/\/www.euroresidentes.com\/salud\/wp-content\/uploads\/2015\/03\/menstruacion-despues-parto.jpg\",\"articleSection\":[\"Ni\u00f1os\"],\"inLanguage\":\"es\",\"potentialAction\":[{\"@type\":\"CommentAction\",\"name\":\"Comment\",\"target\":[\"https:\/\/www.euroresidentes.com\/salud\/bebes-prematuros-mayor-riesgo-problemas-salud\/#respond\"]}]},{\"@type\":\"WebPage\",\"@id\":\"https:\/\/www.euroresidentes.com\/salud\/bebes-prematuros-mayor-riesgo-problemas-salud\/\",\"url\":\"https:\/\/www.euroresidentes.com\/salud\/bebes-prematuros-mayor-riesgo-problemas-salud\/\",\"name\":\"Complicaciones frecuentes en los beb\u00e9s prematuros\",\"isPartOf\":{\"@id\":\"https:\/\/www.euroresidentes.com\/salud\/#website\"},\"primaryImageOfPage\":{\"@id\":\"https:\/\/www.euroresidentes.com\/salud\/bebes-prematuros-mayor-riesgo-problemas-salud\/#primaryimage\"},\"image\":{\"@id\":\"https:\/\/www.euroresidentes.com\/salud\/bebes-prematuros-mayor-riesgo-problemas-salud\/#primaryimage\"},\"thumbnailUrl\":\"https:\/\/www.euroresidentes.com\/salud\/wp-content\/uploads\/2015\/03\/menstruacion-despues-parto.jpg\",\"datePublished\":\"2018-07-03T12:05:00+00:00\",\"dateModified\":\"2018-07-30T09:07:35+00:00\",\"author\":{\"@id\":\"https:\/\/www.euroresidentes.com\/salud\/#\/schema\/person\/c0299534643677f2282b416ac1fe97f1\"},\"description\":\"Cuanto m\u00e1s prematuro nace un beb\u00e9, menos preparado est\u00e1 su cuerpo para el mundo exterior y mayor riesgo de complicaciones tendr\u00e1.\",\"breadcrumb\":{\"@id\":\"https:\/\/www.euroresidentes.com\/salud\/bebes-prematuros-mayor-riesgo-problemas-salud\/#breadcrumb\"},\"inLanguage\":\"es\",\"potentialAction\":[{\"@type\":\"ReadAction\",\"target\":[\"https:\/\/www.euroresidentes.com\/salud\/bebes-prematuros-mayor-riesgo-problemas-salud\/\"]}]},{\"@type\":\"ImageObject\",\"inLanguage\":\"es\",\"@id\":\"https:\/\/www.euroresidentes.com\/salud\/bebes-prematuros-mayor-riesgo-problemas-salud\/#primaryimage\",\"url\":\"https:\/\/www.euroresidentes.com\/salud\/wp-content\/uploads\/2015\/03\/menstruacion-despues-parto.jpg\",\"contentUrl\":\"https:\/\/www.euroresidentes.com\/salud\/wp-content\/uploads\/2015\/03\/menstruacion-despues-parto.jpg\",\"width\":700,\"height\":525},{\"@type\":\"BreadcrumbList\",\"@id\":\"https:\/\/www.euroresidentes.com\/salud\/bebes-prematuros-mayor-riesgo-problemas-salud\/#breadcrumb\",\"itemListElement\":[{\"@type\":\"ListItem\",\"position\":1,\"name\":\"Portada\",\"item\":\"https:\/\/www.euroresidentes.com\/salud\/\"},{\"@type\":\"ListItem\",\"position\":2,\"name\":\"Por qu\u00e9 los beb\u00e9s prematuros tienen un mayor riesgo de problemas de salud\"}]},{\"@type\":\"WebSite\",\"@id\":\"https:\/\/www.euroresidentes.com\/salud\/#website\",\"url\":\"https:\/\/www.euroresidentes.com\/salud\/\",\"name\":\"Salud\",\"description\":\"Consejos para el cuidado de la salud, vida sana, h\u00e1bitos saludables\",\"potentialAction\":[{\"@type\":\"SearchAction\",\"target\":{\"@type\":\"EntryPoint\",\"urlTemplate\":\"https:\/\/www.euroresidentes.com\/salud\/?s={search_term_string}\"},\"query-input\":{\"@type\":\"PropertyValueSpecification\",\"valueRequired\":true,\"valueName\":\"search_term_string\"}}],\"inLanguage\":\"es\"},{\"@type\":\"Person\",\"@id\":\"https:\/\/www.euroresidentes.com\/salud\/#\/schema\/person\/c0299534643677f2282b416ac1fe97f1\",\"name\":\"Raquel Pomares\",\"image\":{\"@type\":\"ImageObject\",\"inLanguage\":\"es\",\"@id\":\"https:\/\/www.euroresidentes.com\/salud\/#\/schema\/person\/image\/\",\"url\":\"https:\/\/www.euroresidentes.com\/salud\/wp-content\/uploads\/2016\/07\/YO2-150x150.jpg\",\"contentUrl\":\"https:\/\/www.euroresidentes.com\/salud\/wp-content\/uploads\/2016\/07\/YO2-150x150.jpg\",\"caption\":\"Raquel Pomares\"},\"description\":\"Raquel PomaresBi\u00f3loga, doctora y divulgadora cient\u00edfica especializada en temas de salud.\",\"sameAs\":[\"https:\/\/www.euroresidentes.com\/salud\/raquel-pomares.html\"],\"url\":\"https:\/\/www.euroresidentes.com\/salud\/author\/raquel\/\"}]}<\/script>\n<!-- \/ Yoast SEO plugin. -->","yoast_head_json":{"title":"Complicaciones frecuentes en los beb\u00e9s prematuros","description":"Cuanto m\u00e1s prematuro nace un beb\u00e9, menos preparado est\u00e1 su cuerpo para el mundo exterior y mayor riesgo de complicaciones tendr\u00e1.","robots":{"index":"index","follow":"follow","max-snippet":"max-snippet:-1","max-image-preview":"max-image-preview:large","max-video-preview":"max-video-preview:-1"},"canonical":"https:\/\/www.euroresidentes.com\/salud\/bebes-prematuros-mayor-riesgo-problemas-salud\/","og_locale":"es_ES","og_type":"article","og_title":"Complicaciones frecuentes en los beb\u00e9s prematuros","og_description":"Cuanto m\u00e1s prematuro nace un beb\u00e9, menos preparado est\u00e1 su cuerpo para el mundo exterior y mayor riesgo de complicaciones tendr\u00e1.","og_url":"https:\/\/www.euroresidentes.com\/salud\/bebes-prematuros-mayor-riesgo-problemas-salud\/","og_site_name":"Salud","article_published_time":"2018-07-03T12:05:00+00:00","article_modified_time":"2018-07-30T09:07:35+00:00","og_image":[{"width":700,"height":525,"url":"https:\/\/www.euroresidentes.com\/salud\/wp-content\/uploads\/2015\/03\/menstruacion-despues-parto.jpg","type":"image\/jpeg"}],"author":"Raquel Pomares","twitter_misc":{"Written by":"Raquel Pomares","Est. reading time":"3 minutos"},"schema":{"@context":"https:\/\/schema.org","@graph":[{"@type":"Article","@id":"https:\/\/www.euroresidentes.com\/salud\/bebes-prematuros-mayor-riesgo-problemas-salud\/#article","isPartOf":{"@id":"https:\/\/www.euroresidentes.com\/salud\/bebes-prematuros-mayor-riesgo-problemas-salud\/"},"author":{"name":"Raquel Pomares","@id":"https:\/\/www.euroresidentes.com\/salud\/#\/schema\/person\/c0299534643677f2282b416ac1fe97f1"},"headline":"Por qu\u00e9 los beb\u00e9s prematuros tienen un mayor riesgo de problemas de salud","datePublished":"2018-07-03T12:05:00+00:00","dateModified":"2018-07-30T09:07:35+00:00","mainEntityOfPage":{"@id":"https:\/\/www.euroresidentes.com\/salud\/bebes-prematuros-mayor-riesgo-problemas-salud\/"},"wordCount":685,"commentCount":0,"image":{"@id":"https:\/\/www.euroresidentes.com\/salud\/bebes-prematuros-mayor-riesgo-problemas-salud\/#primaryimage"},"thumbnailUrl":"https:\/\/www.euroresidentes.com\/salud\/wp-content\/uploads\/2015\/03\/menstruacion-despues-parto.jpg","articleSection":["Ni\u00f1os"],"inLanguage":"es","potentialAction":[{"@type":"CommentAction","name":"Comment","target":["https:\/\/www.euroresidentes.com\/salud\/bebes-prematuros-mayor-riesgo-problemas-salud\/#respond"]}]},{"@type":"WebPage","@id":"https:\/\/www.euroresidentes.com\/salud\/bebes-prematuros-mayor-riesgo-problemas-salud\/","url":"https:\/\/www.euroresidentes.com\/salud\/bebes-prematuros-mayor-riesgo-problemas-salud\/","name":"Complicaciones frecuentes en los beb\u00e9s prematuros","isPartOf":{"@id":"https:\/\/www.euroresidentes.com\/salud\/#website"},"primaryImageOfPage":{"@id":"https:\/\/www.euroresidentes.com\/salud\/bebes-prematuros-mayor-riesgo-problemas-salud\/#primaryimage"},"image":{"@id":"https:\/\/www.euroresidentes.com\/salud\/bebes-prematuros-mayor-riesgo-problemas-salud\/#primaryimage"},"thumbnailUrl":"https:\/\/www.euroresidentes.com\/salud\/wp-content\/uploads\/2015\/03\/menstruacion-despues-parto.jpg","datePublished":"2018-07-03T12:05:00+00:00","dateModified":"2018-07-30T09:07:35+00:00","author":{"@id":"https:\/\/www.euroresidentes.com\/salud\/#\/schema\/person\/c0299534643677f2282b416ac1fe97f1"},"description":"Cuanto m\u00e1s prematuro nace un beb\u00e9, menos preparado est\u00e1 su cuerpo para el mundo exterior y mayor riesgo de complicaciones tendr\u00e1.","breadcrumb":{"@id":"https:\/\/www.euroresidentes.com\/salud\/bebes-prematuros-mayor-riesgo-problemas-salud\/#breadcrumb"},"inLanguage":"es","potentialAction":[{"@type":"ReadAction","target":["https:\/\/www.euroresidentes.com\/salud\/bebes-prematuros-mayor-riesgo-problemas-salud\/"]}]},{"@type":"ImageObject","inLanguage":"es","@id":"https:\/\/www.euroresidentes.com\/salud\/bebes-prematuros-mayor-riesgo-problemas-salud\/#primaryimage","url":"https:\/\/www.euroresidentes.com\/salud\/wp-content\/uploads\/2015\/03\/menstruacion-despues-parto.jpg","contentUrl":"https:\/\/www.euroresidentes.com\/salud\/wp-content\/uploads\/2015\/03\/menstruacion-despues-parto.jpg","width":700,"height":525},{"@type":"BreadcrumbList","@id":"https:\/\/www.euroresidentes.com\/salud\/bebes-prematuros-mayor-riesgo-problemas-salud\/#breadcrumb","itemListElement":[{"@type":"ListItem","position":1,"name":"Portada","item":"https:\/\/www.euroresidentes.com\/salud\/"},{"@type":"ListItem","position":2,"name":"Por qu\u00e9 los beb\u00e9s prematuros tienen un mayor riesgo de problemas de salud"}]},{"@type":"WebSite","@id":"https:\/\/www.euroresidentes.com\/salud\/#website","url":"https:\/\/www.euroresidentes.com\/salud\/","name":"Salud","description":"Consejos para el cuidado de la salud, vida sana, h\u00e1bitos saludables","potentialAction":[{"@type":"SearchAction","target":{"@type":"EntryPoint","urlTemplate":"https:\/\/www.euroresidentes.com\/salud\/?s={search_term_string}"},"query-input":{"@type":"PropertyValueSpecification","valueRequired":true,"valueName":"search_term_string"}}],"inLanguage":"es"},{"@type":"Person","@id":"https:\/\/www.euroresidentes.com\/salud\/#\/schema\/person\/c0299534643677f2282b416ac1fe97f1","name":"Raquel Pomares","image":{"@type":"ImageObject","inLanguage":"es","@id":"https:\/\/www.euroresidentes.com\/salud\/#\/schema\/person\/image\/","url":"https:\/\/www.euroresidentes.com\/salud\/wp-content\/uploads\/2016\/07\/YO2-150x150.jpg","contentUrl":"https:\/\/www.euroresidentes.com\/salud\/wp-content\/uploads\/2016\/07\/YO2-150x150.jpg","caption":"Raquel Pomares"},"description":"Raquel PomaresBi\u00f3loga, doctora y divulgadora cient\u00edfica especializada en temas de salud.","sameAs":["https:\/\/www.euroresidentes.com\/salud\/raquel-pomares.html"],"url":"https:\/\/www.euroresidentes.com\/salud\/author\/raquel\/"}]}},"_links":{"self":[{"href":"https:\/\/www.euroresidentes.com\/salud\/wp-json\/wp\/v2\/posts\/667","targetHints":{"allow":["GET"]}}],"collection":[{"href":"https:\/\/www.euroresidentes.com\/salud\/wp-json\/wp\/v2\/posts"}],"about":[{"href":"https:\/\/www.euroresidentes.com\/salud\/wp-json\/wp\/v2\/types\/post"}],"author":[{"embeddable":true,"href":"https:\/\/www.euroresidentes.com\/salud\/wp-json\/wp\/v2\/users\/2"}],"replies":[{"embeddable":true,"href":"https:\/\/www.euroresidentes.com\/salud\/wp-json\/wp\/v2\/comments?post=667"}],"version-history":[{"count":6,"href":"https:\/\/www.euroresidentes.com\/salud\/wp-json\/wp\/v2\/posts\/667\/revisions"}],"predecessor-version":[{"id":5777,"href":"https:\/\/www.euroresidentes.com\/salud\/wp-json\/wp\/v2\/posts\/667\/revisions\/5777"}],"wp:featuredmedia":[{"embeddable":true,"href":"https:\/\/www.euroresidentes.com\/salud\/wp-json\/wp\/v2\/media\/2360"}],"wp:attachment":[{"href":"https:\/\/www.euroresidentes.com\/salud\/wp-json\/wp\/v2\/media?parent=667"}],"wp:term":[{"taxonomy":"category","embeddable":true,"href":"https:\/\/www.euroresidentes.com\/salud\/wp-json\/wp\/v2\/categories?post=667"},{"taxonomy":"post_tag","embeddable":true,"href":"https:\/\/www.euroresidentes.com\/salud\/wp-json\/wp\/v2\/tags?post=667"}],"curies":[{"name":"wp","href":"https:\/\/api.w.org\/{rel}","templated":true}]}}