 

{"id":664,"date":"2014-04-01T13:54:00","date_gmt":"2014-04-01T11:54:00","guid":{"rendered":"https:\/\/www.euroresidentes.com\/salud\/embarazo\/5-cosas-que-debes-saber-sobre-la"},"modified":"2018-06-04T19:37:17","modified_gmt":"2018-06-04T17:37:17","slug":"5-cosas-sobre-la-depresion-postparto","status":"publish","type":"post","link":"https:\/\/www.euroresidentes.com\/salud\/5-cosas-sobre-la-depresion-postparto\/","title":{"rendered":"5 cosas que debes saber sobre la depresi\u00f3n postparto"},"content":{"rendered":"<div class=\"separator\" style=\"clear: both;text-align: center\"><a style=\"margin-left: 1em;margin-right: 1em\" href=\"https:\/\/www.euroresidentes.com\/salud\/wp-content\/uploads\/2014\/04\/5-cosas-que-debes-saber-sobre-la-depresion-postparto-1024x667.jpg\"><img loading=\"lazy\" decoding=\"async\" title=\"5 cosas que debes saber sobre la depresi\u00f3n postparto\" src=\"https:\/\/www.euroresidentes.com\/salud\/wp-content\/uploads\/2014\/04\/5-cosas-que-debes-saber-sobre-la-depresion-postparto-1024x667.jpg\" alt=\"5 cosas que debes saber sobre la depresi\u00f3n postparto\" width=\"640\" height=\"416\" border=\"0\" \/><\/a><\/div>\n<div style=\"text-align: justify\"><\/div>\n<div style=\"text-align: justify\">\n<h3>La depresi\u00f3n postparto es una de las complicaciones m\u00e1s comunes tras el nacimiento de un beb\u00e9, y una de las m\u00e1s f\u00e1ciles de tratar.<\/h3>\n<\/div>\n<div style=\"text-align: justify\"><\/div>\n<div style=\"text-align: justify\">Aqu\u00ed te dejamos algunas de las cosas que deber\u00edas saber sobre la depresi\u00f3n postparto:<\/div>\n<div style=\"text-align: justify\"><\/div>\n<ul>\n<li style=\"text-align: justify\">Los s\u00edntomas de la depresi\u00f3n postparto generalmente comienzan durante los tres meses siguientes al parto, aunque tambi\u00e9n es posible que aparezcan en cualquier momento dentro del primer a\u00f1o de vida del beb\u00e9.<\/li>\n<\/ul>\n<ul>\n<li style=\"text-align: justify\">Los niveles de las hormonas estr\u00f3geno y progesterona est\u00e1n muy altos durante el embarazo, y despu\u00e9s del parto estos niveles caen en picado. Es esto lo que desencadena la depresi\u00f3n postparto.<\/li>\n<\/ul>\n<ul>\n<li style=\"text-align: justify\">La nueva mam\u00e1 se siente desconectada de su beb\u00e9. Tambi\u00e9n suele sufrir de confusi\u00f3n mental, desorientaci\u00f3n, cambio en los patrones de sue\u00f1o y en la alimentaci\u00f3n.<\/li>\n<\/ul>\n<ul>\n<li style=\"text-align: justify\">Las mujeres con antecedentes personales o familiares de depresi\u00f3n, problemas en el estado de \u00e1nimo o trastornos de ansiedad son m\u00e1s propensas a sufrir depresi\u00f3n postparto.<\/li>\n<\/ul>\n<ul>\n<li style=\"text-align: justify\">Los antidepresivos y la psicoterapia son los tratamientos m\u00e1s utilizados en el caso de depresi\u00f3n postparto.<\/li>\n<\/ul>\n<div>\n<div style=\"font-size: 12px;font-style: normal;font-variant: normal;font-weight: normal;line-height: normal;margin: 0px\">\n<div style=\"text-align: justify\"><i>\u00bfHas sufrido de depresi\u00f3n postparto? Cu\u00e9ntanos tu experiencia.<\/i><\/div>\n<\/div>\n<p><i><br \/>\n<\/i><\/p>\n<div style=\"font-size: 12px;font-style: normal;font-variant: normal;font-weight: normal;line-height: normal;margin: 0px\"><\/div>\n<div style=\"font-size: 12px;font-style: normal;font-variant: normal;font-weight: normal;line-height: normal;margin: 0px\"><\/div>\n<div style=\"font-size: 12px;font-style: normal;font-variant: normal;font-weight: normal;line-height: normal;margin: 0px\"><b>Seguir leyendo:<\/b><\/div>\n<div style=\"font-size: 12px;font-style: normal;font-variant: normal;font-weight: normal;line-height: normal;margin: 0px\"><\/div>\n<ul>\n<li><a href=\"https:\/\/www.euroresidentes.com\/salud\/depresion-post-parto\/\">Depresi\u00f3n postparto<\/a><\/li>\n<\/ul>\n<\/div>\n","protected":false},"excerpt":{"rendered":"<p>La depresi\u00f3n postparto es una de las complicaciones m\u00e1s comunes tras el nacimiento de un beb\u00e9, y una de las m\u00e1s f\u00e1ciles de tratar. Aqu\u00ed te dejamos algunas de las cosas que deber\u00edas saber sobre la depresi\u00f3n postparto: Los s\u00edntomas de la depresi\u00f3n postparto generalmente comienzan durante los tres meses siguientes al parto, aunque tambi\u00e9n es posible que aparezcan en cualquier momento dentro del primer a\u00f1o de vida del beb\u00e9. Los niveles de las hormonas estr\u00f3geno y progesterona est\u00e1n muy altos durante el embarazo, y despu\u00e9s del parto estos niveles caen en picado. Es esto lo que desencadena la depresi\u00f3n <\/p>\n","protected":false},"author":2,"featured_media":2544,"comment_status":"open","ping_status":"open","sticky":false,"template":"","format":"standard","meta":{"footnotes":""},"categories":[15],"tags":[],"class_list":["post-664","post","type-post","status-publish","format-standard","has-post-thumbnail","hentry","category-embarazo","has_thumb"],"yoast_head":"<!-- This site is optimized with the Yoast SEO plugin v26.8 - https:\/\/yoast.com\/product\/yoast-seo-wordpress\/ -->\n<title>5 cosas que debes saber sobre la depresi\u00f3n postparto - Salud<\/title>\n<meta name=\"robots\" content=\"index, follow, max-snippet:-1, max-image-preview:large, max-video-preview:-1\" \/>\n<link rel=\"canonical\" href=\"https:\/\/www.euroresidentes.com\/salud\/5-cosas-sobre-la-depresion-postparto\/\" \/>\n<meta property=\"og:locale\" content=\"es_ES\" \/>\n<meta property=\"og:type\" content=\"article\" \/>\n<meta property=\"og:title\" content=\"5 cosas que debes saber sobre la depresi\u00f3n postparto - Salud\" \/>\n<meta property=\"og:description\" content=\"La depresi\u00f3n postparto es una de las complicaciones m\u00e1s comunes tras el nacimiento de un beb\u00e9, y una de las m\u00e1s f\u00e1ciles de tratar. Aqu\u00ed te dejamos algunas de las cosas que deber\u00edas saber sobre la depresi\u00f3n postparto: Los s\u00edntomas de la depresi\u00f3n postparto generalmente comienzan durante los tres meses siguientes al parto, aunque tambi\u00e9n es posible que aparezcan en cualquier momento dentro del primer a\u00f1o de vida del beb\u00e9. Los niveles de las hormonas estr\u00f3geno y progesterona est\u00e1n muy altos durante el embarazo, y despu\u00e9s del parto estos niveles caen en picado. Es esto lo que desencadena la depresi\u00f3n\" \/>\n<meta property=\"og:url\" content=\"https:\/\/www.euroresidentes.com\/salud\/5-cosas-sobre-la-depresion-postparto\/\" \/>\n<meta property=\"og:site_name\" content=\"Salud\" \/>\n<meta property=\"article:published_time\" content=\"2014-04-01T11:54:00+00:00\" \/>\n<meta property=\"article:modified_time\" content=\"2018-06-04T17:37:17+00:00\" \/>\n<meta property=\"og:image\" content=\"https:\/\/www.euroresidentes.com\/salud\/wp-content\/uploads\/2014\/04\/5-cosas-que-debes-saber-sobre-la-depresion-postparto-1024x667.jpg\" \/>\n\t<meta property=\"og:image:width\" content=\"1024\" \/>\n\t<meta property=\"og:image:height\" content=\"667\" \/>\n\t<meta property=\"og:image:type\" content=\"image\/jpeg\" \/>\n<meta name=\"author\" content=\"Raquel Pomares\" \/>\n<meta name=\"twitter:label1\" content=\"Written by\" \/>\n\t<meta name=\"twitter:data1\" content=\"Raquel Pomares\" \/>\n\t<meta name=\"twitter:label2\" content=\"Est. reading time\" \/>\n\t<meta name=\"twitter:data2\" content=\"1 minuto\" \/>\n<script type=\"application\/ld+json\" class=\"yoast-schema-graph\">{\"@context\":\"https:\/\/schema.org\",\"@graph\":[{\"@type\":\"Article\",\"@id\":\"https:\/\/www.euroresidentes.com\/salud\/5-cosas-sobre-la-depresion-postparto\/#article\",\"isPartOf\":{\"@id\":\"https:\/\/www.euroresidentes.com\/salud\/5-cosas-sobre-la-depresion-postparto\/\"},\"author\":{\"name\":\"Raquel Pomares\",\"@id\":\"https:\/\/www.euroresidentes.com\/salud\/#\/schema\/person\/c0299534643677f2282b416ac1fe97f1\"},\"headline\":\"5 cosas que debes saber sobre la depresi\u00f3n postparto\",\"datePublished\":\"2014-04-01T11:54:00+00:00\",\"dateModified\":\"2018-06-04T17:37:17+00:00\",\"mainEntityOfPage\":{\"@id\":\"https:\/\/www.euroresidentes.com\/salud\/5-cosas-sobre-la-depresion-postparto\/\"},\"wordCount\":217,\"commentCount\":0,\"image\":{\"@id\":\"https:\/\/www.euroresidentes.com\/salud\/5-cosas-sobre-la-depresion-postparto\/#primaryimage\"},\"thumbnailUrl\":\"https:\/\/www.euroresidentes.com\/salud\/wp-content\/uploads\/2014\/04\/5-cosas-que-debes-saber-sobre-la-depresion-postparto-1024x667.jpg\",\"articleSection\":[\"Embarazo\"],\"inLanguage\":\"es\",\"potentialAction\":[{\"@type\":\"CommentAction\",\"name\":\"Comment\",\"target\":[\"https:\/\/www.euroresidentes.com\/salud\/5-cosas-sobre-la-depresion-postparto\/#respond\"]}]},{\"@type\":\"WebPage\",\"@id\":\"https:\/\/www.euroresidentes.com\/salud\/5-cosas-sobre-la-depresion-postparto\/\",\"url\":\"https:\/\/www.euroresidentes.com\/salud\/5-cosas-sobre-la-depresion-postparto\/\",\"name\":\"5 cosas que debes saber sobre la depresi\u00f3n postparto - Salud\",\"isPartOf\":{\"@id\":\"https:\/\/www.euroresidentes.com\/salud\/#website\"},\"primaryImageOfPage\":{\"@id\":\"https:\/\/www.euroresidentes.com\/salud\/5-cosas-sobre-la-depresion-postparto\/#primaryimage\"},\"image\":{\"@id\":\"https:\/\/www.euroresidentes.com\/salud\/5-cosas-sobre-la-depresion-postparto\/#primaryimage\"},\"thumbnailUrl\":\"https:\/\/www.euroresidentes.com\/salud\/wp-content\/uploads\/2014\/04\/5-cosas-que-debes-saber-sobre-la-depresion-postparto-1024x667.jpg\",\"datePublished\":\"2014-04-01T11:54:00+00:00\",\"dateModified\":\"2018-06-04T17:37:17+00:00\",\"author\":{\"@id\":\"https:\/\/www.euroresidentes.com\/salud\/#\/schema\/person\/c0299534643677f2282b416ac1fe97f1\"},\"breadcrumb\":{\"@id\":\"https:\/\/www.euroresidentes.com\/salud\/5-cosas-sobre-la-depresion-postparto\/#breadcrumb\"},\"inLanguage\":\"es\",\"potentialAction\":[{\"@type\":\"ReadAction\",\"target\":[\"https:\/\/www.euroresidentes.com\/salud\/5-cosas-sobre-la-depresion-postparto\/\"]}]},{\"@type\":\"ImageObject\",\"inLanguage\":\"es\",\"@id\":\"https:\/\/www.euroresidentes.com\/salud\/5-cosas-sobre-la-depresion-postparto\/#primaryimage\",\"url\":\"https:\/\/www.euroresidentes.com\/salud\/wp-content\/uploads\/2014\/04\/5-cosas-que-debes-saber-sobre-la-depresion-postparto-1024x667.jpg\",\"contentUrl\":\"https:\/\/www.euroresidentes.com\/salud\/wp-content\/uploads\/2014\/04\/5-cosas-que-debes-saber-sobre-la-depresion-postparto-1024x667.jpg\",\"width\":1024,\"height\":667},{\"@type\":\"BreadcrumbList\",\"@id\":\"https:\/\/www.euroresidentes.com\/salud\/5-cosas-sobre-la-depresion-postparto\/#breadcrumb\",\"itemListElement\":[{\"@type\":\"ListItem\",\"position\":1,\"name\":\"Portada\",\"item\":\"https:\/\/www.euroresidentes.com\/salud\/\"},{\"@type\":\"ListItem\",\"position\":2,\"name\":\"5 cosas que debes saber sobre la depresi\u00f3n postparto\"}]},{\"@type\":\"WebSite\",\"@id\":\"https:\/\/www.euroresidentes.com\/salud\/#website\",\"url\":\"https:\/\/www.euroresidentes.com\/salud\/\",\"name\":\"Salud\",\"description\":\"Consejos para el cuidado de la salud, vida sana, h\u00e1bitos saludables\",\"potentialAction\":[{\"@type\":\"SearchAction\",\"target\":{\"@type\":\"EntryPoint\",\"urlTemplate\":\"https:\/\/www.euroresidentes.com\/salud\/?s={search_term_string}\"},\"query-input\":{\"@type\":\"PropertyValueSpecification\",\"valueRequired\":true,\"valueName\":\"search_term_string\"}}],\"inLanguage\":\"es\"},{\"@type\":\"Person\",\"@id\":\"https:\/\/www.euroresidentes.com\/salud\/#\/schema\/person\/c0299534643677f2282b416ac1fe97f1\",\"name\":\"Raquel Pomares\",\"image\":{\"@type\":\"ImageObject\",\"inLanguage\":\"es\",\"@id\":\"https:\/\/www.euroresidentes.com\/salud\/#\/schema\/person\/image\/\",\"url\":\"https:\/\/www.euroresidentes.com\/salud\/wp-content\/uploads\/2016\/07\/YO2-150x150.jpg\",\"contentUrl\":\"https:\/\/www.euroresidentes.com\/salud\/wp-content\/uploads\/2016\/07\/YO2-150x150.jpg\",\"caption\":\"Raquel Pomares\"},\"description\":\"Raquel PomaresBi\u00f3loga, doctora y divulgadora cient\u00edfica especializada en temas de salud.\",\"sameAs\":[\"https:\/\/www.euroresidentes.com\/salud\/raquel-pomares.html\"],\"url\":\"https:\/\/www.euroresidentes.com\/salud\/author\/raquel\/\"}]}<\/script>\n<!-- \/ Yoast SEO plugin. -->","yoast_head_json":{"title":"5 cosas que debes saber sobre la depresi\u00f3n postparto - Salud","robots":{"index":"index","follow":"follow","max-snippet":"max-snippet:-1","max-image-preview":"max-image-preview:large","max-video-preview":"max-video-preview:-1"},"canonical":"https:\/\/www.euroresidentes.com\/salud\/5-cosas-sobre-la-depresion-postparto\/","og_locale":"es_ES","og_type":"article","og_title":"5 cosas que debes saber sobre la depresi\u00f3n postparto - Salud","og_description":"La depresi\u00f3n postparto es una de las complicaciones m\u00e1s comunes tras el nacimiento de un beb\u00e9, y una de las m\u00e1s f\u00e1ciles de tratar. Aqu\u00ed te dejamos algunas de las cosas que deber\u00edas saber sobre la depresi\u00f3n postparto: Los s\u00edntomas de la depresi\u00f3n postparto generalmente comienzan durante los tres meses siguientes al parto, aunque tambi\u00e9n es posible que aparezcan en cualquier momento dentro del primer a\u00f1o de vida del beb\u00e9. Los niveles de las hormonas estr\u00f3geno y progesterona est\u00e1n muy altos durante el embarazo, y despu\u00e9s del parto estos niveles caen en picado. Es esto lo que desencadena la depresi\u00f3n","og_url":"https:\/\/www.euroresidentes.com\/salud\/5-cosas-sobre-la-depresion-postparto\/","og_site_name":"Salud","article_published_time":"2014-04-01T11:54:00+00:00","article_modified_time":"2018-06-04T17:37:17+00:00","og_image":[{"width":1024,"height":667,"url":"https:\/\/www.euroresidentes.com\/salud\/wp-content\/uploads\/2014\/04\/5-cosas-que-debes-saber-sobre-la-depresion-postparto-1024x667.jpg","type":"image\/jpeg"}],"author":"Raquel Pomares","twitter_misc":{"Written by":"Raquel Pomares","Est. reading time":"1 minuto"},"schema":{"@context":"https:\/\/schema.org","@graph":[{"@type":"Article","@id":"https:\/\/www.euroresidentes.com\/salud\/5-cosas-sobre-la-depresion-postparto\/#article","isPartOf":{"@id":"https:\/\/www.euroresidentes.com\/salud\/5-cosas-sobre-la-depresion-postparto\/"},"author":{"name":"Raquel Pomares","@id":"https:\/\/www.euroresidentes.com\/salud\/#\/schema\/person\/c0299534643677f2282b416ac1fe97f1"},"headline":"5 cosas que debes saber sobre la depresi\u00f3n postparto","datePublished":"2014-04-01T11:54:00+00:00","dateModified":"2018-06-04T17:37:17+00:00","mainEntityOfPage":{"@id":"https:\/\/www.euroresidentes.com\/salud\/5-cosas-sobre-la-depresion-postparto\/"},"wordCount":217,"commentCount":0,"image":{"@id":"https:\/\/www.euroresidentes.com\/salud\/5-cosas-sobre-la-depresion-postparto\/#primaryimage"},"thumbnailUrl":"https:\/\/www.euroresidentes.com\/salud\/wp-content\/uploads\/2014\/04\/5-cosas-que-debes-saber-sobre-la-depresion-postparto-1024x667.jpg","articleSection":["Embarazo"],"inLanguage":"es","potentialAction":[{"@type":"CommentAction","name":"Comment","target":["https:\/\/www.euroresidentes.com\/salud\/5-cosas-sobre-la-depresion-postparto\/#respond"]}]},{"@type":"WebPage","@id":"https:\/\/www.euroresidentes.com\/salud\/5-cosas-sobre-la-depresion-postparto\/","url":"https:\/\/www.euroresidentes.com\/salud\/5-cosas-sobre-la-depresion-postparto\/","name":"5 cosas que debes saber sobre la depresi\u00f3n postparto - Salud","isPartOf":{"@id":"https:\/\/www.euroresidentes.com\/salud\/#website"},"primaryImageOfPage":{"@id":"https:\/\/www.euroresidentes.com\/salud\/5-cosas-sobre-la-depresion-postparto\/#primaryimage"},"image":{"@id":"https:\/\/www.euroresidentes.com\/salud\/5-cosas-sobre-la-depresion-postparto\/#primaryimage"},"thumbnailUrl":"https:\/\/www.euroresidentes.com\/salud\/wp-content\/uploads\/2014\/04\/5-cosas-que-debes-saber-sobre-la-depresion-postparto-1024x667.jpg","datePublished":"2014-04-01T11:54:00+00:00","dateModified":"2018-06-04T17:37:17+00:00","author":{"@id":"https:\/\/www.euroresidentes.com\/salud\/#\/schema\/person\/c0299534643677f2282b416ac1fe97f1"},"breadcrumb":{"@id":"https:\/\/www.euroresidentes.com\/salud\/5-cosas-sobre-la-depresion-postparto\/#breadcrumb"},"inLanguage":"es","potentialAction":[{"@type":"ReadAction","target":["https:\/\/www.euroresidentes.com\/salud\/5-cosas-sobre-la-depresion-postparto\/"]}]},{"@type":"ImageObject","inLanguage":"es","@id":"https:\/\/www.euroresidentes.com\/salud\/5-cosas-sobre-la-depresion-postparto\/#primaryimage","url":"https:\/\/www.euroresidentes.com\/salud\/wp-content\/uploads\/2014\/04\/5-cosas-que-debes-saber-sobre-la-depresion-postparto-1024x667.jpg","contentUrl":"https:\/\/www.euroresidentes.com\/salud\/wp-content\/uploads\/2014\/04\/5-cosas-que-debes-saber-sobre-la-depresion-postparto-1024x667.jpg","width":1024,"height":667},{"@type":"BreadcrumbList","@id":"https:\/\/www.euroresidentes.com\/salud\/5-cosas-sobre-la-depresion-postparto\/#breadcrumb","itemListElement":[{"@type":"ListItem","position":1,"name":"Portada","item":"https:\/\/www.euroresidentes.com\/salud\/"},{"@type":"ListItem","position":2,"name":"5 cosas que debes saber sobre la depresi\u00f3n postparto"}]},{"@type":"WebSite","@id":"https:\/\/www.euroresidentes.com\/salud\/#website","url":"https:\/\/www.euroresidentes.com\/salud\/","name":"Salud","description":"Consejos para el cuidado de la salud, vida sana, h\u00e1bitos saludables","potentialAction":[{"@type":"SearchAction","target":{"@type":"EntryPoint","urlTemplate":"https:\/\/www.euroresidentes.com\/salud\/?s={search_term_string}"},"query-input":{"@type":"PropertyValueSpecification","valueRequired":true,"valueName":"search_term_string"}}],"inLanguage":"es"},{"@type":"Person","@id":"https:\/\/www.euroresidentes.com\/salud\/#\/schema\/person\/c0299534643677f2282b416ac1fe97f1","name":"Raquel Pomares","image":{"@type":"ImageObject","inLanguage":"es","@id":"https:\/\/www.euroresidentes.com\/salud\/#\/schema\/person\/image\/","url":"https:\/\/www.euroresidentes.com\/salud\/wp-content\/uploads\/2016\/07\/YO2-150x150.jpg","contentUrl":"https:\/\/www.euroresidentes.com\/salud\/wp-content\/uploads\/2016\/07\/YO2-150x150.jpg","caption":"Raquel Pomares"},"description":"Raquel PomaresBi\u00f3loga, doctora y divulgadora cient\u00edfica especializada en temas de salud.","sameAs":["https:\/\/www.euroresidentes.com\/salud\/raquel-pomares.html"],"url":"https:\/\/www.euroresidentes.com\/salud\/author\/raquel\/"}]}},"_links":{"self":[{"href":"https:\/\/www.euroresidentes.com\/salud\/wp-json\/wp\/v2\/posts\/664","targetHints":{"allow":["GET"]}}],"collection":[{"href":"https:\/\/www.euroresidentes.com\/salud\/wp-json\/wp\/v2\/posts"}],"about":[{"href":"https:\/\/www.euroresidentes.com\/salud\/wp-json\/wp\/v2\/types\/post"}],"author":[{"embeddable":true,"href":"https:\/\/www.euroresidentes.com\/salud\/wp-json\/wp\/v2\/users\/2"}],"replies":[{"embeddable":true,"href":"https:\/\/www.euroresidentes.com\/salud\/wp-json\/wp\/v2\/comments?post=664"}],"version-history":[{"count":2,"href":"https:\/\/www.euroresidentes.com\/salud\/wp-json\/wp\/v2\/posts\/664\/revisions"}],"predecessor-version":[{"id":4601,"href":"https:\/\/www.euroresidentes.com\/salud\/wp-json\/wp\/v2\/posts\/664\/revisions\/4601"}],"wp:featuredmedia":[{"embeddable":true,"href":"https:\/\/www.euroresidentes.com\/salud\/wp-json\/wp\/v2\/media\/2544"}],"wp:attachment":[{"href":"https:\/\/www.euroresidentes.com\/salud\/wp-json\/wp\/v2\/media?parent=664"}],"wp:term":[{"taxonomy":"category","embeddable":true,"href":"https:\/\/www.euroresidentes.com\/salud\/wp-json\/wp\/v2\/categories?post=664"},{"taxonomy":"post_tag","embeddable":true,"href":"https:\/\/www.euroresidentes.com\/salud\/wp-json\/wp\/v2\/tags?post=664"}],"curies":[{"name":"wp","href":"https:\/\/api.w.org\/{rel}","templated":true}]}}