 

{"id":662,"date":"2013-09-12T11:30:00","date_gmt":"2013-09-12T09:30:00","guid":{"rendered":"https:\/\/www.euroresidentes.com\/salud\/salud-ninos\/chupete-y-lactancia-materna"},"modified":"2018-07-03T10:02:02","modified_gmt":"2018-07-03T08:02:02","slug":"chupete-y-lactancia-materna","status":"publish","type":"post","link":"https:\/\/www.euroresidentes.com\/salud\/chupete-y-lactancia-materna\/","title":{"rendered":"Chupete y lactancia materna"},"content":{"rendered":"<h4 class=\"separator\" style=\"clear: both;text-align: left\">En el caso de beb\u00e9s alimentados con leche materna, se recomienda que el uso del chupete se retrase hasta el primer mes de vida para poder garantizar que la lactancia materna est\u00e9 bien establecida.<\/h4>\n<div style=\"text-align: justify\">\n<div class=\"separator\" style=\"clear: both;text-align: center\"><a style=\"margin-left: 1em;margin-right: 1em\" href=\"http:\/\/4.bp.blogspot.com\/-4VSasTWoPFU\/UjGfp4NnYyI\/AAAAAAAAAv8\/nIzUaMT9KGY\/s1600\/chupete-y-lactancia-materna.jpg\"><img loading=\"lazy\" decoding=\"async\" title=\"Chupete y lactancia materna\" src=\"https:\/\/euroresidentes.com\/salud\/wp-content\/uploads\/2013\/09\/chupete-y-lactancia-materna.jpg\" alt=\"Chupete y lactancia materna\" width=\"640\" height=\"476\" border=\"0\" \/><\/a><\/div>\n<p>\u00a0<\/p><\/div>\n<div style=\"text-align: justify\"><b>\u00a0<\/b><\/div>\n<div style=\"text-align: justify\">\n<h3><b>\u00bfPor qu\u00e9 se debe evitar el uso del chupete durante el primer mes?\u00a0<\/b><\/h3>\n<p><b>\u00a0<\/b><\/div>\n<div style=\"text-align: justify\">La cantidad de leche que una madre va a ser capaz de fabricar va a depender en gran medida de la capacidad que tenga el beb\u00e9 para vaciar los senos de su madre en las primeras semanas de vida. Es decir, cuanto m\u00e1s frecuentemente se amamante a un beb\u00e9 en el primer mes de vida, m\u00e1s cantidad de leche se producir\u00e1. De ah\u00ed la importancia de alimentar al beb\u00e9 a demanda.<\/div>\n<div style=\"text-align: justify\">El uso del chupete puede romper el ciclo de producci\u00f3n de leche, y como resultado reducir su producci\u00f3n.\u00a0<\/p>\n<h3><b>\u00bfSe puede usar el chupete despu\u00e9s de un mes?<\/b><\/h3>\n<p><b> <\/b> Si se tiene en cuenta la lactancia materna, es importante asegurar que el uso del chupete no reduzca la estimulaci\u00f3n de las mamas. Por lo que, no se debe utilizar regularmente el chupete para retrasar o reducir el acceso del beb\u00e9 al pecho de su madre.<\/div>\n<div style=\"text-align: justify\">\u00a0<\/p>\n<h3><b>Ventajas e inconvenientes del uso del chupete.<\/b><\/h3>\n<p>\u00a0<\/p>\n<ul>\n<li>Protecci\u00f3n frente al <b><u><a href=\"http:\/\/salud-ninos.euroresidentes.com\/2013\/03\/sindrome-de-muerte-subita-del-lactante.html\">s\u00edndrome de muerte s\u00fabita del lactante<\/a><\/u><\/b>. La <i>Academia Americana de Pediatr\u00eda<\/i> recomienda que los ni\u00f1os duerman con chupete en su primer a\u00f1o, ya que al parecer tiene un efecto protector contra el <a href=\"http:\/\/salud-ninos.euroresidentes.com\/2013\/03\/sindrome-de-muerte-subita-del-lactante.html\">s\u00edndrome de muerte s\u00fabita del lactante<\/a>.<\/li>\n<\/ul>\n<ul>\n<li><b><u>Calma<\/u><\/b> a los beb\u00e9s.<\/li>\n<\/ul>\n<ul>\n<li>Satisface el <u><b>reflejo de succi\u00f3n<\/b><\/u>.<\/li>\n<\/ul>\n<ul>\n<li>Permite un <u><b>destete m\u00e1s f\u00e1cil<\/b><\/u>.<\/li>\n<\/ul>\n<ul>\n<li>Puede favorecer las<b> <u>infecciones de o\u00eddo<\/u><\/b> (otitis). Al parecer los cambios en la presi\u00f3n entre el o\u00eddo medio y la parte superior de la garganta pueden favorecer la aparici\u00f3n de las otitis.<\/li>\n<\/ul>\n<ul>\n<li><b><u>Retrasos en el habla<\/u><\/b>.<\/li>\n<\/ul>\n<ul>\n<li>Cambios en la <b><u>alineaci\u00f3n de los dientes<\/u><\/b>.<\/li>\n<\/ul>\n<div>\u00a0<\/div>\n<div>\u00a0<\/div>\n<div><b>Seguir leyendo:<\/b><\/div>\n<div>\n<ul>\n<li><a href=\"http:\/\/salud-ninos.euroresidentes.com\/2013\/05\/limpiar-el-chupete-con-la-boca-reduce.html\">Limpiar el chupete con la boca reduce el riesgo del beb\u00e9 de desarrollar alergias<\/a><\/li>\n<li><a style=\"font-family: 'Trebuchet MS', sans-serif\" href=\"http:\/\/salud-hoy.euroresidentes.com\/2013\/08\/lactancia-materna-y-riesgo-de-alzheimer.html\">Lactancia materna y riesgo de Alzheimer<\/a><\/li>\n<\/ul>\n<\/div>\n<\/div>\n","protected":false},"excerpt":{"rendered":"<p>En el caso de beb\u00e9s alimentados con leche materna, se recomienda que el uso del chupete se retrase hasta el primer mes de vida para poder garantizar que la lactancia materna est\u00e9 bien establecida. \u00a0 \u00a0 \u00bfPor qu\u00e9 se debe evitar el uso del chupete durante el primer mes?\u00a0 \u00a0 La cantidad de leche que una madre va a ser capaz de fabricar va a depender en gran medida de la capacidad que tenga el beb\u00e9 para vaciar los senos de su madre en las primeras semanas de vida. Es decir, cuanto m\u00e1s frecuentemente se amamante a un beb\u00e9 en <\/p>\n","protected":false},"author":2,"featured_media":4354,"comment_status":"open","ping_status":"open","sticky":false,"template":"","format":"standard","meta":{"footnotes":""},"categories":[10],"tags":[],"class_list":["post-662","post","type-post","status-publish","format-standard","has-post-thumbnail","hentry","category-ninos","has_thumb"],"yoast_head":"<!-- This site is optimized with the Yoast SEO plugin v26.8 - https:\/\/yoast.com\/product\/yoast-seo-wordpress\/ -->\n<title>Chupete y lactancia materna - Salud<\/title>\n<meta name=\"robots\" content=\"index, follow, max-snippet:-1, max-image-preview:large, max-video-preview:-1\" \/>\n<link rel=\"canonical\" href=\"https:\/\/www.euroresidentes.com\/salud\/chupete-y-lactancia-materna\/\" \/>\n<meta property=\"og:locale\" content=\"es_ES\" \/>\n<meta property=\"og:type\" content=\"article\" \/>\n<meta property=\"og:title\" content=\"Chupete y lactancia materna - Salud\" \/>\n<meta property=\"og:description\" content=\"En el caso de beb\u00e9s alimentados con leche materna, se recomienda que el uso del chupete se retrase hasta el primer mes de vida para poder garantizar que la lactancia materna est\u00e9 bien establecida. \u00a0 \u00a0 \u00bfPor qu\u00e9 se debe evitar el uso del chupete durante el primer mes?\u00a0 \u00a0 La cantidad de leche que una madre va a ser capaz de fabricar va a depender en gran medida de la capacidad que tenga el beb\u00e9 para vaciar los senos de su madre en las primeras semanas de vida. Es decir, cuanto m\u00e1s frecuentemente se amamante a un beb\u00e9 en\" \/>\n<meta property=\"og:url\" content=\"https:\/\/www.euroresidentes.com\/salud\/chupete-y-lactancia-materna\/\" \/>\n<meta property=\"og:site_name\" content=\"Salud\" \/>\n<meta property=\"article:published_time\" content=\"2013-09-12T09:30:00+00:00\" \/>\n<meta property=\"article:modified_time\" content=\"2018-07-03T08:02:02+00:00\" \/>\n<meta property=\"og:image\" content=\"https:\/\/www.euroresidentes.com\/salud\/wp-content\/uploads\/2013\/09\/chupete-y-lactancia-materna.jpg\" \/>\n\t<meta property=\"og:image:width\" content=\"640\" \/>\n\t<meta property=\"og:image:height\" content=\"477\" \/>\n\t<meta property=\"og:image:type\" content=\"image\/jpeg\" \/>\n<meta name=\"author\" content=\"Raquel Pomares\" \/>\n<meta name=\"twitter:label1\" content=\"Written by\" \/>\n\t<meta name=\"twitter:data1\" content=\"Raquel Pomares\" \/>\n\t<meta name=\"twitter:label2\" content=\"Est. reading time\" \/>\n\t<meta name=\"twitter:data2\" content=\"2 minutos\" \/>\n<script type=\"application\/ld+json\" class=\"yoast-schema-graph\">{\"@context\":\"https:\/\/schema.org\",\"@graph\":[{\"@type\":\"Article\",\"@id\":\"https:\/\/www.euroresidentes.com\/salud\/chupete-y-lactancia-materna\/#article\",\"isPartOf\":{\"@id\":\"https:\/\/www.euroresidentes.com\/salud\/chupete-y-lactancia-materna\/\"},\"author\":{\"name\":\"Raquel Pomares\",\"@id\":\"https:\/\/www.euroresidentes.com\/salud\/#\/schema\/person\/c0299534643677f2282b416ac1fe97f1\"},\"headline\":\"Chupete y lactancia materna\",\"datePublished\":\"2013-09-12T09:30:00+00:00\",\"dateModified\":\"2018-07-03T08:02:02+00:00\",\"mainEntityOfPage\":{\"@id\":\"https:\/\/www.euroresidentes.com\/salud\/chupete-y-lactancia-materna\/\"},\"wordCount\":346,\"commentCount\":0,\"image\":{\"@id\":\"https:\/\/www.euroresidentes.com\/salud\/chupete-y-lactancia-materna\/#primaryimage\"},\"thumbnailUrl\":\"https:\/\/www.euroresidentes.com\/salud\/wp-content\/uploads\/2013\/09\/chupete-y-lactancia-materna.jpg\",\"articleSection\":[\"Ni\u00f1os\"],\"inLanguage\":\"es\",\"potentialAction\":[{\"@type\":\"CommentAction\",\"name\":\"Comment\",\"target\":[\"https:\/\/www.euroresidentes.com\/salud\/chupete-y-lactancia-materna\/#respond\"]}]},{\"@type\":\"WebPage\",\"@id\":\"https:\/\/www.euroresidentes.com\/salud\/chupete-y-lactancia-materna\/\",\"url\":\"https:\/\/www.euroresidentes.com\/salud\/chupete-y-lactancia-materna\/\",\"name\":\"Chupete y lactancia materna - Salud\",\"isPartOf\":{\"@id\":\"https:\/\/www.euroresidentes.com\/salud\/#website\"},\"primaryImageOfPage\":{\"@id\":\"https:\/\/www.euroresidentes.com\/salud\/chupete-y-lactancia-materna\/#primaryimage\"},\"image\":{\"@id\":\"https:\/\/www.euroresidentes.com\/salud\/chupete-y-lactancia-materna\/#primaryimage\"},\"thumbnailUrl\":\"https:\/\/www.euroresidentes.com\/salud\/wp-content\/uploads\/2013\/09\/chupete-y-lactancia-materna.jpg\",\"datePublished\":\"2013-09-12T09:30:00+00:00\",\"dateModified\":\"2018-07-03T08:02:02+00:00\",\"author\":{\"@id\":\"https:\/\/www.euroresidentes.com\/salud\/#\/schema\/person\/c0299534643677f2282b416ac1fe97f1\"},\"breadcrumb\":{\"@id\":\"https:\/\/www.euroresidentes.com\/salud\/chupete-y-lactancia-materna\/#breadcrumb\"},\"inLanguage\":\"es\",\"potentialAction\":[{\"@type\":\"ReadAction\",\"target\":[\"https:\/\/www.euroresidentes.com\/salud\/chupete-y-lactancia-materna\/\"]}]},{\"@type\":\"ImageObject\",\"inLanguage\":\"es\",\"@id\":\"https:\/\/www.euroresidentes.com\/salud\/chupete-y-lactancia-materna\/#primaryimage\",\"url\":\"https:\/\/www.euroresidentes.com\/salud\/wp-content\/uploads\/2013\/09\/chupete-y-lactancia-materna.jpg\",\"contentUrl\":\"https:\/\/www.euroresidentes.com\/salud\/wp-content\/uploads\/2013\/09\/chupete-y-lactancia-materna.jpg\",\"width\":640,\"height\":477},{\"@type\":\"BreadcrumbList\",\"@id\":\"https:\/\/www.euroresidentes.com\/salud\/chupete-y-lactancia-materna\/#breadcrumb\",\"itemListElement\":[{\"@type\":\"ListItem\",\"position\":1,\"name\":\"Portada\",\"item\":\"https:\/\/www.euroresidentes.com\/salud\/\"},{\"@type\":\"ListItem\",\"position\":2,\"name\":\"Chupete y lactancia materna\"}]},{\"@type\":\"WebSite\",\"@id\":\"https:\/\/www.euroresidentes.com\/salud\/#website\",\"url\":\"https:\/\/www.euroresidentes.com\/salud\/\",\"name\":\"Salud\",\"description\":\"Consejos para el cuidado de la salud, vida sana, h\u00e1bitos saludables\",\"potentialAction\":[{\"@type\":\"SearchAction\",\"target\":{\"@type\":\"EntryPoint\",\"urlTemplate\":\"https:\/\/www.euroresidentes.com\/salud\/?s={search_term_string}\"},\"query-input\":{\"@type\":\"PropertyValueSpecification\",\"valueRequired\":true,\"valueName\":\"search_term_string\"}}],\"inLanguage\":\"es\"},{\"@type\":\"Person\",\"@id\":\"https:\/\/www.euroresidentes.com\/salud\/#\/schema\/person\/c0299534643677f2282b416ac1fe97f1\",\"name\":\"Raquel Pomares\",\"image\":{\"@type\":\"ImageObject\",\"inLanguage\":\"es\",\"@id\":\"https:\/\/www.euroresidentes.com\/salud\/#\/schema\/person\/image\/\",\"url\":\"https:\/\/www.euroresidentes.com\/salud\/wp-content\/uploads\/2016\/07\/YO2-150x150.jpg\",\"contentUrl\":\"https:\/\/www.euroresidentes.com\/salud\/wp-content\/uploads\/2016\/07\/YO2-150x150.jpg\",\"caption\":\"Raquel Pomares\"},\"description\":\"Raquel PomaresBi\u00f3loga, doctora y divulgadora cient\u00edfica especializada en temas de salud.\",\"sameAs\":[\"https:\/\/www.euroresidentes.com\/salud\/raquel-pomares.html\"],\"url\":\"https:\/\/www.euroresidentes.com\/salud\/author\/raquel\/\"}]}<\/script>\n<!-- \/ Yoast SEO plugin. -->","yoast_head_json":{"title":"Chupete y lactancia materna - Salud","robots":{"index":"index","follow":"follow","max-snippet":"max-snippet:-1","max-image-preview":"max-image-preview:large","max-video-preview":"max-video-preview:-1"},"canonical":"https:\/\/www.euroresidentes.com\/salud\/chupete-y-lactancia-materna\/","og_locale":"es_ES","og_type":"article","og_title":"Chupete y lactancia materna - Salud","og_description":"En el caso de beb\u00e9s alimentados con leche materna, se recomienda que el uso del chupete se retrase hasta el primer mes de vida para poder garantizar que la lactancia materna est\u00e9 bien establecida. \u00a0 \u00a0 \u00bfPor qu\u00e9 se debe evitar el uso del chupete durante el primer mes?\u00a0 \u00a0 La cantidad de leche que una madre va a ser capaz de fabricar va a depender en gran medida de la capacidad que tenga el beb\u00e9 para vaciar los senos de su madre en las primeras semanas de vida. Es decir, cuanto m\u00e1s frecuentemente se amamante a un beb\u00e9 en","og_url":"https:\/\/www.euroresidentes.com\/salud\/chupete-y-lactancia-materna\/","og_site_name":"Salud","article_published_time":"2013-09-12T09:30:00+00:00","article_modified_time":"2018-07-03T08:02:02+00:00","og_image":[{"width":640,"height":477,"url":"https:\/\/www.euroresidentes.com\/salud\/wp-content\/uploads\/2013\/09\/chupete-y-lactancia-materna.jpg","type":"image\/jpeg"}],"author":"Raquel Pomares","twitter_misc":{"Written by":"Raquel Pomares","Est. reading time":"2 minutos"},"schema":{"@context":"https:\/\/schema.org","@graph":[{"@type":"Article","@id":"https:\/\/www.euroresidentes.com\/salud\/chupete-y-lactancia-materna\/#article","isPartOf":{"@id":"https:\/\/www.euroresidentes.com\/salud\/chupete-y-lactancia-materna\/"},"author":{"name":"Raquel Pomares","@id":"https:\/\/www.euroresidentes.com\/salud\/#\/schema\/person\/c0299534643677f2282b416ac1fe97f1"},"headline":"Chupete y lactancia materna","datePublished":"2013-09-12T09:30:00+00:00","dateModified":"2018-07-03T08:02:02+00:00","mainEntityOfPage":{"@id":"https:\/\/www.euroresidentes.com\/salud\/chupete-y-lactancia-materna\/"},"wordCount":346,"commentCount":0,"image":{"@id":"https:\/\/www.euroresidentes.com\/salud\/chupete-y-lactancia-materna\/#primaryimage"},"thumbnailUrl":"https:\/\/www.euroresidentes.com\/salud\/wp-content\/uploads\/2013\/09\/chupete-y-lactancia-materna.jpg","articleSection":["Ni\u00f1os"],"inLanguage":"es","potentialAction":[{"@type":"CommentAction","name":"Comment","target":["https:\/\/www.euroresidentes.com\/salud\/chupete-y-lactancia-materna\/#respond"]}]},{"@type":"WebPage","@id":"https:\/\/www.euroresidentes.com\/salud\/chupete-y-lactancia-materna\/","url":"https:\/\/www.euroresidentes.com\/salud\/chupete-y-lactancia-materna\/","name":"Chupete y lactancia materna - Salud","isPartOf":{"@id":"https:\/\/www.euroresidentes.com\/salud\/#website"},"primaryImageOfPage":{"@id":"https:\/\/www.euroresidentes.com\/salud\/chupete-y-lactancia-materna\/#primaryimage"},"image":{"@id":"https:\/\/www.euroresidentes.com\/salud\/chupete-y-lactancia-materna\/#primaryimage"},"thumbnailUrl":"https:\/\/www.euroresidentes.com\/salud\/wp-content\/uploads\/2013\/09\/chupete-y-lactancia-materna.jpg","datePublished":"2013-09-12T09:30:00+00:00","dateModified":"2018-07-03T08:02:02+00:00","author":{"@id":"https:\/\/www.euroresidentes.com\/salud\/#\/schema\/person\/c0299534643677f2282b416ac1fe97f1"},"breadcrumb":{"@id":"https:\/\/www.euroresidentes.com\/salud\/chupete-y-lactancia-materna\/#breadcrumb"},"inLanguage":"es","potentialAction":[{"@type":"ReadAction","target":["https:\/\/www.euroresidentes.com\/salud\/chupete-y-lactancia-materna\/"]}]},{"@type":"ImageObject","inLanguage":"es","@id":"https:\/\/www.euroresidentes.com\/salud\/chupete-y-lactancia-materna\/#primaryimage","url":"https:\/\/www.euroresidentes.com\/salud\/wp-content\/uploads\/2013\/09\/chupete-y-lactancia-materna.jpg","contentUrl":"https:\/\/www.euroresidentes.com\/salud\/wp-content\/uploads\/2013\/09\/chupete-y-lactancia-materna.jpg","width":640,"height":477},{"@type":"BreadcrumbList","@id":"https:\/\/www.euroresidentes.com\/salud\/chupete-y-lactancia-materna\/#breadcrumb","itemListElement":[{"@type":"ListItem","position":1,"name":"Portada","item":"https:\/\/www.euroresidentes.com\/salud\/"},{"@type":"ListItem","position":2,"name":"Chupete y lactancia materna"}]},{"@type":"WebSite","@id":"https:\/\/www.euroresidentes.com\/salud\/#website","url":"https:\/\/www.euroresidentes.com\/salud\/","name":"Salud","description":"Consejos para el cuidado de la salud, vida sana, h\u00e1bitos saludables","potentialAction":[{"@type":"SearchAction","target":{"@type":"EntryPoint","urlTemplate":"https:\/\/www.euroresidentes.com\/salud\/?s={search_term_string}"},"query-input":{"@type":"PropertyValueSpecification","valueRequired":true,"valueName":"search_term_string"}}],"inLanguage":"es"},{"@type":"Person","@id":"https:\/\/www.euroresidentes.com\/salud\/#\/schema\/person\/c0299534643677f2282b416ac1fe97f1","name":"Raquel Pomares","image":{"@type":"ImageObject","inLanguage":"es","@id":"https:\/\/www.euroresidentes.com\/salud\/#\/schema\/person\/image\/","url":"https:\/\/www.euroresidentes.com\/salud\/wp-content\/uploads\/2016\/07\/YO2-150x150.jpg","contentUrl":"https:\/\/www.euroresidentes.com\/salud\/wp-content\/uploads\/2016\/07\/YO2-150x150.jpg","caption":"Raquel Pomares"},"description":"Raquel PomaresBi\u00f3loga, doctora y divulgadora cient\u00edfica especializada en temas de salud.","sameAs":["https:\/\/www.euroresidentes.com\/salud\/raquel-pomares.html"],"url":"https:\/\/www.euroresidentes.com\/salud\/author\/raquel\/"}]}},"_links":{"self":[{"href":"https:\/\/www.euroresidentes.com\/salud\/wp-json\/wp\/v2\/posts\/662","targetHints":{"allow":["GET"]}}],"collection":[{"href":"https:\/\/www.euroresidentes.com\/salud\/wp-json\/wp\/v2\/posts"}],"about":[{"href":"https:\/\/www.euroresidentes.com\/salud\/wp-json\/wp\/v2\/types\/post"}],"author":[{"embeddable":true,"href":"https:\/\/www.euroresidentes.com\/salud\/wp-json\/wp\/v2\/users\/2"}],"replies":[{"embeddable":true,"href":"https:\/\/www.euroresidentes.com\/salud\/wp-json\/wp\/v2\/comments?post=662"}],"version-history":[{"count":4,"href":"https:\/\/www.euroresidentes.com\/salud\/wp-json\/wp\/v2\/posts\/662\/revisions"}],"predecessor-version":[{"id":5458,"href":"https:\/\/www.euroresidentes.com\/salud\/wp-json\/wp\/v2\/posts\/662\/revisions\/5458"}],"wp:featuredmedia":[{"embeddable":true,"href":"https:\/\/www.euroresidentes.com\/salud\/wp-json\/wp\/v2\/media\/4354"}],"wp:attachment":[{"href":"https:\/\/www.euroresidentes.com\/salud\/wp-json\/wp\/v2\/media?parent=662"}],"wp:term":[{"taxonomy":"category","embeddable":true,"href":"https:\/\/www.euroresidentes.com\/salud\/wp-json\/wp\/v2\/categories?post=662"},{"taxonomy":"post_tag","embeddable":true,"href":"https:\/\/www.euroresidentes.com\/salud\/wp-json\/wp\/v2\/tags?post=662"}],"curies":[{"name":"wp","href":"https:\/\/api.w.org\/{rel}","templated":true}]}}