 

{"id":649,"date":"2016-06-08T09:59:00","date_gmt":"2016-06-08T07:59:00","guid":{"rendered":"https:\/\/www.euroresidentes.com\/salud\/salud-ninos\/masticar-chicle-un-habito-perjudicia"},"modified":"2018-08-02T12:51:26","modified_gmt":"2018-08-02T10:51:26","slug":"masticar-chicle-perjudicial-salud-adolescentes","status":"publish","type":"post","link":"https:\/\/www.euroresidentes.com\/salud\/masticar-chicle-perjudicial-salud-adolescentes\/","title":{"rendered":"Masticar chicle: Un h\u00e1bito perjudicial para la salud de los adolescentes"},"content":{"rendered":"<h3 class=\"separator\" style=\"clear: both;text-align: justify\">Masticar chicle en exceso puede provocar migra\u00f1as en adolescentes<\/h3>\n<p style=\"text-align: left\">Los adolescentes que sufran de dolores de cabeza deber\u00edan evitar mascar chicle en exceso con el fin de\u00a0reducir y prevenir el empeoramiento de los s\u00edntomas de sus cefaleas.<a href=\"https:\/\/euroresidentes.com\/salud\/wp-content\/uploads\/2016\/06\/masticar-chicle-ni\u00f1os-euroresidentes.jpg\"><img loading=\"lazy\" decoding=\"async\" class=\"aligncenter size-full wp-image-1673\" src=\"https:\/\/euroresidentes.com\/salud\/wp-content\/uploads\/2016\/06\/masticar-chicle-ni\u00f1os-euroresidentes.jpg\" alt=\"Problemas de salud por masticar chicle\" width=\"700\" height=\"525\" \/><\/a><\/p>\n<h3 style=\"text-align: justify\">Adolescentes y masticar chicle con frecuencia<\/h3>\n<p style=\"text-align: left\">Se estudi\u00f3 a\u00a030 adolescentes, con una edad mediana de 16 a\u00f1os, que ten\u00edan dolores de cabeza migra\u00f1osos cr\u00f3nicos.<\/p>\n<p style=\"text-align: left\">Se pidi\u00f3 que rellenasen un cuestionario referente a las caracter\u00edsticas de sus dolores de cabeza, los posibles desencadenantes, la existencia de cefaleas entre sus familiares, as\u00ed como el tiempo que mascaban chicle cada d\u00eda. Los pacientes fueron divididos en cuatro grupos en funci\u00f3n de\u00a0la cantidad de\u00a0tiempo que mascaban chicle al d\u00eda, y a todos se les pidi\u00f3 que dejaran de mascar chicle durante un mes.<\/p>\n<p style=\"text-align: left\">Tras el periodo de tiempo en el que <strong>no mascaron chicle<\/strong>, 26 de ellos informaron de una <strong>mejora significativa<\/strong>, incluso 19 de ellos dejaron de sufrir por completo de<strong> dolores de cabeza<\/strong>.<\/p>\n<p style=\"text-align: left\">Pasado el mes, cuando volvieron a reinstaurar el <strong>h\u00e1bito de mascar chicle<\/strong>, 20 de los sujetos estudiados <strong>volvieron a sufrir de dolor de cabeza<\/strong>.<\/p>\n<div style=\"text-align: justify\">\u00a0<\/div>\n<h3 style=\"text-align: justify\">Masticar chicle y dolores de cabeza<\/h3>\n<p style=\"text-align: left\">Una posible explicaci\u00f3n para la asociaci\u00f3n que existe entre el <strong>chicle y los dolores de cabeza<\/strong> es la <strong>tensi\u00f3n ejercida sobre la articulaci\u00f3n temporomandibular<\/strong>, el lugar donde se unen el cr\u00e1neo y la mand\u00edbula.<\/p>\n<p style=\"text-align: left\"><strong>Masticar chicle provoca el desgaste del cart\u00edlago<\/strong> que act\u00faa como amortiguador en las articulaciones de la mand\u00edbula, lo que podr\u00eda acabar desencadenando dolor.<\/p>\n<p style=\"text-align: left\">Adem\u00e1s si se mastica chicle en exceso, los<strong>\u00a0nervios de la zona mandibular<\/strong> pueden provocar la aparici\u00f3n de <strong>dolores de cabeza recurrentes<\/strong>.<\/p>\n<div style=\"text-align: justify\"><img loading=\"lazy\" decoding=\"async\" class=\"aligncenter\" title=\"Masticar chicle: un h\u00e1bito perjudicial para la salud de los adolescentes \" src=\"https:\/\/euroresidentes.com\/salud\/wp-content\/uploads\/2016\/06\/masticar-chicle-dolores-de-cabeza.jpg\" alt=\"Masticar chicle: un h\u00e1bito perjudicial para la salud de los adolescentes \" width=\"367\" height=\"244\" border=\"0\" \/><\/div>\n<div style=\"text-align: justify\">\u00a0<\/div>\n<div style=\"text-align: justify\">Watemberg N, Matar M, Har-Gil M y Mahajnah M. Pediatrics Neurology (2013). <a href=\"http:\/\/www.sciencedirect.com\/science\/article\/pii\/S0887899413005407\">M\u00e1s informaci\u00f3n<\/a>.<\/div>\n<p>&nbsp;<\/p>\n<p><strong>Lecturas relacionadas:\u00a0<\/strong><\/p>\n<ul>\n<li><a href=\"https:\/\/www.euroresidentes.com\/salud\/salud-ninos\/dolor-de-cabeza-en-ninos\">Dolor de cabeza en ni\u00f1os<\/a><\/li>\n<li><a href=\"https:\/\/www.euroresidentes.com\/salud\/salud-ninos\/dolor-de-cabeza-en-ninos\">Por qu\u00e9 le duele la cabeza a un ni\u00f1o<\/a><\/li>\n<\/ul>\n","protected":false},"excerpt":{"rendered":"<p>Masticar chicle en exceso puede provocar migra\u00f1as en adolescentes Los adolescentes que sufran de dolores de cabeza deber\u00edan evitar mascar chicle en exceso con el fin de\u00a0reducir y prevenir el empeoramiento de los s\u00edntomas de sus cefaleas. Adolescentes y masticar chicle con frecuencia Se estudi\u00f3 a\u00a030 adolescentes, con una edad mediana de 16 a\u00f1os, que ten\u00edan dolores de cabeza migra\u00f1osos cr\u00f3nicos. Se pidi\u00f3 que rellenasen un cuestionario referente a las caracter\u00edsticas de sus dolores de cabeza, los posibles desencadenantes, la existencia de cefaleas entre sus familiares, as\u00ed como el tiempo que mascaban chicle cada d\u00eda. Los pacientes fueron divididos en <\/p>\n","protected":false},"author":2,"featured_media":3988,"comment_status":"open","ping_status":"open","sticky":false,"template":"","format":"standard","meta":{"footnotes":""},"categories":[10],"tags":[],"class_list":["post-649","post","type-post","status-publish","format-standard","has-post-thumbnail","hentry","category-ninos","has_thumb"],"yoast_head":"<!-- This site is optimized with the Yoast SEO plugin v26.8 - https:\/\/yoast.com\/product\/yoast-seo-wordpress\/ -->\n<title>Masticar chicle: Un h\u00e1bito perjudicial para la salud de los adolescentes - Salud<\/title>\n<meta name=\"robots\" content=\"index, follow, max-snippet:-1, max-image-preview:large, max-video-preview:-1\" \/>\n<link rel=\"canonical\" href=\"https:\/\/www.euroresidentes.com\/salud\/masticar-chicle-perjudicial-salud-adolescentes\/\" \/>\n<meta property=\"og:locale\" content=\"es_ES\" \/>\n<meta property=\"og:type\" content=\"article\" \/>\n<meta property=\"og:title\" content=\"Masticar chicle: Un h\u00e1bito perjudicial para la salud de los adolescentes - Salud\" \/>\n<meta property=\"og:description\" content=\"Masticar chicle en exceso puede provocar migra\u00f1as en adolescentes Los adolescentes que sufran de dolores de cabeza deber\u00edan evitar mascar chicle en exceso con el fin de\u00a0reducir y prevenir el empeoramiento de los s\u00edntomas de sus cefaleas. Adolescentes y masticar chicle con frecuencia Se estudi\u00f3 a\u00a030 adolescentes, con una edad mediana de 16 a\u00f1os, que ten\u00edan dolores de cabeza migra\u00f1osos cr\u00f3nicos. Se pidi\u00f3 que rellenasen un cuestionario referente a las caracter\u00edsticas de sus dolores de cabeza, los posibles desencadenantes, la existencia de cefaleas entre sus familiares, as\u00ed como el tiempo que mascaban chicle cada d\u00eda. Los pacientes fueron divididos en\" \/>\n<meta property=\"og:url\" content=\"https:\/\/www.euroresidentes.com\/salud\/masticar-chicle-perjudicial-salud-adolescentes\/\" \/>\n<meta property=\"og:site_name\" content=\"Salud\" \/>\n<meta property=\"article:published_time\" content=\"2016-06-08T07:59:00+00:00\" \/>\n<meta property=\"article:modified_time\" content=\"2018-08-02T10:51:26+00:00\" \/>\n<meta property=\"og:image\" content=\"https:\/\/www.euroresidentes.com\/salud\/wp-content\/uploads\/2016\/06\/masticar-chicle-ni\u00f1os-euroresidentes.jpg\" \/>\n\t<meta property=\"og:image:width\" content=\"700\" \/>\n\t<meta property=\"og:image:height\" content=\"525\" \/>\n\t<meta property=\"og:image:type\" content=\"image\/jpeg\" \/>\n<meta name=\"author\" content=\"Raquel Pomares\" \/>\n<meta name=\"twitter:label1\" content=\"Written by\" \/>\n\t<meta name=\"twitter:data1\" content=\"Raquel Pomares\" \/>\n\t<meta name=\"twitter:label2\" content=\"Est. reading time\" \/>\n\t<meta name=\"twitter:data2\" content=\"2 minutos\" \/>\n<script type=\"application\/ld+json\" class=\"yoast-schema-graph\">{\"@context\":\"https:\/\/schema.org\",\"@graph\":[{\"@type\":\"Article\",\"@id\":\"https:\/\/www.euroresidentes.com\/salud\/masticar-chicle-perjudicial-salud-adolescentes\/#article\",\"isPartOf\":{\"@id\":\"https:\/\/www.euroresidentes.com\/salud\/masticar-chicle-perjudicial-salud-adolescentes\/\"},\"author\":{\"name\":\"Raquel Pomares\",\"@id\":\"https:\/\/www.euroresidentes.com\/salud\/#\/schema\/person\/c0299534643677f2282b416ac1fe97f1\"},\"headline\":\"Masticar chicle: Un h\u00e1bito perjudicial para la salud de los adolescentes\",\"datePublished\":\"2016-06-08T07:59:00+00:00\",\"dateModified\":\"2018-08-02T10:51:26+00:00\",\"mainEntityOfPage\":{\"@id\":\"https:\/\/www.euroresidentes.com\/salud\/masticar-chicle-perjudicial-salud-adolescentes\/\"},\"wordCount\":336,\"commentCount\":0,\"image\":{\"@id\":\"https:\/\/www.euroresidentes.com\/salud\/masticar-chicle-perjudicial-salud-adolescentes\/#primaryimage\"},\"thumbnailUrl\":\"https:\/\/www.euroresidentes.com\/salud\/wp-content\/uploads\/2016\/06\/masticar-chicle-ni\u00f1os-euroresidentes.jpg\",\"articleSection\":[\"Ni\u00f1os\"],\"inLanguage\":\"es\",\"potentialAction\":[{\"@type\":\"CommentAction\",\"name\":\"Comment\",\"target\":[\"https:\/\/www.euroresidentes.com\/salud\/masticar-chicle-perjudicial-salud-adolescentes\/#respond\"]}]},{\"@type\":\"WebPage\",\"@id\":\"https:\/\/www.euroresidentes.com\/salud\/masticar-chicle-perjudicial-salud-adolescentes\/\",\"url\":\"https:\/\/www.euroresidentes.com\/salud\/masticar-chicle-perjudicial-salud-adolescentes\/\",\"name\":\"Masticar chicle: Un h\u00e1bito perjudicial para la salud de los adolescentes - Salud\",\"isPartOf\":{\"@id\":\"https:\/\/www.euroresidentes.com\/salud\/#website\"},\"primaryImageOfPage\":{\"@id\":\"https:\/\/www.euroresidentes.com\/salud\/masticar-chicle-perjudicial-salud-adolescentes\/#primaryimage\"},\"image\":{\"@id\":\"https:\/\/www.euroresidentes.com\/salud\/masticar-chicle-perjudicial-salud-adolescentes\/#primaryimage\"},\"thumbnailUrl\":\"https:\/\/www.euroresidentes.com\/salud\/wp-content\/uploads\/2016\/06\/masticar-chicle-ni\u00f1os-euroresidentes.jpg\",\"datePublished\":\"2016-06-08T07:59:00+00:00\",\"dateModified\":\"2018-08-02T10:51:26+00:00\",\"author\":{\"@id\":\"https:\/\/www.euroresidentes.com\/salud\/#\/schema\/person\/c0299534643677f2282b416ac1fe97f1\"},\"breadcrumb\":{\"@id\":\"https:\/\/www.euroresidentes.com\/salud\/masticar-chicle-perjudicial-salud-adolescentes\/#breadcrumb\"},\"inLanguage\":\"es\",\"potentialAction\":[{\"@type\":\"ReadAction\",\"target\":[\"https:\/\/www.euroresidentes.com\/salud\/masticar-chicle-perjudicial-salud-adolescentes\/\"]}]},{\"@type\":\"ImageObject\",\"inLanguage\":\"es\",\"@id\":\"https:\/\/www.euroresidentes.com\/salud\/masticar-chicle-perjudicial-salud-adolescentes\/#primaryimage\",\"url\":\"https:\/\/www.euroresidentes.com\/salud\/wp-content\/uploads\/2016\/06\/masticar-chicle-ni\u00f1os-euroresidentes.jpg\",\"contentUrl\":\"https:\/\/www.euroresidentes.com\/salud\/wp-content\/uploads\/2016\/06\/masticar-chicle-ni\u00f1os-euroresidentes.jpg\",\"width\":700,\"height\":525},{\"@type\":\"BreadcrumbList\",\"@id\":\"https:\/\/www.euroresidentes.com\/salud\/masticar-chicle-perjudicial-salud-adolescentes\/#breadcrumb\",\"itemListElement\":[{\"@type\":\"ListItem\",\"position\":1,\"name\":\"Portada\",\"item\":\"https:\/\/www.euroresidentes.com\/salud\/\"},{\"@type\":\"ListItem\",\"position\":2,\"name\":\"Masticar chicle: Un h\u00e1bito perjudicial para la salud de los adolescentes\"}]},{\"@type\":\"WebSite\",\"@id\":\"https:\/\/www.euroresidentes.com\/salud\/#website\",\"url\":\"https:\/\/www.euroresidentes.com\/salud\/\",\"name\":\"Salud\",\"description\":\"Consejos para el cuidado de la salud, vida sana, h\u00e1bitos saludables\",\"potentialAction\":[{\"@type\":\"SearchAction\",\"target\":{\"@type\":\"EntryPoint\",\"urlTemplate\":\"https:\/\/www.euroresidentes.com\/salud\/?s={search_term_string}\"},\"query-input\":{\"@type\":\"PropertyValueSpecification\",\"valueRequired\":true,\"valueName\":\"search_term_string\"}}],\"inLanguage\":\"es\"},{\"@type\":\"Person\",\"@id\":\"https:\/\/www.euroresidentes.com\/salud\/#\/schema\/person\/c0299534643677f2282b416ac1fe97f1\",\"name\":\"Raquel Pomares\",\"image\":{\"@type\":\"ImageObject\",\"inLanguage\":\"es\",\"@id\":\"https:\/\/www.euroresidentes.com\/salud\/#\/schema\/person\/image\/\",\"url\":\"https:\/\/www.euroresidentes.com\/salud\/wp-content\/uploads\/2016\/07\/YO2-150x150.jpg\",\"contentUrl\":\"https:\/\/www.euroresidentes.com\/salud\/wp-content\/uploads\/2016\/07\/YO2-150x150.jpg\",\"caption\":\"Raquel Pomares\"},\"description\":\"Raquel PomaresBi\u00f3loga, doctora y divulgadora cient\u00edfica especializada en temas de salud.\",\"sameAs\":[\"https:\/\/www.euroresidentes.com\/salud\/raquel-pomares.html\"],\"url\":\"https:\/\/www.euroresidentes.com\/salud\/author\/raquel\/\"}]}<\/script>\n<!-- \/ Yoast SEO plugin. -->","yoast_head_json":{"title":"Masticar chicle: Un h\u00e1bito perjudicial para la salud de los adolescentes - Salud","robots":{"index":"index","follow":"follow","max-snippet":"max-snippet:-1","max-image-preview":"max-image-preview:large","max-video-preview":"max-video-preview:-1"},"canonical":"https:\/\/www.euroresidentes.com\/salud\/masticar-chicle-perjudicial-salud-adolescentes\/","og_locale":"es_ES","og_type":"article","og_title":"Masticar chicle: Un h\u00e1bito perjudicial para la salud de los adolescentes - Salud","og_description":"Masticar chicle en exceso puede provocar migra\u00f1as en adolescentes Los adolescentes que sufran de dolores de cabeza deber\u00edan evitar mascar chicle en exceso con el fin de\u00a0reducir y prevenir el empeoramiento de los s\u00edntomas de sus cefaleas. Adolescentes y masticar chicle con frecuencia Se estudi\u00f3 a\u00a030 adolescentes, con una edad mediana de 16 a\u00f1os, que ten\u00edan dolores de cabeza migra\u00f1osos cr\u00f3nicos. Se pidi\u00f3 que rellenasen un cuestionario referente a las caracter\u00edsticas de sus dolores de cabeza, los posibles desencadenantes, la existencia de cefaleas entre sus familiares, as\u00ed como el tiempo que mascaban chicle cada d\u00eda. Los pacientes fueron divididos en","og_url":"https:\/\/www.euroresidentes.com\/salud\/masticar-chicle-perjudicial-salud-adolescentes\/","og_site_name":"Salud","article_published_time":"2016-06-08T07:59:00+00:00","article_modified_time":"2018-08-02T10:51:26+00:00","og_image":[{"width":700,"height":525,"url":"https:\/\/www.euroresidentes.com\/salud\/wp-content\/uploads\/2016\/06\/masticar-chicle-ni\u00f1os-euroresidentes.jpg","type":"image\/jpeg"}],"author":"Raquel Pomares","twitter_misc":{"Written by":"Raquel Pomares","Est. reading time":"2 minutos"},"schema":{"@context":"https:\/\/schema.org","@graph":[{"@type":"Article","@id":"https:\/\/www.euroresidentes.com\/salud\/masticar-chicle-perjudicial-salud-adolescentes\/#article","isPartOf":{"@id":"https:\/\/www.euroresidentes.com\/salud\/masticar-chicle-perjudicial-salud-adolescentes\/"},"author":{"name":"Raquel Pomares","@id":"https:\/\/www.euroresidentes.com\/salud\/#\/schema\/person\/c0299534643677f2282b416ac1fe97f1"},"headline":"Masticar chicle: Un h\u00e1bito perjudicial para la salud de los adolescentes","datePublished":"2016-06-08T07:59:00+00:00","dateModified":"2018-08-02T10:51:26+00:00","mainEntityOfPage":{"@id":"https:\/\/www.euroresidentes.com\/salud\/masticar-chicle-perjudicial-salud-adolescentes\/"},"wordCount":336,"commentCount":0,"image":{"@id":"https:\/\/www.euroresidentes.com\/salud\/masticar-chicle-perjudicial-salud-adolescentes\/#primaryimage"},"thumbnailUrl":"https:\/\/www.euroresidentes.com\/salud\/wp-content\/uploads\/2016\/06\/masticar-chicle-ni\u00f1os-euroresidentes.jpg","articleSection":["Ni\u00f1os"],"inLanguage":"es","potentialAction":[{"@type":"CommentAction","name":"Comment","target":["https:\/\/www.euroresidentes.com\/salud\/masticar-chicle-perjudicial-salud-adolescentes\/#respond"]}]},{"@type":"WebPage","@id":"https:\/\/www.euroresidentes.com\/salud\/masticar-chicle-perjudicial-salud-adolescentes\/","url":"https:\/\/www.euroresidentes.com\/salud\/masticar-chicle-perjudicial-salud-adolescentes\/","name":"Masticar chicle: Un h\u00e1bito perjudicial para la salud de los adolescentes - Salud","isPartOf":{"@id":"https:\/\/www.euroresidentes.com\/salud\/#website"},"primaryImageOfPage":{"@id":"https:\/\/www.euroresidentes.com\/salud\/masticar-chicle-perjudicial-salud-adolescentes\/#primaryimage"},"image":{"@id":"https:\/\/www.euroresidentes.com\/salud\/masticar-chicle-perjudicial-salud-adolescentes\/#primaryimage"},"thumbnailUrl":"https:\/\/www.euroresidentes.com\/salud\/wp-content\/uploads\/2016\/06\/masticar-chicle-ni\u00f1os-euroresidentes.jpg","datePublished":"2016-06-08T07:59:00+00:00","dateModified":"2018-08-02T10:51:26+00:00","author":{"@id":"https:\/\/www.euroresidentes.com\/salud\/#\/schema\/person\/c0299534643677f2282b416ac1fe97f1"},"breadcrumb":{"@id":"https:\/\/www.euroresidentes.com\/salud\/masticar-chicle-perjudicial-salud-adolescentes\/#breadcrumb"},"inLanguage":"es","potentialAction":[{"@type":"ReadAction","target":["https:\/\/www.euroresidentes.com\/salud\/masticar-chicle-perjudicial-salud-adolescentes\/"]}]},{"@type":"ImageObject","inLanguage":"es","@id":"https:\/\/www.euroresidentes.com\/salud\/masticar-chicle-perjudicial-salud-adolescentes\/#primaryimage","url":"https:\/\/www.euroresidentes.com\/salud\/wp-content\/uploads\/2016\/06\/masticar-chicle-ni\u00f1os-euroresidentes.jpg","contentUrl":"https:\/\/www.euroresidentes.com\/salud\/wp-content\/uploads\/2016\/06\/masticar-chicle-ni\u00f1os-euroresidentes.jpg","width":700,"height":525},{"@type":"BreadcrumbList","@id":"https:\/\/www.euroresidentes.com\/salud\/masticar-chicle-perjudicial-salud-adolescentes\/#breadcrumb","itemListElement":[{"@type":"ListItem","position":1,"name":"Portada","item":"https:\/\/www.euroresidentes.com\/salud\/"},{"@type":"ListItem","position":2,"name":"Masticar chicle: Un h\u00e1bito perjudicial para la salud de los adolescentes"}]},{"@type":"WebSite","@id":"https:\/\/www.euroresidentes.com\/salud\/#website","url":"https:\/\/www.euroresidentes.com\/salud\/","name":"Salud","description":"Consejos para el cuidado de la salud, vida sana, h\u00e1bitos saludables","potentialAction":[{"@type":"SearchAction","target":{"@type":"EntryPoint","urlTemplate":"https:\/\/www.euroresidentes.com\/salud\/?s={search_term_string}"},"query-input":{"@type":"PropertyValueSpecification","valueRequired":true,"valueName":"search_term_string"}}],"inLanguage":"es"},{"@type":"Person","@id":"https:\/\/www.euroresidentes.com\/salud\/#\/schema\/person\/c0299534643677f2282b416ac1fe97f1","name":"Raquel Pomares","image":{"@type":"ImageObject","inLanguage":"es","@id":"https:\/\/www.euroresidentes.com\/salud\/#\/schema\/person\/image\/","url":"https:\/\/www.euroresidentes.com\/salud\/wp-content\/uploads\/2016\/07\/YO2-150x150.jpg","contentUrl":"https:\/\/www.euroresidentes.com\/salud\/wp-content\/uploads\/2016\/07\/YO2-150x150.jpg","caption":"Raquel Pomares"},"description":"Raquel PomaresBi\u00f3loga, doctora y divulgadora cient\u00edfica especializada en temas de salud.","sameAs":["https:\/\/www.euroresidentes.com\/salud\/raquel-pomares.html"],"url":"https:\/\/www.euroresidentes.com\/salud\/author\/raquel\/"}]}},"_links":{"self":[{"href":"https:\/\/www.euroresidentes.com\/salud\/wp-json\/wp\/v2\/posts\/649","targetHints":{"allow":["GET"]}}],"collection":[{"href":"https:\/\/www.euroresidentes.com\/salud\/wp-json\/wp\/v2\/posts"}],"about":[{"href":"https:\/\/www.euroresidentes.com\/salud\/wp-json\/wp\/v2\/types\/post"}],"author":[{"embeddable":true,"href":"https:\/\/www.euroresidentes.com\/salud\/wp-json\/wp\/v2\/users\/2"}],"replies":[{"embeddable":true,"href":"https:\/\/www.euroresidentes.com\/salud\/wp-json\/wp\/v2\/comments?post=649"}],"version-history":[{"count":6,"href":"https:\/\/www.euroresidentes.com\/salud\/wp-json\/wp\/v2\/posts\/649\/revisions"}],"predecessor-version":[{"id":5942,"href":"https:\/\/www.euroresidentes.com\/salud\/wp-json\/wp\/v2\/posts\/649\/revisions\/5942"}],"wp:featuredmedia":[{"embeddable":true,"href":"https:\/\/www.euroresidentes.com\/salud\/wp-json\/wp\/v2\/media\/3988"}],"wp:attachment":[{"href":"https:\/\/www.euroresidentes.com\/salud\/wp-json\/wp\/v2\/media?parent=649"}],"wp:term":[{"taxonomy":"category","embeddable":true,"href":"https:\/\/www.euroresidentes.com\/salud\/wp-json\/wp\/v2\/categories?post=649"},{"taxonomy":"post_tag","embeddable":true,"href":"https:\/\/www.euroresidentes.com\/salud\/wp-json\/wp\/v2\/tags?post=649"}],"curies":[{"name":"wp","href":"https:\/\/api.w.org\/{rel}","templated":true}]}}