 

{"id":631,"date":"2014-07-09T10:31:00","date_gmt":"2014-07-09T08:31:00","guid":{"rendered":"https:\/\/www.euroresidentes.com\/salud\/embarazo\/que-pasa-si-el-bebe-tiene-una-vuelta-de"},"modified":"2018-06-04T12:21:38","modified_gmt":"2018-06-04T10:21:38","slug":"que-pasa-si-bebe-tiene-vuelta-de-cordon","status":"publish","type":"post","link":"https:\/\/www.euroresidentes.com\/salud\/que-pasa-si-bebe-tiene-vuelta-de-cordon\/","title":{"rendered":"\u00bfQu\u00e9 pasa si el beb\u00e9 tiene una vuelta de cord\u00f3n?"},"content":{"rendered":"<div class=\"separator\" style=\"clear: both;text-align: center\"><\/div>\n<table class=\"tr-caption-container\" style=\"margin-left: auto;margin-right: auto;text-align: center\" cellspacing=\"0\" cellpadding=\"0\" align=\"center\">\n<tbody>\n<tr>\n<td style=\"text-align: center\"><a style=\"margin-left: auto;margin-right: auto\" href=\"https:\/\/www.euroresidentes.com\/salud\/wp-content\/uploads\/2014\/07\/que-pasa-si-el-bebe-nace-con-una-vuelta-de-cordon.png\"><img decoding=\"async\" title=\"\u00bfQu\u00e9 pasa si el beb\u00e9 tiene una vuelta de cord\u00f3n?\" src=\"https:\/\/www.euroresidentes.com\/salud\/wp-content\/uploads\/2014\/07\/que-pasa-si-el-bebe-nace-con-una-vuelta-de-cordon.png\" alt=\"\u00bfQu\u00e9 pasa si el beb\u00e9 tiene una vuelta de cord\u00f3n?\" border=\"0\" \/><\/a><\/td>\n<\/tr>\n<tr>\n<td class=\"tr-caption\" style=\"text-align: right\">National Geographic<\/td>\n<\/tr>\n<\/tbody>\n<\/table>\n<div style=\"text-align: justify\"><\/div>\n<div style=\"text-align: justify\"><b>Si al nacer el beb\u00e9 tiene una circular de cord\u00f3n \u00bfpuede haber alg\u00fan problema?<\/b><br \/>\nLas vueltas de cord\u00f3n raramente suelen causar problemas.<\/div>\n<div style=\"text-align: justify\"><\/div>\n<div style=\"text-align: justify\">El cord\u00f3n umbilical se suele enrollar alrededor del cuello durante el embarazo, por lo movimientos del beb\u00e9. Es muy com\u00fan que muchos beb\u00e9s nazcan con alguna circular de cord\u00f3n, de hecho aproximadamente 1 de cada 3 beb\u00e9s nacen con el cord\u00f3n umbilical alrededor del cuello.<\/div>\n<div style=\"text-align: justify\"><\/div>\n<div style=\"text-align: justify\">Dentro del \u00fatero el feto no respira a trav\u00e9s de sus pulmones y s\u00ed\u00a0por el cord\u00f3n umbilical, por lo que tener una circular de cord\u00f3n no significa que el beb\u00e9 no pueda respirar.\u00a0El ox\u00edgeno le llega a trav\u00e9s de la placenta y del cord\u00f3n umbilical.<\/div>\n<div style=\"text-align: justify\"><\/div>\n<div style=\"text-align: justify\">El cord\u00f3n umbilical est\u00e1 cubierto con un grueso revestimiento protector llamado <i>gelatina de Wharton<\/i>. Este revestimiento tiene la textura del cart\u00edlago y recubre dos arterias y una vena, que son los principales canales para el aporte de ox\u00edgeno y nutrientes al beb\u00e9. La funci\u00f3n de la gelatina de Wharton es la de proteger a\u00a0los vasos sangu\u00edneos del interior del cord\u00f3n umbilical de ser aplastados por torsi\u00f3n o compresi\u00f3n, y por tanto que se pueda afectar el suministro de ox\u00edgeno y nutrientes.\u00a0La gelatina de Wharton tambi\u00e9n evita la formaci\u00f3n de nudos en el cord\u00f3n umbilical.<\/div>\n<div style=\"text-align: justify\"><\/div>\n<div style=\"text-align: justify\">En el momento del nacimiento, una vez que la cabeza del beb\u00e9 est\u00e1 fuera, el personal sanitario que est\u00e1 asistiendo el parto controlar\u00e1 la posible existencia de vueltas de cord\u00f3n umbilical alrededor del cuello del beb\u00e9. Si el cord\u00f3n est\u00e1 enrollado alrededor del cuello del beb\u00e9 y no est\u00e1 apretado, se\u00a0colocar\u00e1 un dedo entre el cord\u00f3n y el cuello deshaciendo la circular,\u00a0y desliz\u00e1ndolo sobre la cabeza del beb\u00e9. Normalmente, se solicitar\u00e1 no empujar durante un minuto mientras se deshace la circular.<\/div>\n<div style=\"text-align: justify\">A veces, el cord\u00f3n est\u00e1 enrollado con demasiada fuerza y es necesario cortar el cord\u00f3n antes de que el beb\u00e9 nazca.<\/div>\n<div style=\"text-align: justify\"><\/div>\n<div style=\"text-align: justify\"><\/div>\n<div style=\"text-align: justify\"><b>Temas relacionados con:\u00a0\u00bfQu\u00e9 pasa si el beb\u00e9 tiene una vuelta de cord\u00f3n?<\/b><\/div>\n<div style=\"text-align: justify\"><\/div>\n<ul>\n<li><a href=\"http:\/\/embarazo.euroresidentes.com\/2014\/07\/esperas-gemelos-consejos-para-un.html\" target=\"_blank\">\u00bfEsperas gemelos? Consejos para un embarazo saludable<\/a><\/li>\n<\/ul>\n","protected":false},"excerpt":{"rendered":"<p>National Geographic Si al nacer el beb\u00e9 tiene una circular de cord\u00f3n \u00bfpuede haber alg\u00fan problema? Las vueltas de cord\u00f3n raramente suelen causar problemas. El cord\u00f3n umbilical se suele enrollar alrededor del cuello durante el embarazo, por lo movimientos del beb\u00e9. Es muy com\u00fan que muchos beb\u00e9s nazcan con alguna circular de cord\u00f3n, de hecho aproximadamente 1 de cada 3 beb\u00e9s nacen con el cord\u00f3n umbilical alrededor del cuello. Dentro del \u00fatero el feto no respira a trav\u00e9s de sus pulmones y s\u00ed\u00a0por el cord\u00f3n umbilical, por lo que tener una circular de cord\u00f3n no significa que el beb\u00e9 no <\/p>\n","protected":false},"author":2,"featured_media":2481,"comment_status":"open","ping_status":"open","sticky":false,"template":"","format":"standard","meta":{"footnotes":""},"categories":[15],"tags":[],"class_list":["post-631","post","type-post","status-publish","format-standard","has-post-thumbnail","hentry","category-embarazo","has_thumb"],"yoast_head":"<!-- This site is optimized with the Yoast SEO plugin v26.8 - https:\/\/yoast.com\/product\/yoast-seo-wordpress\/ -->\n<title>\u00bfQu\u00e9 pasa si el beb\u00e9 tiene una vuelta de cord\u00f3n? - Salud<\/title>\n<meta name=\"robots\" content=\"index, follow, max-snippet:-1, max-image-preview:large, max-video-preview:-1\" \/>\n<link rel=\"canonical\" href=\"https:\/\/www.euroresidentes.com\/salud\/que-pasa-si-bebe-tiene-vuelta-de-cordon\/\" \/>\n<meta property=\"og:locale\" content=\"es_ES\" \/>\n<meta property=\"og:type\" content=\"article\" \/>\n<meta property=\"og:title\" content=\"\u00bfQu\u00e9 pasa si el beb\u00e9 tiene una vuelta de cord\u00f3n? - Salud\" \/>\n<meta property=\"og:description\" content=\"National Geographic Si al nacer el beb\u00e9 tiene una circular de cord\u00f3n \u00bfpuede haber alg\u00fan problema? Las vueltas de cord\u00f3n raramente suelen causar problemas. El cord\u00f3n umbilical se suele enrollar alrededor del cuello durante el embarazo, por lo movimientos del beb\u00e9. Es muy com\u00fan que muchos beb\u00e9s nazcan con alguna circular de cord\u00f3n, de hecho aproximadamente 1 de cada 3 beb\u00e9s nacen con el cord\u00f3n umbilical alrededor del cuello. Dentro del \u00fatero el feto no respira a trav\u00e9s de sus pulmones y s\u00ed\u00a0por el cord\u00f3n umbilical, por lo que tener una circular de cord\u00f3n no significa que el beb\u00e9 no\" \/>\n<meta property=\"og:url\" content=\"https:\/\/www.euroresidentes.com\/salud\/que-pasa-si-bebe-tiene-vuelta-de-cordon\/\" \/>\n<meta property=\"og:site_name\" content=\"Salud\" \/>\n<meta property=\"article:published_time\" content=\"2014-07-09T08:31:00+00:00\" \/>\n<meta property=\"article:modified_time\" content=\"2018-06-04T10:21:38+00:00\" \/>\n<meta property=\"og:image\" content=\"https:\/\/www.euroresidentes.com\/salud\/wp-content\/uploads\/2014\/07\/que-pasa-si-el-bebe-nace-con-una-vuelta-de-cordon.png\" \/>\n\t<meta property=\"og:image:width\" content=\"600\" \/>\n\t<meta property=\"og:image:height\" content=\"450\" \/>\n\t<meta property=\"og:image:type\" content=\"image\/png\" \/>\n<meta name=\"author\" content=\"Raquel Pomares\" \/>\n<meta name=\"twitter:label1\" content=\"Written by\" \/>\n\t<meta name=\"twitter:data1\" content=\"Raquel Pomares\" \/>\n\t<meta name=\"twitter:label2\" content=\"Est. reading time\" \/>\n\t<meta name=\"twitter:data2\" content=\"2 minutos\" \/>\n<script type=\"application\/ld+json\" class=\"yoast-schema-graph\">{\"@context\":\"https:\/\/schema.org\",\"@graph\":[{\"@type\":\"Article\",\"@id\":\"https:\/\/www.euroresidentes.com\/salud\/que-pasa-si-bebe-tiene-vuelta-de-cordon\/#article\",\"isPartOf\":{\"@id\":\"https:\/\/www.euroresidentes.com\/salud\/que-pasa-si-bebe-tiene-vuelta-de-cordon\/\"},\"author\":{\"name\":\"Raquel Pomares\",\"@id\":\"https:\/\/www.euroresidentes.com\/salud\/#\/schema\/person\/c0299534643677f2282b416ac1fe97f1\"},\"headline\":\"\u00bfQu\u00e9 pasa si el beb\u00e9 tiene una vuelta de cord\u00f3n?\",\"datePublished\":\"2014-07-09T08:31:00+00:00\",\"dateModified\":\"2018-06-04T10:21:38+00:00\",\"mainEntityOfPage\":{\"@id\":\"https:\/\/www.euroresidentes.com\/salud\/que-pasa-si-bebe-tiene-vuelta-de-cordon\/\"},\"wordCount\":379,\"commentCount\":0,\"image\":{\"@id\":\"https:\/\/www.euroresidentes.com\/salud\/que-pasa-si-bebe-tiene-vuelta-de-cordon\/#primaryimage\"},\"thumbnailUrl\":\"https:\/\/www.euroresidentes.com\/salud\/wp-content\/uploads\/2014\/07\/que-pasa-si-el-bebe-nace-con-una-vuelta-de-cordon.png\",\"articleSection\":[\"Embarazo\"],\"inLanguage\":\"es\",\"potentialAction\":[{\"@type\":\"CommentAction\",\"name\":\"Comment\",\"target\":[\"https:\/\/www.euroresidentes.com\/salud\/que-pasa-si-bebe-tiene-vuelta-de-cordon\/#respond\"]}]},{\"@type\":\"WebPage\",\"@id\":\"https:\/\/www.euroresidentes.com\/salud\/que-pasa-si-bebe-tiene-vuelta-de-cordon\/\",\"url\":\"https:\/\/www.euroresidentes.com\/salud\/que-pasa-si-bebe-tiene-vuelta-de-cordon\/\",\"name\":\"\u00bfQu\u00e9 pasa si el beb\u00e9 tiene una vuelta de cord\u00f3n? - Salud\",\"isPartOf\":{\"@id\":\"https:\/\/www.euroresidentes.com\/salud\/#website\"},\"primaryImageOfPage\":{\"@id\":\"https:\/\/www.euroresidentes.com\/salud\/que-pasa-si-bebe-tiene-vuelta-de-cordon\/#primaryimage\"},\"image\":{\"@id\":\"https:\/\/www.euroresidentes.com\/salud\/que-pasa-si-bebe-tiene-vuelta-de-cordon\/#primaryimage\"},\"thumbnailUrl\":\"https:\/\/www.euroresidentes.com\/salud\/wp-content\/uploads\/2014\/07\/que-pasa-si-el-bebe-nace-con-una-vuelta-de-cordon.png\",\"datePublished\":\"2014-07-09T08:31:00+00:00\",\"dateModified\":\"2018-06-04T10:21:38+00:00\",\"author\":{\"@id\":\"https:\/\/www.euroresidentes.com\/salud\/#\/schema\/person\/c0299534643677f2282b416ac1fe97f1\"},\"breadcrumb\":{\"@id\":\"https:\/\/www.euroresidentes.com\/salud\/que-pasa-si-bebe-tiene-vuelta-de-cordon\/#breadcrumb\"},\"inLanguage\":\"es\",\"potentialAction\":[{\"@type\":\"ReadAction\",\"target\":[\"https:\/\/www.euroresidentes.com\/salud\/que-pasa-si-bebe-tiene-vuelta-de-cordon\/\"]}]},{\"@type\":\"ImageObject\",\"inLanguage\":\"es\",\"@id\":\"https:\/\/www.euroresidentes.com\/salud\/que-pasa-si-bebe-tiene-vuelta-de-cordon\/#primaryimage\",\"url\":\"https:\/\/www.euroresidentes.com\/salud\/wp-content\/uploads\/2014\/07\/que-pasa-si-el-bebe-nace-con-una-vuelta-de-cordon.png\",\"contentUrl\":\"https:\/\/www.euroresidentes.com\/salud\/wp-content\/uploads\/2014\/07\/que-pasa-si-el-bebe-nace-con-una-vuelta-de-cordon.png\",\"width\":600,\"height\":450},{\"@type\":\"BreadcrumbList\",\"@id\":\"https:\/\/www.euroresidentes.com\/salud\/que-pasa-si-bebe-tiene-vuelta-de-cordon\/#breadcrumb\",\"itemListElement\":[{\"@type\":\"ListItem\",\"position\":1,\"name\":\"Portada\",\"item\":\"https:\/\/www.euroresidentes.com\/salud\/\"},{\"@type\":\"ListItem\",\"position\":2,\"name\":\"\u00bfQu\u00e9 pasa si el beb\u00e9 tiene una vuelta de cord\u00f3n?\"}]},{\"@type\":\"WebSite\",\"@id\":\"https:\/\/www.euroresidentes.com\/salud\/#website\",\"url\":\"https:\/\/www.euroresidentes.com\/salud\/\",\"name\":\"Salud\",\"description\":\"Consejos para el cuidado de la salud, vida sana, h\u00e1bitos saludables\",\"potentialAction\":[{\"@type\":\"SearchAction\",\"target\":{\"@type\":\"EntryPoint\",\"urlTemplate\":\"https:\/\/www.euroresidentes.com\/salud\/?s={search_term_string}\"},\"query-input\":{\"@type\":\"PropertyValueSpecification\",\"valueRequired\":true,\"valueName\":\"search_term_string\"}}],\"inLanguage\":\"es\"},{\"@type\":\"Person\",\"@id\":\"https:\/\/www.euroresidentes.com\/salud\/#\/schema\/person\/c0299534643677f2282b416ac1fe97f1\",\"name\":\"Raquel Pomares\",\"image\":{\"@type\":\"ImageObject\",\"inLanguage\":\"es\",\"@id\":\"https:\/\/www.euroresidentes.com\/salud\/#\/schema\/person\/image\/\",\"url\":\"https:\/\/www.euroresidentes.com\/salud\/wp-content\/uploads\/2016\/07\/YO2-150x150.jpg\",\"contentUrl\":\"https:\/\/www.euroresidentes.com\/salud\/wp-content\/uploads\/2016\/07\/YO2-150x150.jpg\",\"caption\":\"Raquel Pomares\"},\"description\":\"Raquel PomaresBi\u00f3loga, doctora y divulgadora cient\u00edfica especializada en temas de salud.\",\"sameAs\":[\"https:\/\/www.euroresidentes.com\/salud\/raquel-pomares.html\"],\"url\":\"https:\/\/www.euroresidentes.com\/salud\/author\/raquel\/\"}]}<\/script>\n<!-- \/ Yoast SEO plugin. -->","yoast_head_json":{"title":"\u00bfQu\u00e9 pasa si el beb\u00e9 tiene una vuelta de cord\u00f3n? - Salud","robots":{"index":"index","follow":"follow","max-snippet":"max-snippet:-1","max-image-preview":"max-image-preview:large","max-video-preview":"max-video-preview:-1"},"canonical":"https:\/\/www.euroresidentes.com\/salud\/que-pasa-si-bebe-tiene-vuelta-de-cordon\/","og_locale":"es_ES","og_type":"article","og_title":"\u00bfQu\u00e9 pasa si el beb\u00e9 tiene una vuelta de cord\u00f3n? - Salud","og_description":"National Geographic Si al nacer el beb\u00e9 tiene una circular de cord\u00f3n \u00bfpuede haber alg\u00fan problema? Las vueltas de cord\u00f3n raramente suelen causar problemas. El cord\u00f3n umbilical se suele enrollar alrededor del cuello durante el embarazo, por lo movimientos del beb\u00e9. Es muy com\u00fan que muchos beb\u00e9s nazcan con alguna circular de cord\u00f3n, de hecho aproximadamente 1 de cada 3 beb\u00e9s nacen con el cord\u00f3n umbilical alrededor del cuello. Dentro del \u00fatero el feto no respira a trav\u00e9s de sus pulmones y s\u00ed\u00a0por el cord\u00f3n umbilical, por lo que tener una circular de cord\u00f3n no significa que el beb\u00e9 no","og_url":"https:\/\/www.euroresidentes.com\/salud\/que-pasa-si-bebe-tiene-vuelta-de-cordon\/","og_site_name":"Salud","article_published_time":"2014-07-09T08:31:00+00:00","article_modified_time":"2018-06-04T10:21:38+00:00","og_image":[{"width":600,"height":450,"url":"https:\/\/www.euroresidentes.com\/salud\/wp-content\/uploads\/2014\/07\/que-pasa-si-el-bebe-nace-con-una-vuelta-de-cordon.png","type":"image\/png"}],"author":"Raquel Pomares","twitter_misc":{"Written by":"Raquel Pomares","Est. reading time":"2 minutos"},"schema":{"@context":"https:\/\/schema.org","@graph":[{"@type":"Article","@id":"https:\/\/www.euroresidentes.com\/salud\/que-pasa-si-bebe-tiene-vuelta-de-cordon\/#article","isPartOf":{"@id":"https:\/\/www.euroresidentes.com\/salud\/que-pasa-si-bebe-tiene-vuelta-de-cordon\/"},"author":{"name":"Raquel Pomares","@id":"https:\/\/www.euroresidentes.com\/salud\/#\/schema\/person\/c0299534643677f2282b416ac1fe97f1"},"headline":"\u00bfQu\u00e9 pasa si el beb\u00e9 tiene una vuelta de cord\u00f3n?","datePublished":"2014-07-09T08:31:00+00:00","dateModified":"2018-06-04T10:21:38+00:00","mainEntityOfPage":{"@id":"https:\/\/www.euroresidentes.com\/salud\/que-pasa-si-bebe-tiene-vuelta-de-cordon\/"},"wordCount":379,"commentCount":0,"image":{"@id":"https:\/\/www.euroresidentes.com\/salud\/que-pasa-si-bebe-tiene-vuelta-de-cordon\/#primaryimage"},"thumbnailUrl":"https:\/\/www.euroresidentes.com\/salud\/wp-content\/uploads\/2014\/07\/que-pasa-si-el-bebe-nace-con-una-vuelta-de-cordon.png","articleSection":["Embarazo"],"inLanguage":"es","potentialAction":[{"@type":"CommentAction","name":"Comment","target":["https:\/\/www.euroresidentes.com\/salud\/que-pasa-si-bebe-tiene-vuelta-de-cordon\/#respond"]}]},{"@type":"WebPage","@id":"https:\/\/www.euroresidentes.com\/salud\/que-pasa-si-bebe-tiene-vuelta-de-cordon\/","url":"https:\/\/www.euroresidentes.com\/salud\/que-pasa-si-bebe-tiene-vuelta-de-cordon\/","name":"\u00bfQu\u00e9 pasa si el beb\u00e9 tiene una vuelta de cord\u00f3n? - Salud","isPartOf":{"@id":"https:\/\/www.euroresidentes.com\/salud\/#website"},"primaryImageOfPage":{"@id":"https:\/\/www.euroresidentes.com\/salud\/que-pasa-si-bebe-tiene-vuelta-de-cordon\/#primaryimage"},"image":{"@id":"https:\/\/www.euroresidentes.com\/salud\/que-pasa-si-bebe-tiene-vuelta-de-cordon\/#primaryimage"},"thumbnailUrl":"https:\/\/www.euroresidentes.com\/salud\/wp-content\/uploads\/2014\/07\/que-pasa-si-el-bebe-nace-con-una-vuelta-de-cordon.png","datePublished":"2014-07-09T08:31:00+00:00","dateModified":"2018-06-04T10:21:38+00:00","author":{"@id":"https:\/\/www.euroresidentes.com\/salud\/#\/schema\/person\/c0299534643677f2282b416ac1fe97f1"},"breadcrumb":{"@id":"https:\/\/www.euroresidentes.com\/salud\/que-pasa-si-bebe-tiene-vuelta-de-cordon\/#breadcrumb"},"inLanguage":"es","potentialAction":[{"@type":"ReadAction","target":["https:\/\/www.euroresidentes.com\/salud\/que-pasa-si-bebe-tiene-vuelta-de-cordon\/"]}]},{"@type":"ImageObject","inLanguage":"es","@id":"https:\/\/www.euroresidentes.com\/salud\/que-pasa-si-bebe-tiene-vuelta-de-cordon\/#primaryimage","url":"https:\/\/www.euroresidentes.com\/salud\/wp-content\/uploads\/2014\/07\/que-pasa-si-el-bebe-nace-con-una-vuelta-de-cordon.png","contentUrl":"https:\/\/www.euroresidentes.com\/salud\/wp-content\/uploads\/2014\/07\/que-pasa-si-el-bebe-nace-con-una-vuelta-de-cordon.png","width":600,"height":450},{"@type":"BreadcrumbList","@id":"https:\/\/www.euroresidentes.com\/salud\/que-pasa-si-bebe-tiene-vuelta-de-cordon\/#breadcrumb","itemListElement":[{"@type":"ListItem","position":1,"name":"Portada","item":"https:\/\/www.euroresidentes.com\/salud\/"},{"@type":"ListItem","position":2,"name":"\u00bfQu\u00e9 pasa si el beb\u00e9 tiene una vuelta de cord\u00f3n?"}]},{"@type":"WebSite","@id":"https:\/\/www.euroresidentes.com\/salud\/#website","url":"https:\/\/www.euroresidentes.com\/salud\/","name":"Salud","description":"Consejos para el cuidado de la salud, vida sana, h\u00e1bitos saludables","potentialAction":[{"@type":"SearchAction","target":{"@type":"EntryPoint","urlTemplate":"https:\/\/www.euroresidentes.com\/salud\/?s={search_term_string}"},"query-input":{"@type":"PropertyValueSpecification","valueRequired":true,"valueName":"search_term_string"}}],"inLanguage":"es"},{"@type":"Person","@id":"https:\/\/www.euroresidentes.com\/salud\/#\/schema\/person\/c0299534643677f2282b416ac1fe97f1","name":"Raquel Pomares","image":{"@type":"ImageObject","inLanguage":"es","@id":"https:\/\/www.euroresidentes.com\/salud\/#\/schema\/person\/image\/","url":"https:\/\/www.euroresidentes.com\/salud\/wp-content\/uploads\/2016\/07\/YO2-150x150.jpg","contentUrl":"https:\/\/www.euroresidentes.com\/salud\/wp-content\/uploads\/2016\/07\/YO2-150x150.jpg","caption":"Raquel Pomares"},"description":"Raquel PomaresBi\u00f3loga, doctora y divulgadora cient\u00edfica especializada en temas de salud.","sameAs":["https:\/\/www.euroresidentes.com\/salud\/raquel-pomares.html"],"url":"https:\/\/www.euroresidentes.com\/salud\/author\/raquel\/"}]}},"_links":{"self":[{"href":"https:\/\/www.euroresidentes.com\/salud\/wp-json\/wp\/v2\/posts\/631","targetHints":{"allow":["GET"]}}],"collection":[{"href":"https:\/\/www.euroresidentes.com\/salud\/wp-json\/wp\/v2\/posts"}],"about":[{"href":"https:\/\/www.euroresidentes.com\/salud\/wp-json\/wp\/v2\/types\/post"}],"author":[{"embeddable":true,"href":"https:\/\/www.euroresidentes.com\/salud\/wp-json\/wp\/v2\/users\/2"}],"replies":[{"embeddable":true,"href":"https:\/\/www.euroresidentes.com\/salud\/wp-json\/wp\/v2\/comments?post=631"}],"version-history":[{"count":1,"href":"https:\/\/www.euroresidentes.com\/salud\/wp-json\/wp\/v2\/posts\/631\/revisions"}],"predecessor-version":[{"id":3514,"href":"https:\/\/www.euroresidentes.com\/salud\/wp-json\/wp\/v2\/posts\/631\/revisions\/3514"}],"wp:featuredmedia":[{"embeddable":true,"href":"https:\/\/www.euroresidentes.com\/salud\/wp-json\/wp\/v2\/media\/2481"}],"wp:attachment":[{"href":"https:\/\/www.euroresidentes.com\/salud\/wp-json\/wp\/v2\/media?parent=631"}],"wp:term":[{"taxonomy":"category","embeddable":true,"href":"https:\/\/www.euroresidentes.com\/salud\/wp-json\/wp\/v2\/categories?post=631"},{"taxonomy":"post_tag","embeddable":true,"href":"https:\/\/www.euroresidentes.com\/salud\/wp-json\/wp\/v2\/tags?post=631"}],"curies":[{"name":"wp","href":"https:\/\/api.w.org\/{rel}","templated":true}]}}