 

{"id":579,"date":"2015-04-13T08:52:00","date_gmt":"2015-04-13T08:52:00","guid":{"rendered":"https:\/\/www.euroresidentes.com\/salud\/salud-ninos\/reflujo-en-bebes"},"modified":"2018-06-11T12:26:36","modified_gmt":"2018-06-11T10:26:36","slug":"reflujo-en-bebes","status":"publish","type":"post","link":"https:\/\/www.euroresidentes.com\/salud\/reflujo-en-bebes\/","title":{"rendered":"Reflujo en beb\u00e9s"},"content":{"rendered":"<div class=\"separator\" style=\"clear: both; text-align: center;\"><a style=\"margin-left: 1em; margin-right: 1em;\" href=\"https:\/\/euroresidentes.com\/salud\/wp-content\/uploads\/2015\/04\/reflujo-en-bebes.jpg\"><img decoding=\"async\" title=\"Reflujo en beb\u00e9s\" src=\"https:\/\/euroresidentes.com\/salud\/wp-content\/uploads\/2015\/04\/reflujo-en-bebes.jpg\" alt=\"Reflujo en beb\u00e9s\" border=\"0\" \/><\/a><\/div>\n<p>&nbsp;<\/p>\n<h3 style=\"text-align: justify;\">En la parte superior del est\u00f3mago existe una v\u00e1lvula que impide que el contenido del est\u00f3mago pase nuevamente al es\u00f3fago.<\/h3>\n<div>\u00a0<\/div>\n<div style=\"text-align: justify;\">A muchos beb\u00e9s esta v\u00e1lvula no les funciona muy bien, y la leche y el \u00e1cido del est\u00f3mago pueden volver a subir y salir por la boca. Es lo que se conoce como <b>reflujo<\/b>, y es la raz\u00f3n por la que muchos beb\u00e9s expulsan leche por la boca, sobre todo despu\u00e9s de haber comido.<\/div>\n<div style=\"text-align: justify;\">\u00a0<\/div>\n<div style=\"text-align: justify;\">Normalmente no suele ser un problema. Los beb\u00e9s retienen la suficiente cantidad de leche en sus est\u00f3magos para no tener hambre y crecer con normalidad. El \u00fanico \u00abproblema\u00bb es que hay m\u00e1s ropa para lavar.<\/div>\n<div style=\"text-align: justify;\">\u00a0<\/div>\n<h3>\u00bfEs normal que un beb\u00e9 tenga reflujo?<\/h3>\n<p>&nbsp;<\/p>\n<div style=\"text-align: justify;\">Es normal que los beb\u00e9s regurgiten, o incluso que despu\u00e9s de las comidas vomiten de vez en cuando. Esto se conoce como reflujo, y la mayor\u00eda de beb\u00e9s lo superan al a\u00f1o de edad.<\/div>\n<div style=\"text-align: justify;\">\u00a0<\/div>\n<div style=\"text-align: justify;\">Sin embargo, cuando un beb\u00e9 regurgitan mucho puede acabar afect\u00e1ndole a su crecimiento o incluso provoca problemas de es\u00f3fago o respiratorios, puede que tenga una\u00a0<b>enfermedad de reflujo gastroesof\u00e1gico<\/b>, que necesita ser tratada.<\/div>\n<h3>\u00bfC\u00f3mo saber si un beb\u00e9 tiene reflujo gastroesof\u00e1gico?<\/h3>\n<div>\u00a0<\/div>\n<p>Hay ciertos comportamientos que pueden indicar que un beb\u00e9 tiene reflujo gastroesof\u00e1gico:<\/p>\n<ul>\n<li>No aumenta de peso.<\/li>\n<li>Regurgita o vomita con fuerza, causando el contenido del est\u00f3mago salga disparado fuera de la boca.<\/li>\n<li>Regurgita l\u00edquido verde o amarillo.<\/li>\n<li>Regurgita sangre.<\/li>\n<li>No quiere comer.<\/li>\n<li>Tiene sangre en sus heces.<\/li>\n<li>Tiene dificultad para respirar<\/li>\n<li>Comienza a vomitar a partir de los 6 meses.<\/li>\n<\/ul>\n<h3>\u00bfPor qu\u00e9 se produce el reflujo en los beb\u00e9s?<\/h3>\n<p>&nbsp;<\/p>\n<div style=\"text-align: justify;\">Son varios los factores que pueden provocar reflujo en los beb\u00e9s, aunque lo m\u00e1s com\u00fan es que se produzca por una combinaci\u00f3n de factores.<\/div>\n<div style=\"text-align: justify;\">\u00a0<\/div>\n<div style=\"text-align: justify;\">En los beb\u00e9s, la v\u00e1lvula que separa el es\u00f3fago y el est\u00f3mago, llamada esf\u00ednter esof\u00e1gico inferior, todav\u00eda <b>no ha madurado<\/b> lo suficiente, lo que hace que el contenido del est\u00f3mago pueda pasar al es\u00f3fago. Con el tiempo, esta v\u00e1lvula solo se abrir\u00e1 cuando el beb\u00e9 trague y permanecer\u00e1 cerrada herm\u00e9ticamente el resto del tiempo.<\/div>\n<div style=\"text-align: justify;\">\u00a0<\/div>\n<div style=\"text-align: justify;\">Los beb\u00e9s pasan la mayor parte del tiempo acostados, lo que hace que sea m\u00e1s probable que se produzca reflujo. Adem\u00e1s, su dieta es completamente l\u00edquida lo que tambi\u00e9n favorece el reflujo.<\/div>\n<div style=\"text-align: justify;\">\u00a0<\/div>\n<div style=\"text-align: justify;\">En algunos casos, los s\u00edntomas de reflujo infantil pueden indicar otros problemas m\u00e1s importantes como:<\/div>\n<ul>\n<li style=\"text-align: justify;\"><b>Gastroenteritis al\u00e9rgica.<\/b> Es una intolerancia a ciertos alimentos, generalmente a la prote\u00edna de la leche de vaca.<\/li>\n<\/ul>\n<ul>\n<li style=\"text-align: justify;\"><b>Enfermedad por reflujo gastroesof\u00e1gico.<\/b> Es una condici\u00f3n en la que el reflujo es tan \u00e1cido que puede llegar a irritar y da\u00f1ar el revestimiento del es\u00f3fago.<\/li>\n<\/ul>\n<ul>\n<li style=\"text-align: justify;\"><b>Esofagitis eosinof\u00edlica.<\/b> Es una condici\u00f3n donde los eosin\u00f3filos, un tipo de gl\u00f3bulos blancos, se acumulan y da\u00f1an el revestimiento del es\u00f3fago.<\/li>\n<\/ul>\n<ul>\n<li style=\"text-align: justify;\"><b>Obstrucci\u00f3n.<\/b> Es producida por la obstrucci\u00f3n, el estrechamiento en el es\u00f3fago (estenosis esof\u00e1gica) o del paso entre el est\u00f3mago y el intestino delgado (estenosis pil\u00f3rica).<\/li>\n<\/ul>\n<h3>\u00bfC\u00f3mo se puede evitar el reflujo en los beb\u00e9s?<\/h3>\n<div>\u00a0<\/div>\n<p>Algunas cosas que pueden reducir el reflujo en los beb\u00e9s:<\/p>\n<ul>\n<li style=\"text-align: justify;\">Mantener al beb\u00e9 en posici\u00f3n vertical.<\/li>\n<li style=\"text-align: justify;\">Alimentar al beb\u00e9 en una posici\u00f3n lo m\u00e1s erguida posible.<\/li>\n<li style=\"text-align: justify;\">Mantener al beb\u00e9 en una posici\u00f3n sentada durante 30 minutos despu\u00e9s de darle de comer.<\/li>\n<li style=\"text-align: justify;\">Pruebe y tomas m\u00e1s frecuentes de menor tama\u00f1o.<\/li>\n<li style=\"text-align: justify;\">Alimentar al beb\u00e9 con menos cantidades de leche pero con m\u00e1s frecuencia.<\/li>\n<\/ul>\n<div style=\"text-align: justify;\">\u00a0<\/div>\n<p><b> <\/b> <b> <\/b> <b>Seguir leyendo:\u00a0<\/b><\/p>\n<ul>\n<li><a href=\"http:\/\/salud-ninos.euroresidentes.com\/2013\/06\/como-preparar-un-biberon.html\" target=\"_blank\" rel=\"noopener\">\u00bfC\u00f3mo preparar un biber\u00f3n?<\/a><\/li>\n<li><a href=\"http:\/\/salud-ninos.euroresidentes.com\/2014\/03\/consejos-para-alimentar-un-bebe-con.html\" target=\"_blank\" rel=\"noopener\">Consejos para alimentar a un beb\u00e9 con leche de f\u00f3rmula<\/a><\/li>\n<li><a href=\"http:\/\/salud-ninos.euroresidentes.com\/2012\/02\/el-colico-del-lactante-es-un-problema.html\" target=\"_blank\" rel=\"noopener\">C\u00f3lico del lactante<\/a><\/li>\n<li><a href=\"http:\/\/salud-ninos.euroresidentes.com\/2014\/11\/esta-mi-bebe-tomando-suficiente-leche.html\" target=\"_blank\" rel=\"noopener\">\u00bfEst\u00e1 mi beb\u00e9 tomando suficiente leche?<\/a><\/li>\n<\/ul>\n","protected":false},"excerpt":{"rendered":"<p>&nbsp; En la parte superior del est\u00f3mago existe una v\u00e1lvula que impide que el contenido del est\u00f3mago pase nuevamente al es\u00f3fago. \u00a0 A muchos beb\u00e9s esta v\u00e1lvula no les funciona muy bien, y la leche y el \u00e1cido del est\u00f3mago pueden volver a subir y salir por la boca. Es lo que se conoce como reflujo, y es la raz\u00f3n por la que muchos beb\u00e9s expulsan leche por la boca, sobre todo despu\u00e9s de haber comido. \u00a0 Normalmente no suele ser un problema. Los beb\u00e9s retienen la suficiente cantidad de leche en sus est\u00f3magos para no tener hambre y crecer <\/p>\n","protected":false},"author":2,"featured_media":4216,"comment_status":"open","ping_status":"open","sticky":false,"template":"","format":"standard","meta":{"footnotes":""},"categories":[10],"tags":[],"class_list":["post-579","post","type-post","status-publish","format-standard","has-post-thumbnail","hentry","category-ninos","has_thumb"],"yoast_head":"<!-- This site is optimized with the Yoast SEO plugin v26.8 - https:\/\/yoast.com\/product\/yoast-seo-wordpress\/ -->\n<title>Reflujo en beb\u00e9s - Salud<\/title>\n<meta name=\"robots\" content=\"index, follow, max-snippet:-1, max-image-preview:large, max-video-preview:-1\" \/>\n<link rel=\"canonical\" href=\"https:\/\/www.euroresidentes.com\/salud\/reflujo-en-bebes\/\" \/>\n<meta property=\"og:locale\" content=\"es_ES\" \/>\n<meta property=\"og:type\" content=\"article\" \/>\n<meta property=\"og:title\" content=\"Reflujo en beb\u00e9s - Salud\" \/>\n<meta property=\"og:description\" content=\"&nbsp; En la parte superior del est\u00f3mago existe una v\u00e1lvula que impide que el contenido del est\u00f3mago pase nuevamente al es\u00f3fago. \u00a0 A muchos beb\u00e9s esta v\u00e1lvula no les funciona muy bien, y la leche y el \u00e1cido del est\u00f3mago pueden volver a subir y salir por la boca. Es lo que se conoce como reflujo, y es la raz\u00f3n por la que muchos beb\u00e9s expulsan leche por la boca, sobre todo despu\u00e9s de haber comido. \u00a0 Normalmente no suele ser un problema. Los beb\u00e9s retienen la suficiente cantidad de leche en sus est\u00f3magos para no tener hambre y crecer\" \/>\n<meta property=\"og:url\" content=\"https:\/\/www.euroresidentes.com\/salud\/reflujo-en-bebes\/\" \/>\n<meta property=\"og:site_name\" content=\"Salud\" \/>\n<meta property=\"article:published_time\" content=\"2015-04-13T08:52:00+00:00\" \/>\n<meta property=\"article:modified_time\" content=\"2018-06-11T10:26:36+00:00\" \/>\n<meta property=\"og:image\" content=\"https:\/\/www.euroresidentes.com\/salud\/wp-content\/uploads\/2015\/04\/reflujo-en-bebes.jpg\" \/>\n\t<meta property=\"og:image:width\" content=\"600\" \/>\n\t<meta property=\"og:image:height\" content=\"450\" \/>\n\t<meta property=\"og:image:type\" content=\"image\/jpeg\" \/>\n<meta name=\"author\" content=\"Raquel Pomares\" \/>\n<meta name=\"twitter:label1\" content=\"Written by\" \/>\n\t<meta name=\"twitter:data1\" content=\"Raquel Pomares\" \/>\n\t<meta name=\"twitter:label2\" content=\"Est. reading time\" \/>\n\t<meta name=\"twitter:data2\" content=\"3 minutos\" \/>\n<script type=\"application\/ld+json\" class=\"yoast-schema-graph\">{\"@context\":\"https:\/\/schema.org\",\"@graph\":[{\"@type\":\"Article\",\"@id\":\"https:\/\/www.euroresidentes.com\/salud\/reflujo-en-bebes\/#article\",\"isPartOf\":{\"@id\":\"https:\/\/www.euroresidentes.com\/salud\/reflujo-en-bebes\/\"},\"author\":{\"name\":\"Raquel Pomares\",\"@id\":\"https:\/\/www.euroresidentes.com\/salud\/#\/schema\/person\/c0299534643677f2282b416ac1fe97f1\"},\"headline\":\"Reflujo en beb\u00e9s\",\"datePublished\":\"2015-04-13T08:52:00+00:00\",\"dateModified\":\"2018-06-11T10:26:36+00:00\",\"mainEntityOfPage\":{\"@id\":\"https:\/\/www.euroresidentes.com\/salud\/reflujo-en-bebes\/\"},\"wordCount\":656,\"commentCount\":0,\"image\":{\"@id\":\"https:\/\/www.euroresidentes.com\/salud\/reflujo-en-bebes\/#primaryimage\"},\"thumbnailUrl\":\"https:\/\/www.euroresidentes.com\/salud\/wp-content\/uploads\/2015\/04\/reflujo-en-bebes.jpg\",\"articleSection\":[\"Ni\u00f1os\"],\"inLanguage\":\"es\",\"potentialAction\":[{\"@type\":\"CommentAction\",\"name\":\"Comment\",\"target\":[\"https:\/\/www.euroresidentes.com\/salud\/reflujo-en-bebes\/#respond\"]}]},{\"@type\":\"WebPage\",\"@id\":\"https:\/\/www.euroresidentes.com\/salud\/reflujo-en-bebes\/\",\"url\":\"https:\/\/www.euroresidentes.com\/salud\/reflujo-en-bebes\/\",\"name\":\"Reflujo en beb\u00e9s - Salud\",\"isPartOf\":{\"@id\":\"https:\/\/www.euroresidentes.com\/salud\/#website\"},\"primaryImageOfPage\":{\"@id\":\"https:\/\/www.euroresidentes.com\/salud\/reflujo-en-bebes\/#primaryimage\"},\"image\":{\"@id\":\"https:\/\/www.euroresidentes.com\/salud\/reflujo-en-bebes\/#primaryimage\"},\"thumbnailUrl\":\"https:\/\/www.euroresidentes.com\/salud\/wp-content\/uploads\/2015\/04\/reflujo-en-bebes.jpg\",\"datePublished\":\"2015-04-13T08:52:00+00:00\",\"dateModified\":\"2018-06-11T10:26:36+00:00\",\"author\":{\"@id\":\"https:\/\/www.euroresidentes.com\/salud\/#\/schema\/person\/c0299534643677f2282b416ac1fe97f1\"},\"breadcrumb\":{\"@id\":\"https:\/\/www.euroresidentes.com\/salud\/reflujo-en-bebes\/#breadcrumb\"},\"inLanguage\":\"es\",\"potentialAction\":[{\"@type\":\"ReadAction\",\"target\":[\"https:\/\/www.euroresidentes.com\/salud\/reflujo-en-bebes\/\"]}]},{\"@type\":\"ImageObject\",\"inLanguage\":\"es\",\"@id\":\"https:\/\/www.euroresidentes.com\/salud\/reflujo-en-bebes\/#primaryimage\",\"url\":\"https:\/\/www.euroresidentes.com\/salud\/wp-content\/uploads\/2015\/04\/reflujo-en-bebes.jpg\",\"contentUrl\":\"https:\/\/www.euroresidentes.com\/salud\/wp-content\/uploads\/2015\/04\/reflujo-en-bebes.jpg\",\"width\":600,\"height\":450},{\"@type\":\"BreadcrumbList\",\"@id\":\"https:\/\/www.euroresidentes.com\/salud\/reflujo-en-bebes\/#breadcrumb\",\"itemListElement\":[{\"@type\":\"ListItem\",\"position\":1,\"name\":\"Portada\",\"item\":\"https:\/\/www.euroresidentes.com\/salud\/\"},{\"@type\":\"ListItem\",\"position\":2,\"name\":\"Reflujo en beb\u00e9s\"}]},{\"@type\":\"WebSite\",\"@id\":\"https:\/\/www.euroresidentes.com\/salud\/#website\",\"url\":\"https:\/\/www.euroresidentes.com\/salud\/\",\"name\":\"Salud\",\"description\":\"Consejos para el cuidado de la salud, vida sana, h\u00e1bitos saludables\",\"potentialAction\":[{\"@type\":\"SearchAction\",\"target\":{\"@type\":\"EntryPoint\",\"urlTemplate\":\"https:\/\/www.euroresidentes.com\/salud\/?s={search_term_string}\"},\"query-input\":{\"@type\":\"PropertyValueSpecification\",\"valueRequired\":true,\"valueName\":\"search_term_string\"}}],\"inLanguage\":\"es\"},{\"@type\":\"Person\",\"@id\":\"https:\/\/www.euroresidentes.com\/salud\/#\/schema\/person\/c0299534643677f2282b416ac1fe97f1\",\"name\":\"Raquel Pomares\",\"image\":{\"@type\":\"ImageObject\",\"inLanguage\":\"es\",\"@id\":\"https:\/\/www.euroresidentes.com\/salud\/#\/schema\/person\/image\/\",\"url\":\"https:\/\/www.euroresidentes.com\/salud\/wp-content\/uploads\/2016\/07\/YO2-150x150.jpg\",\"contentUrl\":\"https:\/\/www.euroresidentes.com\/salud\/wp-content\/uploads\/2016\/07\/YO2-150x150.jpg\",\"caption\":\"Raquel Pomares\"},\"description\":\"Raquel PomaresBi\u00f3loga, doctora y divulgadora cient\u00edfica especializada en temas de salud.\",\"sameAs\":[\"https:\/\/www.euroresidentes.com\/salud\/raquel-pomares.html\"],\"url\":\"https:\/\/www.euroresidentes.com\/salud\/author\/raquel\/\"}]}<\/script>\n<!-- \/ Yoast SEO plugin. -->","yoast_head_json":{"title":"Reflujo en beb\u00e9s - Salud","robots":{"index":"index","follow":"follow","max-snippet":"max-snippet:-1","max-image-preview":"max-image-preview:large","max-video-preview":"max-video-preview:-1"},"canonical":"https:\/\/www.euroresidentes.com\/salud\/reflujo-en-bebes\/","og_locale":"es_ES","og_type":"article","og_title":"Reflujo en beb\u00e9s - Salud","og_description":"&nbsp; En la parte superior del est\u00f3mago existe una v\u00e1lvula que impide que el contenido del est\u00f3mago pase nuevamente al es\u00f3fago. \u00a0 A muchos beb\u00e9s esta v\u00e1lvula no les funciona muy bien, y la leche y el \u00e1cido del est\u00f3mago pueden volver a subir y salir por la boca. Es lo que se conoce como reflujo, y es la raz\u00f3n por la que muchos beb\u00e9s expulsan leche por la boca, sobre todo despu\u00e9s de haber comido. \u00a0 Normalmente no suele ser un problema. Los beb\u00e9s retienen la suficiente cantidad de leche en sus est\u00f3magos para no tener hambre y crecer","og_url":"https:\/\/www.euroresidentes.com\/salud\/reflujo-en-bebes\/","og_site_name":"Salud","article_published_time":"2015-04-13T08:52:00+00:00","article_modified_time":"2018-06-11T10:26:36+00:00","og_image":[{"width":600,"height":450,"url":"https:\/\/www.euroresidentes.com\/salud\/wp-content\/uploads\/2015\/04\/reflujo-en-bebes.jpg","type":"image\/jpeg"}],"author":"Raquel Pomares","twitter_misc":{"Written by":"Raquel Pomares","Est. reading time":"3 minutos"},"schema":{"@context":"https:\/\/schema.org","@graph":[{"@type":"Article","@id":"https:\/\/www.euroresidentes.com\/salud\/reflujo-en-bebes\/#article","isPartOf":{"@id":"https:\/\/www.euroresidentes.com\/salud\/reflujo-en-bebes\/"},"author":{"name":"Raquel Pomares","@id":"https:\/\/www.euroresidentes.com\/salud\/#\/schema\/person\/c0299534643677f2282b416ac1fe97f1"},"headline":"Reflujo en beb\u00e9s","datePublished":"2015-04-13T08:52:00+00:00","dateModified":"2018-06-11T10:26:36+00:00","mainEntityOfPage":{"@id":"https:\/\/www.euroresidentes.com\/salud\/reflujo-en-bebes\/"},"wordCount":656,"commentCount":0,"image":{"@id":"https:\/\/www.euroresidentes.com\/salud\/reflujo-en-bebes\/#primaryimage"},"thumbnailUrl":"https:\/\/www.euroresidentes.com\/salud\/wp-content\/uploads\/2015\/04\/reflujo-en-bebes.jpg","articleSection":["Ni\u00f1os"],"inLanguage":"es","potentialAction":[{"@type":"CommentAction","name":"Comment","target":["https:\/\/www.euroresidentes.com\/salud\/reflujo-en-bebes\/#respond"]}]},{"@type":"WebPage","@id":"https:\/\/www.euroresidentes.com\/salud\/reflujo-en-bebes\/","url":"https:\/\/www.euroresidentes.com\/salud\/reflujo-en-bebes\/","name":"Reflujo en beb\u00e9s - Salud","isPartOf":{"@id":"https:\/\/www.euroresidentes.com\/salud\/#website"},"primaryImageOfPage":{"@id":"https:\/\/www.euroresidentes.com\/salud\/reflujo-en-bebes\/#primaryimage"},"image":{"@id":"https:\/\/www.euroresidentes.com\/salud\/reflujo-en-bebes\/#primaryimage"},"thumbnailUrl":"https:\/\/www.euroresidentes.com\/salud\/wp-content\/uploads\/2015\/04\/reflujo-en-bebes.jpg","datePublished":"2015-04-13T08:52:00+00:00","dateModified":"2018-06-11T10:26:36+00:00","author":{"@id":"https:\/\/www.euroresidentes.com\/salud\/#\/schema\/person\/c0299534643677f2282b416ac1fe97f1"},"breadcrumb":{"@id":"https:\/\/www.euroresidentes.com\/salud\/reflujo-en-bebes\/#breadcrumb"},"inLanguage":"es","potentialAction":[{"@type":"ReadAction","target":["https:\/\/www.euroresidentes.com\/salud\/reflujo-en-bebes\/"]}]},{"@type":"ImageObject","inLanguage":"es","@id":"https:\/\/www.euroresidentes.com\/salud\/reflujo-en-bebes\/#primaryimage","url":"https:\/\/www.euroresidentes.com\/salud\/wp-content\/uploads\/2015\/04\/reflujo-en-bebes.jpg","contentUrl":"https:\/\/www.euroresidentes.com\/salud\/wp-content\/uploads\/2015\/04\/reflujo-en-bebes.jpg","width":600,"height":450},{"@type":"BreadcrumbList","@id":"https:\/\/www.euroresidentes.com\/salud\/reflujo-en-bebes\/#breadcrumb","itemListElement":[{"@type":"ListItem","position":1,"name":"Portada","item":"https:\/\/www.euroresidentes.com\/salud\/"},{"@type":"ListItem","position":2,"name":"Reflujo en beb\u00e9s"}]},{"@type":"WebSite","@id":"https:\/\/www.euroresidentes.com\/salud\/#website","url":"https:\/\/www.euroresidentes.com\/salud\/","name":"Salud","description":"Consejos para el cuidado de la salud, vida sana, h\u00e1bitos saludables","potentialAction":[{"@type":"SearchAction","target":{"@type":"EntryPoint","urlTemplate":"https:\/\/www.euroresidentes.com\/salud\/?s={search_term_string}"},"query-input":{"@type":"PropertyValueSpecification","valueRequired":true,"valueName":"search_term_string"}}],"inLanguage":"es"},{"@type":"Person","@id":"https:\/\/www.euroresidentes.com\/salud\/#\/schema\/person\/c0299534643677f2282b416ac1fe97f1","name":"Raquel Pomares","image":{"@type":"ImageObject","inLanguage":"es","@id":"https:\/\/www.euroresidentes.com\/salud\/#\/schema\/person\/image\/","url":"https:\/\/www.euroresidentes.com\/salud\/wp-content\/uploads\/2016\/07\/YO2-150x150.jpg","contentUrl":"https:\/\/www.euroresidentes.com\/salud\/wp-content\/uploads\/2016\/07\/YO2-150x150.jpg","caption":"Raquel Pomares"},"description":"Raquel PomaresBi\u00f3loga, doctora y divulgadora cient\u00edfica especializada en temas de salud.","sameAs":["https:\/\/www.euroresidentes.com\/salud\/raquel-pomares.html"],"url":"https:\/\/www.euroresidentes.com\/salud\/author\/raquel\/"}]}},"_links":{"self":[{"href":"https:\/\/www.euroresidentes.com\/salud\/wp-json\/wp\/v2\/posts\/579","targetHints":{"allow":["GET"]}}],"collection":[{"href":"https:\/\/www.euroresidentes.com\/salud\/wp-json\/wp\/v2\/posts"}],"about":[{"href":"https:\/\/www.euroresidentes.com\/salud\/wp-json\/wp\/v2\/types\/post"}],"author":[{"embeddable":true,"href":"https:\/\/www.euroresidentes.com\/salud\/wp-json\/wp\/v2\/users\/2"}],"replies":[{"embeddable":true,"href":"https:\/\/www.euroresidentes.com\/salud\/wp-json\/wp\/v2\/comments?post=579"}],"version-history":[{"count":3,"href":"https:\/\/www.euroresidentes.com\/salud\/wp-json\/wp\/v2\/posts\/579\/revisions"}],"predecessor-version":[{"id":4925,"href":"https:\/\/www.euroresidentes.com\/salud\/wp-json\/wp\/v2\/posts\/579\/revisions\/4925"}],"wp:featuredmedia":[{"embeddable":true,"href":"https:\/\/www.euroresidentes.com\/salud\/wp-json\/wp\/v2\/media\/4216"}],"wp:attachment":[{"href":"https:\/\/www.euroresidentes.com\/salud\/wp-json\/wp\/v2\/media?parent=579"}],"wp:term":[{"taxonomy":"category","embeddable":true,"href":"https:\/\/www.euroresidentes.com\/salud\/wp-json\/wp\/v2\/categories?post=579"},{"taxonomy":"post_tag","embeddable":true,"href":"https:\/\/www.euroresidentes.com\/salud\/wp-json\/wp\/v2\/tags?post=579"}],"curies":[{"name":"wp","href":"https:\/\/api.w.org\/{rel}","templated":true}]}}