 

{"id":559,"date":"2015-05-05T09:29:00","date_gmt":"2015-05-05T07:29:00","guid":{"rendered":"https:\/\/www.euroresidentes.com\/salud\/embarazo\/es-normal-que-te-duela-la-pelvis"},"modified":"2018-06-11T14:22:11","modified_gmt":"2018-06-11T12:22:11","slug":"es-normal-que-duela-pelvis-embarazo","status":"publish","type":"post","link":"https:\/\/www.euroresidentes.com\/salud\/es-normal-que-duela-pelvis-embarazo\/","title":{"rendered":"\u00bfEs normal que te duela la pelvis durante el embarazo?"},"content":{"rendered":"<h3 style=\"text-align: justify;\">El 80% de las mujeres embarazadas experimentan dolor p\u00e9lvico en alg\u00fan momento del embarazo, aunque es m\u00e1s com\u00fan en el tercer trimestre cuando la tensi\u00f3n en la zona p\u00e9lvica es m\u00e1s intensa<\/h3>\n<div style=\"text-align: justify;\">El dolor en la zona p\u00e9lvica es una condici\u00f3n com\u00fan asociadas con el parto y el embarazo que tambi\u00e9n es conocida como <b>disfunci\u00f3n de la s\u00ednfisis p\u00fabica<\/b>.<\/div>\n<div style=\"text-align: justify;\">\u00a0<\/div>\n<div style=\"text-align: justify;\">\n<div class=\"separator\" style=\"clear: both; text-align: center;\"><a style=\"margin-left: 1em; margin-right: 1em;\" href=\"https:\/\/www.euroresidentes.com\/salud\/wp-content\/uploads\/2015\/05\/dolor-pelvico-en-el-embarazo.jpg\"><img decoding=\"async\" title=\"Dolor en la pelvis durante el embarazo\" src=\"https:\/\/www.euroresidentes.com\/salud\/wp-content\/uploads\/2015\/05\/dolor-pelvico-en-el-embarazo.jpg\" alt=\"Dolor en la pelvis durante el embarazo\" border=\"0\" \/><\/a><\/div>\n<p>Hay varios huesos y articulaciones que componen la cintura p\u00e9lvica incluyendo la s\u00ednfisis p\u00fabica, la cadera, el coxis, el sacro y la articulaci\u00f3n sacroil\u00edaca. El dolor puede producirse cuando existe un problema mec\u00e1nico con estas articulaciones.<\/p><\/div>\n<div style=\"text-align: justify;\">La s\u00ednfisis p\u00fabica es una articulaci\u00f3n r\u00edgida que conecta las dos mitades de la pelvis. Esta articulaci\u00f3n est\u00e1 reforzada por unos ligamentos. Durante el embarazo, el cuerpo produce una hormona llamada relaxina cuya funci\u00f3n es la de ablandar los ligamentos para ayudar a que el beb\u00e9 pase a trav\u00e9s de la pelvis durante el parto.<\/div>\n<div style=\"text-align: justify;\">\u00a0<\/div>\n<div style=\"text-align: justify;\">La <b>relajaci\u00f3n de las articulaciones<\/b> de la cadera junto con la <b>presi\u00f3n del peso del beb\u00e9<\/b> que va creciendo y se va encajando en la pelvis son los causantes de este dolor p\u00e9lvico durante el embarazo.<\/div>\n<p>&nbsp;<\/p>\n<h3>\u00bfQu\u00e9 causa el dolor p\u00e9lvico?<\/h3>\n<div style=\"text-align: justify;\">El dolor p\u00e9lvico suele estar causado por una <b>combinaci\u00f3n de factores<\/b> que provocan inestabilidad en las articulaciones. El movimiento desigual de las articulaciones de la cintura p\u00e9lvica, los cambios en los m\u00fasculos que se producen como consecuencia del embarazo o la inestabilidad de las articulaciones pueden ser las causas del dolor p\u00e9lvico.<\/div>\n<div style=\"text-align: justify;\">\u00a0<\/div>\n<div style=\"text-align: justify;\">Durante el embarazo se produce la relaxina, una hormona cuya funci\u00f3n es la de hacer que los ligamentos sean m\u00e1s flexibles para ayudar a que el beb\u00e9 pase a trav\u00e9s del canal de la pelvis durante el parto. La relaxina permite un mayor rango de movimiento de las articulaciones de la pelvis, y por tanto puede causar una mayor inestabilidad y acabar desencadenando el dolor p\u00e9lvico.<\/div>\n<div style=\"text-align: justify;\">\u00a0<\/div>\n<div style=\"text-align: justify;\">\u00a0<\/div>\n<h3>\u00bfCu\u00e1les son los s\u00edntomas del la disfunci\u00f3n de la s\u00ednfisis p\u00fabica?<\/h3>\n<div style=\"text-align: justify;\">El s\u00edntoma m\u00e1s com\u00fan de disfunci\u00f3n de la s\u00ednfisis p\u00fabica es el dolor agudo en la <b>regi\u00f3n p\u00e9lvica baja <\/b>(hueso p\u00e9lvico), irradiando hacia el exterior hacia la zona lumbar, las caderas, el abdomen y las piernas. Tambi\u00e9n puede aparecer dolor en el <b>perineo<\/b>, la zona que hay entre la vagina y el ano.<\/div>\n<div style=\"text-align: justify;\">\u00a0<\/div>\n<div style=\"text-align: justify;\">El dolor suele ir acompa\u00f1ado del <b>crujido de las articulaciones<\/b> de las caderas y la espalda baja mientras se camina o cuando se cambia de posici\u00f3n al estar acostada.<\/div>\n<div style=\"text-align: justify;\">\u00a0<\/div>\n<div style=\"text-align: justify;\">La disfunci\u00f3n de la s\u00ednfisis del pubis se caracteriza generalmente por una marcha de pato, dificultad para caminar, subir escaleras, ponerse la ropa, entrar y salir de los coches, o incluso para permanecer de pie.<\/div>\n<div style=\"text-align: justify;\">\u00a0<\/div>\n<div style=\"text-align: justify;\">La gravedad del dolor var\u00eda de una mujer a otra. Puede ser una molestia de leva a moderada o puede causar un dolor severo que hace incluso dif\u00edcil el movimiento.<\/div>\n<div style=\"text-align: justify;\">\u00a0<\/div>\n<h3>\u00bfC\u00f3mo se pueden aliviar los dolores p\u00e9lvico durante el embarazo?<\/h3>\n<div style=\"text-align: justify;\">En ocasiones los s\u00edntomas desaparecen por si solos despu\u00e9s de unos d\u00edas de descanso, pero en algunas ocasiones, sobre todo si no ser tratan adecuadamente, pueden continuar incluso despu\u00e9s del parto.<\/div>\n<div style=\"text-align: justify;\">\u00a0<\/div>\n<div style=\"text-align: justify;\">Los posibles tratamientos est\u00e1n dirigidos a aliviar el dolor, mejorar la funci\u00f3n muscular y la estabilidad de la cintura p\u00e9lvica y la posici\u00f3n.<\/div>\n<div style=\"text-align: justify;\">\u00a0<\/div>\n<div style=\"text-align: justify;\">Entre las posibles opciones disponibles para tratar de reducir el dolor p\u00e9lvico destacar:<\/div>\n<ul>\n<li style=\"text-align: justify;\">Fisioterapeuta.<\/li>\n<li style=\"text-align: justify;\">Ejercicios para fortalecer los m\u00fasculos de la barriga, espalda, cadera y el suelo p\u00e9lvico para ayudar a realinear las articulaciones. Algunos ejercicios pueden ser incluso realizados bajo el agua.<\/li>\n<li style=\"text-align: justify;\">Masaje prenatal (siempre con un terapeuta que est\u00e9 cualificado para realizar este tipo de masajes).<\/li>\n<li style=\"text-align: justify;\">Terapias alternativas como la acupunctura.<\/li>\n<li style=\"text-align: justify;\">Analg\u00e9sicos o relajantes musculares. Siempre deben ser recetados por un m\u00e9dico.<\/li>\n<li style=\"text-align: justify;\">Usar pantalones cortos ajustados (tipo pantal\u00f3n de yoga o de ciclismo) para intentar estabilizar los huesos de la cadera y del pubis.<\/li>\n<\/ul>\n<div>\u00a0<\/div>\n<div>\u00a0<\/div>\n<div>\u00a0<\/div>\n<div><b>Seguir leyendo:\u00a0<\/b><\/div>\n<div>\n<ul>\n<li><a href=\"http:\/\/embarazo.euroresidentes.com\/2013\/03\/ciatica-en-el-embarazo.html\" target=\"_blank\" rel=\"noopener\">Ci\u00e1tica en el embarazo<\/a><\/li>\n<li><a href=\"http:\/\/embarazo.euroresidentes.com\/2013\/04\/dolor-de-espalda-en-el-embarazo.html\" target=\"_blank\" rel=\"noopener\">Dolor de espalda en el embarazo<\/a><\/li>\n<\/ul>\n<\/div>\n","protected":false},"excerpt":{"rendered":"<p>El 80% de las mujeres embarazadas experimentan dolor p\u00e9lvico en alg\u00fan momento del embarazo, aunque es m\u00e1s com\u00fan en el tercer trimestre cuando la tensi\u00f3n en la zona p\u00e9lvica es m\u00e1s intensa El dolor en la zona p\u00e9lvica es una condici\u00f3n com\u00fan asociadas con el parto y el embarazo que tambi\u00e9n es conocida como disfunci\u00f3n de la s\u00ednfisis p\u00fabica. \u00a0 Hay varios huesos y articulaciones que componen la cintura p\u00e9lvica incluyendo la s\u00ednfisis p\u00fabica, la cadera, el coxis, el sacro y la articulaci\u00f3n sacroil\u00edaca. El dolor puede producirse cuando existe un problema mec\u00e1nico con estas articulaciones. La s\u00ednfisis p\u00fabica es <\/p>\n","protected":false},"author":2,"featured_media":2343,"comment_status":"open","ping_status":"open","sticky":false,"template":"","format":"standard","meta":{"footnotes":""},"categories":[15],"tags":[],"class_list":["post-559","post","type-post","status-publish","format-standard","has-post-thumbnail","hentry","category-embarazo","has_thumb"],"yoast_head":"<!-- This site is optimized with the Yoast SEO plugin v26.8 - https:\/\/yoast.com\/product\/yoast-seo-wordpress\/ -->\n<title>\u00bfEs normal que te duela la pelvis durante el embarazo? - Salud<\/title>\n<meta name=\"robots\" content=\"index, follow, max-snippet:-1, max-image-preview:large, max-video-preview:-1\" \/>\n<link rel=\"canonical\" href=\"https:\/\/www.euroresidentes.com\/salud\/es-normal-que-duela-pelvis-embarazo\/\" \/>\n<meta property=\"og:locale\" content=\"es_ES\" \/>\n<meta property=\"og:type\" content=\"article\" \/>\n<meta property=\"og:title\" content=\"\u00bfEs normal que te duela la pelvis durante el embarazo? - Salud\" \/>\n<meta property=\"og:description\" content=\"El 80% de las mujeres embarazadas experimentan dolor p\u00e9lvico en alg\u00fan momento del embarazo, aunque es m\u00e1s com\u00fan en el tercer trimestre cuando la tensi\u00f3n en la zona p\u00e9lvica es m\u00e1s intensa El dolor en la zona p\u00e9lvica es una condici\u00f3n com\u00fan asociadas con el parto y el embarazo que tambi\u00e9n es conocida como disfunci\u00f3n de la s\u00ednfisis p\u00fabica. \u00a0 Hay varios huesos y articulaciones que componen la cintura p\u00e9lvica incluyendo la s\u00ednfisis p\u00fabica, la cadera, el coxis, el sacro y la articulaci\u00f3n sacroil\u00edaca. El dolor puede producirse cuando existe un problema mec\u00e1nico con estas articulaciones. La s\u00ednfisis p\u00fabica es\" \/>\n<meta property=\"og:url\" content=\"https:\/\/www.euroresidentes.com\/salud\/es-normal-que-duela-pelvis-embarazo\/\" \/>\n<meta property=\"og:site_name\" content=\"Salud\" \/>\n<meta property=\"article:published_time\" content=\"2015-05-05T07:29:00+00:00\" \/>\n<meta property=\"article:modified_time\" content=\"2018-06-11T12:22:11+00:00\" \/>\n<meta property=\"og:image\" content=\"https:\/\/www.euroresidentes.com\/salud\/wp-content\/uploads\/2015\/05\/dolor-pelvico-en-el-embarazo.jpg\" \/>\n\t<meta property=\"og:image:width\" content=\"600\" \/>\n\t<meta property=\"og:image:height\" content=\"450\" \/>\n\t<meta property=\"og:image:type\" content=\"image\/jpeg\" \/>\n<meta name=\"author\" content=\"Raquel Pomares\" \/>\n<meta name=\"twitter:label1\" content=\"Written by\" \/>\n\t<meta name=\"twitter:data1\" content=\"Raquel Pomares\" \/>\n\t<meta name=\"twitter:label2\" content=\"Est. reading time\" \/>\n\t<meta name=\"twitter:data2\" content=\"4 minutos\" \/>\n<script type=\"application\/ld+json\" class=\"yoast-schema-graph\">{\"@context\":\"https:\/\/schema.org\",\"@graph\":[{\"@type\":\"Article\",\"@id\":\"https:\/\/www.euroresidentes.com\/salud\/es-normal-que-duela-pelvis-embarazo\/#article\",\"isPartOf\":{\"@id\":\"https:\/\/www.euroresidentes.com\/salud\/es-normal-que-duela-pelvis-embarazo\/\"},\"author\":{\"name\":\"Raquel Pomares\",\"@id\":\"https:\/\/www.euroresidentes.com\/salud\/#\/schema\/person\/c0299534643677f2282b416ac1fe97f1\"},\"headline\":\"\u00bfEs normal que te duela la pelvis durante el embarazo?\",\"datePublished\":\"2015-05-05T07:29:00+00:00\",\"dateModified\":\"2018-06-11T12:22:11+00:00\",\"mainEntityOfPage\":{\"@id\":\"https:\/\/www.euroresidentes.com\/salud\/es-normal-que-duela-pelvis-embarazo\/\"},\"wordCount\":727,\"commentCount\":0,\"image\":{\"@id\":\"https:\/\/www.euroresidentes.com\/salud\/es-normal-que-duela-pelvis-embarazo\/#primaryimage\"},\"thumbnailUrl\":\"https:\/\/www.euroresidentes.com\/salud\/wp-content\/uploads\/2015\/05\/dolor-pelvico-en-el-embarazo.jpg\",\"articleSection\":[\"Embarazo\"],\"inLanguage\":\"es\",\"potentialAction\":[{\"@type\":\"CommentAction\",\"name\":\"Comment\",\"target\":[\"https:\/\/www.euroresidentes.com\/salud\/es-normal-que-duela-pelvis-embarazo\/#respond\"]}]},{\"@type\":\"WebPage\",\"@id\":\"https:\/\/www.euroresidentes.com\/salud\/es-normal-que-duela-pelvis-embarazo\/\",\"url\":\"https:\/\/www.euroresidentes.com\/salud\/es-normal-que-duela-pelvis-embarazo\/\",\"name\":\"\u00bfEs normal que te duela la pelvis durante el embarazo? - Salud\",\"isPartOf\":{\"@id\":\"https:\/\/www.euroresidentes.com\/salud\/#website\"},\"primaryImageOfPage\":{\"@id\":\"https:\/\/www.euroresidentes.com\/salud\/es-normal-que-duela-pelvis-embarazo\/#primaryimage\"},\"image\":{\"@id\":\"https:\/\/www.euroresidentes.com\/salud\/es-normal-que-duela-pelvis-embarazo\/#primaryimage\"},\"thumbnailUrl\":\"https:\/\/www.euroresidentes.com\/salud\/wp-content\/uploads\/2015\/05\/dolor-pelvico-en-el-embarazo.jpg\",\"datePublished\":\"2015-05-05T07:29:00+00:00\",\"dateModified\":\"2018-06-11T12:22:11+00:00\",\"author\":{\"@id\":\"https:\/\/www.euroresidentes.com\/salud\/#\/schema\/person\/c0299534643677f2282b416ac1fe97f1\"},\"breadcrumb\":{\"@id\":\"https:\/\/www.euroresidentes.com\/salud\/es-normal-que-duela-pelvis-embarazo\/#breadcrumb\"},\"inLanguage\":\"es\",\"potentialAction\":[{\"@type\":\"ReadAction\",\"target\":[\"https:\/\/www.euroresidentes.com\/salud\/es-normal-que-duela-pelvis-embarazo\/\"]}]},{\"@type\":\"ImageObject\",\"inLanguage\":\"es\",\"@id\":\"https:\/\/www.euroresidentes.com\/salud\/es-normal-que-duela-pelvis-embarazo\/#primaryimage\",\"url\":\"https:\/\/www.euroresidentes.com\/salud\/wp-content\/uploads\/2015\/05\/dolor-pelvico-en-el-embarazo.jpg\",\"contentUrl\":\"https:\/\/www.euroresidentes.com\/salud\/wp-content\/uploads\/2015\/05\/dolor-pelvico-en-el-embarazo.jpg\",\"width\":600,\"height\":450},{\"@type\":\"BreadcrumbList\",\"@id\":\"https:\/\/www.euroresidentes.com\/salud\/es-normal-que-duela-pelvis-embarazo\/#breadcrumb\",\"itemListElement\":[{\"@type\":\"ListItem\",\"position\":1,\"name\":\"Portada\",\"item\":\"https:\/\/www.euroresidentes.com\/salud\/\"},{\"@type\":\"ListItem\",\"position\":2,\"name\":\"\u00bfEs normal que te duela la pelvis durante el embarazo?\"}]},{\"@type\":\"WebSite\",\"@id\":\"https:\/\/www.euroresidentes.com\/salud\/#website\",\"url\":\"https:\/\/www.euroresidentes.com\/salud\/\",\"name\":\"Salud\",\"description\":\"Consejos para el cuidado de la salud, vida sana, h\u00e1bitos saludables\",\"potentialAction\":[{\"@type\":\"SearchAction\",\"target\":{\"@type\":\"EntryPoint\",\"urlTemplate\":\"https:\/\/www.euroresidentes.com\/salud\/?s={search_term_string}\"},\"query-input\":{\"@type\":\"PropertyValueSpecification\",\"valueRequired\":true,\"valueName\":\"search_term_string\"}}],\"inLanguage\":\"es\"},{\"@type\":\"Person\",\"@id\":\"https:\/\/www.euroresidentes.com\/salud\/#\/schema\/person\/c0299534643677f2282b416ac1fe97f1\",\"name\":\"Raquel Pomares\",\"image\":{\"@type\":\"ImageObject\",\"inLanguage\":\"es\",\"@id\":\"https:\/\/www.euroresidentes.com\/salud\/#\/schema\/person\/image\/\",\"url\":\"https:\/\/www.euroresidentes.com\/salud\/wp-content\/uploads\/2016\/07\/YO2-150x150.jpg\",\"contentUrl\":\"https:\/\/www.euroresidentes.com\/salud\/wp-content\/uploads\/2016\/07\/YO2-150x150.jpg\",\"caption\":\"Raquel Pomares\"},\"description\":\"Raquel PomaresBi\u00f3loga, doctora y divulgadora cient\u00edfica especializada en temas de salud.\",\"sameAs\":[\"https:\/\/www.euroresidentes.com\/salud\/raquel-pomares.html\"],\"url\":\"https:\/\/www.euroresidentes.com\/salud\/author\/raquel\/\"}]}<\/script>\n<!-- \/ Yoast SEO plugin. -->","yoast_head_json":{"title":"\u00bfEs normal que te duela la pelvis durante el embarazo? - Salud","robots":{"index":"index","follow":"follow","max-snippet":"max-snippet:-1","max-image-preview":"max-image-preview:large","max-video-preview":"max-video-preview:-1"},"canonical":"https:\/\/www.euroresidentes.com\/salud\/es-normal-que-duela-pelvis-embarazo\/","og_locale":"es_ES","og_type":"article","og_title":"\u00bfEs normal que te duela la pelvis durante el embarazo? - Salud","og_description":"El 80% de las mujeres embarazadas experimentan dolor p\u00e9lvico en alg\u00fan momento del embarazo, aunque es m\u00e1s com\u00fan en el tercer trimestre cuando la tensi\u00f3n en la zona p\u00e9lvica es m\u00e1s intensa El dolor en la zona p\u00e9lvica es una condici\u00f3n com\u00fan asociadas con el parto y el embarazo que tambi\u00e9n es conocida como disfunci\u00f3n de la s\u00ednfisis p\u00fabica. \u00a0 Hay varios huesos y articulaciones que componen la cintura p\u00e9lvica incluyendo la s\u00ednfisis p\u00fabica, la cadera, el coxis, el sacro y la articulaci\u00f3n sacroil\u00edaca. El dolor puede producirse cuando existe un problema mec\u00e1nico con estas articulaciones. La s\u00ednfisis p\u00fabica es","og_url":"https:\/\/www.euroresidentes.com\/salud\/es-normal-que-duela-pelvis-embarazo\/","og_site_name":"Salud","article_published_time":"2015-05-05T07:29:00+00:00","article_modified_time":"2018-06-11T12:22:11+00:00","og_image":[{"width":600,"height":450,"url":"https:\/\/www.euroresidentes.com\/salud\/wp-content\/uploads\/2015\/05\/dolor-pelvico-en-el-embarazo.jpg","type":"image\/jpeg"}],"author":"Raquel Pomares","twitter_misc":{"Written by":"Raquel Pomares","Est. reading time":"4 minutos"},"schema":{"@context":"https:\/\/schema.org","@graph":[{"@type":"Article","@id":"https:\/\/www.euroresidentes.com\/salud\/es-normal-que-duela-pelvis-embarazo\/#article","isPartOf":{"@id":"https:\/\/www.euroresidentes.com\/salud\/es-normal-que-duela-pelvis-embarazo\/"},"author":{"name":"Raquel Pomares","@id":"https:\/\/www.euroresidentes.com\/salud\/#\/schema\/person\/c0299534643677f2282b416ac1fe97f1"},"headline":"\u00bfEs normal que te duela la pelvis durante el embarazo?","datePublished":"2015-05-05T07:29:00+00:00","dateModified":"2018-06-11T12:22:11+00:00","mainEntityOfPage":{"@id":"https:\/\/www.euroresidentes.com\/salud\/es-normal-que-duela-pelvis-embarazo\/"},"wordCount":727,"commentCount":0,"image":{"@id":"https:\/\/www.euroresidentes.com\/salud\/es-normal-que-duela-pelvis-embarazo\/#primaryimage"},"thumbnailUrl":"https:\/\/www.euroresidentes.com\/salud\/wp-content\/uploads\/2015\/05\/dolor-pelvico-en-el-embarazo.jpg","articleSection":["Embarazo"],"inLanguage":"es","potentialAction":[{"@type":"CommentAction","name":"Comment","target":["https:\/\/www.euroresidentes.com\/salud\/es-normal-que-duela-pelvis-embarazo\/#respond"]}]},{"@type":"WebPage","@id":"https:\/\/www.euroresidentes.com\/salud\/es-normal-que-duela-pelvis-embarazo\/","url":"https:\/\/www.euroresidentes.com\/salud\/es-normal-que-duela-pelvis-embarazo\/","name":"\u00bfEs normal que te duela la pelvis durante el embarazo? - Salud","isPartOf":{"@id":"https:\/\/www.euroresidentes.com\/salud\/#website"},"primaryImageOfPage":{"@id":"https:\/\/www.euroresidentes.com\/salud\/es-normal-que-duela-pelvis-embarazo\/#primaryimage"},"image":{"@id":"https:\/\/www.euroresidentes.com\/salud\/es-normal-que-duela-pelvis-embarazo\/#primaryimage"},"thumbnailUrl":"https:\/\/www.euroresidentes.com\/salud\/wp-content\/uploads\/2015\/05\/dolor-pelvico-en-el-embarazo.jpg","datePublished":"2015-05-05T07:29:00+00:00","dateModified":"2018-06-11T12:22:11+00:00","author":{"@id":"https:\/\/www.euroresidentes.com\/salud\/#\/schema\/person\/c0299534643677f2282b416ac1fe97f1"},"breadcrumb":{"@id":"https:\/\/www.euroresidentes.com\/salud\/es-normal-que-duela-pelvis-embarazo\/#breadcrumb"},"inLanguage":"es","potentialAction":[{"@type":"ReadAction","target":["https:\/\/www.euroresidentes.com\/salud\/es-normal-que-duela-pelvis-embarazo\/"]}]},{"@type":"ImageObject","inLanguage":"es","@id":"https:\/\/www.euroresidentes.com\/salud\/es-normal-que-duela-pelvis-embarazo\/#primaryimage","url":"https:\/\/www.euroresidentes.com\/salud\/wp-content\/uploads\/2015\/05\/dolor-pelvico-en-el-embarazo.jpg","contentUrl":"https:\/\/www.euroresidentes.com\/salud\/wp-content\/uploads\/2015\/05\/dolor-pelvico-en-el-embarazo.jpg","width":600,"height":450},{"@type":"BreadcrumbList","@id":"https:\/\/www.euroresidentes.com\/salud\/es-normal-que-duela-pelvis-embarazo\/#breadcrumb","itemListElement":[{"@type":"ListItem","position":1,"name":"Portada","item":"https:\/\/www.euroresidentes.com\/salud\/"},{"@type":"ListItem","position":2,"name":"\u00bfEs normal que te duela la pelvis durante el embarazo?"}]},{"@type":"WebSite","@id":"https:\/\/www.euroresidentes.com\/salud\/#website","url":"https:\/\/www.euroresidentes.com\/salud\/","name":"Salud","description":"Consejos para el cuidado de la salud, vida sana, h\u00e1bitos saludables","potentialAction":[{"@type":"SearchAction","target":{"@type":"EntryPoint","urlTemplate":"https:\/\/www.euroresidentes.com\/salud\/?s={search_term_string}"},"query-input":{"@type":"PropertyValueSpecification","valueRequired":true,"valueName":"search_term_string"}}],"inLanguage":"es"},{"@type":"Person","@id":"https:\/\/www.euroresidentes.com\/salud\/#\/schema\/person\/c0299534643677f2282b416ac1fe97f1","name":"Raquel Pomares","image":{"@type":"ImageObject","inLanguage":"es","@id":"https:\/\/www.euroresidentes.com\/salud\/#\/schema\/person\/image\/","url":"https:\/\/www.euroresidentes.com\/salud\/wp-content\/uploads\/2016\/07\/YO2-150x150.jpg","contentUrl":"https:\/\/www.euroresidentes.com\/salud\/wp-content\/uploads\/2016\/07\/YO2-150x150.jpg","caption":"Raquel Pomares"},"description":"Raquel PomaresBi\u00f3loga, doctora y divulgadora cient\u00edfica especializada en temas de salud.","sameAs":["https:\/\/www.euroresidentes.com\/salud\/raquel-pomares.html"],"url":"https:\/\/www.euroresidentes.com\/salud\/author\/raquel\/"}]}},"_links":{"self":[{"href":"https:\/\/www.euroresidentes.com\/salud\/wp-json\/wp\/v2\/posts\/559","targetHints":{"allow":["GET"]}}],"collection":[{"href":"https:\/\/www.euroresidentes.com\/salud\/wp-json\/wp\/v2\/posts"}],"about":[{"href":"https:\/\/www.euroresidentes.com\/salud\/wp-json\/wp\/v2\/types\/post"}],"author":[{"embeddable":true,"href":"https:\/\/www.euroresidentes.com\/salud\/wp-json\/wp\/v2\/users\/2"}],"replies":[{"embeddable":true,"href":"https:\/\/www.euroresidentes.com\/salud\/wp-json\/wp\/v2\/comments?post=559"}],"version-history":[{"count":2,"href":"https:\/\/www.euroresidentes.com\/salud\/wp-json\/wp\/v2\/posts\/559\/revisions"}],"predecessor-version":[{"id":5058,"href":"https:\/\/www.euroresidentes.com\/salud\/wp-json\/wp\/v2\/posts\/559\/revisions\/5058"}],"wp:featuredmedia":[{"embeddable":true,"href":"https:\/\/www.euroresidentes.com\/salud\/wp-json\/wp\/v2\/media\/2343"}],"wp:attachment":[{"href":"https:\/\/www.euroresidentes.com\/salud\/wp-json\/wp\/v2\/media?parent=559"}],"wp:term":[{"taxonomy":"category","embeddable":true,"href":"https:\/\/www.euroresidentes.com\/salud\/wp-json\/wp\/v2\/categories?post=559"},{"taxonomy":"post_tag","embeddable":true,"href":"https:\/\/www.euroresidentes.com\/salud\/wp-json\/wp\/v2\/tags?post=559"}],"curies":[{"name":"wp","href":"https:\/\/api.w.org\/{rel}","templated":true}]}}