 

{"id":533,"date":"2015-10-01T11:52:00","date_gmt":"2015-10-01T09:52:00","guid":{"rendered":"https:\/\/www.euroresidentes.com\/salud\/embarazo\/como-medir-tu-temperatura-basal-para"},"modified":"2018-06-11T14:02:47","modified_gmt":"2018-06-11T12:02:47","slug":"como-medir-temperatura-basal-para-dias-fertiles","status":"publish","type":"post","link":"https:\/\/www.euroresidentes.com\/salud\/como-medir-temperatura-basal-para-dias-fertiles\/","title":{"rendered":"C\u00f3mo medir tu temperatura basal para conocer tus d\u00edas f\u00e9rtiles"},"content":{"rendered":"<h3 style=\"text-align: justify;\">\u00bfTe quiere quedar embarazada y tu m\u00e9dico te ha pedido registres tu temperatura corporal basal?<\/h3>\n<div style=\"text-align: justify;\">Aqu\u00ed te vamos a contar todo lo que debes tener en cuenta para hacer un seguimiento de tu temperatura basal y c\u00f3mo interpretar esta informaci\u00f3n.<a style=\"margin-left: 1em; margin-right: 1em;\" href=\"https:\/\/www.euroresidentes.com\/salud\/wp-content\/uploads\/2015\/10\/todo-lo-que-debes-saber-sobre-la-temperatura-basal1.jpg\"><img decoding=\"async\" class=\"aligncenter\" title=\"C\u00f3mo medir tu temperatura basal para conocer tus d\u00edas f\u00e9rtiles\" src=\"https:\/\/www.euroresidentes.com\/salud\/wp-content\/uploads\/2015\/10\/todo-lo-que-debes-saber-sobre-la-temperatura-basal1.jpg\" alt=\"C\u00f3mo medir tu temperatura basal para conocer tus d\u00edas f\u00e9rtiles\" border=\"0\" \/><\/a><\/div>\n<h3>\u00bfQu\u00e9 es la temperatura corporal basal?<\/h3>\n<p style=\"text-align: justify;\">La temperatura basal del cuerpo es la <b>temperatura m\u00e1s baja del cuerpo<\/b> en un per\u00edodo de <b>24 horas<\/b>.<\/p>\n<div style=\"text-align: justify;\">Por lo general, la temperatura corporal es m\u00e1s baja durante el sue\u00f1o o durante el descanso, por lo que para medir la temperatura basal del cuerpo se debe hacer inmediatamente despu\u00e9s de despertarse y antes de hacer cualquier actividad f\u00edsica.<\/div>\n<p>&nbsp;<\/p>\n<h3>\u00bfC\u00f3mo se mide la temperatura basal del cuerpo?<\/h3>\n<div style=\"text-align: justify;\">Para medir la temperatura basal se debe utilizar un <b>term\u00f3metro basal<\/b> que es un term\u00f3metro especial que es <b>muy sensible<\/b> y que puede medir hasta los m\u00e1s <b>m\u00ednimos cambios<\/b> que puedan producirse en la temperatura corporal.<\/div>\n<div style=\"text-align: justify;\">Para medir con precisi\u00f3n los cambios en la temperatura basal durante un per\u00edodo de tiempo es importante que <b>nada m\u00e1s despertarse<\/b>, antes de hacer salir de la cama se tome la temperatura basal del cuerpo. Siempre a de hacerse <b>a la misma hora cada d\u00eda<\/b>. La temperatura basal se puede medir de tres formas distintas: v\u00eda oral, v\u00eda rectal o v\u00eda vaginal. Una vez elegido d\u00f3nde vamos a medir la temperatura basal debe ser siempre la misma.<\/div>\n<div style=\"text-align: justify;\">\u00a0<\/div>\n<h3>\u00bfC\u00f3mo se interpretan los cambios en la temperatura basal?<\/h3>\n<div style=\"text-align: justify;\">La temperatura basal de una mujer estar\u00e1 aproximadamente en el rango de alrededor de los <b>36,2\u00baC a 36,5\u00baC antes de ovular<\/b>.<\/div>\n<div style=\"text-align: justify;\">Una vez que <b>comience la ovulaci\u00f3n<\/b>, los cambios hormonales asociados van a dar lugar a un ligero<b> aumento<\/b> de alrededor de <b>2 d\u00e9cimas <\/b>en la temperatura corporal basal.\u00a0Este cambio en la temperatura va a durar por lo menos hasta el momento en que inicie el pr\u00f3ximo ciclo menstrual.<\/div>\n<div style=\"text-align: justify;\">Si este ligero cambio en la temperatura se produce durante tres d\u00edas consecutivos, significa que ha comenzado la ovulaci\u00f3n.<\/div>\n<div style=\"text-align: justify;\">Es importante que sepas que en ocasiones se puede producir la ovulaci\u00f3n sin que exista un cambio en la temperatura basal.<\/div>\n<div style=\"text-align: justify;\">\u00a0<\/div>\n<h3>\u00bfQu\u00e9 puede alterar la temperatura basal?<\/h3>\n<div style=\"text-align: justify;\">Hay ciertos factores que podr\u00edan causar cambios en la temperatura basal:<\/div>\n<ul>\n<li>Enfermedad o fiebre.<\/li>\n<li>Ansiedad y estr\u00e9s.<\/li>\n<li>Trabajo por turnos o viajar a zonas con diferentes franjas horarias.<\/li>\n<li>Sue\u00f1o irregular o dormir demasiado.<\/li>\n<li>Consumo de alcohol.<\/li>\n<li>Problemas ginecol\u00f3gicos.<\/li>\n<li>Algunos medicamentos.<\/li>\n<\/ul>\n<div style=\"text-align: justify;\">\u00a0<\/div>\n<h3>Consejos para medir la temperatura basal: Paso a paso.<\/h3>\n<ul>\n<li style=\"text-align: justify;\"><b>T\u00f3mate la temperatura en el momento justo en el que te despiertes por la ma\u00f1ana. <\/b>Debes hacerlo antes de incorporarte en la cama, o incluso antes de hablar con tu pareja.<\/li>\n<\/ul>\n<ul style=\"text-align: justify;\">\n<li><b>Ten el term\u00f3metro siempre a mano. <\/b>Lo mejor es dejarlo en la mesilla de noche, al lado de la cama, para no tener que ir a buscarlo y poder utilizarlo nada m\u00e1s despertarte.<\/li>\n<\/ul>\n<p style=\"padding-left: 30px; text-align: justify;\">Si vas a utilizar un term\u00f3metro de vidrio, ag\u00edtalo bien la noche antes de ir a dormir, de modo tengas que hacerlo por la ma\u00f1ana.<\/p>\n<ul>\n<li style=\"text-align: justify;\"><b>Establecer una alarma diaria en el despertador o en tel\u00e9fono m\u00f3vil para que te puedas despertar y tomarte la temperatura cada d\u00eda a la misma hora.<\/b> Es importante evitar que exista diferencias de m\u00e1s de media hora con respecto a la hora a la que te deber\u00edas tomar la temperatura, si no los resultados no ser\u00e1n concluyentes.<\/li>\n<\/ul>\n<ul>\n<li>Debe haber un <b>m\u00ednimo de cinco horas de sue\u00f1o<\/b> antes de tomar la temperatura basal del cuerpo.<\/li>\n<\/ul>\n<p>&nbsp;<\/p>\n<div style=\"text-align: justify;\">\u00a0<\/div>\n<div style=\"text-align: justify;\"><b>Seguir leyendo:<\/b><\/div>\n<ul>\n<li><a href=\"http:\/\/embarazo.euroresidentes.com\/2014\/05\/que-hacer-para-quedarse-embarazada.html\" target=\"_blank\" rel=\"noopener\">Que hacer para quedarse embarazada<\/a><\/li>\n<li><a href=\"http:\/\/embarazo.euroresidentes.com\/2014\/06\/como-el-moco-cervical-puede-ayudar.html\" target=\"_blank\" rel=\"noopener\">C\u00f3mo el moco cervical puede ayudar a predecir los d\u00edas f\u00e9rtiles<\/a><\/li>\n<\/ul>\n","protected":false},"excerpt":{"rendered":"<p>\u00bfTe quiere quedar embarazada y tu m\u00e9dico te ha pedido registres tu temperatura corporal basal? Aqu\u00ed te vamos a contar todo lo que debes tener en cuenta para hacer un seguimiento de tu temperatura basal y c\u00f3mo interpretar esta informaci\u00f3n. \u00bfQu\u00e9 es la temperatura corporal basal? La temperatura basal del cuerpo es la temperatura m\u00e1s baja del cuerpo en un per\u00edodo de 24 horas. Por lo general, la temperatura corporal es m\u00e1s baja durante el sue\u00f1o o durante el descanso, por lo que para medir la temperatura basal del cuerpo se debe hacer inmediatamente despu\u00e9s de despertarse y antes de <\/p>\n","protected":false},"author":2,"featured_media":2301,"comment_status":"open","ping_status":"open","sticky":false,"template":"","format":"standard","meta":{"footnotes":""},"categories":[15],"tags":[],"class_list":["post-533","post","type-post","status-publish","format-standard","has-post-thumbnail","hentry","category-embarazo","has_thumb"],"yoast_head":"<!-- This site is optimized with the Yoast SEO plugin v26.8 - https:\/\/yoast.com\/product\/yoast-seo-wordpress\/ -->\n<title>C\u00f3mo medir tu temperatura basal para conocer tus d\u00edas f\u00e9rtiles - Salud<\/title>\n<meta name=\"robots\" content=\"index, follow, max-snippet:-1, max-image-preview:large, max-video-preview:-1\" \/>\n<link rel=\"canonical\" href=\"https:\/\/www.euroresidentes.com\/salud\/como-medir-temperatura-basal-para-dias-fertiles\/\" \/>\n<meta property=\"og:locale\" content=\"es_ES\" \/>\n<meta property=\"og:type\" content=\"article\" \/>\n<meta property=\"og:title\" content=\"C\u00f3mo medir tu temperatura basal para conocer tus d\u00edas f\u00e9rtiles - Salud\" \/>\n<meta property=\"og:description\" content=\"\u00bfTe quiere quedar embarazada y tu m\u00e9dico te ha pedido registres tu temperatura corporal basal? Aqu\u00ed te vamos a contar todo lo que debes tener en cuenta para hacer un seguimiento de tu temperatura basal y c\u00f3mo interpretar esta informaci\u00f3n. \u00bfQu\u00e9 es la temperatura corporal basal? La temperatura basal del cuerpo es la temperatura m\u00e1s baja del cuerpo en un per\u00edodo de 24 horas. Por lo general, la temperatura corporal es m\u00e1s baja durante el sue\u00f1o o durante el descanso, por lo que para medir la temperatura basal del cuerpo se debe hacer inmediatamente despu\u00e9s de despertarse y antes de\" \/>\n<meta property=\"og:url\" content=\"https:\/\/www.euroresidentes.com\/salud\/como-medir-temperatura-basal-para-dias-fertiles\/\" \/>\n<meta property=\"og:site_name\" content=\"Salud\" \/>\n<meta property=\"article:published_time\" content=\"2015-10-01T09:52:00+00:00\" \/>\n<meta property=\"article:modified_time\" content=\"2018-06-11T12:02:47+00:00\" \/>\n<meta property=\"og:image\" content=\"https:\/\/www.euroresidentes.com\/salud\/wp-content\/uploads\/2015\/10\/todo-lo-que-debes-saber-sobre-la-temperatura-basal1.jpg\" \/>\n\t<meta property=\"og:image:width\" content=\"600\" \/>\n\t<meta property=\"og:image:height\" content=\"450\" \/>\n\t<meta property=\"og:image:type\" content=\"image\/jpeg\" \/>\n<meta name=\"author\" content=\"Raquel Pomares\" \/>\n<meta name=\"twitter:label1\" content=\"Written by\" \/>\n\t<meta name=\"twitter:data1\" content=\"Raquel Pomares\" \/>\n\t<meta name=\"twitter:label2\" content=\"Est. reading time\" \/>\n\t<meta name=\"twitter:data2\" content=\"3 minutos\" \/>\n<script type=\"application\/ld+json\" class=\"yoast-schema-graph\">{\"@context\":\"https:\/\/schema.org\",\"@graph\":[{\"@type\":\"Article\",\"@id\":\"https:\/\/www.euroresidentes.com\/salud\/como-medir-temperatura-basal-para-dias-fertiles\/#article\",\"isPartOf\":{\"@id\":\"https:\/\/www.euroresidentes.com\/salud\/como-medir-temperatura-basal-para-dias-fertiles\/\"},\"author\":{\"name\":\"Raquel Pomares\",\"@id\":\"https:\/\/www.euroresidentes.com\/salud\/#\/schema\/person\/c0299534643677f2282b416ac1fe97f1\"},\"headline\":\"C\u00f3mo medir tu temperatura basal para conocer tus d\u00edas f\u00e9rtiles\",\"datePublished\":\"2015-10-01T09:52:00+00:00\",\"dateModified\":\"2018-06-11T12:02:47+00:00\",\"mainEntityOfPage\":{\"@id\":\"https:\/\/www.euroresidentes.com\/salud\/como-medir-temperatura-basal-para-dias-fertiles\/\"},\"wordCount\":644,\"commentCount\":0,\"image\":{\"@id\":\"https:\/\/www.euroresidentes.com\/salud\/como-medir-temperatura-basal-para-dias-fertiles\/#primaryimage\"},\"thumbnailUrl\":\"https:\/\/www.euroresidentes.com\/salud\/wp-content\/uploads\/2015\/10\/todo-lo-que-debes-saber-sobre-la-temperatura-basal1.jpg\",\"articleSection\":[\"Embarazo\"],\"inLanguage\":\"es\",\"potentialAction\":[{\"@type\":\"CommentAction\",\"name\":\"Comment\",\"target\":[\"https:\/\/www.euroresidentes.com\/salud\/como-medir-temperatura-basal-para-dias-fertiles\/#respond\"]}]},{\"@type\":\"WebPage\",\"@id\":\"https:\/\/www.euroresidentes.com\/salud\/como-medir-temperatura-basal-para-dias-fertiles\/\",\"url\":\"https:\/\/www.euroresidentes.com\/salud\/como-medir-temperatura-basal-para-dias-fertiles\/\",\"name\":\"C\u00f3mo medir tu temperatura basal para conocer tus d\u00edas f\u00e9rtiles - Salud\",\"isPartOf\":{\"@id\":\"https:\/\/www.euroresidentes.com\/salud\/#website\"},\"primaryImageOfPage\":{\"@id\":\"https:\/\/www.euroresidentes.com\/salud\/como-medir-temperatura-basal-para-dias-fertiles\/#primaryimage\"},\"image\":{\"@id\":\"https:\/\/www.euroresidentes.com\/salud\/como-medir-temperatura-basal-para-dias-fertiles\/#primaryimage\"},\"thumbnailUrl\":\"https:\/\/www.euroresidentes.com\/salud\/wp-content\/uploads\/2015\/10\/todo-lo-que-debes-saber-sobre-la-temperatura-basal1.jpg\",\"datePublished\":\"2015-10-01T09:52:00+00:00\",\"dateModified\":\"2018-06-11T12:02:47+00:00\",\"author\":{\"@id\":\"https:\/\/www.euroresidentes.com\/salud\/#\/schema\/person\/c0299534643677f2282b416ac1fe97f1\"},\"breadcrumb\":{\"@id\":\"https:\/\/www.euroresidentes.com\/salud\/como-medir-temperatura-basal-para-dias-fertiles\/#breadcrumb\"},\"inLanguage\":\"es\",\"potentialAction\":[{\"@type\":\"ReadAction\",\"target\":[\"https:\/\/www.euroresidentes.com\/salud\/como-medir-temperatura-basal-para-dias-fertiles\/\"]}]},{\"@type\":\"ImageObject\",\"inLanguage\":\"es\",\"@id\":\"https:\/\/www.euroresidentes.com\/salud\/como-medir-temperatura-basal-para-dias-fertiles\/#primaryimage\",\"url\":\"https:\/\/www.euroresidentes.com\/salud\/wp-content\/uploads\/2015\/10\/todo-lo-que-debes-saber-sobre-la-temperatura-basal1.jpg\",\"contentUrl\":\"https:\/\/www.euroresidentes.com\/salud\/wp-content\/uploads\/2015\/10\/todo-lo-que-debes-saber-sobre-la-temperatura-basal1.jpg\",\"width\":600,\"height\":450},{\"@type\":\"BreadcrumbList\",\"@id\":\"https:\/\/www.euroresidentes.com\/salud\/como-medir-temperatura-basal-para-dias-fertiles\/#breadcrumb\",\"itemListElement\":[{\"@type\":\"ListItem\",\"position\":1,\"name\":\"Portada\",\"item\":\"https:\/\/www.euroresidentes.com\/salud\/\"},{\"@type\":\"ListItem\",\"position\":2,\"name\":\"C\u00f3mo medir tu temperatura basal para conocer tus d\u00edas f\u00e9rtiles\"}]},{\"@type\":\"WebSite\",\"@id\":\"https:\/\/www.euroresidentes.com\/salud\/#website\",\"url\":\"https:\/\/www.euroresidentes.com\/salud\/\",\"name\":\"Salud\",\"description\":\"Consejos para el cuidado de la salud, vida sana, h\u00e1bitos saludables\",\"potentialAction\":[{\"@type\":\"SearchAction\",\"target\":{\"@type\":\"EntryPoint\",\"urlTemplate\":\"https:\/\/www.euroresidentes.com\/salud\/?s={search_term_string}\"},\"query-input\":{\"@type\":\"PropertyValueSpecification\",\"valueRequired\":true,\"valueName\":\"search_term_string\"}}],\"inLanguage\":\"es\"},{\"@type\":\"Person\",\"@id\":\"https:\/\/www.euroresidentes.com\/salud\/#\/schema\/person\/c0299534643677f2282b416ac1fe97f1\",\"name\":\"Raquel Pomares\",\"image\":{\"@type\":\"ImageObject\",\"inLanguage\":\"es\",\"@id\":\"https:\/\/www.euroresidentes.com\/salud\/#\/schema\/person\/image\/\",\"url\":\"https:\/\/www.euroresidentes.com\/salud\/wp-content\/uploads\/2016\/07\/YO2-150x150.jpg\",\"contentUrl\":\"https:\/\/www.euroresidentes.com\/salud\/wp-content\/uploads\/2016\/07\/YO2-150x150.jpg\",\"caption\":\"Raquel Pomares\"},\"description\":\"Raquel PomaresBi\u00f3loga, doctora y divulgadora cient\u00edfica especializada en temas de salud.\",\"sameAs\":[\"https:\/\/www.euroresidentes.com\/salud\/raquel-pomares.html\"],\"url\":\"https:\/\/www.euroresidentes.com\/salud\/author\/raquel\/\"}]}<\/script>\n<!-- \/ Yoast SEO plugin. -->","yoast_head_json":{"title":"C\u00f3mo medir tu temperatura basal para conocer tus d\u00edas f\u00e9rtiles - Salud","robots":{"index":"index","follow":"follow","max-snippet":"max-snippet:-1","max-image-preview":"max-image-preview:large","max-video-preview":"max-video-preview:-1"},"canonical":"https:\/\/www.euroresidentes.com\/salud\/como-medir-temperatura-basal-para-dias-fertiles\/","og_locale":"es_ES","og_type":"article","og_title":"C\u00f3mo medir tu temperatura basal para conocer tus d\u00edas f\u00e9rtiles - Salud","og_description":"\u00bfTe quiere quedar embarazada y tu m\u00e9dico te ha pedido registres tu temperatura corporal basal? Aqu\u00ed te vamos a contar todo lo que debes tener en cuenta para hacer un seguimiento de tu temperatura basal y c\u00f3mo interpretar esta informaci\u00f3n. \u00bfQu\u00e9 es la temperatura corporal basal? La temperatura basal del cuerpo es la temperatura m\u00e1s baja del cuerpo en un per\u00edodo de 24 horas. Por lo general, la temperatura corporal es m\u00e1s baja durante el sue\u00f1o o durante el descanso, por lo que para medir la temperatura basal del cuerpo se debe hacer inmediatamente despu\u00e9s de despertarse y antes de","og_url":"https:\/\/www.euroresidentes.com\/salud\/como-medir-temperatura-basal-para-dias-fertiles\/","og_site_name":"Salud","article_published_time":"2015-10-01T09:52:00+00:00","article_modified_time":"2018-06-11T12:02:47+00:00","og_image":[{"width":600,"height":450,"url":"https:\/\/www.euroresidentes.com\/salud\/wp-content\/uploads\/2015\/10\/todo-lo-que-debes-saber-sobre-la-temperatura-basal1.jpg","type":"image\/jpeg"}],"author":"Raquel Pomares","twitter_misc":{"Written by":"Raquel Pomares","Est. reading time":"3 minutos"},"schema":{"@context":"https:\/\/schema.org","@graph":[{"@type":"Article","@id":"https:\/\/www.euroresidentes.com\/salud\/como-medir-temperatura-basal-para-dias-fertiles\/#article","isPartOf":{"@id":"https:\/\/www.euroresidentes.com\/salud\/como-medir-temperatura-basal-para-dias-fertiles\/"},"author":{"name":"Raquel Pomares","@id":"https:\/\/www.euroresidentes.com\/salud\/#\/schema\/person\/c0299534643677f2282b416ac1fe97f1"},"headline":"C\u00f3mo medir tu temperatura basal para conocer tus d\u00edas f\u00e9rtiles","datePublished":"2015-10-01T09:52:00+00:00","dateModified":"2018-06-11T12:02:47+00:00","mainEntityOfPage":{"@id":"https:\/\/www.euroresidentes.com\/salud\/como-medir-temperatura-basal-para-dias-fertiles\/"},"wordCount":644,"commentCount":0,"image":{"@id":"https:\/\/www.euroresidentes.com\/salud\/como-medir-temperatura-basal-para-dias-fertiles\/#primaryimage"},"thumbnailUrl":"https:\/\/www.euroresidentes.com\/salud\/wp-content\/uploads\/2015\/10\/todo-lo-que-debes-saber-sobre-la-temperatura-basal1.jpg","articleSection":["Embarazo"],"inLanguage":"es","potentialAction":[{"@type":"CommentAction","name":"Comment","target":["https:\/\/www.euroresidentes.com\/salud\/como-medir-temperatura-basal-para-dias-fertiles\/#respond"]}]},{"@type":"WebPage","@id":"https:\/\/www.euroresidentes.com\/salud\/como-medir-temperatura-basal-para-dias-fertiles\/","url":"https:\/\/www.euroresidentes.com\/salud\/como-medir-temperatura-basal-para-dias-fertiles\/","name":"C\u00f3mo medir tu temperatura basal para conocer tus d\u00edas f\u00e9rtiles - Salud","isPartOf":{"@id":"https:\/\/www.euroresidentes.com\/salud\/#website"},"primaryImageOfPage":{"@id":"https:\/\/www.euroresidentes.com\/salud\/como-medir-temperatura-basal-para-dias-fertiles\/#primaryimage"},"image":{"@id":"https:\/\/www.euroresidentes.com\/salud\/como-medir-temperatura-basal-para-dias-fertiles\/#primaryimage"},"thumbnailUrl":"https:\/\/www.euroresidentes.com\/salud\/wp-content\/uploads\/2015\/10\/todo-lo-que-debes-saber-sobre-la-temperatura-basal1.jpg","datePublished":"2015-10-01T09:52:00+00:00","dateModified":"2018-06-11T12:02:47+00:00","author":{"@id":"https:\/\/www.euroresidentes.com\/salud\/#\/schema\/person\/c0299534643677f2282b416ac1fe97f1"},"breadcrumb":{"@id":"https:\/\/www.euroresidentes.com\/salud\/como-medir-temperatura-basal-para-dias-fertiles\/#breadcrumb"},"inLanguage":"es","potentialAction":[{"@type":"ReadAction","target":["https:\/\/www.euroresidentes.com\/salud\/como-medir-temperatura-basal-para-dias-fertiles\/"]}]},{"@type":"ImageObject","inLanguage":"es","@id":"https:\/\/www.euroresidentes.com\/salud\/como-medir-temperatura-basal-para-dias-fertiles\/#primaryimage","url":"https:\/\/www.euroresidentes.com\/salud\/wp-content\/uploads\/2015\/10\/todo-lo-que-debes-saber-sobre-la-temperatura-basal1.jpg","contentUrl":"https:\/\/www.euroresidentes.com\/salud\/wp-content\/uploads\/2015\/10\/todo-lo-que-debes-saber-sobre-la-temperatura-basal1.jpg","width":600,"height":450},{"@type":"BreadcrumbList","@id":"https:\/\/www.euroresidentes.com\/salud\/como-medir-temperatura-basal-para-dias-fertiles\/#breadcrumb","itemListElement":[{"@type":"ListItem","position":1,"name":"Portada","item":"https:\/\/www.euroresidentes.com\/salud\/"},{"@type":"ListItem","position":2,"name":"C\u00f3mo medir tu temperatura basal para conocer tus d\u00edas f\u00e9rtiles"}]},{"@type":"WebSite","@id":"https:\/\/www.euroresidentes.com\/salud\/#website","url":"https:\/\/www.euroresidentes.com\/salud\/","name":"Salud","description":"Consejos para el cuidado de la salud, vida sana, h\u00e1bitos saludables","potentialAction":[{"@type":"SearchAction","target":{"@type":"EntryPoint","urlTemplate":"https:\/\/www.euroresidentes.com\/salud\/?s={search_term_string}"},"query-input":{"@type":"PropertyValueSpecification","valueRequired":true,"valueName":"search_term_string"}}],"inLanguage":"es"},{"@type":"Person","@id":"https:\/\/www.euroresidentes.com\/salud\/#\/schema\/person\/c0299534643677f2282b416ac1fe97f1","name":"Raquel Pomares","image":{"@type":"ImageObject","inLanguage":"es","@id":"https:\/\/www.euroresidentes.com\/salud\/#\/schema\/person\/image\/","url":"https:\/\/www.euroresidentes.com\/salud\/wp-content\/uploads\/2016\/07\/YO2-150x150.jpg","contentUrl":"https:\/\/www.euroresidentes.com\/salud\/wp-content\/uploads\/2016\/07\/YO2-150x150.jpg","caption":"Raquel Pomares"},"description":"Raquel PomaresBi\u00f3loga, doctora y divulgadora cient\u00edfica especializada en temas de salud.","sameAs":["https:\/\/www.euroresidentes.com\/salud\/raquel-pomares.html"],"url":"https:\/\/www.euroresidentes.com\/salud\/author\/raquel\/"}]}},"_links":{"self":[{"href":"https:\/\/www.euroresidentes.com\/salud\/wp-json\/wp\/v2\/posts\/533","targetHints":{"allow":["GET"]}}],"collection":[{"href":"https:\/\/www.euroresidentes.com\/salud\/wp-json\/wp\/v2\/posts"}],"about":[{"href":"https:\/\/www.euroresidentes.com\/salud\/wp-json\/wp\/v2\/types\/post"}],"author":[{"embeddable":true,"href":"https:\/\/www.euroresidentes.com\/salud\/wp-json\/wp\/v2\/users\/2"}],"replies":[{"embeddable":true,"href":"https:\/\/www.euroresidentes.com\/salud\/wp-json\/wp\/v2\/comments?post=533"}],"version-history":[{"count":2,"href":"https:\/\/www.euroresidentes.com\/salud\/wp-json\/wp\/v2\/posts\/533\/revisions"}],"predecessor-version":[{"id":5035,"href":"https:\/\/www.euroresidentes.com\/salud\/wp-json\/wp\/v2\/posts\/533\/revisions\/5035"}],"wp:featuredmedia":[{"embeddable":true,"href":"https:\/\/www.euroresidentes.com\/salud\/wp-json\/wp\/v2\/media\/2301"}],"wp:attachment":[{"href":"https:\/\/www.euroresidentes.com\/salud\/wp-json\/wp\/v2\/media?parent=533"}],"wp:term":[{"taxonomy":"category","embeddable":true,"href":"https:\/\/www.euroresidentes.com\/salud\/wp-json\/wp\/v2\/categories?post=533"},{"taxonomy":"post_tag","embeddable":true,"href":"https:\/\/www.euroresidentes.com\/salud\/wp-json\/wp\/v2\/tags?post=533"}],"curies":[{"name":"wp","href":"https:\/\/api.w.org\/{rel}","templated":true}]}}