 

{"id":412,"date":"2016-09-09T08:34:00","date_gmt":"2016-09-09T06:34:00","guid":{"rendered":"https:\/\/www.euroresidentes.com\/salud\/cancer-colon\/no-existe-relacion-entre-el-cafe-los"},"modified":"2018-08-01T10:10:12","modified_gmt":"2018-08-01T08:10:12","slug":"cafe-te-refrescos-relacion-cancer-de-colon","status":"publish","type":"post","link":"https:\/\/www.euroresidentes.com\/salud\/cafe-te-refrescos-relacion-cancer-de-colon\/","title":{"rendered":"Caf\u00e9, t\u00e9 y refrescos: \u00bfTienen alguna relaci\u00f3n con el c\u00e1ncer de colon?"},"content":{"rendered":"<div class=\"separator\" style=\"clear: both;text-align: center\">\n<h3 style=\"text-align: left\">\u00bfEl caf\u00e9 previene el c\u00e1ncer de colon?<\/h3>\n<p style=\"text-align: left\">Son muchos los estudios que sobre las propiedades carcin\u00f3genas de estas bebidas<\/p>\n<p style=\"text-align: left\">Muchos de ellos con resultados contradictorios. Por un lado los hay que establecen que el caf\u00e9 tiene propiedades anticancer\u00edgenas y otros que encuentran alguna relaci\u00f3n entre el consumo de caf\u00e9 y algunos tipos de c\u00e1ncer, como el de p\u00e1ncreas.<\/p>\n<p style=\"text-align: left\"><span style=\"line-height: 1.5\">Con respecto a los refrescos carbonatados, en gran cantidad de estudios parecen encontrar que el consumo excesivo de estas bebidas azucaradas no est\u00e1 recomendado ya que podr\u00eda promover la carcinog\u00e9nesis.\u00a0<\/span><\/p>\n<\/div>\n<div style=\"text-align: left\">Ahora un nuevo estudio ha encontrado, el consumo de <strong>caf\u00e9 o bebidas azucaradas gaseosas<\/strong> <strong>no est\u00e1 asociado con un mayor riesgo de c\u00e1ncer de colon<\/strong>. Y si que parece existir una asociaci\u00f3n moderada con un consumo alto de t\u00e9.<\/div>\n<div style=\"text-align: justify\"><a href=\"https:\/\/euroresidentes.com\/salud\/wp-content\/uploads\/2016\/09\/cafe-refrescos-cancer-colon-euroresidentes.jpg\"><img loading=\"lazy\" decoding=\"async\" class=\"aligncenter size-full wp-image-951\" src=\"https:\/\/euroresidentes.com\/salud\/wp-content\/uploads\/2016\/09\/cafe-refrescos-cancer-colon-euroresidentes.jpg\" alt=\"Tomar caf\u00e9 y refrescos no aumenta el riesgo de c\u00e1ncer de colon\" width=\"700\" height=\"525\" \/><\/a><\/div>\n<div style=\"text-align: justify\">\u00a0<\/div>\n<h3 style=\"text-align: justify\">El caf\u00e9 y los refrescos azucarados no aumentan el riesgo de c\u00e1ncer de colon<\/h3>\n<p style=\"text-align: left\">El estudio\u00a0analiz\u00f3 a m\u00e1s de 730.000 personas, de las cuales m\u00e1s de 5.600 hab\u00edan desarrollado un c\u00e1ncer de colon.<\/p>\n<p style=\"text-align: left\">No se encontr\u00f3\u00a0ninguna relaci\u00f3n significativa entre la ingesta de caf\u00e9 y de refrescos y\u00a0el riesgo de c\u00e1ncer de colon, incluso en aquellas personas que beb\u00edan m\u00e1s de 6\u00a0tazas de caf\u00e9 al d\u00eda.<\/p>\n<p style=\"text-align: left\">En cambio, si que se observ\u00f3 un <strong>peque\u00f1o aumento del riesgo de c\u00e1ncer de colon<\/strong> para las personas que beb\u00edan <strong>mucho t\u00e9 no herbal al d\u00eda<\/strong> \u200b\u200b(m\u00e1s de cuatro tazas al d\u00eda). Estos datos son todav\u00eda preliminares, y se requieren estudios adicionales para confirmarlos.<\/p>\n<p style=\"text-align: left\">A diferencia del consumo de caf\u00e9 y el t\u00e9, el consumo de bebidas azucaradas se inicia durante la infancia. Por lo que los autores proponen la necesidad de realizar estudios que eval\u00faen el efecto de la ingesta de bebidas azucaradas a largo plazo sobre la salud.<\/p>\n<div style=\"text-align: justify\"><img loading=\"lazy\" decoding=\"async\" class=\"aligncenter\" title=\"No existe relaci\u00f3n entre el caf\u00e9, los refrescos y el c\u00e1ncer de colon.\" src=\"https:\/\/euroresidentes.com\/salud\/wp-content\/uploads\/2016\/09\/cafe\u0301-refrescos-ca\u0301ncer-de-colon.jpg\" alt=\"No existe relaci\u00f3n entre el caf\u00e9, los refrescos y el c\u00e1ncer de colon.\" width=\"499\" height=\"309\" border=\"0\" \/><\/div>\n<div style=\"text-align: justify\">\u00a0<\/div>\n<div style=\"text-align: justify\">Zhang X, Albanes D, Beeson WL, van den Brandt PA, Buring JE, Flood A, y col. Journal of the National Cancer Institute (2010). <a href=\"http:\/\/jnci.oxfordjournals.org\/content\/102\/11\/771.abstract?sid=cd4e6352-24a9-43c3-ba8a-4dce3efbc681\" target=\"_blank\" rel=\"nofollow noopener\">M\u00e1s informaci\u00f3n<\/a>.<\/div>\n<div style=\"text-align: justify\">\n<div>\u00a0<\/div>\n<div>\u00a0<\/div>\n<div><strong>Lecturas relacionadas:<\/strong><\/div>\n<ul>\n<li><a href=\"https:\/\/www.euroresidentes.com\/salud\/factores-de-riesgo-del-cancer-de-colon\/\" target=\"_blank\" rel=\"noopener\">Factores de riesgo del c\u00e1ncer de colon<\/a><\/li>\n<li><a href=\"https:\/\/www.euroresidentes.com\/salud\/causas-del-cancer-de-colon\/\" target=\"_blank\" rel=\"noopener\">Causas del c\u00e1ncer de colon<\/a><\/li>\n<\/ul>\n<\/div>\n","protected":false},"excerpt":{"rendered":"<p>\u00bfEl caf\u00e9 previene el c\u00e1ncer de colon? Son muchos los estudios que sobre las propiedades carcin\u00f3genas de estas bebidas Muchos de ellos con resultados contradictorios. Por un lado los hay que establecen que el caf\u00e9 tiene propiedades anticancer\u00edgenas y otros que encuentran alguna relaci\u00f3n entre el consumo de caf\u00e9 y algunos tipos de c\u00e1ncer, como el de p\u00e1ncreas. Con respecto a los refrescos carbonatados, en gran cantidad de estudios parecen encontrar que el consumo excesivo de estas bebidas azucaradas no est\u00e1 recomendado ya que podr\u00eda promover la carcinog\u00e9nesis.\u00a0 Ahora un nuevo estudio ha encontrado, el consumo de caf\u00e9 o bebidas <\/p>\n","protected":false},"author":2,"featured_media":3962,"comment_status":"open","ping_status":"open","sticky":false,"template":"","format":"standard","meta":{"footnotes":""},"categories":[9],"tags":[],"class_list":["post-412","post","type-post","status-publish","format-standard","has-post-thumbnail","hentry","category-cancer-colon","has_thumb"],"yoast_head":"<!-- This site is optimized with the Yoast SEO plugin v26.8 - https:\/\/yoast.com\/product\/yoast-seo-wordpress\/ -->\n<title>Caf\u00e9, t\u00e9 y refrescos: \u00bfTienen alguna relaci\u00f3n con el c\u00e1ncer de colon? - Salud<\/title>\n<meta name=\"robots\" content=\"index, follow, max-snippet:-1, max-image-preview:large, max-video-preview:-1\" \/>\n<link rel=\"canonical\" href=\"https:\/\/www.euroresidentes.com\/salud\/cafe-te-refrescos-relacion-cancer-de-colon\/\" \/>\n<meta property=\"og:locale\" content=\"es_ES\" \/>\n<meta property=\"og:type\" content=\"article\" \/>\n<meta property=\"og:title\" content=\"Caf\u00e9, t\u00e9 y refrescos: \u00bfTienen alguna relaci\u00f3n con el c\u00e1ncer de colon? - Salud\" \/>\n<meta property=\"og:description\" content=\"\u00bfEl caf\u00e9 previene el c\u00e1ncer de colon? Son muchos los estudios que sobre las propiedades carcin\u00f3genas de estas bebidas Muchos de ellos con resultados contradictorios. Por un lado los hay que establecen que el caf\u00e9 tiene propiedades anticancer\u00edgenas y otros que encuentran alguna relaci\u00f3n entre el consumo de caf\u00e9 y algunos tipos de c\u00e1ncer, como el de p\u00e1ncreas. Con respecto a los refrescos carbonatados, en gran cantidad de estudios parecen encontrar que el consumo excesivo de estas bebidas azucaradas no est\u00e1 recomendado ya que podr\u00eda promover la carcinog\u00e9nesis.\u00a0 Ahora un nuevo estudio ha encontrado, el consumo de caf\u00e9 o bebidas\" \/>\n<meta property=\"og:url\" content=\"https:\/\/www.euroresidentes.com\/salud\/cafe-te-refrescos-relacion-cancer-de-colon\/\" \/>\n<meta property=\"og:site_name\" content=\"Salud\" \/>\n<meta property=\"article:published_time\" content=\"2016-09-09T06:34:00+00:00\" \/>\n<meta property=\"article:modified_time\" content=\"2018-08-01T08:10:12+00:00\" \/>\n<meta property=\"og:image\" content=\"https:\/\/www.euroresidentes.com\/salud\/wp-content\/uploads\/2016\/09\/cafe-refrescos-cancer-colon-euroresidentes.jpg\" \/>\n\t<meta property=\"og:image:width\" content=\"700\" \/>\n\t<meta property=\"og:image:height\" content=\"525\" \/>\n\t<meta property=\"og:image:type\" content=\"image\/jpeg\" \/>\n<meta name=\"author\" content=\"Raquel Pomares\" \/>\n<meta name=\"twitter:label1\" content=\"Written by\" \/>\n\t<meta name=\"twitter:data1\" content=\"Raquel Pomares\" \/>\n\t<meta name=\"twitter:label2\" content=\"Est. reading time\" \/>\n\t<meta name=\"twitter:data2\" content=\"2 minutos\" \/>\n<script type=\"application\/ld+json\" class=\"yoast-schema-graph\">{\"@context\":\"https:\/\/schema.org\",\"@graph\":[{\"@type\":\"Article\",\"@id\":\"https:\/\/www.euroresidentes.com\/salud\/cafe-te-refrescos-relacion-cancer-de-colon\/#article\",\"isPartOf\":{\"@id\":\"https:\/\/www.euroresidentes.com\/salud\/cafe-te-refrescos-relacion-cancer-de-colon\/\"},\"author\":{\"name\":\"Raquel Pomares\",\"@id\":\"https:\/\/www.euroresidentes.com\/salud\/#\/schema\/person\/c0299534643677f2282b416ac1fe97f1\"},\"headline\":\"Caf\u00e9, t\u00e9 y refrescos: \u00bfTienen alguna relaci\u00f3n con el c\u00e1ncer de colon?\",\"datePublished\":\"2016-09-09T06:34:00+00:00\",\"dateModified\":\"2018-08-01T08:10:12+00:00\",\"mainEntityOfPage\":{\"@id\":\"https:\/\/www.euroresidentes.com\/salud\/cafe-te-refrescos-relacion-cancer-de-colon\/\"},\"wordCount\":367,\"commentCount\":0,\"image\":{\"@id\":\"https:\/\/www.euroresidentes.com\/salud\/cafe-te-refrescos-relacion-cancer-de-colon\/#primaryimage\"},\"thumbnailUrl\":\"https:\/\/www.euroresidentes.com\/salud\/wp-content\/uploads\/2016\/09\/cafe-refrescos-cancer-colon-euroresidentes.jpg\",\"articleSection\":[\"C\u00e1ncer de colon\"],\"inLanguage\":\"es\",\"potentialAction\":[{\"@type\":\"CommentAction\",\"name\":\"Comment\",\"target\":[\"https:\/\/www.euroresidentes.com\/salud\/cafe-te-refrescos-relacion-cancer-de-colon\/#respond\"]}]},{\"@type\":\"WebPage\",\"@id\":\"https:\/\/www.euroresidentes.com\/salud\/cafe-te-refrescos-relacion-cancer-de-colon\/\",\"url\":\"https:\/\/www.euroresidentes.com\/salud\/cafe-te-refrescos-relacion-cancer-de-colon\/\",\"name\":\"Caf\u00e9, t\u00e9 y refrescos: \u00bfTienen alguna relaci\u00f3n con el c\u00e1ncer de colon? - Salud\",\"isPartOf\":{\"@id\":\"https:\/\/www.euroresidentes.com\/salud\/#website\"},\"primaryImageOfPage\":{\"@id\":\"https:\/\/www.euroresidentes.com\/salud\/cafe-te-refrescos-relacion-cancer-de-colon\/#primaryimage\"},\"image\":{\"@id\":\"https:\/\/www.euroresidentes.com\/salud\/cafe-te-refrescos-relacion-cancer-de-colon\/#primaryimage\"},\"thumbnailUrl\":\"https:\/\/www.euroresidentes.com\/salud\/wp-content\/uploads\/2016\/09\/cafe-refrescos-cancer-colon-euroresidentes.jpg\",\"datePublished\":\"2016-09-09T06:34:00+00:00\",\"dateModified\":\"2018-08-01T08:10:12+00:00\",\"author\":{\"@id\":\"https:\/\/www.euroresidentes.com\/salud\/#\/schema\/person\/c0299534643677f2282b416ac1fe97f1\"},\"breadcrumb\":{\"@id\":\"https:\/\/www.euroresidentes.com\/salud\/cafe-te-refrescos-relacion-cancer-de-colon\/#breadcrumb\"},\"inLanguage\":\"es\",\"potentialAction\":[{\"@type\":\"ReadAction\",\"target\":[\"https:\/\/www.euroresidentes.com\/salud\/cafe-te-refrescos-relacion-cancer-de-colon\/\"]}]},{\"@type\":\"ImageObject\",\"inLanguage\":\"es\",\"@id\":\"https:\/\/www.euroresidentes.com\/salud\/cafe-te-refrescos-relacion-cancer-de-colon\/#primaryimage\",\"url\":\"https:\/\/www.euroresidentes.com\/salud\/wp-content\/uploads\/2016\/09\/cafe-refrescos-cancer-colon-euroresidentes.jpg\",\"contentUrl\":\"https:\/\/www.euroresidentes.com\/salud\/wp-content\/uploads\/2016\/09\/cafe-refrescos-cancer-colon-euroresidentes.jpg\",\"width\":700,\"height\":525},{\"@type\":\"BreadcrumbList\",\"@id\":\"https:\/\/www.euroresidentes.com\/salud\/cafe-te-refrescos-relacion-cancer-de-colon\/#breadcrumb\",\"itemListElement\":[{\"@type\":\"ListItem\",\"position\":1,\"name\":\"Portada\",\"item\":\"https:\/\/www.euroresidentes.com\/salud\/\"},{\"@type\":\"ListItem\",\"position\":2,\"name\":\"Caf\u00e9, t\u00e9 y refrescos: \u00bfTienen alguna relaci\u00f3n con el c\u00e1ncer de colon?\"}]},{\"@type\":\"WebSite\",\"@id\":\"https:\/\/www.euroresidentes.com\/salud\/#website\",\"url\":\"https:\/\/www.euroresidentes.com\/salud\/\",\"name\":\"Salud\",\"description\":\"Consejos para el cuidado de la salud, vida sana, h\u00e1bitos saludables\",\"potentialAction\":[{\"@type\":\"SearchAction\",\"target\":{\"@type\":\"EntryPoint\",\"urlTemplate\":\"https:\/\/www.euroresidentes.com\/salud\/?s={search_term_string}\"},\"query-input\":{\"@type\":\"PropertyValueSpecification\",\"valueRequired\":true,\"valueName\":\"search_term_string\"}}],\"inLanguage\":\"es\"},{\"@type\":\"Person\",\"@id\":\"https:\/\/www.euroresidentes.com\/salud\/#\/schema\/person\/c0299534643677f2282b416ac1fe97f1\",\"name\":\"Raquel Pomares\",\"image\":{\"@type\":\"ImageObject\",\"inLanguage\":\"es\",\"@id\":\"https:\/\/www.euroresidentes.com\/salud\/#\/schema\/person\/image\/\",\"url\":\"https:\/\/www.euroresidentes.com\/salud\/wp-content\/uploads\/2016\/07\/YO2-150x150.jpg\",\"contentUrl\":\"https:\/\/www.euroresidentes.com\/salud\/wp-content\/uploads\/2016\/07\/YO2-150x150.jpg\",\"caption\":\"Raquel Pomares\"},\"description\":\"Raquel PomaresBi\u00f3loga, doctora y divulgadora cient\u00edfica especializada en temas de salud.\",\"sameAs\":[\"https:\/\/www.euroresidentes.com\/salud\/raquel-pomares.html\"],\"url\":\"https:\/\/www.euroresidentes.com\/salud\/author\/raquel\/\"}]}<\/script>\n<!-- \/ Yoast SEO plugin. -->","yoast_head_json":{"title":"Caf\u00e9, t\u00e9 y refrescos: \u00bfTienen alguna relaci\u00f3n con el c\u00e1ncer de colon? - Salud","robots":{"index":"index","follow":"follow","max-snippet":"max-snippet:-1","max-image-preview":"max-image-preview:large","max-video-preview":"max-video-preview:-1"},"canonical":"https:\/\/www.euroresidentes.com\/salud\/cafe-te-refrescos-relacion-cancer-de-colon\/","og_locale":"es_ES","og_type":"article","og_title":"Caf\u00e9, t\u00e9 y refrescos: \u00bfTienen alguna relaci\u00f3n con el c\u00e1ncer de colon? - Salud","og_description":"\u00bfEl caf\u00e9 previene el c\u00e1ncer de colon? Son muchos los estudios que sobre las propiedades carcin\u00f3genas de estas bebidas Muchos de ellos con resultados contradictorios. Por un lado los hay que establecen que el caf\u00e9 tiene propiedades anticancer\u00edgenas y otros que encuentran alguna relaci\u00f3n entre el consumo de caf\u00e9 y algunos tipos de c\u00e1ncer, como el de p\u00e1ncreas. Con respecto a los refrescos carbonatados, en gran cantidad de estudios parecen encontrar que el consumo excesivo de estas bebidas azucaradas no est\u00e1 recomendado ya que podr\u00eda promover la carcinog\u00e9nesis.\u00a0 Ahora un nuevo estudio ha encontrado, el consumo de caf\u00e9 o bebidas","og_url":"https:\/\/www.euroresidentes.com\/salud\/cafe-te-refrescos-relacion-cancer-de-colon\/","og_site_name":"Salud","article_published_time":"2016-09-09T06:34:00+00:00","article_modified_time":"2018-08-01T08:10:12+00:00","og_image":[{"width":700,"height":525,"url":"https:\/\/www.euroresidentes.com\/salud\/wp-content\/uploads\/2016\/09\/cafe-refrescos-cancer-colon-euroresidentes.jpg","type":"image\/jpeg"}],"author":"Raquel Pomares","twitter_misc":{"Written by":"Raquel Pomares","Est. reading time":"2 minutos"},"schema":{"@context":"https:\/\/schema.org","@graph":[{"@type":"Article","@id":"https:\/\/www.euroresidentes.com\/salud\/cafe-te-refrescos-relacion-cancer-de-colon\/#article","isPartOf":{"@id":"https:\/\/www.euroresidentes.com\/salud\/cafe-te-refrescos-relacion-cancer-de-colon\/"},"author":{"name":"Raquel Pomares","@id":"https:\/\/www.euroresidentes.com\/salud\/#\/schema\/person\/c0299534643677f2282b416ac1fe97f1"},"headline":"Caf\u00e9, t\u00e9 y refrescos: \u00bfTienen alguna relaci\u00f3n con el c\u00e1ncer de colon?","datePublished":"2016-09-09T06:34:00+00:00","dateModified":"2018-08-01T08:10:12+00:00","mainEntityOfPage":{"@id":"https:\/\/www.euroresidentes.com\/salud\/cafe-te-refrescos-relacion-cancer-de-colon\/"},"wordCount":367,"commentCount":0,"image":{"@id":"https:\/\/www.euroresidentes.com\/salud\/cafe-te-refrescos-relacion-cancer-de-colon\/#primaryimage"},"thumbnailUrl":"https:\/\/www.euroresidentes.com\/salud\/wp-content\/uploads\/2016\/09\/cafe-refrescos-cancer-colon-euroresidentes.jpg","articleSection":["C\u00e1ncer de colon"],"inLanguage":"es","potentialAction":[{"@type":"CommentAction","name":"Comment","target":["https:\/\/www.euroresidentes.com\/salud\/cafe-te-refrescos-relacion-cancer-de-colon\/#respond"]}]},{"@type":"WebPage","@id":"https:\/\/www.euroresidentes.com\/salud\/cafe-te-refrescos-relacion-cancer-de-colon\/","url":"https:\/\/www.euroresidentes.com\/salud\/cafe-te-refrescos-relacion-cancer-de-colon\/","name":"Caf\u00e9, t\u00e9 y refrescos: \u00bfTienen alguna relaci\u00f3n con el c\u00e1ncer de colon? - Salud","isPartOf":{"@id":"https:\/\/www.euroresidentes.com\/salud\/#website"},"primaryImageOfPage":{"@id":"https:\/\/www.euroresidentes.com\/salud\/cafe-te-refrescos-relacion-cancer-de-colon\/#primaryimage"},"image":{"@id":"https:\/\/www.euroresidentes.com\/salud\/cafe-te-refrescos-relacion-cancer-de-colon\/#primaryimage"},"thumbnailUrl":"https:\/\/www.euroresidentes.com\/salud\/wp-content\/uploads\/2016\/09\/cafe-refrescos-cancer-colon-euroresidentes.jpg","datePublished":"2016-09-09T06:34:00+00:00","dateModified":"2018-08-01T08:10:12+00:00","author":{"@id":"https:\/\/www.euroresidentes.com\/salud\/#\/schema\/person\/c0299534643677f2282b416ac1fe97f1"},"breadcrumb":{"@id":"https:\/\/www.euroresidentes.com\/salud\/cafe-te-refrescos-relacion-cancer-de-colon\/#breadcrumb"},"inLanguage":"es","potentialAction":[{"@type":"ReadAction","target":["https:\/\/www.euroresidentes.com\/salud\/cafe-te-refrescos-relacion-cancer-de-colon\/"]}]},{"@type":"ImageObject","inLanguage":"es","@id":"https:\/\/www.euroresidentes.com\/salud\/cafe-te-refrescos-relacion-cancer-de-colon\/#primaryimage","url":"https:\/\/www.euroresidentes.com\/salud\/wp-content\/uploads\/2016\/09\/cafe-refrescos-cancer-colon-euroresidentes.jpg","contentUrl":"https:\/\/www.euroresidentes.com\/salud\/wp-content\/uploads\/2016\/09\/cafe-refrescos-cancer-colon-euroresidentes.jpg","width":700,"height":525},{"@type":"BreadcrumbList","@id":"https:\/\/www.euroresidentes.com\/salud\/cafe-te-refrescos-relacion-cancer-de-colon\/#breadcrumb","itemListElement":[{"@type":"ListItem","position":1,"name":"Portada","item":"https:\/\/www.euroresidentes.com\/salud\/"},{"@type":"ListItem","position":2,"name":"Caf\u00e9, t\u00e9 y refrescos: \u00bfTienen alguna relaci\u00f3n con el c\u00e1ncer de colon?"}]},{"@type":"WebSite","@id":"https:\/\/www.euroresidentes.com\/salud\/#website","url":"https:\/\/www.euroresidentes.com\/salud\/","name":"Salud","description":"Consejos para el cuidado de la salud, vida sana, h\u00e1bitos saludables","potentialAction":[{"@type":"SearchAction","target":{"@type":"EntryPoint","urlTemplate":"https:\/\/www.euroresidentes.com\/salud\/?s={search_term_string}"},"query-input":{"@type":"PropertyValueSpecification","valueRequired":true,"valueName":"search_term_string"}}],"inLanguage":"es"},{"@type":"Person","@id":"https:\/\/www.euroresidentes.com\/salud\/#\/schema\/person\/c0299534643677f2282b416ac1fe97f1","name":"Raquel Pomares","image":{"@type":"ImageObject","inLanguage":"es","@id":"https:\/\/www.euroresidentes.com\/salud\/#\/schema\/person\/image\/","url":"https:\/\/www.euroresidentes.com\/salud\/wp-content\/uploads\/2016\/07\/YO2-150x150.jpg","contentUrl":"https:\/\/www.euroresidentes.com\/salud\/wp-content\/uploads\/2016\/07\/YO2-150x150.jpg","caption":"Raquel Pomares"},"description":"Raquel PomaresBi\u00f3loga, doctora y divulgadora cient\u00edfica especializada en temas de salud.","sameAs":["https:\/\/www.euroresidentes.com\/salud\/raquel-pomares.html"],"url":"https:\/\/www.euroresidentes.com\/salud\/author\/raquel\/"}]}},"_links":{"self":[{"href":"https:\/\/www.euroresidentes.com\/salud\/wp-json\/wp\/v2\/posts\/412","targetHints":{"allow":["GET"]}}],"collection":[{"href":"https:\/\/www.euroresidentes.com\/salud\/wp-json\/wp\/v2\/posts"}],"about":[{"href":"https:\/\/www.euroresidentes.com\/salud\/wp-json\/wp\/v2\/types\/post"}],"author":[{"embeddable":true,"href":"https:\/\/www.euroresidentes.com\/salud\/wp-json\/wp\/v2\/users\/2"}],"replies":[{"embeddable":true,"href":"https:\/\/www.euroresidentes.com\/salud\/wp-json\/wp\/v2\/comments?post=412"}],"version-history":[{"count":7,"href":"https:\/\/www.euroresidentes.com\/salud\/wp-json\/wp\/v2\/posts\/412\/revisions"}],"predecessor-version":[{"id":5880,"href":"https:\/\/www.euroresidentes.com\/salud\/wp-json\/wp\/v2\/posts\/412\/revisions\/5880"}],"wp:featuredmedia":[{"embeddable":true,"href":"https:\/\/www.euroresidentes.com\/salud\/wp-json\/wp\/v2\/media\/3962"}],"wp:attachment":[{"href":"https:\/\/www.euroresidentes.com\/salud\/wp-json\/wp\/v2\/media?parent=412"}],"wp:term":[{"taxonomy":"category","embeddable":true,"href":"https:\/\/www.euroresidentes.com\/salud\/wp-json\/wp\/v2\/categories?post=412"},{"taxonomy":"post_tag","embeddable":true,"href":"https:\/\/www.euroresidentes.com\/salud\/wp-json\/wp\/v2\/tags?post=412"}],"curies":[{"name":"wp","href":"https:\/\/api.w.org\/{rel}","templated":true}]}}