 

{"id":396,"date":"2015-03-26T13:28:00","date_gmt":"2015-03-26T12:28:00","guid":{"rendered":"https:\/\/www.euroresidentes.com\/salud\/menopausia\/aumento-del-vello-facial-en-la"},"modified":"2018-06-11T12:30:33","modified_gmt":"2018-06-11T10:30:33","slug":"aumento-vello-facial-en-menopausia","status":"publish","type":"post","link":"https:\/\/www.euroresidentes.com\/salud\/aumento-vello-facial-en-menopausia\/","title":{"rendered":"Aumento del vello facial en la menopausia"},"content":{"rendered":"<h3 class=\"separator\" style=\"clear: both; text-align: left;\">Menopausia y aumento de vello<\/h3>\n<p class=\"separator\" style=\"clear: both; text-align: left;\">El vello facial no deseado es <strong>muy com\u00fan en las mujeres menop\u00e1usicas<\/strong>.<\/p>\n<p class=\"separator\" style=\"clear: both; text-align: left;\">Con el paso de los a\u00f1os muchas mujeres\u00a0comienzan a ver c\u00f3mo empiezan a aparecer cantidades variables de vello facial no deseado. Puede ser escaso y grueso o fino y difuso.<\/p>\n<p class=\"separator\" style=\"clear: both; text-align: left;\">El aumento en el vello facial en ocasiones tambi\u00e9n puede ir acompa\u00f1ado de un adelgazamiento del cabello.<\/p>\n<p class=\"separator\" style=\"clear: both; text-align: left;\">Te contamos las <strong>causas y qu\u00e9 puedes hacer para intentar solucionarlo<\/strong>.<\/p>\n<div style=\"text-align: justify;\"><a href=\"https:\/\/www.euroresidentes.com\/salud\/wp-content\/uploads\/2015\/03\/vello-facil-menopausia.jpg\"><img loading=\"lazy\" decoding=\"async\" class=\"aligncenter size-full wp-image-1153\" src=\"https:\/\/www.euroresidentes.com\/salud\/wp-content\/uploads\/2015\/03\/vello-facil-menopausia.jpg\" alt=\"Por qu\u00e9 aumenta el vello facial al llegar a la menopausia\" width=\"700\" height=\"525\" \/><\/a><\/div>\n<h3 style=\"text-align: justify;\">Cuesti\u00f3n de hormonas<\/h3>\n<p style=\"text-align: justify;\">Durante la vida reproductiva de una mujer, los niveles de estr\u00f3genos han controlado los niveles de andr\u00f3genos que circulan en peque\u00f1as cantidades en todas las mujeres.<\/p>\n<p style=\"text-align: justify;\">Con la disminuci\u00f3n de los niveles de estr\u00f3genos\u00a0asociados a la <b>menopausia<\/b>, esto se desequilibra y\u00a0se produce un <b>aumento de los andr\u00f3genos<\/b>. Esto es\u00a0que provoca que se produzca\u00a0el aumento del\u00a0<b>crecimiento del vello<\/b>\u00a0facial siguiendo un patr\u00f3n masculino. Es decir, comienza a aparecer vello en la zona de la barbilla, en el labio superior, en la zona abdominal (desde el \u00e1rea p\u00fabica hacia el ombligo).<\/p>\n<p style=\"text-align: justify;\">Tambi\u00e9n suele estar <strong>asociado con la aparici\u00f3n de acn\u00e9<\/strong>.<\/p>\n<div style=\"text-align: justify;\">\u00a0<\/div>\n<div style=\"text-align: justify;\">\u00a0<\/div>\n<h3 style=\"text-align: justify;\">\u00bfC\u00f3mo eliminar el vello facial que aparece en la menopausia<\/h3>\n<p style=\"text-align: justify;\">Hay muchas maneras\u00a0de tratar de quitar el vello facial no deseado.<\/p>\n<ul>\n<li style=\"text-align: justify;\">\n<h4><strong>Decolorarlo<\/strong><\/h4>\n<\/li>\n<\/ul>\n<p style=\"padding-left: 30px; text-align: left;\">Es una alternativa barata y r\u00e1pida,\u00a0pero <strong>no pone fin al problema<\/strong>, ya que\u00a0el vello\u00a0siguen estando ah\u00ed.<\/p>\n<p style=\"padding-left: 30px; text-align: left;\">El inconveniente es que\u00a0los productos que se utilizan en el proceso son <strong>irritantes<\/strong>, por lo que pueden afectar a quienes tienen la piel sensible. Si es tu caso, entonces la siguiente alternativa que tienes para elegir son los m\u00e9todos que<\/p>\n<ul>\n<li style=\"text-align: left;\">\n<h4><strong>Cortar el pelo a ras de piel<\/strong><\/h4>\n<\/li>\n<\/ul>\n<p style=\"text-align: left; padding-left: 30px;\">Con\u00a0<strong>cremas depilatorias<\/strong> y <strong>hojas de afeitar<\/strong>. La <strong>duraci\u00f3n de los resultados es breve<\/strong>, ya que el vello no se saca de ra\u00edz.<\/p>\n<p style=\"text-align: left; padding-left: 30px;\">Las cremas depilatorias son muy f\u00e1ciles y r\u00e1pidas de usar, pero\u00a0 tambi\u00e9n pueden provocar irritaci\u00f3n y alergias. Con las hojas de afeitar hay que tener cuidado con\u00a0los posibles cortes e infecciones.<\/p>\n<ul>\n<li style=\"text-align: justify;\">\n<h4><strong>Arrancar el pelo de ra\u00edz<\/strong><\/h4>\n<\/li>\n<\/ul>\n<p style=\"padding-left: 30px;\">Con <strong>pinzas<\/strong> o con <strong>cera<\/strong>.<\/p>\n<p style=\"padding-left: 30px;\">La ventaja de estos m\u00e9todos es que el vello <strong>no crece tan r\u00e1pido<\/strong> y que puede debilitarse si se hace de forma repetida.<\/p>\n<ul>\n<li>\n<h4><b>Larga duraci\u00f3n<\/b><\/h4>\n<\/li>\n<\/ul>\n<p style=\"padding-left: 30px;\">Ser\u00eda el caso de la <strong>depilaci\u00f3n l\u00e1ser<\/strong> o la <strong>fotodepilaci\u00f3n<\/strong>. Aunque no es definitiva, es lo m\u00e1s parecido.<\/p>\n<p><img loading=\"lazy\" decoding=\"async\" class=\"aligncenter\" title=\"Aumento del vello facial en la menopausia\" src=\"https:\/\/www.euroresidentes.com\/salud\/wp-content\/uploads\/2015\/03\/aumento-del-vello-facial-en-la-menopausia.jpg\" alt=\"Aumento del vello facial en la menopausia\" width=\"500\" height=\"375\" border=\"0\" \/><\/p>\n<div style=\"text-align: justify;\">\u00a0<\/div>\n<div style=\"text-align: justify;\">\u00a0<\/div>\n<p style=\"text-align: justify;\"><b>Seguir leyendo:\u00a0<\/b><\/p>\n<ul>\n<li><a href=\"https:\/\/www.euroresidentes.com\/salud\/como-afecta-menopausia-piel\/\" target=\"_blank\" rel=\"noopener\">C\u00f3mo afecta la menopausia a la piel<\/a><\/li>\n<li><a href=\"https:\/\/www.euroresidentes.com\/salud\/unas-quebradizas-en-la-menopausia\/\" target=\"_blank\" rel=\"noopener\">U\u00f1as quebradizas en la menopausia<\/a><\/li>\n<li><a href=\"https:\/\/www.euroresidentes.com\/salud\/por-que-se-cae-el-pelo-en-la-menopausia\/\" target=\"_blank\" rel=\"noopener\">Por qu\u00e9 cae el pelo en la menopausia<\/a><\/li>\n<\/ul>\n","protected":false},"excerpt":{"rendered":"<p>Menopausia y aumento de vello El vello facial no deseado es muy com\u00fan en las mujeres menop\u00e1usicas. Con el paso de los a\u00f1os muchas mujeres\u00a0comienzan a ver c\u00f3mo empiezan a aparecer cantidades variables de vello facial no deseado. Puede ser escaso y grueso o fino y difuso. El aumento en el vello facial en ocasiones tambi\u00e9n puede ir acompa\u00f1ado de un adelgazamiento del cabello. Te contamos las causas y qu\u00e9 puedes hacer para intentar solucionarlo. Cuesti\u00f3n de hormonas Durante la vida reproductiva de una mujer, los niveles de estr\u00f3genos han controlado los niveles de andr\u00f3genos que circulan en peque\u00f1as cantidades <\/p>\n","protected":false},"author":2,"featured_media":3604,"comment_status":"open","ping_status":"open","sticky":false,"template":"","format":"standard","meta":{"footnotes":""},"categories":[14],"tags":[],"class_list":["post-396","post","type-post","status-publish","format-standard","has-post-thumbnail","hentry","category-menopausia","has_thumb"],"yoast_head":"<!-- This site is optimized with the Yoast SEO plugin v26.8 - https:\/\/yoast.com\/product\/yoast-seo-wordpress\/ -->\n<title>Aumento del vello facial en la menopausia - Salud<\/title>\n<meta name=\"robots\" content=\"index, follow, max-snippet:-1, max-image-preview:large, max-video-preview:-1\" \/>\n<link rel=\"canonical\" href=\"https:\/\/www.euroresidentes.com\/salud\/aumento-vello-facial-en-menopausia\/\" \/>\n<meta property=\"og:locale\" content=\"es_ES\" \/>\n<meta property=\"og:type\" content=\"article\" \/>\n<meta property=\"og:title\" content=\"Aumento del vello facial en la menopausia - Salud\" \/>\n<meta property=\"og:description\" content=\"Menopausia y aumento de vello El vello facial no deseado es muy com\u00fan en las mujeres menop\u00e1usicas. Con el paso de los a\u00f1os muchas mujeres\u00a0comienzan a ver c\u00f3mo empiezan a aparecer cantidades variables de vello facial no deseado. Puede ser escaso y grueso o fino y difuso. El aumento en el vello facial en ocasiones tambi\u00e9n puede ir acompa\u00f1ado de un adelgazamiento del cabello. Te contamos las causas y qu\u00e9 puedes hacer para intentar solucionarlo. Cuesti\u00f3n de hormonas Durante la vida reproductiva de una mujer, los niveles de estr\u00f3genos han controlado los niveles de andr\u00f3genos que circulan en peque\u00f1as cantidades\" \/>\n<meta property=\"og:url\" content=\"https:\/\/www.euroresidentes.com\/salud\/aumento-vello-facial-en-menopausia\/\" \/>\n<meta property=\"og:site_name\" content=\"Salud\" \/>\n<meta property=\"article:published_time\" content=\"2015-03-26T12:28:00+00:00\" \/>\n<meta property=\"article:modified_time\" content=\"2018-06-11T10:30:33+00:00\" \/>\n<meta property=\"og:image\" content=\"https:\/\/www.euroresidentes.com\/salud\/wp-content\/uploads\/2015\/03\/aumento-del-vello-facial-en-la-menopausia.jpg\" \/>\n\t<meta property=\"og:image:width\" content=\"600\" \/>\n\t<meta property=\"og:image:height\" content=\"450\" \/>\n\t<meta property=\"og:image:type\" content=\"image\/jpeg\" \/>\n<meta name=\"author\" content=\"Raquel Pomares\" \/>\n<meta name=\"twitter:label1\" content=\"Written by\" \/>\n\t<meta name=\"twitter:data1\" content=\"Raquel Pomares\" \/>\n\t<meta name=\"twitter:label2\" content=\"Est. reading time\" \/>\n\t<meta name=\"twitter:data2\" content=\"2 minutos\" \/>\n<script type=\"application\/ld+json\" class=\"yoast-schema-graph\">{\"@context\":\"https:\/\/schema.org\",\"@graph\":[{\"@type\":\"Article\",\"@id\":\"https:\/\/www.euroresidentes.com\/salud\/aumento-vello-facial-en-menopausia\/#article\",\"isPartOf\":{\"@id\":\"https:\/\/www.euroresidentes.com\/salud\/aumento-vello-facial-en-menopausia\/\"},\"author\":{\"name\":\"Raquel Pomares\",\"@id\":\"https:\/\/www.euroresidentes.com\/salud\/#\/schema\/person\/c0299534643677f2282b416ac1fe97f1\"},\"headline\":\"Aumento del vello facial en la menopausia\",\"datePublished\":\"2015-03-26T12:28:00+00:00\",\"dateModified\":\"2018-06-11T10:30:33+00:00\",\"mainEntityOfPage\":{\"@id\":\"https:\/\/www.euroresidentes.com\/salud\/aumento-vello-facial-en-menopausia\/\"},\"wordCount\":446,\"commentCount\":0,\"image\":{\"@id\":\"https:\/\/www.euroresidentes.com\/salud\/aumento-vello-facial-en-menopausia\/#primaryimage\"},\"thumbnailUrl\":\"https:\/\/www.euroresidentes.com\/salud\/wp-content\/uploads\/2015\/03\/aumento-del-vello-facial-en-la-menopausia.jpg\",\"articleSection\":[\"Menopausia\"],\"inLanguage\":\"es\",\"potentialAction\":[{\"@type\":\"CommentAction\",\"name\":\"Comment\",\"target\":[\"https:\/\/www.euroresidentes.com\/salud\/aumento-vello-facial-en-menopausia\/#respond\"]}]},{\"@type\":\"WebPage\",\"@id\":\"https:\/\/www.euroresidentes.com\/salud\/aumento-vello-facial-en-menopausia\/\",\"url\":\"https:\/\/www.euroresidentes.com\/salud\/aumento-vello-facial-en-menopausia\/\",\"name\":\"Aumento del vello facial en la menopausia - Salud\",\"isPartOf\":{\"@id\":\"https:\/\/www.euroresidentes.com\/salud\/#website\"},\"primaryImageOfPage\":{\"@id\":\"https:\/\/www.euroresidentes.com\/salud\/aumento-vello-facial-en-menopausia\/#primaryimage\"},\"image\":{\"@id\":\"https:\/\/www.euroresidentes.com\/salud\/aumento-vello-facial-en-menopausia\/#primaryimage\"},\"thumbnailUrl\":\"https:\/\/www.euroresidentes.com\/salud\/wp-content\/uploads\/2015\/03\/aumento-del-vello-facial-en-la-menopausia.jpg\",\"datePublished\":\"2015-03-26T12:28:00+00:00\",\"dateModified\":\"2018-06-11T10:30:33+00:00\",\"author\":{\"@id\":\"https:\/\/www.euroresidentes.com\/salud\/#\/schema\/person\/c0299534643677f2282b416ac1fe97f1\"},\"breadcrumb\":{\"@id\":\"https:\/\/www.euroresidentes.com\/salud\/aumento-vello-facial-en-menopausia\/#breadcrumb\"},\"inLanguage\":\"es\",\"potentialAction\":[{\"@type\":\"ReadAction\",\"target\":[\"https:\/\/www.euroresidentes.com\/salud\/aumento-vello-facial-en-menopausia\/\"]}]},{\"@type\":\"ImageObject\",\"inLanguage\":\"es\",\"@id\":\"https:\/\/www.euroresidentes.com\/salud\/aumento-vello-facial-en-menopausia\/#primaryimage\",\"url\":\"https:\/\/www.euroresidentes.com\/salud\/wp-content\/uploads\/2015\/03\/aumento-del-vello-facial-en-la-menopausia.jpg\",\"contentUrl\":\"https:\/\/www.euroresidentes.com\/salud\/wp-content\/uploads\/2015\/03\/aumento-del-vello-facial-en-la-menopausia.jpg\",\"width\":600,\"height\":450},{\"@type\":\"BreadcrumbList\",\"@id\":\"https:\/\/www.euroresidentes.com\/salud\/aumento-vello-facial-en-menopausia\/#breadcrumb\",\"itemListElement\":[{\"@type\":\"ListItem\",\"position\":1,\"name\":\"Portada\",\"item\":\"https:\/\/www.euroresidentes.com\/salud\/\"},{\"@type\":\"ListItem\",\"position\":2,\"name\":\"Aumento del vello facial en la menopausia\"}]},{\"@type\":\"WebSite\",\"@id\":\"https:\/\/www.euroresidentes.com\/salud\/#website\",\"url\":\"https:\/\/www.euroresidentes.com\/salud\/\",\"name\":\"Salud\",\"description\":\"Consejos para el cuidado de la salud, vida sana, h\u00e1bitos saludables\",\"potentialAction\":[{\"@type\":\"SearchAction\",\"target\":{\"@type\":\"EntryPoint\",\"urlTemplate\":\"https:\/\/www.euroresidentes.com\/salud\/?s={search_term_string}\"},\"query-input\":{\"@type\":\"PropertyValueSpecification\",\"valueRequired\":true,\"valueName\":\"search_term_string\"}}],\"inLanguage\":\"es\"},{\"@type\":\"Person\",\"@id\":\"https:\/\/www.euroresidentes.com\/salud\/#\/schema\/person\/c0299534643677f2282b416ac1fe97f1\",\"name\":\"Raquel Pomares\",\"image\":{\"@type\":\"ImageObject\",\"inLanguage\":\"es\",\"@id\":\"https:\/\/www.euroresidentes.com\/salud\/#\/schema\/person\/image\/\",\"url\":\"https:\/\/www.euroresidentes.com\/salud\/wp-content\/uploads\/2016\/07\/YO2-150x150.jpg\",\"contentUrl\":\"https:\/\/www.euroresidentes.com\/salud\/wp-content\/uploads\/2016\/07\/YO2-150x150.jpg\",\"caption\":\"Raquel Pomares\"},\"description\":\"Raquel PomaresBi\u00f3loga, doctora y divulgadora cient\u00edfica especializada en temas de salud.\",\"sameAs\":[\"https:\/\/www.euroresidentes.com\/salud\/raquel-pomares.html\"],\"url\":\"https:\/\/www.euroresidentes.com\/salud\/author\/raquel\/\"}]}<\/script>\n<!-- \/ Yoast SEO plugin. -->","yoast_head_json":{"title":"Aumento del vello facial en la menopausia - Salud","robots":{"index":"index","follow":"follow","max-snippet":"max-snippet:-1","max-image-preview":"max-image-preview:large","max-video-preview":"max-video-preview:-1"},"canonical":"https:\/\/www.euroresidentes.com\/salud\/aumento-vello-facial-en-menopausia\/","og_locale":"es_ES","og_type":"article","og_title":"Aumento del vello facial en la menopausia - Salud","og_description":"Menopausia y aumento de vello El vello facial no deseado es muy com\u00fan en las mujeres menop\u00e1usicas. Con el paso de los a\u00f1os muchas mujeres\u00a0comienzan a ver c\u00f3mo empiezan a aparecer cantidades variables de vello facial no deseado. Puede ser escaso y grueso o fino y difuso. El aumento en el vello facial en ocasiones tambi\u00e9n puede ir acompa\u00f1ado de un adelgazamiento del cabello. Te contamos las causas y qu\u00e9 puedes hacer para intentar solucionarlo. Cuesti\u00f3n de hormonas Durante la vida reproductiva de una mujer, los niveles de estr\u00f3genos han controlado los niveles de andr\u00f3genos que circulan en peque\u00f1as cantidades","og_url":"https:\/\/www.euroresidentes.com\/salud\/aumento-vello-facial-en-menopausia\/","og_site_name":"Salud","article_published_time":"2015-03-26T12:28:00+00:00","article_modified_time":"2018-06-11T10:30:33+00:00","og_image":[{"width":600,"height":450,"url":"https:\/\/www.euroresidentes.com\/salud\/wp-content\/uploads\/2015\/03\/aumento-del-vello-facial-en-la-menopausia.jpg","type":"image\/jpeg"}],"author":"Raquel Pomares","twitter_misc":{"Written by":"Raquel Pomares","Est. reading time":"2 minutos"},"schema":{"@context":"https:\/\/schema.org","@graph":[{"@type":"Article","@id":"https:\/\/www.euroresidentes.com\/salud\/aumento-vello-facial-en-menopausia\/#article","isPartOf":{"@id":"https:\/\/www.euroresidentes.com\/salud\/aumento-vello-facial-en-menopausia\/"},"author":{"name":"Raquel Pomares","@id":"https:\/\/www.euroresidentes.com\/salud\/#\/schema\/person\/c0299534643677f2282b416ac1fe97f1"},"headline":"Aumento del vello facial en la menopausia","datePublished":"2015-03-26T12:28:00+00:00","dateModified":"2018-06-11T10:30:33+00:00","mainEntityOfPage":{"@id":"https:\/\/www.euroresidentes.com\/salud\/aumento-vello-facial-en-menopausia\/"},"wordCount":446,"commentCount":0,"image":{"@id":"https:\/\/www.euroresidentes.com\/salud\/aumento-vello-facial-en-menopausia\/#primaryimage"},"thumbnailUrl":"https:\/\/www.euroresidentes.com\/salud\/wp-content\/uploads\/2015\/03\/aumento-del-vello-facial-en-la-menopausia.jpg","articleSection":["Menopausia"],"inLanguage":"es","potentialAction":[{"@type":"CommentAction","name":"Comment","target":["https:\/\/www.euroresidentes.com\/salud\/aumento-vello-facial-en-menopausia\/#respond"]}]},{"@type":"WebPage","@id":"https:\/\/www.euroresidentes.com\/salud\/aumento-vello-facial-en-menopausia\/","url":"https:\/\/www.euroresidentes.com\/salud\/aumento-vello-facial-en-menopausia\/","name":"Aumento del vello facial en la menopausia - Salud","isPartOf":{"@id":"https:\/\/www.euroresidentes.com\/salud\/#website"},"primaryImageOfPage":{"@id":"https:\/\/www.euroresidentes.com\/salud\/aumento-vello-facial-en-menopausia\/#primaryimage"},"image":{"@id":"https:\/\/www.euroresidentes.com\/salud\/aumento-vello-facial-en-menopausia\/#primaryimage"},"thumbnailUrl":"https:\/\/www.euroresidentes.com\/salud\/wp-content\/uploads\/2015\/03\/aumento-del-vello-facial-en-la-menopausia.jpg","datePublished":"2015-03-26T12:28:00+00:00","dateModified":"2018-06-11T10:30:33+00:00","author":{"@id":"https:\/\/www.euroresidentes.com\/salud\/#\/schema\/person\/c0299534643677f2282b416ac1fe97f1"},"breadcrumb":{"@id":"https:\/\/www.euroresidentes.com\/salud\/aumento-vello-facial-en-menopausia\/#breadcrumb"},"inLanguage":"es","potentialAction":[{"@type":"ReadAction","target":["https:\/\/www.euroresidentes.com\/salud\/aumento-vello-facial-en-menopausia\/"]}]},{"@type":"ImageObject","inLanguage":"es","@id":"https:\/\/www.euroresidentes.com\/salud\/aumento-vello-facial-en-menopausia\/#primaryimage","url":"https:\/\/www.euroresidentes.com\/salud\/wp-content\/uploads\/2015\/03\/aumento-del-vello-facial-en-la-menopausia.jpg","contentUrl":"https:\/\/www.euroresidentes.com\/salud\/wp-content\/uploads\/2015\/03\/aumento-del-vello-facial-en-la-menopausia.jpg","width":600,"height":450},{"@type":"BreadcrumbList","@id":"https:\/\/www.euroresidentes.com\/salud\/aumento-vello-facial-en-menopausia\/#breadcrumb","itemListElement":[{"@type":"ListItem","position":1,"name":"Portada","item":"https:\/\/www.euroresidentes.com\/salud\/"},{"@type":"ListItem","position":2,"name":"Aumento del vello facial en la menopausia"}]},{"@type":"WebSite","@id":"https:\/\/www.euroresidentes.com\/salud\/#website","url":"https:\/\/www.euroresidentes.com\/salud\/","name":"Salud","description":"Consejos para el cuidado de la salud, vida sana, h\u00e1bitos saludables","potentialAction":[{"@type":"SearchAction","target":{"@type":"EntryPoint","urlTemplate":"https:\/\/www.euroresidentes.com\/salud\/?s={search_term_string}"},"query-input":{"@type":"PropertyValueSpecification","valueRequired":true,"valueName":"search_term_string"}}],"inLanguage":"es"},{"@type":"Person","@id":"https:\/\/www.euroresidentes.com\/salud\/#\/schema\/person\/c0299534643677f2282b416ac1fe97f1","name":"Raquel Pomares","image":{"@type":"ImageObject","inLanguage":"es","@id":"https:\/\/www.euroresidentes.com\/salud\/#\/schema\/person\/image\/","url":"https:\/\/www.euroresidentes.com\/salud\/wp-content\/uploads\/2016\/07\/YO2-150x150.jpg","contentUrl":"https:\/\/www.euroresidentes.com\/salud\/wp-content\/uploads\/2016\/07\/YO2-150x150.jpg","caption":"Raquel Pomares"},"description":"Raquel PomaresBi\u00f3loga, doctora y divulgadora cient\u00edfica especializada en temas de salud.","sameAs":["https:\/\/www.euroresidentes.com\/salud\/raquel-pomares.html"],"url":"https:\/\/www.euroresidentes.com\/salud\/author\/raquel\/"}]}},"_links":{"self":[{"href":"https:\/\/www.euroresidentes.com\/salud\/wp-json\/wp\/v2\/posts\/396","targetHints":{"allow":["GET"]}}],"collection":[{"href":"https:\/\/www.euroresidentes.com\/salud\/wp-json\/wp\/v2\/posts"}],"about":[{"href":"https:\/\/www.euroresidentes.com\/salud\/wp-json\/wp\/v2\/types\/post"}],"author":[{"embeddable":true,"href":"https:\/\/www.euroresidentes.com\/salud\/wp-json\/wp\/v2\/users\/2"}],"replies":[{"embeddable":true,"href":"https:\/\/www.euroresidentes.com\/salud\/wp-json\/wp\/v2\/comments?post=396"}],"version-history":[{"count":4,"href":"https:\/\/www.euroresidentes.com\/salud\/wp-json\/wp\/v2\/posts\/396\/revisions"}],"predecessor-version":[{"id":4930,"href":"https:\/\/www.euroresidentes.com\/salud\/wp-json\/wp\/v2\/posts\/396\/revisions\/4930"}],"wp:featuredmedia":[{"embeddable":true,"href":"https:\/\/www.euroresidentes.com\/salud\/wp-json\/wp\/v2\/media\/3604"}],"wp:attachment":[{"href":"https:\/\/www.euroresidentes.com\/salud\/wp-json\/wp\/v2\/media?parent=396"}],"wp:term":[{"taxonomy":"category","embeddable":true,"href":"https:\/\/www.euroresidentes.com\/salud\/wp-json\/wp\/v2\/categories?post=396"},{"taxonomy":"post_tag","embeddable":true,"href":"https:\/\/www.euroresidentes.com\/salud\/wp-json\/wp\/v2\/tags?post=396"}],"curies":[{"name":"wp","href":"https:\/\/api.w.org\/{rel}","templated":true}]}}