 

{"id":3343,"date":"2016-10-10T14:25:00","date_gmt":"2016-10-10T12:25:00","guid":{"rendered":"https:\/\/www.euroresidentes.com\/salud\/embarazo\/por-que-son-necesarias-las-vitaminas"},"modified":"2018-07-31T11:48:33","modified_gmt":"2018-07-31T09:48:33","slug":"por-que-son-necesarias-vitaminas-prenatales","status":"publish","type":"post","link":"https:\/\/www.euroresidentes.com\/salud\/por-que-son-necesarias-vitaminas-prenatales\/","title":{"rendered":"\u00bfSon necesarias las vitaminas prenatales?"},"content":{"rendered":"<h3>Vitaminas durante el embarazo<\/h3>\n<p style=\"text-align: left\">Las vitaminas o suplementos prenatales ayudan a\u00a0garantizar que el aporte de nutrientes para las mujeres embarazadas y para sus beb\u00e9s son \u00f3ptimas.<\/p>\n<p class=\"separator\" style=\"clear: both;text-align: left\">El embarazo es una fase\u00a0en la que es importante asegurar\u00a0que la madre obtiene\u00a0los nutrientes suficientes.<\/p>\n<p class=\"separator\" style=\"clear: both;text-align: left\">Es un estado fisiol\u00f3gico de desequilibrio hormonal, nutricional e inmunol\u00f3gico, y para satisfacer las necesidades nutricionales del feto y de\u00a0la madre es necesario un mayor aporte de micronutrientes.<\/p>\n<div style=\"text-align: left\">Una <strong>dieta equilibrada<\/strong> ser\u00eda suficiente para poder satisfacer estas necesidades nutricionales, sin embargo, por distintas razones, muchas mujeres no llevan una dieta que permita la incorporaci\u00f3n de todos los nutrientes necesarios y en la cantidad\u00a0recomendada para el mantenimiento de un embarazo saludable.<\/div>\n<div><img loading=\"lazy\" decoding=\"async\" class=\"aligncenter\" title=\"\u00bfPor qu\u00e9 son necesarias las vitaminas prenatales?\" src=\"https:\/\/www.euroresidentes.com\/salud\/wp-content\/uploads\/2016\/10\/por-que-son-necesarias-las-vitaminas-prenatales.jpg\" alt=\"\u00bfPor qu\u00e9 son necesarias las vitaminas prenatales?\" width=\"499\" height=\"333\" border=\"0\" \/><\/div>\n<div>Algunas mujeres embarazadas desarrollan aversiones alimentarias durante sus embarazos, otras por razones personales, religiosas o m\u00e9dicas\u00a0no les gusta consumir determinados productos como por ejemplo los de origen animal.\u00a0<\/div>\n<div>Otras est\u00e1n obligadas a consumir un determinado tipo de dieta debido a condiciones como la enfermedad de Crohn, la diabetes o la enfermedad cel\u00edaca.<\/div>\n<div>Todas estas mujeres pueden beneficiarse de los<strong> suplementos prenatales<\/strong>, ya que de \u00e9ste modo podr\u00e1n <strong>garantizar que el aporte de nutrientes<\/strong> para ellas y para sus beb\u00e9s son \u00f3ptimas.<\/div>\n<h3 style=\"text-align: left\">\u00bfQu\u00e9 suplementos nutricionales son importantes en\u00a0el embarazo?<\/h3>\n<p style=\"text-align: left\">Para evitar cualquier aberraci\u00f3n o anomal\u00eda se recomienda consumir vitaminas prenatales antes de quedar embarazada, pero esto siempre debes estar consensuado con el m\u00e9dico.<\/p>\n<p style=\"text-align: left\"><b>Nunca se debe tomar ning\u00fan suplemento sin consultar previamente con el m\u00e9dico.<\/b><\/p>\n<h4 style=\"text-align: left\"><strong>\u2022 \u00c1cido\u00a0f\u00f3lico<\/strong><\/h4>\n<p style=\"text-align: left\">Antes y durante el embarazo ayuda a prevenir <strong>defectos del tubo neural<\/strong>. Estos defectos son graves anomal\u00edas en el cerebro y la m\u00e9dula espinal.<\/p>\n<p style=\"text-align: left\">\u00a0Hay que incluir en la dieta\u00a0alimentos que contengan \u00e1cido f\u00f3lico como son las verduras de hoja verde y el arroz integral, pero como es dif\u00edcil obtener la cantidad de \u00e1cido f\u00f3lico recomendada para el embarazo s\u00f3lo a trav\u00e9s de los alimentos, es importante tomar un suplemento de \u00e1cido f\u00f3lico.<\/p>\n<p>Se debe tomar un comprimido de \u00e1cido f\u00f3lico 400\u00a0microgramos cada d\u00eda\u00a0antes de\u00a0quedar embarazada y hasta la semana 12 de embarazo. \u00a0<\/p>\n<h4><strong>\u2022\u00a0Vitamina D<\/strong><\/h4>\n<p>Regula la cantidad de <strong>calcio y fosfato del cuerpo<\/strong>, muy importantes para unos huesos, dientes y m\u00fasculos sanos.<\/p>\n<p>La dosis diaria recomendada de vitamina D es de 10 microgramos al d\u00eda, y deben considerar tomar un suplemento que contiene esta cantidad.<\/p>\n<p>Nuestros cuerpos producen vitamina D cuando la piel est\u00e1 expuesta a la luz del sol,\u00a0tambi\u00e9n podemos encontrar esta vitamina en algunos alimentos, como el pescado azul, los huevos y la carne roja.<\/p>\n<p>Pero como la vitamina D se encuentra s\u00f3lo en un peque\u00f1o n\u00famero de alimentos, ya sea de forma natural o a\u00f1adido, para asegurar un aporte\u00a0suficiente durante el embarazo, se debe\u00a0considerar tomar un suplemento diario de vitamina D. \u00a0<\/p>\n<h4><strong>\u2022 Hierro<\/strong><\/h4>\n<p>La falta de hierro (<strong>anemia<\/strong>) har\u00e1 que te sientas muy cansada.<\/p>\n<p>La carne magra, los vegetales de hoja verde, las frutas secas y los frutos secos son fuentes de hierro. Si el nivel de hierro en la sangre es bajo, el\u00a0m\u00e9dico te aconsejar\u00e1 que tomes suplementos de hierro.<\/p>\n<p>Un aporte adecuado de <b>hierro<\/b>\u00a0es muy importante durante el embarazo ya que <strong>favorece el crecimiento y desarrollo del beb\u00e9.<\/strong> \u00a0<\/p>\n<h4><strong>\u2022\u00a0Vitamina C<\/strong><\/h4>\n<p>Protege a las c\u00e9lulas y ayuda a mantenerlas sanas.<\/p>\n<p style=\"text-align: left\">Un aporte adecuado de vitamina C puede conseguirse mediante una dieta equilibrada que contenga frutas y verduras, como el br\u00f3coli, c\u00edtricos, tomates, pimientos, y las grosellas negras.<\/p>\n<p style=\"text-align: left\">Los suplementos prenatales como la <b>vitamina C<\/b> y E son considerados potentes antioxidantes que previenen los radicales libres y las toxinas.<\/p>\n<p style=\"text-align: left\">Adem\u00e1s, durante el embarazo, las vitaminas C y E pueden <strong>reducir el riesgo de hipertensi\u00f3n gestacional<\/strong> y complicaciones asociadas como la <strong>preeclampsia<\/strong> y los <strong>beb\u00e9s con bajo peso al nacer<\/strong>. \u00a0<\/p>\n<h4><strong>\u2022 Calcio<\/strong><\/h4>\n<p>Es vital para la formaci\u00f3n de huesos y dientes del beb\u00e9.<\/p>\n<p style=\"text-align: left\">Los productos l\u00e1cteos son la principal fuente de calcio, aunque tambi\u00e9n se puede encontrar en las\u00a0almendras,\u00a0la\u00a0soja y verduras de hoja verde como el\u00a0br\u00f3coli y la col rizada.\u00a0\u00a0<\/p>\n<div style=\"text-align: justify\">\u00a0<\/div>\n<div style=\"margin: 0px;text-align: left\"><b>Recuerde que nunca se debe tomar ning\u00fan suplemento sin consultar previamente con el m\u00e9dico.<\/b><\/div>\n<div style=\"text-align: justify;margin: 0px\">\u00a0<\/div>\n<div>\u00a0<\/div>\n<div style=\"text-align: justify;margin: 0px\"><b>Lecturas relacionadas:<\/b><\/div>\n<ul>\n<li><a href=\"http:\/\/embarazo.euroresidentes.com\/2013\/04\/comer-pescado-en-el-embarazo.html\" target=\"_blank\" rel=\"noopener\">Comer pescado en el embarazo<\/a><\/li>\n<li><a href=\"http:\/\/embarazo.euroresidentes.com\/2013\/06\/anemia-durante-el-embarazo.html\" target=\"_blank\" rel=\"noopener\">Anemia durante el embarazo<\/a><\/li>\n<li><a href=\"https:\/\/www.euroresidentes.com\/hogar\/consejos-trucos-remedios\/fruta-embarazo\">7 frutas que deber\u00edas consumir durante el embarazo<\/a><\/li>\n<\/ul>\n","protected":false},"excerpt":{"rendered":"<p>Vitaminas durante el embarazo Las vitaminas o suplementos prenatales ayudan a\u00a0garantizar que el aporte de nutrientes para las mujeres embarazadas y para sus beb\u00e9s son \u00f3ptimas. El embarazo es una fase\u00a0en la que es importante asegurar\u00a0que la madre obtiene\u00a0los nutrientes suficientes. Es un estado fisiol\u00f3gico de desequilibrio hormonal, nutricional e inmunol\u00f3gico, y para satisfacer las necesidades nutricionales del feto y de\u00a0la madre es necesario un mayor aporte de micronutrientes. Una dieta equilibrada ser\u00eda suficiente para poder satisfacer estas necesidades nutricionales, sin embargo, por distintas razones, muchas mujeres no llevan una dieta que permita la incorporaci\u00f3n de todos los nutrientes necesarios <\/p>\n","protected":false},"author":2,"featured_media":2524,"comment_status":"open","ping_status":"open","sticky":false,"template":"","format":"standard","meta":{"footnotes":""},"categories":[15],"tags":[],"class_list":["post-3343","post","type-post","status-publish","format-standard","has-post-thumbnail","hentry","category-embarazo","has_thumb"],"yoast_head":"<!-- This site is optimized with the Yoast SEO plugin v26.8 - https:\/\/yoast.com\/product\/yoast-seo-wordpress\/ -->\n<title>\u00bfSon necesarias las vitaminas prenatales? - Salud<\/title>\n<meta name=\"robots\" content=\"index, follow, max-snippet:-1, max-image-preview:large, max-video-preview:-1\" \/>\n<link rel=\"canonical\" href=\"https:\/\/www.euroresidentes.com\/salud\/por-que-son-necesarias-vitaminas-prenatales\/\" \/>\n<meta property=\"og:locale\" content=\"es_ES\" \/>\n<meta property=\"og:type\" content=\"article\" \/>\n<meta property=\"og:title\" content=\"\u00bfSon necesarias las vitaminas prenatales? - Salud\" \/>\n<meta property=\"og:description\" content=\"Vitaminas durante el embarazo Las vitaminas o suplementos prenatales ayudan a\u00a0garantizar que el aporte de nutrientes para las mujeres embarazadas y para sus beb\u00e9s son \u00f3ptimas. El embarazo es una fase\u00a0en la que es importante asegurar\u00a0que la madre obtiene\u00a0los nutrientes suficientes. Es un estado fisiol\u00f3gico de desequilibrio hormonal, nutricional e inmunol\u00f3gico, y para satisfacer las necesidades nutricionales del feto y de\u00a0la madre es necesario un mayor aporte de micronutrientes. Una dieta equilibrada ser\u00eda suficiente para poder satisfacer estas necesidades nutricionales, sin embargo, por distintas razones, muchas mujeres no llevan una dieta que permita la incorporaci\u00f3n de todos los nutrientes necesarios\" \/>\n<meta property=\"og:url\" content=\"https:\/\/www.euroresidentes.com\/salud\/por-que-son-necesarias-vitaminas-prenatales\/\" \/>\n<meta property=\"og:site_name\" content=\"Salud\" \/>\n<meta property=\"article:published_time\" content=\"2016-10-10T12:25:00+00:00\" \/>\n<meta property=\"article:modified_time\" content=\"2018-07-31T09:48:33+00:00\" \/>\n<meta property=\"og:image\" content=\"https:\/\/www.euroresidentes.com\/salud\/wp-content\/uploads\/2016\/10\/por-que-son-necesarias-las-vitaminas-prenatales.jpg\" \/>\n\t<meta property=\"og:image:width\" content=\"720\" \/>\n\t<meta property=\"og:image:height\" content=\"480\" \/>\n\t<meta property=\"og:image:type\" content=\"image\/jpeg\" \/>\n<meta name=\"author\" content=\"Raquel Pomares\" \/>\n<meta name=\"twitter:label1\" content=\"Written by\" \/>\n\t<meta name=\"twitter:data1\" content=\"Raquel Pomares\" \/>\n\t<meta name=\"twitter:label2\" content=\"Est. reading time\" \/>\n\t<meta name=\"twitter:data2\" content=\"4 minutos\" \/>\n<script type=\"application\/ld+json\" class=\"yoast-schema-graph\">{\"@context\":\"https:\/\/schema.org\",\"@graph\":[{\"@type\":\"Article\",\"@id\":\"https:\/\/www.euroresidentes.com\/salud\/por-que-son-necesarias-vitaminas-prenatales\/#article\",\"isPartOf\":{\"@id\":\"https:\/\/www.euroresidentes.com\/salud\/por-que-son-necesarias-vitaminas-prenatales\/\"},\"author\":{\"name\":\"Raquel Pomares\",\"@id\":\"https:\/\/www.euroresidentes.com\/salud\/#\/schema\/person\/c0299534643677f2282b416ac1fe97f1\"},\"headline\":\"\u00bfSon necesarias las vitaminas prenatales?\",\"datePublished\":\"2016-10-10T12:25:00+00:00\",\"dateModified\":\"2018-07-31T09:48:33+00:00\",\"mainEntityOfPage\":{\"@id\":\"https:\/\/www.euroresidentes.com\/salud\/por-que-son-necesarias-vitaminas-prenatales\/\"},\"wordCount\":740,\"commentCount\":0,\"image\":{\"@id\":\"https:\/\/www.euroresidentes.com\/salud\/por-que-son-necesarias-vitaminas-prenatales\/#primaryimage\"},\"thumbnailUrl\":\"https:\/\/www.euroresidentes.com\/salud\/wp-content\/uploads\/2016\/10\/por-que-son-necesarias-las-vitaminas-prenatales.jpg\",\"articleSection\":[\"Embarazo\"],\"inLanguage\":\"es\",\"potentialAction\":[{\"@type\":\"CommentAction\",\"name\":\"Comment\",\"target\":[\"https:\/\/www.euroresidentes.com\/salud\/por-que-son-necesarias-vitaminas-prenatales\/#respond\"]}]},{\"@type\":\"WebPage\",\"@id\":\"https:\/\/www.euroresidentes.com\/salud\/por-que-son-necesarias-vitaminas-prenatales\/\",\"url\":\"https:\/\/www.euroresidentes.com\/salud\/por-que-son-necesarias-vitaminas-prenatales\/\",\"name\":\"\u00bfSon necesarias las vitaminas prenatales? - Salud\",\"isPartOf\":{\"@id\":\"https:\/\/www.euroresidentes.com\/salud\/#website\"},\"primaryImageOfPage\":{\"@id\":\"https:\/\/www.euroresidentes.com\/salud\/por-que-son-necesarias-vitaminas-prenatales\/#primaryimage\"},\"image\":{\"@id\":\"https:\/\/www.euroresidentes.com\/salud\/por-que-son-necesarias-vitaminas-prenatales\/#primaryimage\"},\"thumbnailUrl\":\"https:\/\/www.euroresidentes.com\/salud\/wp-content\/uploads\/2016\/10\/por-que-son-necesarias-las-vitaminas-prenatales.jpg\",\"datePublished\":\"2016-10-10T12:25:00+00:00\",\"dateModified\":\"2018-07-31T09:48:33+00:00\",\"author\":{\"@id\":\"https:\/\/www.euroresidentes.com\/salud\/#\/schema\/person\/c0299534643677f2282b416ac1fe97f1\"},\"breadcrumb\":{\"@id\":\"https:\/\/www.euroresidentes.com\/salud\/por-que-son-necesarias-vitaminas-prenatales\/#breadcrumb\"},\"inLanguage\":\"es\",\"potentialAction\":[{\"@type\":\"ReadAction\",\"target\":[\"https:\/\/www.euroresidentes.com\/salud\/por-que-son-necesarias-vitaminas-prenatales\/\"]}]},{\"@type\":\"ImageObject\",\"inLanguage\":\"es\",\"@id\":\"https:\/\/www.euroresidentes.com\/salud\/por-que-son-necesarias-vitaminas-prenatales\/#primaryimage\",\"url\":\"https:\/\/www.euroresidentes.com\/salud\/wp-content\/uploads\/2016\/10\/por-que-son-necesarias-las-vitaminas-prenatales.jpg\",\"contentUrl\":\"https:\/\/www.euroresidentes.com\/salud\/wp-content\/uploads\/2016\/10\/por-que-son-necesarias-las-vitaminas-prenatales.jpg\",\"width\":720,\"height\":480},{\"@type\":\"BreadcrumbList\",\"@id\":\"https:\/\/www.euroresidentes.com\/salud\/por-que-son-necesarias-vitaminas-prenatales\/#breadcrumb\",\"itemListElement\":[{\"@type\":\"ListItem\",\"position\":1,\"name\":\"Portada\",\"item\":\"https:\/\/www.euroresidentes.com\/salud\/\"},{\"@type\":\"ListItem\",\"position\":2,\"name\":\"\u00bfSon necesarias las vitaminas prenatales?\"}]},{\"@type\":\"WebSite\",\"@id\":\"https:\/\/www.euroresidentes.com\/salud\/#website\",\"url\":\"https:\/\/www.euroresidentes.com\/salud\/\",\"name\":\"Salud\",\"description\":\"Consejos para el cuidado de la salud, vida sana, h\u00e1bitos saludables\",\"potentialAction\":[{\"@type\":\"SearchAction\",\"target\":{\"@type\":\"EntryPoint\",\"urlTemplate\":\"https:\/\/www.euroresidentes.com\/salud\/?s={search_term_string}\"},\"query-input\":{\"@type\":\"PropertyValueSpecification\",\"valueRequired\":true,\"valueName\":\"search_term_string\"}}],\"inLanguage\":\"es\"},{\"@type\":\"Person\",\"@id\":\"https:\/\/www.euroresidentes.com\/salud\/#\/schema\/person\/c0299534643677f2282b416ac1fe97f1\",\"name\":\"Raquel Pomares\",\"image\":{\"@type\":\"ImageObject\",\"inLanguage\":\"es\",\"@id\":\"https:\/\/www.euroresidentes.com\/salud\/#\/schema\/person\/image\/\",\"url\":\"https:\/\/www.euroresidentes.com\/salud\/wp-content\/uploads\/2016\/07\/YO2-150x150.jpg\",\"contentUrl\":\"https:\/\/www.euroresidentes.com\/salud\/wp-content\/uploads\/2016\/07\/YO2-150x150.jpg\",\"caption\":\"Raquel Pomares\"},\"description\":\"Raquel PomaresBi\u00f3loga, doctora y divulgadora cient\u00edfica especializada en temas de salud.\",\"sameAs\":[\"https:\/\/www.euroresidentes.com\/salud\/raquel-pomares.html\"],\"url\":\"https:\/\/www.euroresidentes.com\/salud\/author\/raquel\/\"}]}<\/script>\n<!-- \/ Yoast SEO plugin. -->","yoast_head_json":{"title":"\u00bfSon necesarias las vitaminas prenatales? - Salud","robots":{"index":"index","follow":"follow","max-snippet":"max-snippet:-1","max-image-preview":"max-image-preview:large","max-video-preview":"max-video-preview:-1"},"canonical":"https:\/\/www.euroresidentes.com\/salud\/por-que-son-necesarias-vitaminas-prenatales\/","og_locale":"es_ES","og_type":"article","og_title":"\u00bfSon necesarias las vitaminas prenatales? - Salud","og_description":"Vitaminas durante el embarazo Las vitaminas o suplementos prenatales ayudan a\u00a0garantizar que el aporte de nutrientes para las mujeres embarazadas y para sus beb\u00e9s son \u00f3ptimas. El embarazo es una fase\u00a0en la que es importante asegurar\u00a0que la madre obtiene\u00a0los nutrientes suficientes. Es un estado fisiol\u00f3gico de desequilibrio hormonal, nutricional e inmunol\u00f3gico, y para satisfacer las necesidades nutricionales del feto y de\u00a0la madre es necesario un mayor aporte de micronutrientes. Una dieta equilibrada ser\u00eda suficiente para poder satisfacer estas necesidades nutricionales, sin embargo, por distintas razones, muchas mujeres no llevan una dieta que permita la incorporaci\u00f3n de todos los nutrientes necesarios","og_url":"https:\/\/www.euroresidentes.com\/salud\/por-que-son-necesarias-vitaminas-prenatales\/","og_site_name":"Salud","article_published_time":"2016-10-10T12:25:00+00:00","article_modified_time":"2018-07-31T09:48:33+00:00","og_image":[{"width":720,"height":480,"url":"https:\/\/www.euroresidentes.com\/salud\/wp-content\/uploads\/2016\/10\/por-que-son-necesarias-las-vitaminas-prenatales.jpg","type":"image\/jpeg"}],"author":"Raquel Pomares","twitter_misc":{"Written by":"Raquel Pomares","Est. reading time":"4 minutos"},"schema":{"@context":"https:\/\/schema.org","@graph":[{"@type":"Article","@id":"https:\/\/www.euroresidentes.com\/salud\/por-que-son-necesarias-vitaminas-prenatales\/#article","isPartOf":{"@id":"https:\/\/www.euroresidentes.com\/salud\/por-que-son-necesarias-vitaminas-prenatales\/"},"author":{"name":"Raquel Pomares","@id":"https:\/\/www.euroresidentes.com\/salud\/#\/schema\/person\/c0299534643677f2282b416ac1fe97f1"},"headline":"\u00bfSon necesarias las vitaminas prenatales?","datePublished":"2016-10-10T12:25:00+00:00","dateModified":"2018-07-31T09:48:33+00:00","mainEntityOfPage":{"@id":"https:\/\/www.euroresidentes.com\/salud\/por-que-son-necesarias-vitaminas-prenatales\/"},"wordCount":740,"commentCount":0,"image":{"@id":"https:\/\/www.euroresidentes.com\/salud\/por-que-son-necesarias-vitaminas-prenatales\/#primaryimage"},"thumbnailUrl":"https:\/\/www.euroresidentes.com\/salud\/wp-content\/uploads\/2016\/10\/por-que-son-necesarias-las-vitaminas-prenatales.jpg","articleSection":["Embarazo"],"inLanguage":"es","potentialAction":[{"@type":"CommentAction","name":"Comment","target":["https:\/\/www.euroresidentes.com\/salud\/por-que-son-necesarias-vitaminas-prenatales\/#respond"]}]},{"@type":"WebPage","@id":"https:\/\/www.euroresidentes.com\/salud\/por-que-son-necesarias-vitaminas-prenatales\/","url":"https:\/\/www.euroresidentes.com\/salud\/por-que-son-necesarias-vitaminas-prenatales\/","name":"\u00bfSon necesarias las vitaminas prenatales? - Salud","isPartOf":{"@id":"https:\/\/www.euroresidentes.com\/salud\/#website"},"primaryImageOfPage":{"@id":"https:\/\/www.euroresidentes.com\/salud\/por-que-son-necesarias-vitaminas-prenatales\/#primaryimage"},"image":{"@id":"https:\/\/www.euroresidentes.com\/salud\/por-que-son-necesarias-vitaminas-prenatales\/#primaryimage"},"thumbnailUrl":"https:\/\/www.euroresidentes.com\/salud\/wp-content\/uploads\/2016\/10\/por-que-son-necesarias-las-vitaminas-prenatales.jpg","datePublished":"2016-10-10T12:25:00+00:00","dateModified":"2018-07-31T09:48:33+00:00","author":{"@id":"https:\/\/www.euroresidentes.com\/salud\/#\/schema\/person\/c0299534643677f2282b416ac1fe97f1"},"breadcrumb":{"@id":"https:\/\/www.euroresidentes.com\/salud\/por-que-son-necesarias-vitaminas-prenatales\/#breadcrumb"},"inLanguage":"es","potentialAction":[{"@type":"ReadAction","target":["https:\/\/www.euroresidentes.com\/salud\/por-que-son-necesarias-vitaminas-prenatales\/"]}]},{"@type":"ImageObject","inLanguage":"es","@id":"https:\/\/www.euroresidentes.com\/salud\/por-que-son-necesarias-vitaminas-prenatales\/#primaryimage","url":"https:\/\/www.euroresidentes.com\/salud\/wp-content\/uploads\/2016\/10\/por-que-son-necesarias-las-vitaminas-prenatales.jpg","contentUrl":"https:\/\/www.euroresidentes.com\/salud\/wp-content\/uploads\/2016\/10\/por-que-son-necesarias-las-vitaminas-prenatales.jpg","width":720,"height":480},{"@type":"BreadcrumbList","@id":"https:\/\/www.euroresidentes.com\/salud\/por-que-son-necesarias-vitaminas-prenatales\/#breadcrumb","itemListElement":[{"@type":"ListItem","position":1,"name":"Portada","item":"https:\/\/www.euroresidentes.com\/salud\/"},{"@type":"ListItem","position":2,"name":"\u00bfSon necesarias las vitaminas prenatales?"}]},{"@type":"WebSite","@id":"https:\/\/www.euroresidentes.com\/salud\/#website","url":"https:\/\/www.euroresidentes.com\/salud\/","name":"Salud","description":"Consejos para el cuidado de la salud, vida sana, h\u00e1bitos saludables","potentialAction":[{"@type":"SearchAction","target":{"@type":"EntryPoint","urlTemplate":"https:\/\/www.euroresidentes.com\/salud\/?s={search_term_string}"},"query-input":{"@type":"PropertyValueSpecification","valueRequired":true,"valueName":"search_term_string"}}],"inLanguage":"es"},{"@type":"Person","@id":"https:\/\/www.euroresidentes.com\/salud\/#\/schema\/person\/c0299534643677f2282b416ac1fe97f1","name":"Raquel Pomares","image":{"@type":"ImageObject","inLanguage":"es","@id":"https:\/\/www.euroresidentes.com\/salud\/#\/schema\/person\/image\/","url":"https:\/\/www.euroresidentes.com\/salud\/wp-content\/uploads\/2016\/07\/YO2-150x150.jpg","contentUrl":"https:\/\/www.euroresidentes.com\/salud\/wp-content\/uploads\/2016\/07\/YO2-150x150.jpg","caption":"Raquel Pomares"},"description":"Raquel PomaresBi\u00f3loga, doctora y divulgadora cient\u00edfica especializada en temas de salud.","sameAs":["https:\/\/www.euroresidentes.com\/salud\/raquel-pomares.html"],"url":"https:\/\/www.euroresidentes.com\/salud\/author\/raquel\/"}]}},"_links":{"self":[{"href":"https:\/\/www.euroresidentes.com\/salud\/wp-json\/wp\/v2\/posts\/3343","targetHints":{"allow":["GET"]}}],"collection":[{"href":"https:\/\/www.euroresidentes.com\/salud\/wp-json\/wp\/v2\/posts"}],"about":[{"href":"https:\/\/www.euroresidentes.com\/salud\/wp-json\/wp\/v2\/types\/post"}],"author":[{"embeddable":true,"href":"https:\/\/www.euroresidentes.com\/salud\/wp-json\/wp\/v2\/users\/2"}],"replies":[{"embeddable":true,"href":"https:\/\/www.euroresidentes.com\/salud\/wp-json\/wp\/v2\/comments?post=3343"}],"version-history":[{"count":6,"href":"https:\/\/www.euroresidentes.com\/salud\/wp-json\/wp\/v2\/posts\/3343\/revisions"}],"predecessor-version":[{"id":5848,"href":"https:\/\/www.euroresidentes.com\/salud\/wp-json\/wp\/v2\/posts\/3343\/revisions\/5848"}],"wp:featuredmedia":[{"embeddable":true,"href":"https:\/\/www.euroresidentes.com\/salud\/wp-json\/wp\/v2\/media\/2524"}],"wp:attachment":[{"href":"https:\/\/www.euroresidentes.com\/salud\/wp-json\/wp\/v2\/media?parent=3343"}],"wp:term":[{"taxonomy":"category","embeddable":true,"href":"https:\/\/www.euroresidentes.com\/salud\/wp-json\/wp\/v2\/categories?post=3343"},{"taxonomy":"post_tag","embeddable":true,"href":"https:\/\/www.euroresidentes.com\/salud\/wp-json\/wp\/v2\/tags?post=3343"}],"curies":[{"name":"wp","href":"https:\/\/api.w.org\/{rel}","templated":true}]}}