 

{"id":3329,"date":"2014-09-08T09:52:00","date_gmt":"2014-09-08T09:52:00","guid":{"rendered":"https:\/\/www.euroresidentes.com\/salud\/embarazo\/por-que-se-cae-el-pelo-despues-del-parto"},"modified":"2018-06-19T15:58:52","modified_gmt":"2018-06-19T13:58:52","slug":"por-que-se-cae-el-pelo-despues-del-parto","status":"publish","type":"post","link":"https:\/\/www.euroresidentes.com\/salud\/por-que-se-cae-el-pelo-despues-del-parto\/","title":{"rendered":"\u00bfPor qu\u00e9 se cae tanto el pelo despu\u00e9s del parto?"},"content":{"rendered":"<h3 class=\"separator\" style=\"clear: both; text-align: left;\">\u00bfHace poco que has tenido un beb\u00e9, y ahora est\u00e1 comenzando a caerte el pelo?<\/h3>\n<p style=\"text-align: left;\">\u00a1No te preocupes!<\/p>\n<p style=\"text-align: left;\">Esta p\u00e9rdida de cabello es completamente normal y est\u00e1 causada por la <strong>ca\u00edda de los niveles de hormonas<\/strong>.\u00a0Antes de que el ni\u00f1o cumpla su primer a\u00f1o todo volver\u00e1 a la normalidad.<\/p>\n<p style=\"text-align: justify;\"><a href=\"https:\/\/www.euroresidentes.com\/salud\/wp-content\/uploads\/2014\/09\/caida-pelo-postparto-euroresidentes.jpg\"><img loading=\"lazy\" decoding=\"async\" class=\"aligncenter size-full wp-image-1712\" src=\"https:\/\/www.euroresidentes.com\/salud\/wp-content\/uploads\/2014\/09\/caida-pelo-postparto-euroresidentes.jpg\" alt=\"Por qu\u00e9 se cae tanto el pelo despu\u00e9s de dar a luz\" width=\"700\" height=\"525\" \/><\/a><\/p>\n<p style=\"text-align: justify;\">\u00a0<\/p>\n<p style=\"text-align: left;\">La <strong>p\u00e9rdida de cabello<\/strong> se produce aproximadamente a los <strong>tres meses despu\u00e9s del parto<\/strong>, es algo\u00a0temporal y no tienes que hacer nada para remediarlo.<\/p>\n<p style=\"text-align: left;\">Durante el ciclo normal de crecimiento del cabello, aproximadamente el 90% del pelo est\u00e1 en fase de crecimiento, y el 10% restante en fase de reposo. Cada dos o tres meses, el cabello que est\u00e1 en fase de reposo se cae y crece pelo nuevo.<\/p>\n<p style=\"text-align: left;\">El<strong> aumento de las hormonas<\/strong> que se produce<strong> durante el embarazo<\/strong> hace que\u00a0un<strong> gran porcentaje de los cabellos<\/strong> entre en fase de reposo, y <strong>no caiga<\/strong>. Pero <strong>despu\u00e9s del parto<\/strong>, las hormonas vuelven a los niveles normales, y todo el cabello que no cay\u00f3 durante el embarazo <strong>cae\u00a0todo a la vez<\/strong>.<\/p>\n<p style=\"text-align: left;\">La\u00a0ca\u00edda\u00a0de cabello que se produce despu\u00e9s del parto\u00a0no suele causar calvicie o p\u00e9rdida permanente del cabello, y comienza a disminuir aproximadamente a los 3-4 meses despu\u00e9s del parto.<\/p>\n<div style=\"text-align: justify;\">\u00a0<\/div>\n<div style=\"text-align: justify;\">\u00a0<\/div>\n<h3 style=\"text-align: justify;\">Consejos para mejorar y reducir la p\u00e9rdida del cabello despu\u00e9s del parto.<\/h3>\n<p style=\"text-align: left;\">\u2022 Utiliza <strong>champ\u00fas que den volumen<\/strong>. Tambi\u00e9n es \u00fatil encontrar champ\u00fas que contengan biotina o s\u00edlice.<\/p>\n<p style=\"text-align: left;\">\u2022 Atr\u00e9vete con un<strong> nuevo corte de pelo<\/strong>. Algunos cortes dan m\u00e1s volumen al cabello.<\/p>\n<p style=\"text-align: left;\">\u2022 Evita coletas, trenzas, &#8230;<\/p>\n<p style=\"text-align: left;\">\u2022 Consume una <strong>dieta rica en frutas y verduras<\/strong>. Estos alimentos son ricos en flavonoides y antioxidantes que protegen a los fol\u00edculos del pelo y estimular el crecimiento del cabello.<\/p>\n<p style=\"text-align: left;\">\u2022 <strong>Reduce el uso de secador y planchas del pelo<\/strong>.<\/p>\n<p style=\"text-align: left;\">\u2022 Utiliza <strong>complementos nutricionales<\/strong> como\u00a0vitaminas del complejo B, biotina, vitamina C, vitamina E y zinc.<\/p>\n<div><img loading=\"lazy\" decoding=\"async\" class=\"aligncenter\" title=\"\u00bfPor qu\u00e9 se cae el pelo despu\u00e9s del parto?\" src=\"https:\/\/www.euroresidentes.com\/salud\/wp-content\/uploads\/2014\/09\/por-que-se-cae-el-pelo-despues-del-parto.jpg\" alt=\"\u00bfPor qu\u00e9 se cae el pelo despu\u00e9s del parto?\" width=\"499\" height=\"374\" border=\"0\" \/><\/div>\n<div><b>Seguir leyendo:<\/b><\/div>\n<div>\n<ul>\n<li><a href=\"http:\/\/embarazo.euroresidentes.com\/2014\/06\/cambios-en-el-pelo-durante-el-embarazo.html\" target=\"_blank\" rel=\"noopener\">Cambios en el pelo durante el embarazo<\/a><\/li>\n<li><a href=\"https:\/\/www.euroresidentes.com\/hogar\/consejos-trucos-remedios\/remedios-naturales-contra-la-caida-de\">Remedios naturales para la ca\u00edda del pelo<\/a><\/li>\n<\/ul>\n<\/div>\n","protected":false},"excerpt":{"rendered":"<p>\u00bfHace poco que has tenido un beb\u00e9, y ahora est\u00e1 comenzando a caerte el pelo? \u00a1No te preocupes! Esta p\u00e9rdida de cabello es completamente normal y est\u00e1 causada por la ca\u00edda de los niveles de hormonas.\u00a0Antes de que el ni\u00f1o cumpla su primer a\u00f1o todo volver\u00e1 a la normalidad. \u00a0 La p\u00e9rdida de cabello se produce aproximadamente a los tres meses despu\u00e9s del parto, es algo\u00a0temporal y no tienes que hacer nada para remediarlo. Durante el ciclo normal de crecimiento del cabello, aproximadamente el 90% del pelo est\u00e1 en fase de crecimiento, y el 10% restante en fase de reposo. <\/p>\n","protected":false},"author":2,"featured_media":2464,"comment_status":"open","ping_status":"open","sticky":false,"template":"","format":"standard","meta":{"footnotes":""},"categories":[15],"tags":[],"class_list":["post-3329","post","type-post","status-publish","format-standard","has-post-thumbnail","hentry","category-embarazo","has_thumb"],"yoast_head":"<!-- This site is optimized with the Yoast SEO plugin v26.8 - https:\/\/yoast.com\/product\/yoast-seo-wordpress\/ -->\n<title>\u00bfPor qu\u00e9 se cae tanto el pelo despu\u00e9s del parto? - Salud<\/title>\n<meta name=\"robots\" content=\"index, follow, max-snippet:-1, max-image-preview:large, max-video-preview:-1\" \/>\n<link rel=\"canonical\" href=\"https:\/\/www.euroresidentes.com\/salud\/por-que-se-cae-el-pelo-despues-del-parto\/\" \/>\n<meta property=\"og:locale\" content=\"es_ES\" \/>\n<meta property=\"og:type\" content=\"article\" \/>\n<meta property=\"og:title\" content=\"\u00bfPor qu\u00e9 se cae tanto el pelo despu\u00e9s del parto? - Salud\" \/>\n<meta property=\"og:description\" content=\"\u00bfHace poco que has tenido un beb\u00e9, y ahora est\u00e1 comenzando a caerte el pelo? \u00a1No te preocupes! Esta p\u00e9rdida de cabello es completamente normal y est\u00e1 causada por la ca\u00edda de los niveles de hormonas.\u00a0Antes de que el ni\u00f1o cumpla su primer a\u00f1o todo volver\u00e1 a la normalidad. \u00a0 La p\u00e9rdida de cabello se produce aproximadamente a los tres meses despu\u00e9s del parto, es algo\u00a0temporal y no tienes que hacer nada para remediarlo. Durante el ciclo normal de crecimiento del cabello, aproximadamente el 90% del pelo est\u00e1 en fase de crecimiento, y el 10% restante en fase de reposo.\" \/>\n<meta property=\"og:url\" content=\"https:\/\/www.euroresidentes.com\/salud\/por-que-se-cae-el-pelo-despues-del-parto\/\" \/>\n<meta property=\"og:site_name\" content=\"Salud\" \/>\n<meta property=\"article:published_time\" content=\"2014-09-08T09:52:00+00:00\" \/>\n<meta property=\"article:modified_time\" content=\"2018-06-19T13:58:52+00:00\" \/>\n<meta property=\"og:image\" content=\"https:\/\/www.euroresidentes.com\/salud\/wp-content\/uploads\/2014\/09\/por-que-se-cae-el-pelo-despues-del-parto.jpg\" \/>\n\t<meta property=\"og:image:width\" content=\"600\" \/>\n\t<meta property=\"og:image:height\" content=\"450\" \/>\n\t<meta property=\"og:image:type\" content=\"image\/jpeg\" \/>\n<meta name=\"author\" content=\"Raquel Pomares\" \/>\n<meta name=\"twitter:label1\" content=\"Written by\" \/>\n\t<meta name=\"twitter:data1\" content=\"Raquel Pomares\" \/>\n\t<meta name=\"twitter:label2\" content=\"Est. reading time\" \/>\n\t<meta name=\"twitter:data2\" content=\"2 minutos\" \/>\n<script type=\"application\/ld+json\" class=\"yoast-schema-graph\">{\"@context\":\"https:\/\/schema.org\",\"@graph\":[{\"@type\":\"Article\",\"@id\":\"https:\/\/www.euroresidentes.com\/salud\/por-que-se-cae-el-pelo-despues-del-parto\/#article\",\"isPartOf\":{\"@id\":\"https:\/\/www.euroresidentes.com\/salud\/por-que-se-cae-el-pelo-despues-del-parto\/\"},\"author\":{\"name\":\"Raquel Pomares\",\"@id\":\"https:\/\/www.euroresidentes.com\/salud\/#\/schema\/person\/c0299534643677f2282b416ac1fe97f1\"},\"headline\":\"\u00bfPor qu\u00e9 se cae tanto el pelo despu\u00e9s del parto?\",\"datePublished\":\"2014-09-08T09:52:00+00:00\",\"dateModified\":\"2018-06-19T13:58:52+00:00\",\"mainEntityOfPage\":{\"@id\":\"https:\/\/www.euroresidentes.com\/salud\/por-que-se-cae-el-pelo-despues-del-parto\/\"},\"wordCount\":347,\"commentCount\":1,\"image\":{\"@id\":\"https:\/\/www.euroresidentes.com\/salud\/por-que-se-cae-el-pelo-despues-del-parto\/#primaryimage\"},\"thumbnailUrl\":\"https:\/\/www.euroresidentes.com\/salud\/wp-content\/uploads\/2014\/09\/por-que-se-cae-el-pelo-despues-del-parto.jpg\",\"articleSection\":[\"Embarazo\"],\"inLanguage\":\"es\",\"potentialAction\":[{\"@type\":\"CommentAction\",\"name\":\"Comment\",\"target\":[\"https:\/\/www.euroresidentes.com\/salud\/por-que-se-cae-el-pelo-despues-del-parto\/#respond\"]}]},{\"@type\":\"WebPage\",\"@id\":\"https:\/\/www.euroresidentes.com\/salud\/por-que-se-cae-el-pelo-despues-del-parto\/\",\"url\":\"https:\/\/www.euroresidentes.com\/salud\/por-que-se-cae-el-pelo-despues-del-parto\/\",\"name\":\"\u00bfPor qu\u00e9 se cae tanto el pelo despu\u00e9s del parto? - Salud\",\"isPartOf\":{\"@id\":\"https:\/\/www.euroresidentes.com\/salud\/#website\"},\"primaryImageOfPage\":{\"@id\":\"https:\/\/www.euroresidentes.com\/salud\/por-que-se-cae-el-pelo-despues-del-parto\/#primaryimage\"},\"image\":{\"@id\":\"https:\/\/www.euroresidentes.com\/salud\/por-que-se-cae-el-pelo-despues-del-parto\/#primaryimage\"},\"thumbnailUrl\":\"https:\/\/www.euroresidentes.com\/salud\/wp-content\/uploads\/2014\/09\/por-que-se-cae-el-pelo-despues-del-parto.jpg\",\"datePublished\":\"2014-09-08T09:52:00+00:00\",\"dateModified\":\"2018-06-19T13:58:52+00:00\",\"author\":{\"@id\":\"https:\/\/www.euroresidentes.com\/salud\/#\/schema\/person\/c0299534643677f2282b416ac1fe97f1\"},\"breadcrumb\":{\"@id\":\"https:\/\/www.euroresidentes.com\/salud\/por-que-se-cae-el-pelo-despues-del-parto\/#breadcrumb\"},\"inLanguage\":\"es\",\"potentialAction\":[{\"@type\":\"ReadAction\",\"target\":[\"https:\/\/www.euroresidentes.com\/salud\/por-que-se-cae-el-pelo-despues-del-parto\/\"]}]},{\"@type\":\"ImageObject\",\"inLanguage\":\"es\",\"@id\":\"https:\/\/www.euroresidentes.com\/salud\/por-que-se-cae-el-pelo-despues-del-parto\/#primaryimage\",\"url\":\"https:\/\/www.euroresidentes.com\/salud\/wp-content\/uploads\/2014\/09\/por-que-se-cae-el-pelo-despues-del-parto.jpg\",\"contentUrl\":\"https:\/\/www.euroresidentes.com\/salud\/wp-content\/uploads\/2014\/09\/por-que-se-cae-el-pelo-despues-del-parto.jpg\",\"width\":600,\"height\":450},{\"@type\":\"BreadcrumbList\",\"@id\":\"https:\/\/www.euroresidentes.com\/salud\/por-que-se-cae-el-pelo-despues-del-parto\/#breadcrumb\",\"itemListElement\":[{\"@type\":\"ListItem\",\"position\":1,\"name\":\"Portada\",\"item\":\"https:\/\/www.euroresidentes.com\/salud\/\"},{\"@type\":\"ListItem\",\"position\":2,\"name\":\"\u00bfPor qu\u00e9 se cae tanto el pelo despu\u00e9s del parto?\"}]},{\"@type\":\"WebSite\",\"@id\":\"https:\/\/www.euroresidentes.com\/salud\/#website\",\"url\":\"https:\/\/www.euroresidentes.com\/salud\/\",\"name\":\"Salud\",\"description\":\"Consejos para el cuidado de la salud, vida sana, h\u00e1bitos saludables\",\"potentialAction\":[{\"@type\":\"SearchAction\",\"target\":{\"@type\":\"EntryPoint\",\"urlTemplate\":\"https:\/\/www.euroresidentes.com\/salud\/?s={search_term_string}\"},\"query-input\":{\"@type\":\"PropertyValueSpecification\",\"valueRequired\":true,\"valueName\":\"search_term_string\"}}],\"inLanguage\":\"es\"},{\"@type\":\"Person\",\"@id\":\"https:\/\/www.euroresidentes.com\/salud\/#\/schema\/person\/c0299534643677f2282b416ac1fe97f1\",\"name\":\"Raquel Pomares\",\"image\":{\"@type\":\"ImageObject\",\"inLanguage\":\"es\",\"@id\":\"https:\/\/www.euroresidentes.com\/salud\/#\/schema\/person\/image\/\",\"url\":\"https:\/\/www.euroresidentes.com\/salud\/wp-content\/uploads\/2016\/07\/YO2-150x150.jpg\",\"contentUrl\":\"https:\/\/www.euroresidentes.com\/salud\/wp-content\/uploads\/2016\/07\/YO2-150x150.jpg\",\"caption\":\"Raquel Pomares\"},\"description\":\"Raquel PomaresBi\u00f3loga, doctora y divulgadora cient\u00edfica especializada en temas de salud.\",\"sameAs\":[\"https:\/\/www.euroresidentes.com\/salud\/raquel-pomares.html\"],\"url\":\"https:\/\/www.euroresidentes.com\/salud\/author\/raquel\/\"}]}<\/script>\n<!-- \/ Yoast SEO plugin. -->","yoast_head_json":{"title":"\u00bfPor qu\u00e9 se cae tanto el pelo despu\u00e9s del parto? - Salud","robots":{"index":"index","follow":"follow","max-snippet":"max-snippet:-1","max-image-preview":"max-image-preview:large","max-video-preview":"max-video-preview:-1"},"canonical":"https:\/\/www.euroresidentes.com\/salud\/por-que-se-cae-el-pelo-despues-del-parto\/","og_locale":"es_ES","og_type":"article","og_title":"\u00bfPor qu\u00e9 se cae tanto el pelo despu\u00e9s del parto? - Salud","og_description":"\u00bfHace poco que has tenido un beb\u00e9, y ahora est\u00e1 comenzando a caerte el pelo? \u00a1No te preocupes! Esta p\u00e9rdida de cabello es completamente normal y est\u00e1 causada por la ca\u00edda de los niveles de hormonas.\u00a0Antes de que el ni\u00f1o cumpla su primer a\u00f1o todo volver\u00e1 a la normalidad. \u00a0 La p\u00e9rdida de cabello se produce aproximadamente a los tres meses despu\u00e9s del parto, es algo\u00a0temporal y no tienes que hacer nada para remediarlo. Durante el ciclo normal de crecimiento del cabello, aproximadamente el 90% del pelo est\u00e1 en fase de crecimiento, y el 10% restante en fase de reposo.","og_url":"https:\/\/www.euroresidentes.com\/salud\/por-que-se-cae-el-pelo-despues-del-parto\/","og_site_name":"Salud","article_published_time":"2014-09-08T09:52:00+00:00","article_modified_time":"2018-06-19T13:58:52+00:00","og_image":[{"width":600,"height":450,"url":"https:\/\/www.euroresidentes.com\/salud\/wp-content\/uploads\/2014\/09\/por-que-se-cae-el-pelo-despues-del-parto.jpg","type":"image\/jpeg"}],"author":"Raquel Pomares","twitter_misc":{"Written by":"Raquel Pomares","Est. reading time":"2 minutos"},"schema":{"@context":"https:\/\/schema.org","@graph":[{"@type":"Article","@id":"https:\/\/www.euroresidentes.com\/salud\/por-que-se-cae-el-pelo-despues-del-parto\/#article","isPartOf":{"@id":"https:\/\/www.euroresidentes.com\/salud\/por-que-se-cae-el-pelo-despues-del-parto\/"},"author":{"name":"Raquel Pomares","@id":"https:\/\/www.euroresidentes.com\/salud\/#\/schema\/person\/c0299534643677f2282b416ac1fe97f1"},"headline":"\u00bfPor qu\u00e9 se cae tanto el pelo despu\u00e9s del parto?","datePublished":"2014-09-08T09:52:00+00:00","dateModified":"2018-06-19T13:58:52+00:00","mainEntityOfPage":{"@id":"https:\/\/www.euroresidentes.com\/salud\/por-que-se-cae-el-pelo-despues-del-parto\/"},"wordCount":347,"commentCount":1,"image":{"@id":"https:\/\/www.euroresidentes.com\/salud\/por-que-se-cae-el-pelo-despues-del-parto\/#primaryimage"},"thumbnailUrl":"https:\/\/www.euroresidentes.com\/salud\/wp-content\/uploads\/2014\/09\/por-que-se-cae-el-pelo-despues-del-parto.jpg","articleSection":["Embarazo"],"inLanguage":"es","potentialAction":[{"@type":"CommentAction","name":"Comment","target":["https:\/\/www.euroresidentes.com\/salud\/por-que-se-cae-el-pelo-despues-del-parto\/#respond"]}]},{"@type":"WebPage","@id":"https:\/\/www.euroresidentes.com\/salud\/por-que-se-cae-el-pelo-despues-del-parto\/","url":"https:\/\/www.euroresidentes.com\/salud\/por-que-se-cae-el-pelo-despues-del-parto\/","name":"\u00bfPor qu\u00e9 se cae tanto el pelo despu\u00e9s del parto? - Salud","isPartOf":{"@id":"https:\/\/www.euroresidentes.com\/salud\/#website"},"primaryImageOfPage":{"@id":"https:\/\/www.euroresidentes.com\/salud\/por-que-se-cae-el-pelo-despues-del-parto\/#primaryimage"},"image":{"@id":"https:\/\/www.euroresidentes.com\/salud\/por-que-se-cae-el-pelo-despues-del-parto\/#primaryimage"},"thumbnailUrl":"https:\/\/www.euroresidentes.com\/salud\/wp-content\/uploads\/2014\/09\/por-que-se-cae-el-pelo-despues-del-parto.jpg","datePublished":"2014-09-08T09:52:00+00:00","dateModified":"2018-06-19T13:58:52+00:00","author":{"@id":"https:\/\/www.euroresidentes.com\/salud\/#\/schema\/person\/c0299534643677f2282b416ac1fe97f1"},"breadcrumb":{"@id":"https:\/\/www.euroresidentes.com\/salud\/por-que-se-cae-el-pelo-despues-del-parto\/#breadcrumb"},"inLanguage":"es","potentialAction":[{"@type":"ReadAction","target":["https:\/\/www.euroresidentes.com\/salud\/por-que-se-cae-el-pelo-despues-del-parto\/"]}]},{"@type":"ImageObject","inLanguage":"es","@id":"https:\/\/www.euroresidentes.com\/salud\/por-que-se-cae-el-pelo-despues-del-parto\/#primaryimage","url":"https:\/\/www.euroresidentes.com\/salud\/wp-content\/uploads\/2014\/09\/por-que-se-cae-el-pelo-despues-del-parto.jpg","contentUrl":"https:\/\/www.euroresidentes.com\/salud\/wp-content\/uploads\/2014\/09\/por-que-se-cae-el-pelo-despues-del-parto.jpg","width":600,"height":450},{"@type":"BreadcrumbList","@id":"https:\/\/www.euroresidentes.com\/salud\/por-que-se-cae-el-pelo-despues-del-parto\/#breadcrumb","itemListElement":[{"@type":"ListItem","position":1,"name":"Portada","item":"https:\/\/www.euroresidentes.com\/salud\/"},{"@type":"ListItem","position":2,"name":"\u00bfPor qu\u00e9 se cae tanto el pelo despu\u00e9s del parto?"}]},{"@type":"WebSite","@id":"https:\/\/www.euroresidentes.com\/salud\/#website","url":"https:\/\/www.euroresidentes.com\/salud\/","name":"Salud","description":"Consejos para el cuidado de la salud, vida sana, h\u00e1bitos saludables","potentialAction":[{"@type":"SearchAction","target":{"@type":"EntryPoint","urlTemplate":"https:\/\/www.euroresidentes.com\/salud\/?s={search_term_string}"},"query-input":{"@type":"PropertyValueSpecification","valueRequired":true,"valueName":"search_term_string"}}],"inLanguage":"es"},{"@type":"Person","@id":"https:\/\/www.euroresidentes.com\/salud\/#\/schema\/person\/c0299534643677f2282b416ac1fe97f1","name":"Raquel Pomares","image":{"@type":"ImageObject","inLanguage":"es","@id":"https:\/\/www.euroresidentes.com\/salud\/#\/schema\/person\/image\/","url":"https:\/\/www.euroresidentes.com\/salud\/wp-content\/uploads\/2016\/07\/YO2-150x150.jpg","contentUrl":"https:\/\/www.euroresidentes.com\/salud\/wp-content\/uploads\/2016\/07\/YO2-150x150.jpg","caption":"Raquel Pomares"},"description":"Raquel PomaresBi\u00f3loga, doctora y divulgadora cient\u00edfica especializada en temas de salud.","sameAs":["https:\/\/www.euroresidentes.com\/salud\/raquel-pomares.html"],"url":"https:\/\/www.euroresidentes.com\/salud\/author\/raquel\/"}]}},"_links":{"self":[{"href":"https:\/\/www.euroresidentes.com\/salud\/wp-json\/wp\/v2\/posts\/3329","targetHints":{"allow":["GET"]}}],"collection":[{"href":"https:\/\/www.euroresidentes.com\/salud\/wp-json\/wp\/v2\/posts"}],"about":[{"href":"https:\/\/www.euroresidentes.com\/salud\/wp-json\/wp\/v2\/types\/post"}],"author":[{"embeddable":true,"href":"https:\/\/www.euroresidentes.com\/salud\/wp-json\/wp\/v2\/users\/2"}],"replies":[{"embeddable":true,"href":"https:\/\/www.euroresidentes.com\/salud\/wp-json\/wp\/v2\/comments?post=3329"}],"version-history":[{"count":3,"href":"https:\/\/www.euroresidentes.com\/salud\/wp-json\/wp\/v2\/posts\/3329\/revisions"}],"predecessor-version":[{"id":5254,"href":"https:\/\/www.euroresidentes.com\/salud\/wp-json\/wp\/v2\/posts\/3329\/revisions\/5254"}],"wp:featuredmedia":[{"embeddable":true,"href":"https:\/\/www.euroresidentes.com\/salud\/wp-json\/wp\/v2\/media\/2464"}],"wp:attachment":[{"href":"https:\/\/www.euroresidentes.com\/salud\/wp-json\/wp\/v2\/media?parent=3329"}],"wp:term":[{"taxonomy":"category","embeddable":true,"href":"https:\/\/www.euroresidentes.com\/salud\/wp-json\/wp\/v2\/categories?post=3329"},{"taxonomy":"post_tag","embeddable":true,"href":"https:\/\/www.euroresidentes.com\/salud\/wp-json\/wp\/v2\/tags?post=3329"}],"curies":[{"name":"wp","href":"https:\/\/api.w.org\/{rel}","templated":true}]}}