 

{"id":3308,"date":"2015-01-22T10:23:00","date_gmt":"2015-01-22T10:23:00","guid":{"rendered":"https:\/\/www.euroresidentes.com\/salud\/embarazo\/el-olfato-en-las-mujeres-embarazadas"},"modified":"2018-06-11T14:43:24","modified_gmt":"2018-06-11T12:43:24","slug":"el-olfato-en-las-mujeres-embarazadas","status":"publish","type":"post","link":"https:\/\/www.euroresidentes.com\/salud\/el-olfato-en-las-mujeres-embarazadas\/","title":{"rendered":"El olfato en las mujeres embarazadas"},"content":{"rendered":"<div class=\"separator\" style=\"clear: both; text-align: center;\">\u00a0<\/div>\n<div class=\"separator\" style=\"clear: both; text-align: center;\"><a style=\"margin-left: 1em; margin-right: 1em;\" href=\"https:\/\/www.euroresidentes.com\/salud\/wp-content\/uploads\/2015\/01\/el-olfato-en-las-embarazadas.jpg\"><img decoding=\"async\" title=\"El olfato en las mujeres embarazadas\" src=\"https:\/\/www.euroresidentes.com\/salud\/wp-content\/uploads\/2015\/01\/el-olfato-en-las-embarazadas.jpg\" alt=\"El olfato en las mujeres embarazadas\" border=\"0\" \/><\/a><\/div>\n<p>&nbsp;<\/p>\n<div style=\"text-align: justify;\">\n<h3><b>Uno de los s\u00edntomas m\u00e1s comunes del embarazo es el aumento de la sensibilidad a los olores.\u00a0<\/b><\/h3>\n<\/div>\n<div style=\"text-align: justify;\">Muchas mujeres sospechan que est\u00e1n embarazas, incluso antes de que les falte la regla, porque se les agudiza el sentido del olfato. El olor de algunos perfumes, de la comida, o incluso el olor corporal pude resultar repugnante, e incluso provocar n\u00e1useas, sobre todo en el primer trimestre.\u00a0Los olores que hizo te hicieron sentir n\u00e1useas cuando no estabas embarazada de repente puede ser agradables, y viceversa.La mayor\u00eda de las mujeres experimentan este s\u00edntoma durante el primer trimestre, cuando las n\u00e1useas y los v\u00f3mitos son ya una parte importante de la vida del d\u00eda a d\u00eda.<\/div>\n<h3><b>\u00bfQu\u00e9 causa esta sensibilidad a los olores durante el embarazo?<\/b><\/h3>\n<div><b>\u00a0<\/b><\/div>\n<div style=\"text-align: justify;\">Al igual que muchos de los s\u00edntomas del embarazo, el r\u00e1pido aumento de los niveles de algunas hormonas es el causante de esta sensibilidad a los olores\u00a0que se producen durante el embarazo. En el caso del cambio en la sensibilidad a los olores que se produce durante el embarazo es el <b>aumento de los niveles de estr\u00f3geno<\/b>.<\/div>\n<h3><b>\u00bfQu\u00e9 se puede hacer?<\/b><\/h3>\n<p><b> <\/b> Hay muchas cosas que una mujer embarazada pueda para hacer frente a un elevado sentido del olfato:<\/p>\n<ul>\n<li><b>Evitar los lugares con mal olor.<\/b><\/li>\n<li><b>Deja las ventanas abiertas<\/b> para mantener el ambiente fresco y eliminar olores.<\/li>\n<li><b>Usar ambientadores o velas perfumadas<\/b> te puede ayudar a ocultar otros olores desagradables.<\/li>\n<li><b>Evita estar en ambientes cargados con humo o productos qu\u00edmicos fuertes<\/b>.<\/li>\n<li><b>Lavar la ropa con m\u00e1s frecuencia<\/b> de lo habitual para eliminar olores.<\/li>\n<li><b>Utiliza los productos de aseo<\/b> (jab\u00f3n, desodorante,&#8230;) <b>sin perfume<\/b>.<\/li>\n<li><b>Oler las cosas agradables.<\/b> Trate de rodearse de esos olores que realmente te hacen sentir mejor.<\/li>\n<li>La menta, el lim\u00f3n y el jengibre pueden ayudarte a calmar las n\u00e1useas.<\/li>\n<\/ul>\n<p><b>Lecturas relacionadas con: El olfato en las mujeres embarazadas.<\/b><\/p>\n<ul>\n<li><a href=\"http:\/\/embarazo.euroresidentes.com\/2014\/06\/cambios-en-el-pelo-durante-el-embarazo.html\" target=\"_blank\" rel=\"noopener\">Cambios en el pelo durante el embarazo<\/a><\/li>\n<li><a href=\"http:\/\/embarazo.euroresidentes.com\/2013\/02\/nauseas-embarazo.html\" target=\"_blank\" rel=\"noopener\">Nauseas durante el embarazo<\/a><\/li>\n<li><a href=\"http:\/\/embarazo.euroresidentes.com\/2013\/09\/las-nauseas-son-un-signo-de-embarazo.html\" target=\"_blank\" rel=\"noopener\">Las n\u00e1useas son un signo de embarazo saludable<\/a><\/li>\n<\/ul>\n","protected":false},"excerpt":{"rendered":"<p>\u00a0 &nbsp; Uno de los s\u00edntomas m\u00e1s comunes del embarazo es el aumento de la sensibilidad a los olores.\u00a0 Muchas mujeres sospechan que est\u00e1n embarazas, incluso antes de que les falte la regla, porque se les agudiza el sentido del olfato. El olor de algunos perfumes, de la comida, o incluso el olor corporal pude resultar repugnante, e incluso provocar n\u00e1useas, sobre todo en el primer trimestre.\u00a0Los olores que hizo te hicieron sentir n\u00e1useas cuando no estabas embarazada de repente puede ser agradables, y viceversa.La mayor\u00eda de las mujeres experimentan este s\u00edntoma durante el primer trimestre, cuando las n\u00e1useas y <\/p>\n","protected":false},"author":2,"featured_media":2390,"comment_status":"open","ping_status":"open","sticky":false,"template":"","format":"standard","meta":{"footnotes":""},"categories":[15],"tags":[],"class_list":["post-3308","post","type-post","status-publish","format-standard","has-post-thumbnail","hentry","category-embarazo","has_thumb"],"yoast_head":"<!-- This site is optimized with the Yoast SEO plugin v26.8 - https:\/\/yoast.com\/product\/yoast-seo-wordpress\/ -->\n<title>El olfato en las mujeres embarazadas - Salud<\/title>\n<meta name=\"robots\" content=\"index, follow, max-snippet:-1, max-image-preview:large, max-video-preview:-1\" \/>\n<link rel=\"canonical\" href=\"https:\/\/www.euroresidentes.com\/salud\/el-olfato-en-las-mujeres-embarazadas\/\" \/>\n<meta property=\"og:locale\" content=\"es_ES\" \/>\n<meta property=\"og:type\" content=\"article\" \/>\n<meta property=\"og:title\" content=\"El olfato en las mujeres embarazadas - Salud\" \/>\n<meta property=\"og:description\" content=\"\u00a0 &nbsp; Uno de los s\u00edntomas m\u00e1s comunes del embarazo es el aumento de la sensibilidad a los olores.\u00a0 Muchas mujeres sospechan que est\u00e1n embarazas, incluso antes de que les falte la regla, porque se les agudiza el sentido del olfato. El olor de algunos perfumes, de la comida, o incluso el olor corporal pude resultar repugnante, e incluso provocar n\u00e1useas, sobre todo en el primer trimestre.\u00a0Los olores que hizo te hicieron sentir n\u00e1useas cuando no estabas embarazada de repente puede ser agradables, y viceversa.La mayor\u00eda de las mujeres experimentan este s\u00edntoma durante el primer trimestre, cuando las n\u00e1useas y\" \/>\n<meta property=\"og:url\" content=\"https:\/\/www.euroresidentes.com\/salud\/el-olfato-en-las-mujeres-embarazadas\/\" \/>\n<meta property=\"og:site_name\" content=\"Salud\" \/>\n<meta property=\"article:published_time\" content=\"2015-01-22T10:23:00+00:00\" \/>\n<meta property=\"article:modified_time\" content=\"2018-06-11T12:43:24+00:00\" \/>\n<meta property=\"og:image\" content=\"https:\/\/www.euroresidentes.com\/salud\/wp-content\/uploads\/2015\/01\/el-olfato-en-las-embarazadas.jpg\" \/>\n\t<meta property=\"og:image:width\" content=\"600\" \/>\n\t<meta property=\"og:image:height\" content=\"450\" \/>\n\t<meta property=\"og:image:type\" content=\"image\/jpeg\" \/>\n<meta name=\"author\" content=\"Raquel Pomares\" \/>\n<meta name=\"twitter:label1\" content=\"Written by\" \/>\n\t<meta name=\"twitter:data1\" content=\"Raquel Pomares\" \/>\n\t<meta name=\"twitter:label2\" content=\"Est. reading time\" \/>\n\t<meta name=\"twitter:data2\" content=\"2 minutos\" \/>\n<script type=\"application\/ld+json\" class=\"yoast-schema-graph\">{\"@context\":\"https:\/\/schema.org\",\"@graph\":[{\"@type\":\"Article\",\"@id\":\"https:\/\/www.euroresidentes.com\/salud\/el-olfato-en-las-mujeres-embarazadas\/#article\",\"isPartOf\":{\"@id\":\"https:\/\/www.euroresidentes.com\/salud\/el-olfato-en-las-mujeres-embarazadas\/\"},\"author\":{\"name\":\"Raquel Pomares\",\"@id\":\"https:\/\/www.euroresidentes.com\/salud\/#\/schema\/person\/c0299534643677f2282b416ac1fe97f1\"},\"headline\":\"El olfato en las mujeres embarazadas\",\"datePublished\":\"2015-01-22T10:23:00+00:00\",\"dateModified\":\"2018-06-11T12:43:24+00:00\",\"mainEntityOfPage\":{\"@id\":\"https:\/\/www.euroresidentes.com\/salud\/el-olfato-en-las-mujeres-embarazadas\/\"},\"wordCount\":350,\"commentCount\":0,\"image\":{\"@id\":\"https:\/\/www.euroresidentes.com\/salud\/el-olfato-en-las-mujeres-embarazadas\/#primaryimage\"},\"thumbnailUrl\":\"https:\/\/www.euroresidentes.com\/salud\/wp-content\/uploads\/2015\/01\/el-olfato-en-las-embarazadas.jpg\",\"articleSection\":[\"Embarazo\"],\"inLanguage\":\"es\",\"potentialAction\":[{\"@type\":\"CommentAction\",\"name\":\"Comment\",\"target\":[\"https:\/\/www.euroresidentes.com\/salud\/el-olfato-en-las-mujeres-embarazadas\/#respond\"]}]},{\"@type\":\"WebPage\",\"@id\":\"https:\/\/www.euroresidentes.com\/salud\/el-olfato-en-las-mujeres-embarazadas\/\",\"url\":\"https:\/\/www.euroresidentes.com\/salud\/el-olfato-en-las-mujeres-embarazadas\/\",\"name\":\"El olfato en las mujeres embarazadas - Salud\",\"isPartOf\":{\"@id\":\"https:\/\/www.euroresidentes.com\/salud\/#website\"},\"primaryImageOfPage\":{\"@id\":\"https:\/\/www.euroresidentes.com\/salud\/el-olfato-en-las-mujeres-embarazadas\/#primaryimage\"},\"image\":{\"@id\":\"https:\/\/www.euroresidentes.com\/salud\/el-olfato-en-las-mujeres-embarazadas\/#primaryimage\"},\"thumbnailUrl\":\"https:\/\/www.euroresidentes.com\/salud\/wp-content\/uploads\/2015\/01\/el-olfato-en-las-embarazadas.jpg\",\"datePublished\":\"2015-01-22T10:23:00+00:00\",\"dateModified\":\"2018-06-11T12:43:24+00:00\",\"author\":{\"@id\":\"https:\/\/www.euroresidentes.com\/salud\/#\/schema\/person\/c0299534643677f2282b416ac1fe97f1\"},\"breadcrumb\":{\"@id\":\"https:\/\/www.euroresidentes.com\/salud\/el-olfato-en-las-mujeres-embarazadas\/#breadcrumb\"},\"inLanguage\":\"es\",\"potentialAction\":[{\"@type\":\"ReadAction\",\"target\":[\"https:\/\/www.euroresidentes.com\/salud\/el-olfato-en-las-mujeres-embarazadas\/\"]}]},{\"@type\":\"ImageObject\",\"inLanguage\":\"es\",\"@id\":\"https:\/\/www.euroresidentes.com\/salud\/el-olfato-en-las-mujeres-embarazadas\/#primaryimage\",\"url\":\"https:\/\/www.euroresidentes.com\/salud\/wp-content\/uploads\/2015\/01\/el-olfato-en-las-embarazadas.jpg\",\"contentUrl\":\"https:\/\/www.euroresidentes.com\/salud\/wp-content\/uploads\/2015\/01\/el-olfato-en-las-embarazadas.jpg\",\"width\":600,\"height\":450},{\"@type\":\"BreadcrumbList\",\"@id\":\"https:\/\/www.euroresidentes.com\/salud\/el-olfato-en-las-mujeres-embarazadas\/#breadcrumb\",\"itemListElement\":[{\"@type\":\"ListItem\",\"position\":1,\"name\":\"Portada\",\"item\":\"https:\/\/www.euroresidentes.com\/salud\/\"},{\"@type\":\"ListItem\",\"position\":2,\"name\":\"El olfato en las mujeres embarazadas\"}]},{\"@type\":\"WebSite\",\"@id\":\"https:\/\/www.euroresidentes.com\/salud\/#website\",\"url\":\"https:\/\/www.euroresidentes.com\/salud\/\",\"name\":\"Salud\",\"description\":\"Consejos para el cuidado de la salud, vida sana, h\u00e1bitos saludables\",\"potentialAction\":[{\"@type\":\"SearchAction\",\"target\":{\"@type\":\"EntryPoint\",\"urlTemplate\":\"https:\/\/www.euroresidentes.com\/salud\/?s={search_term_string}\"},\"query-input\":{\"@type\":\"PropertyValueSpecification\",\"valueRequired\":true,\"valueName\":\"search_term_string\"}}],\"inLanguage\":\"es\"},{\"@type\":\"Person\",\"@id\":\"https:\/\/www.euroresidentes.com\/salud\/#\/schema\/person\/c0299534643677f2282b416ac1fe97f1\",\"name\":\"Raquel Pomares\",\"image\":{\"@type\":\"ImageObject\",\"inLanguage\":\"es\",\"@id\":\"https:\/\/www.euroresidentes.com\/salud\/#\/schema\/person\/image\/\",\"url\":\"https:\/\/www.euroresidentes.com\/salud\/wp-content\/uploads\/2016\/07\/YO2-150x150.jpg\",\"contentUrl\":\"https:\/\/www.euroresidentes.com\/salud\/wp-content\/uploads\/2016\/07\/YO2-150x150.jpg\",\"caption\":\"Raquel Pomares\"},\"description\":\"Raquel PomaresBi\u00f3loga, doctora y divulgadora cient\u00edfica especializada en temas de salud.\",\"sameAs\":[\"https:\/\/www.euroresidentes.com\/salud\/raquel-pomares.html\"],\"url\":\"https:\/\/www.euroresidentes.com\/salud\/author\/raquel\/\"}]}<\/script>\n<!-- \/ Yoast SEO plugin. -->","yoast_head_json":{"title":"El olfato en las mujeres embarazadas - Salud","robots":{"index":"index","follow":"follow","max-snippet":"max-snippet:-1","max-image-preview":"max-image-preview:large","max-video-preview":"max-video-preview:-1"},"canonical":"https:\/\/www.euroresidentes.com\/salud\/el-olfato-en-las-mujeres-embarazadas\/","og_locale":"es_ES","og_type":"article","og_title":"El olfato en las mujeres embarazadas - Salud","og_description":"\u00a0 &nbsp; Uno de los s\u00edntomas m\u00e1s comunes del embarazo es el aumento de la sensibilidad a los olores.\u00a0 Muchas mujeres sospechan que est\u00e1n embarazas, incluso antes de que les falte la regla, porque se les agudiza el sentido del olfato. El olor de algunos perfumes, de la comida, o incluso el olor corporal pude resultar repugnante, e incluso provocar n\u00e1useas, sobre todo en el primer trimestre.\u00a0Los olores que hizo te hicieron sentir n\u00e1useas cuando no estabas embarazada de repente puede ser agradables, y viceversa.La mayor\u00eda de las mujeres experimentan este s\u00edntoma durante el primer trimestre, cuando las n\u00e1useas y","og_url":"https:\/\/www.euroresidentes.com\/salud\/el-olfato-en-las-mujeres-embarazadas\/","og_site_name":"Salud","article_published_time":"2015-01-22T10:23:00+00:00","article_modified_time":"2018-06-11T12:43:24+00:00","og_image":[{"width":600,"height":450,"url":"https:\/\/www.euroresidentes.com\/salud\/wp-content\/uploads\/2015\/01\/el-olfato-en-las-embarazadas.jpg","type":"image\/jpeg"}],"author":"Raquel Pomares","twitter_misc":{"Written by":"Raquel Pomares","Est. reading time":"2 minutos"},"schema":{"@context":"https:\/\/schema.org","@graph":[{"@type":"Article","@id":"https:\/\/www.euroresidentes.com\/salud\/el-olfato-en-las-mujeres-embarazadas\/#article","isPartOf":{"@id":"https:\/\/www.euroresidentes.com\/salud\/el-olfato-en-las-mujeres-embarazadas\/"},"author":{"name":"Raquel Pomares","@id":"https:\/\/www.euroresidentes.com\/salud\/#\/schema\/person\/c0299534643677f2282b416ac1fe97f1"},"headline":"El olfato en las mujeres embarazadas","datePublished":"2015-01-22T10:23:00+00:00","dateModified":"2018-06-11T12:43:24+00:00","mainEntityOfPage":{"@id":"https:\/\/www.euroresidentes.com\/salud\/el-olfato-en-las-mujeres-embarazadas\/"},"wordCount":350,"commentCount":0,"image":{"@id":"https:\/\/www.euroresidentes.com\/salud\/el-olfato-en-las-mujeres-embarazadas\/#primaryimage"},"thumbnailUrl":"https:\/\/www.euroresidentes.com\/salud\/wp-content\/uploads\/2015\/01\/el-olfato-en-las-embarazadas.jpg","articleSection":["Embarazo"],"inLanguage":"es","potentialAction":[{"@type":"CommentAction","name":"Comment","target":["https:\/\/www.euroresidentes.com\/salud\/el-olfato-en-las-mujeres-embarazadas\/#respond"]}]},{"@type":"WebPage","@id":"https:\/\/www.euroresidentes.com\/salud\/el-olfato-en-las-mujeres-embarazadas\/","url":"https:\/\/www.euroresidentes.com\/salud\/el-olfato-en-las-mujeres-embarazadas\/","name":"El olfato en las mujeres embarazadas - Salud","isPartOf":{"@id":"https:\/\/www.euroresidentes.com\/salud\/#website"},"primaryImageOfPage":{"@id":"https:\/\/www.euroresidentes.com\/salud\/el-olfato-en-las-mujeres-embarazadas\/#primaryimage"},"image":{"@id":"https:\/\/www.euroresidentes.com\/salud\/el-olfato-en-las-mujeres-embarazadas\/#primaryimage"},"thumbnailUrl":"https:\/\/www.euroresidentes.com\/salud\/wp-content\/uploads\/2015\/01\/el-olfato-en-las-embarazadas.jpg","datePublished":"2015-01-22T10:23:00+00:00","dateModified":"2018-06-11T12:43:24+00:00","author":{"@id":"https:\/\/www.euroresidentes.com\/salud\/#\/schema\/person\/c0299534643677f2282b416ac1fe97f1"},"breadcrumb":{"@id":"https:\/\/www.euroresidentes.com\/salud\/el-olfato-en-las-mujeres-embarazadas\/#breadcrumb"},"inLanguage":"es","potentialAction":[{"@type":"ReadAction","target":["https:\/\/www.euroresidentes.com\/salud\/el-olfato-en-las-mujeres-embarazadas\/"]}]},{"@type":"ImageObject","inLanguage":"es","@id":"https:\/\/www.euroresidentes.com\/salud\/el-olfato-en-las-mujeres-embarazadas\/#primaryimage","url":"https:\/\/www.euroresidentes.com\/salud\/wp-content\/uploads\/2015\/01\/el-olfato-en-las-embarazadas.jpg","contentUrl":"https:\/\/www.euroresidentes.com\/salud\/wp-content\/uploads\/2015\/01\/el-olfato-en-las-embarazadas.jpg","width":600,"height":450},{"@type":"BreadcrumbList","@id":"https:\/\/www.euroresidentes.com\/salud\/el-olfato-en-las-mujeres-embarazadas\/#breadcrumb","itemListElement":[{"@type":"ListItem","position":1,"name":"Portada","item":"https:\/\/www.euroresidentes.com\/salud\/"},{"@type":"ListItem","position":2,"name":"El olfato en las mujeres embarazadas"}]},{"@type":"WebSite","@id":"https:\/\/www.euroresidentes.com\/salud\/#website","url":"https:\/\/www.euroresidentes.com\/salud\/","name":"Salud","description":"Consejos para el cuidado de la salud, vida sana, h\u00e1bitos saludables","potentialAction":[{"@type":"SearchAction","target":{"@type":"EntryPoint","urlTemplate":"https:\/\/www.euroresidentes.com\/salud\/?s={search_term_string}"},"query-input":{"@type":"PropertyValueSpecification","valueRequired":true,"valueName":"search_term_string"}}],"inLanguage":"es"},{"@type":"Person","@id":"https:\/\/www.euroresidentes.com\/salud\/#\/schema\/person\/c0299534643677f2282b416ac1fe97f1","name":"Raquel Pomares","image":{"@type":"ImageObject","inLanguage":"es","@id":"https:\/\/www.euroresidentes.com\/salud\/#\/schema\/person\/image\/","url":"https:\/\/www.euroresidentes.com\/salud\/wp-content\/uploads\/2016\/07\/YO2-150x150.jpg","contentUrl":"https:\/\/www.euroresidentes.com\/salud\/wp-content\/uploads\/2016\/07\/YO2-150x150.jpg","caption":"Raquel Pomares"},"description":"Raquel PomaresBi\u00f3loga, doctora y divulgadora cient\u00edfica especializada en temas de salud.","sameAs":["https:\/\/www.euroresidentes.com\/salud\/raquel-pomares.html"],"url":"https:\/\/www.euroresidentes.com\/salud\/author\/raquel\/"}]}},"_links":{"self":[{"href":"https:\/\/www.euroresidentes.com\/salud\/wp-json\/wp\/v2\/posts\/3308","targetHints":{"allow":["GET"]}}],"collection":[{"href":"https:\/\/www.euroresidentes.com\/salud\/wp-json\/wp\/v2\/posts"}],"about":[{"href":"https:\/\/www.euroresidentes.com\/salud\/wp-json\/wp\/v2\/types\/post"}],"author":[{"embeddable":true,"href":"https:\/\/www.euroresidentes.com\/salud\/wp-json\/wp\/v2\/users\/2"}],"replies":[{"embeddable":true,"href":"https:\/\/www.euroresidentes.com\/salud\/wp-json\/wp\/v2\/comments?post=3308"}],"version-history":[{"count":2,"href":"https:\/\/www.euroresidentes.com\/salud\/wp-json\/wp\/v2\/posts\/3308\/revisions"}],"predecessor-version":[{"id":5084,"href":"https:\/\/www.euroresidentes.com\/salud\/wp-json\/wp\/v2\/posts\/3308\/revisions\/5084"}],"wp:featuredmedia":[{"embeddable":true,"href":"https:\/\/www.euroresidentes.com\/salud\/wp-json\/wp\/v2\/media\/2390"}],"wp:attachment":[{"href":"https:\/\/www.euroresidentes.com\/salud\/wp-json\/wp\/v2\/media?parent=3308"}],"wp:term":[{"taxonomy":"category","embeddable":true,"href":"https:\/\/www.euroresidentes.com\/salud\/wp-json\/wp\/v2\/categories?post=3308"},{"taxonomy":"post_tag","embeddable":true,"href":"https:\/\/www.euroresidentes.com\/salud\/wp-json\/wp\/v2\/tags?post=3308"}],"curies":[{"name":"wp","href":"https:\/\/api.w.org\/{rel}","templated":true}]}}