 

{"id":330,"date":"2015-08-27T12:08:00","date_gmt":"2015-08-27T10:08:00","guid":{"rendered":"https:\/\/www.euroresidentes.com\/salud\/cancer-colon\/depresion-y-cancer-de-colon"},"modified":"2018-06-11T12:06:35","modified_gmt":"2018-06-11T10:06:35","slug":"depresion-y-cancer-de-colon","status":"publish","type":"post","link":"https:\/\/www.euroresidentes.com\/salud\/depresion-y-cancer-de-colon\/","title":{"rendered":"Depresi\u00f3n en pacientes con c\u00e1ncer de colon"},"content":{"rendered":"<h3>El diagn\u00f3stico de un c\u00e1ncer de colon puede hacer que aparezcan algunos s\u00edntomas de depresi\u00f3n<\/h3>\n<div style=\"text-align: justify;\">M\u00e1s all\u00e1 de choque inicial que supone el diagn\u00f3stico, son muchas las personas diagnosticadas con c\u00e1ncer de colon se sienten desanimadas, enfadadas o impotente.<\/div>\n<div style=\"text-align: justify;\">Se estima que\u00a0aproximadamente el 25% de los pacientes con c\u00e1ncer va a\u00a0desarrollar o tener una depresi\u00f3n cl\u00ednica.<\/div>\n<div style=\"text-align: justify;\">\n<div style=\"text-align: center;\">\u00a0<a style=\"margin-left: 1em; margin-right: 1em;\" href=\"https:\/\/euroresidentes.com\/salud\/wp-content\/uploads\/2015\/08\/depresion-y-cancer-de-colon2.jpg\"><img decoding=\"async\" title=\"Depresi\u00f3n y c\u00e1ncer de colon\" src=\"https:\/\/euroresidentes.com\/salud\/wp-content\/uploads\/2015\/08\/depresion-y-cancer-de-colon2.jpg\" alt=\"Depresi\u00f3n y c\u00e1ncer de colon\" border=\"0\" \/><\/a><\/div>\n<\/div>\n<div style=\"text-align: justify;\">Para algunas personas, este bajo estado de \u00e1nimo puede continuar o incluso empeorar, y necesitar ayuda o tratamiento profesional.<\/div>\n<div style=\"text-align: justify;\">Los s\u00edntomas de la depresi\u00f3n incluyen:<\/div>\n<ul>\n<li>Estado de \u00e1nimo bajo la mayor parte del tiempo.<\/li>\n<li>Sensaci\u00f3n de cansancio\u00a0o falta de energ\u00eda.<\/li>\n<li>Incapacidad para disfrutar de la vida o de las actividades de las que normalmente disfrutaba.<\/li>\n<li>Llanto f\u00e1cil.<\/li>\n<li>Dificultad para concentrarse o tomar decisiones<\/li>\n<li>Inusualmente irritable o impaciente.<\/li>\n<li>Problemas de sue\u00f1o<\/li>\n<li>P\u00e9rdida del deseo sexual.<\/li>\n<\/ul>\n<h3 style=\"text-align: justify;\">\u00a0<\/h3>\n<h3 style=\"text-align: justify;\">\u00bfC\u00f3mo hacer frente a la depresi\u00f3n?<\/h3>\n<div style=\"text-align: justify;\">Es importante recordar que sentir algo de tristeza despu\u00e9s del diagn\u00f3stico de un c\u00e1ncer de colon es com\u00fan, y por lo general suele superarse con \u00e9xito.<\/div>\n<div style=\"text-align: justify;\">Las t\u00e9cnicas de autoayuda, las terapias con profesionales o con grupos de apoyo, y en el caso que sea necesario, la medicaci\u00f3n antidepresiva puede ser de ayuda para la recuperaci\u00f3n de un mejor estado de \u00e1nimo. <img loading=\"lazy\" decoding=\"async\" class=\"aligncenter\" title=\"Depresi\u00f3n y c\u00e1ncer de colon\" src=\"https:\/\/euroresidentes.com\/salud\/wp-content\/uploads\/2015\/08\/depresion-y-cancer-de-colon3.jpg\" alt=\"Depresi\u00f3n y c\u00e1ncer de colon\" width=\"320\" height=\"240\" border=\"0\" \/> <b>Seguir leyendo:\u00a0<\/b><\/p>\n<ul>\n<li><a href=\"http:\/\/cancer-colon.euroresidentes.com\/2013\/10\/vivir-con-un-cancer-de-colon.html\" target=\"_blank\" rel=\"noopener\">Vivir con un c\u00e1ncer de colon<\/a><\/li>\n<\/ul>\n<\/div>\n","protected":false},"excerpt":{"rendered":"<p>El diagn\u00f3stico de un c\u00e1ncer de colon puede hacer que aparezcan algunos s\u00edntomas de depresi\u00f3n M\u00e1s all\u00e1 de choque inicial que supone el diagn\u00f3stico, son muchas las personas diagnosticadas con c\u00e1ncer de colon se sienten desanimadas, enfadadas o impotente. Se estima que\u00a0aproximadamente el 25% de los pacientes con c\u00e1ncer va a\u00a0desarrollar o tener una depresi\u00f3n cl\u00ednica. \u00a0 Para algunas personas, este bajo estado de \u00e1nimo puede continuar o incluso empeorar, y necesitar ayuda o tratamiento profesional. Los s\u00edntomas de la depresi\u00f3n incluyen: Estado de \u00e1nimo bajo la mayor parte del tiempo. Sensaci\u00f3n de cansancio\u00a0o falta de energ\u00eda. Incapacidad para disfrutar <\/p>\n","protected":false},"author":2,"featured_media":4178,"comment_status":"open","ping_status":"open","sticky":false,"template":"","format":"standard","meta":{"footnotes":""},"categories":[9],"tags":[],"class_list":["post-330","post","type-post","status-publish","format-standard","has-post-thumbnail","hentry","category-cancer-colon","has_thumb"],"yoast_head":"<!-- This site is optimized with the Yoast SEO plugin v26.8 - https:\/\/yoast.com\/product\/yoast-seo-wordpress\/ -->\n<title>Depresi\u00f3n en pacientes con c\u00e1ncer de colon - Salud<\/title>\n<meta name=\"robots\" content=\"index, follow, max-snippet:-1, max-image-preview:large, max-video-preview:-1\" \/>\n<link rel=\"canonical\" href=\"https:\/\/www.euroresidentes.com\/salud\/depresion-y-cancer-de-colon\/\" \/>\n<meta property=\"og:locale\" content=\"es_ES\" \/>\n<meta property=\"og:type\" content=\"article\" \/>\n<meta property=\"og:title\" content=\"Depresi\u00f3n en pacientes con c\u00e1ncer de colon - Salud\" \/>\n<meta property=\"og:description\" content=\"El diagn\u00f3stico de un c\u00e1ncer de colon puede hacer que aparezcan algunos s\u00edntomas de depresi\u00f3n M\u00e1s all\u00e1 de choque inicial que supone el diagn\u00f3stico, son muchas las personas diagnosticadas con c\u00e1ncer de colon se sienten desanimadas, enfadadas o impotente. Se estima que\u00a0aproximadamente el 25% de los pacientes con c\u00e1ncer va a\u00a0desarrollar o tener una depresi\u00f3n cl\u00ednica. \u00a0 Para algunas personas, este bajo estado de \u00e1nimo puede continuar o incluso empeorar, y necesitar ayuda o tratamiento profesional. Los s\u00edntomas de la depresi\u00f3n incluyen: Estado de \u00e1nimo bajo la mayor parte del tiempo. Sensaci\u00f3n de cansancio\u00a0o falta de energ\u00eda. Incapacidad para disfrutar\" \/>\n<meta property=\"og:url\" content=\"https:\/\/www.euroresidentes.com\/salud\/depresion-y-cancer-de-colon\/\" \/>\n<meta property=\"og:site_name\" content=\"Salud\" \/>\n<meta property=\"article:published_time\" content=\"2015-08-27T10:08:00+00:00\" \/>\n<meta property=\"article:modified_time\" content=\"2018-06-11T10:06:35+00:00\" \/>\n<meta property=\"og:image\" content=\"https:\/\/www.euroresidentes.com\/salud\/wp-content\/uploads\/2015\/08\/depresion-y-cancer-de-colon2.jpg\" \/>\n\t<meta property=\"og:image:width\" content=\"600\" \/>\n\t<meta property=\"og:image:height\" content=\"450\" \/>\n\t<meta property=\"og:image:type\" content=\"image\/jpeg\" \/>\n<meta name=\"author\" content=\"Raquel Pomares\" \/>\n<meta name=\"twitter:label1\" content=\"Written by\" \/>\n\t<meta name=\"twitter:data1\" content=\"Raquel Pomares\" \/>\n\t<meta name=\"twitter:label2\" content=\"Est. reading time\" \/>\n\t<meta name=\"twitter:data2\" content=\"1 minuto\" \/>\n<script type=\"application\/ld+json\" class=\"yoast-schema-graph\">{\"@context\":\"https:\/\/schema.org\",\"@graph\":[{\"@type\":\"Article\",\"@id\":\"https:\/\/www.euroresidentes.com\/salud\/depresion-y-cancer-de-colon\/#article\",\"isPartOf\":{\"@id\":\"https:\/\/www.euroresidentes.com\/salud\/depresion-y-cancer-de-colon\/\"},\"author\":{\"name\":\"Raquel Pomares\",\"@id\":\"https:\/\/www.euroresidentes.com\/salud\/#\/schema\/person\/c0299534643677f2282b416ac1fe97f1\"},\"headline\":\"Depresi\u00f3n en pacientes con c\u00e1ncer de colon\",\"datePublished\":\"2015-08-27T10:08:00+00:00\",\"dateModified\":\"2018-06-11T10:06:35+00:00\",\"mainEntityOfPage\":{\"@id\":\"https:\/\/www.euroresidentes.com\/salud\/depresion-y-cancer-de-colon\/\"},\"wordCount\":244,\"commentCount\":0,\"image\":{\"@id\":\"https:\/\/www.euroresidentes.com\/salud\/depresion-y-cancer-de-colon\/#primaryimage\"},\"thumbnailUrl\":\"https:\/\/www.euroresidentes.com\/salud\/wp-content\/uploads\/2015\/08\/depresion-y-cancer-de-colon2.jpg\",\"articleSection\":[\"C\u00e1ncer de colon\"],\"inLanguage\":\"es\",\"potentialAction\":[{\"@type\":\"CommentAction\",\"name\":\"Comment\",\"target\":[\"https:\/\/www.euroresidentes.com\/salud\/depresion-y-cancer-de-colon\/#respond\"]}]},{\"@type\":\"WebPage\",\"@id\":\"https:\/\/www.euroresidentes.com\/salud\/depresion-y-cancer-de-colon\/\",\"url\":\"https:\/\/www.euroresidentes.com\/salud\/depresion-y-cancer-de-colon\/\",\"name\":\"Depresi\u00f3n en pacientes con c\u00e1ncer de colon - Salud\",\"isPartOf\":{\"@id\":\"https:\/\/www.euroresidentes.com\/salud\/#website\"},\"primaryImageOfPage\":{\"@id\":\"https:\/\/www.euroresidentes.com\/salud\/depresion-y-cancer-de-colon\/#primaryimage\"},\"image\":{\"@id\":\"https:\/\/www.euroresidentes.com\/salud\/depresion-y-cancer-de-colon\/#primaryimage\"},\"thumbnailUrl\":\"https:\/\/www.euroresidentes.com\/salud\/wp-content\/uploads\/2015\/08\/depresion-y-cancer-de-colon2.jpg\",\"datePublished\":\"2015-08-27T10:08:00+00:00\",\"dateModified\":\"2018-06-11T10:06:35+00:00\",\"author\":{\"@id\":\"https:\/\/www.euroresidentes.com\/salud\/#\/schema\/person\/c0299534643677f2282b416ac1fe97f1\"},\"breadcrumb\":{\"@id\":\"https:\/\/www.euroresidentes.com\/salud\/depresion-y-cancer-de-colon\/#breadcrumb\"},\"inLanguage\":\"es\",\"potentialAction\":[{\"@type\":\"ReadAction\",\"target\":[\"https:\/\/www.euroresidentes.com\/salud\/depresion-y-cancer-de-colon\/\"]}]},{\"@type\":\"ImageObject\",\"inLanguage\":\"es\",\"@id\":\"https:\/\/www.euroresidentes.com\/salud\/depresion-y-cancer-de-colon\/#primaryimage\",\"url\":\"https:\/\/www.euroresidentes.com\/salud\/wp-content\/uploads\/2015\/08\/depresion-y-cancer-de-colon2.jpg\",\"contentUrl\":\"https:\/\/www.euroresidentes.com\/salud\/wp-content\/uploads\/2015\/08\/depresion-y-cancer-de-colon2.jpg\",\"width\":600,\"height\":450},{\"@type\":\"BreadcrumbList\",\"@id\":\"https:\/\/www.euroresidentes.com\/salud\/depresion-y-cancer-de-colon\/#breadcrumb\",\"itemListElement\":[{\"@type\":\"ListItem\",\"position\":1,\"name\":\"Portada\",\"item\":\"https:\/\/www.euroresidentes.com\/salud\/\"},{\"@type\":\"ListItem\",\"position\":2,\"name\":\"Depresi\u00f3n en pacientes con c\u00e1ncer de colon\"}]},{\"@type\":\"WebSite\",\"@id\":\"https:\/\/www.euroresidentes.com\/salud\/#website\",\"url\":\"https:\/\/www.euroresidentes.com\/salud\/\",\"name\":\"Salud\",\"description\":\"Consejos para el cuidado de la salud, vida sana, h\u00e1bitos saludables\",\"potentialAction\":[{\"@type\":\"SearchAction\",\"target\":{\"@type\":\"EntryPoint\",\"urlTemplate\":\"https:\/\/www.euroresidentes.com\/salud\/?s={search_term_string}\"},\"query-input\":{\"@type\":\"PropertyValueSpecification\",\"valueRequired\":true,\"valueName\":\"search_term_string\"}}],\"inLanguage\":\"es\"},{\"@type\":\"Person\",\"@id\":\"https:\/\/www.euroresidentes.com\/salud\/#\/schema\/person\/c0299534643677f2282b416ac1fe97f1\",\"name\":\"Raquel Pomares\",\"image\":{\"@type\":\"ImageObject\",\"inLanguage\":\"es\",\"@id\":\"https:\/\/www.euroresidentes.com\/salud\/#\/schema\/person\/image\/\",\"url\":\"https:\/\/www.euroresidentes.com\/salud\/wp-content\/uploads\/2016\/07\/YO2-150x150.jpg\",\"contentUrl\":\"https:\/\/www.euroresidentes.com\/salud\/wp-content\/uploads\/2016\/07\/YO2-150x150.jpg\",\"caption\":\"Raquel Pomares\"},\"description\":\"Raquel PomaresBi\u00f3loga, doctora y divulgadora cient\u00edfica especializada en temas de salud.\",\"sameAs\":[\"https:\/\/www.euroresidentes.com\/salud\/raquel-pomares.html\"],\"url\":\"https:\/\/www.euroresidentes.com\/salud\/author\/raquel\/\"}]}<\/script>\n<!-- \/ Yoast SEO plugin. -->","yoast_head_json":{"title":"Depresi\u00f3n en pacientes con c\u00e1ncer de colon - Salud","robots":{"index":"index","follow":"follow","max-snippet":"max-snippet:-1","max-image-preview":"max-image-preview:large","max-video-preview":"max-video-preview:-1"},"canonical":"https:\/\/www.euroresidentes.com\/salud\/depresion-y-cancer-de-colon\/","og_locale":"es_ES","og_type":"article","og_title":"Depresi\u00f3n en pacientes con c\u00e1ncer de colon - Salud","og_description":"El diagn\u00f3stico de un c\u00e1ncer de colon puede hacer que aparezcan algunos s\u00edntomas de depresi\u00f3n M\u00e1s all\u00e1 de choque inicial que supone el diagn\u00f3stico, son muchas las personas diagnosticadas con c\u00e1ncer de colon se sienten desanimadas, enfadadas o impotente. Se estima que\u00a0aproximadamente el 25% de los pacientes con c\u00e1ncer va a\u00a0desarrollar o tener una depresi\u00f3n cl\u00ednica. \u00a0 Para algunas personas, este bajo estado de \u00e1nimo puede continuar o incluso empeorar, y necesitar ayuda o tratamiento profesional. Los s\u00edntomas de la depresi\u00f3n incluyen: Estado de \u00e1nimo bajo la mayor parte del tiempo. Sensaci\u00f3n de cansancio\u00a0o falta de energ\u00eda. Incapacidad para disfrutar","og_url":"https:\/\/www.euroresidentes.com\/salud\/depresion-y-cancer-de-colon\/","og_site_name":"Salud","article_published_time":"2015-08-27T10:08:00+00:00","article_modified_time":"2018-06-11T10:06:35+00:00","og_image":[{"width":600,"height":450,"url":"https:\/\/www.euroresidentes.com\/salud\/wp-content\/uploads\/2015\/08\/depresion-y-cancer-de-colon2.jpg","type":"image\/jpeg"}],"author":"Raquel Pomares","twitter_misc":{"Written by":"Raquel Pomares","Est. reading time":"1 minuto"},"schema":{"@context":"https:\/\/schema.org","@graph":[{"@type":"Article","@id":"https:\/\/www.euroresidentes.com\/salud\/depresion-y-cancer-de-colon\/#article","isPartOf":{"@id":"https:\/\/www.euroresidentes.com\/salud\/depresion-y-cancer-de-colon\/"},"author":{"name":"Raquel Pomares","@id":"https:\/\/www.euroresidentes.com\/salud\/#\/schema\/person\/c0299534643677f2282b416ac1fe97f1"},"headline":"Depresi\u00f3n en pacientes con c\u00e1ncer de colon","datePublished":"2015-08-27T10:08:00+00:00","dateModified":"2018-06-11T10:06:35+00:00","mainEntityOfPage":{"@id":"https:\/\/www.euroresidentes.com\/salud\/depresion-y-cancer-de-colon\/"},"wordCount":244,"commentCount":0,"image":{"@id":"https:\/\/www.euroresidentes.com\/salud\/depresion-y-cancer-de-colon\/#primaryimage"},"thumbnailUrl":"https:\/\/www.euroresidentes.com\/salud\/wp-content\/uploads\/2015\/08\/depresion-y-cancer-de-colon2.jpg","articleSection":["C\u00e1ncer de colon"],"inLanguage":"es","potentialAction":[{"@type":"CommentAction","name":"Comment","target":["https:\/\/www.euroresidentes.com\/salud\/depresion-y-cancer-de-colon\/#respond"]}]},{"@type":"WebPage","@id":"https:\/\/www.euroresidentes.com\/salud\/depresion-y-cancer-de-colon\/","url":"https:\/\/www.euroresidentes.com\/salud\/depresion-y-cancer-de-colon\/","name":"Depresi\u00f3n en pacientes con c\u00e1ncer de colon - Salud","isPartOf":{"@id":"https:\/\/www.euroresidentes.com\/salud\/#website"},"primaryImageOfPage":{"@id":"https:\/\/www.euroresidentes.com\/salud\/depresion-y-cancer-de-colon\/#primaryimage"},"image":{"@id":"https:\/\/www.euroresidentes.com\/salud\/depresion-y-cancer-de-colon\/#primaryimage"},"thumbnailUrl":"https:\/\/www.euroresidentes.com\/salud\/wp-content\/uploads\/2015\/08\/depresion-y-cancer-de-colon2.jpg","datePublished":"2015-08-27T10:08:00+00:00","dateModified":"2018-06-11T10:06:35+00:00","author":{"@id":"https:\/\/www.euroresidentes.com\/salud\/#\/schema\/person\/c0299534643677f2282b416ac1fe97f1"},"breadcrumb":{"@id":"https:\/\/www.euroresidentes.com\/salud\/depresion-y-cancer-de-colon\/#breadcrumb"},"inLanguage":"es","potentialAction":[{"@type":"ReadAction","target":["https:\/\/www.euroresidentes.com\/salud\/depresion-y-cancer-de-colon\/"]}]},{"@type":"ImageObject","inLanguage":"es","@id":"https:\/\/www.euroresidentes.com\/salud\/depresion-y-cancer-de-colon\/#primaryimage","url":"https:\/\/www.euroresidentes.com\/salud\/wp-content\/uploads\/2015\/08\/depresion-y-cancer-de-colon2.jpg","contentUrl":"https:\/\/www.euroresidentes.com\/salud\/wp-content\/uploads\/2015\/08\/depresion-y-cancer-de-colon2.jpg","width":600,"height":450},{"@type":"BreadcrumbList","@id":"https:\/\/www.euroresidentes.com\/salud\/depresion-y-cancer-de-colon\/#breadcrumb","itemListElement":[{"@type":"ListItem","position":1,"name":"Portada","item":"https:\/\/www.euroresidentes.com\/salud\/"},{"@type":"ListItem","position":2,"name":"Depresi\u00f3n en pacientes con c\u00e1ncer de colon"}]},{"@type":"WebSite","@id":"https:\/\/www.euroresidentes.com\/salud\/#website","url":"https:\/\/www.euroresidentes.com\/salud\/","name":"Salud","description":"Consejos para el cuidado de la salud, vida sana, h\u00e1bitos saludables","potentialAction":[{"@type":"SearchAction","target":{"@type":"EntryPoint","urlTemplate":"https:\/\/www.euroresidentes.com\/salud\/?s={search_term_string}"},"query-input":{"@type":"PropertyValueSpecification","valueRequired":true,"valueName":"search_term_string"}}],"inLanguage":"es"},{"@type":"Person","@id":"https:\/\/www.euroresidentes.com\/salud\/#\/schema\/person\/c0299534643677f2282b416ac1fe97f1","name":"Raquel Pomares","image":{"@type":"ImageObject","inLanguage":"es","@id":"https:\/\/www.euroresidentes.com\/salud\/#\/schema\/person\/image\/","url":"https:\/\/www.euroresidentes.com\/salud\/wp-content\/uploads\/2016\/07\/YO2-150x150.jpg","contentUrl":"https:\/\/www.euroresidentes.com\/salud\/wp-content\/uploads\/2016\/07\/YO2-150x150.jpg","caption":"Raquel Pomares"},"description":"Raquel PomaresBi\u00f3loga, doctora y divulgadora cient\u00edfica especializada en temas de salud.","sameAs":["https:\/\/www.euroresidentes.com\/salud\/raquel-pomares.html"],"url":"https:\/\/www.euroresidentes.com\/salud\/author\/raquel\/"}]}},"_links":{"self":[{"href":"https:\/\/www.euroresidentes.com\/salud\/wp-json\/wp\/v2\/posts\/330","targetHints":{"allow":["GET"]}}],"collection":[{"href":"https:\/\/www.euroresidentes.com\/salud\/wp-json\/wp\/v2\/posts"}],"about":[{"href":"https:\/\/www.euroresidentes.com\/salud\/wp-json\/wp\/v2\/types\/post"}],"author":[{"embeddable":true,"href":"https:\/\/www.euroresidentes.com\/salud\/wp-json\/wp\/v2\/users\/2"}],"replies":[{"embeddable":true,"href":"https:\/\/www.euroresidentes.com\/salud\/wp-json\/wp\/v2\/comments?post=330"}],"version-history":[{"count":3,"href":"https:\/\/www.euroresidentes.com\/salud\/wp-json\/wp\/v2\/posts\/330\/revisions"}],"predecessor-version":[{"id":4904,"href":"https:\/\/www.euroresidentes.com\/salud\/wp-json\/wp\/v2\/posts\/330\/revisions\/4904"}],"wp:featuredmedia":[{"embeddable":true,"href":"https:\/\/www.euroresidentes.com\/salud\/wp-json\/wp\/v2\/media\/4178"}],"wp:attachment":[{"href":"https:\/\/www.euroresidentes.com\/salud\/wp-json\/wp\/v2\/media?parent=330"}],"wp:term":[{"taxonomy":"category","embeddable":true,"href":"https:\/\/www.euroresidentes.com\/salud\/wp-json\/wp\/v2\/categories?post=330"},{"taxonomy":"post_tag","embeddable":true,"href":"https:\/\/www.euroresidentes.com\/salud\/wp-json\/wp\/v2\/tags?post=330"}],"curies":[{"name":"wp","href":"https:\/\/api.w.org\/{rel}","templated":true}]}}