 

{"id":3291,"date":"2015-09-02T12:57:00","date_gmt":"2015-09-02T12:57:00","guid":{"rendered":"https:\/\/www.euroresidentes.com\/salud\/embarazo\/es-normal-que-mi-bebe-se-mueva-mucho"},"modified":"2018-06-11T14:05:23","modified_gmt":"2018-06-11T12:05:23","slug":"es-normal-que-mi-bebe-se-mueva-mucho","status":"publish","type":"post","link":"https:\/\/www.euroresidentes.com\/salud\/es-normal-que-mi-bebe-se-mueva-mucho\/","title":{"rendered":"\u00bfEs normal que mi beb\u00e9 se mueva mucho?"},"content":{"rendered":"<h3>Un beb\u00e9 activo es signo de beb\u00e9 sano<\/h3>\n<div class=\"separator\" style=\"clear: both; text-align: center;\"><a style=\"margin-left: 1em; margin-right: 1em;\" href=\"https:\/\/www.euroresidentes.com\/salud\/wp-content\/uploads\/2015\/09\/es-normal-que-mi-bebe-se-mueva-mucho.jpg\"><img decoding=\"async\" title=\"\u00bfEs normal que mi beb\u00e9 se mueva mucho?\" src=\"https:\/\/www.euroresidentes.com\/salud\/wp-content\/uploads\/2015\/09\/es-normal-que-mi-bebe-se-mueva-mucho.jpg\" alt=\"\u00bfEs normal que mi beb\u00e9 se mueva mucho?\" border=\"0\" \/><\/a><\/div>\n<div style=\"text-align: justify;\">Las mujeres deben estar atentas cuando su beb\u00e9 se est\u00e1 moviendo menos de lo normal, ya que esto puede ser se\u00f1al de algo no anda bien en el embarazo.<\/div>\n<div style=\"text-align: justify;\">\u00a0<\/div>\n<div style=\"text-align: justify;\">Es normal que a lo largo del d\u00eda, el beb\u00e9 pase <b>per\u00edodos activos<\/b> y <b>per\u00edodos de calma<\/b>. Normalmente alrededor de la semana 28 ya se puede reconocer un <b>patr\u00f3n de movimiento<\/b> que es normal para cada beb\u00e9.Muchas veces, los beb\u00e9s est\u00e1n m\u00e1s activos durante la noche, y otros beb\u00e9s son muy activo durante todo el d\u00eda y la noche.<\/div>\n<div style=\"text-align: justify;\">\u00a0<\/div>\n<div style=\"text-align: justify;\">Esto es normal, s\u00f3lo se trata de <b>reconocer lo que es normal para cada beb\u00e9<\/b>. Si tu beb\u00e9 se mueve <b>menos de lo normal<\/b>, es importante acudir al <b>m\u00e9dico<\/b> para que compruebe que todo est\u00e1 bien.<\/div>\n<div style=\"text-align: justify;\">\u00a0<\/div>\n<div style=\"text-align: justify;\">A mitad del embarazo los movimientos se sienten m\u00e1s a menudo, ya que el beb\u00e9 todav\u00eda tiene mucho espacio para moverse, y en esta etapa es suficientemente fuerte, por lo que los movimientos pueden sentirse como patadas y pu\u00f1etazos.<\/div>\n<div style=\"text-align: justify;\">\u00a0<\/div>\n<div style=\"text-align: justify;\">\u00a0<\/div>\n<div style=\"text-align: justify;\">\u00a0<\/div>\n<div style=\"text-align: justify;\"><b>Seguir leyendo:\u00a0<\/b><\/div>\n<ul>\n<li><a href=\"http:\/\/embarazo.euroresidentes.com\/2013\/03\/primeros-movimientos-del-bebe-en-el.html\" target=\"_blank\" rel=\"noopener\">Primeros movimientos del beb\u00e9 en el embarazo<\/a><\/li>\n<li><a href=\"http:\/\/embarazo.euroresidentes.com\/2014\/05\/cuanto-se-tiene-que-mover-el-bebe-en-el.html\" target=\"_blank\" rel=\"noopener\">\u00bfCu\u00e1nto se tiene que mover el beb\u00e9 en el vientre?<\/a><\/li>\n<li><a href=\"http:\/\/embarazo.euroresidentes.com\/2014\/09\/movimientos-fetales-cuando-empiezan-y.html\" target=\"_blank\" rel=\"noopener\">Movimientos fetales: cu\u00e1ndo empiezan y c\u00f3mo son<\/a><\/li>\n<\/ul>\n","protected":false},"excerpt":{"rendered":"<p>Un beb\u00e9 activo es signo de beb\u00e9 sano Las mujeres deben estar atentas cuando su beb\u00e9 se est\u00e1 moviendo menos de lo normal, ya que esto puede ser se\u00f1al de algo no anda bien en el embarazo. \u00a0 Es normal que a lo largo del d\u00eda, el beb\u00e9 pase per\u00edodos activos y per\u00edodos de calma. Normalmente alrededor de la semana 28 ya se puede reconocer un patr\u00f3n de movimiento que es normal para cada beb\u00e9.Muchas veces, los beb\u00e9s est\u00e1n m\u00e1s activos durante la noche, y otros beb\u00e9s son muy activo durante todo el d\u00eda y la noche. \u00a0 Esto es <\/p>\n","protected":false},"author":2,"featured_media":2314,"comment_status":"open","ping_status":"open","sticky":false,"template":"","format":"standard","meta":{"footnotes":""},"categories":[15],"tags":[],"class_list":["post-3291","post","type-post","status-publish","format-standard","has-post-thumbnail","hentry","category-embarazo","has_thumb"],"yoast_head":"<!-- This site is optimized with the Yoast SEO plugin v26.8 - https:\/\/yoast.com\/product\/yoast-seo-wordpress\/ -->\n<title>\u00bfEs normal que mi beb\u00e9 se mueva mucho? - Salud<\/title>\n<meta name=\"robots\" content=\"index, follow, max-snippet:-1, max-image-preview:large, max-video-preview:-1\" \/>\n<link rel=\"canonical\" href=\"https:\/\/www.euroresidentes.com\/salud\/es-normal-que-mi-bebe-se-mueva-mucho\/\" \/>\n<meta property=\"og:locale\" content=\"es_ES\" \/>\n<meta property=\"og:type\" content=\"article\" \/>\n<meta property=\"og:title\" content=\"\u00bfEs normal que mi beb\u00e9 se mueva mucho? - Salud\" \/>\n<meta property=\"og:description\" content=\"Un beb\u00e9 activo es signo de beb\u00e9 sano Las mujeres deben estar atentas cuando su beb\u00e9 se est\u00e1 moviendo menos de lo normal, ya que esto puede ser se\u00f1al de algo no anda bien en el embarazo. \u00a0 Es normal que a lo largo del d\u00eda, el beb\u00e9 pase per\u00edodos activos y per\u00edodos de calma. Normalmente alrededor de la semana 28 ya se puede reconocer un patr\u00f3n de movimiento que es normal para cada beb\u00e9.Muchas veces, los beb\u00e9s est\u00e1n m\u00e1s activos durante la noche, y otros beb\u00e9s son muy activo durante todo el d\u00eda y la noche. \u00a0 Esto es\" \/>\n<meta property=\"og:url\" content=\"https:\/\/www.euroresidentes.com\/salud\/es-normal-que-mi-bebe-se-mueva-mucho\/\" \/>\n<meta property=\"og:site_name\" content=\"Salud\" \/>\n<meta property=\"article:published_time\" content=\"2015-09-02T12:57:00+00:00\" \/>\n<meta property=\"article:modified_time\" content=\"2018-06-11T12:05:23+00:00\" \/>\n<meta property=\"og:image\" content=\"https:\/\/www.euroresidentes.com\/salud\/wp-content\/uploads\/2015\/09\/es-normal-que-mi-bebe-se-mueva-mucho.jpg\" \/>\n\t<meta property=\"og:image:width\" content=\"600\" \/>\n\t<meta property=\"og:image:height\" content=\"450\" \/>\n\t<meta property=\"og:image:type\" content=\"image\/jpeg\" \/>\n<meta name=\"author\" content=\"Raquel Pomares\" \/>\n<meta name=\"twitter:label1\" content=\"Written by\" \/>\n\t<meta name=\"twitter:data1\" content=\"Raquel Pomares\" \/>\n\t<meta name=\"twitter:label2\" content=\"Est. reading time\" \/>\n\t<meta name=\"twitter:data2\" content=\"1 minuto\" \/>\n<script type=\"application\/ld+json\" class=\"yoast-schema-graph\">{\"@context\":\"https:\/\/schema.org\",\"@graph\":[{\"@type\":\"Article\",\"@id\":\"https:\/\/www.euroresidentes.com\/salud\/es-normal-que-mi-bebe-se-mueva-mucho\/#article\",\"isPartOf\":{\"@id\":\"https:\/\/www.euroresidentes.com\/salud\/es-normal-que-mi-bebe-se-mueva-mucho\/\"},\"author\":{\"name\":\"Raquel Pomares\",\"@id\":\"https:\/\/www.euroresidentes.com\/salud\/#\/schema\/person\/c0299534643677f2282b416ac1fe97f1\"},\"headline\":\"\u00bfEs normal que mi beb\u00e9 se mueva mucho?\",\"datePublished\":\"2015-09-02T12:57:00+00:00\",\"dateModified\":\"2018-06-11T12:05:23+00:00\",\"mainEntityOfPage\":{\"@id\":\"https:\/\/www.euroresidentes.com\/salud\/es-normal-que-mi-bebe-se-mueva-mucho\/\"},\"wordCount\":223,\"commentCount\":0,\"image\":{\"@id\":\"https:\/\/www.euroresidentes.com\/salud\/es-normal-que-mi-bebe-se-mueva-mucho\/#primaryimage\"},\"thumbnailUrl\":\"https:\/\/www.euroresidentes.com\/salud\/wp-content\/uploads\/2015\/09\/es-normal-que-mi-bebe-se-mueva-mucho.jpg\",\"articleSection\":[\"Embarazo\"],\"inLanguage\":\"es\",\"potentialAction\":[{\"@type\":\"CommentAction\",\"name\":\"Comment\",\"target\":[\"https:\/\/www.euroresidentes.com\/salud\/es-normal-que-mi-bebe-se-mueva-mucho\/#respond\"]}]},{\"@type\":\"WebPage\",\"@id\":\"https:\/\/www.euroresidentes.com\/salud\/es-normal-que-mi-bebe-se-mueva-mucho\/\",\"url\":\"https:\/\/www.euroresidentes.com\/salud\/es-normal-que-mi-bebe-se-mueva-mucho\/\",\"name\":\"\u00bfEs normal que mi beb\u00e9 se mueva mucho? - Salud\",\"isPartOf\":{\"@id\":\"https:\/\/www.euroresidentes.com\/salud\/#website\"},\"primaryImageOfPage\":{\"@id\":\"https:\/\/www.euroresidentes.com\/salud\/es-normal-que-mi-bebe-se-mueva-mucho\/#primaryimage\"},\"image\":{\"@id\":\"https:\/\/www.euroresidentes.com\/salud\/es-normal-que-mi-bebe-se-mueva-mucho\/#primaryimage\"},\"thumbnailUrl\":\"https:\/\/www.euroresidentes.com\/salud\/wp-content\/uploads\/2015\/09\/es-normal-que-mi-bebe-se-mueva-mucho.jpg\",\"datePublished\":\"2015-09-02T12:57:00+00:00\",\"dateModified\":\"2018-06-11T12:05:23+00:00\",\"author\":{\"@id\":\"https:\/\/www.euroresidentes.com\/salud\/#\/schema\/person\/c0299534643677f2282b416ac1fe97f1\"},\"breadcrumb\":{\"@id\":\"https:\/\/www.euroresidentes.com\/salud\/es-normal-que-mi-bebe-se-mueva-mucho\/#breadcrumb\"},\"inLanguage\":\"es\",\"potentialAction\":[{\"@type\":\"ReadAction\",\"target\":[\"https:\/\/www.euroresidentes.com\/salud\/es-normal-que-mi-bebe-se-mueva-mucho\/\"]}]},{\"@type\":\"ImageObject\",\"inLanguage\":\"es\",\"@id\":\"https:\/\/www.euroresidentes.com\/salud\/es-normal-que-mi-bebe-se-mueva-mucho\/#primaryimage\",\"url\":\"https:\/\/www.euroresidentes.com\/salud\/wp-content\/uploads\/2015\/09\/es-normal-que-mi-bebe-se-mueva-mucho.jpg\",\"contentUrl\":\"https:\/\/www.euroresidentes.com\/salud\/wp-content\/uploads\/2015\/09\/es-normal-que-mi-bebe-se-mueva-mucho.jpg\",\"width\":600,\"height\":450},{\"@type\":\"BreadcrumbList\",\"@id\":\"https:\/\/www.euroresidentes.com\/salud\/es-normal-que-mi-bebe-se-mueva-mucho\/#breadcrumb\",\"itemListElement\":[{\"@type\":\"ListItem\",\"position\":1,\"name\":\"Portada\",\"item\":\"https:\/\/www.euroresidentes.com\/salud\/\"},{\"@type\":\"ListItem\",\"position\":2,\"name\":\"\u00bfEs normal que mi beb\u00e9 se mueva mucho?\"}]},{\"@type\":\"WebSite\",\"@id\":\"https:\/\/www.euroresidentes.com\/salud\/#website\",\"url\":\"https:\/\/www.euroresidentes.com\/salud\/\",\"name\":\"Salud\",\"description\":\"Consejos para el cuidado de la salud, vida sana, h\u00e1bitos saludables\",\"potentialAction\":[{\"@type\":\"SearchAction\",\"target\":{\"@type\":\"EntryPoint\",\"urlTemplate\":\"https:\/\/www.euroresidentes.com\/salud\/?s={search_term_string}\"},\"query-input\":{\"@type\":\"PropertyValueSpecification\",\"valueRequired\":true,\"valueName\":\"search_term_string\"}}],\"inLanguage\":\"es\"},{\"@type\":\"Person\",\"@id\":\"https:\/\/www.euroresidentes.com\/salud\/#\/schema\/person\/c0299534643677f2282b416ac1fe97f1\",\"name\":\"Raquel Pomares\",\"image\":{\"@type\":\"ImageObject\",\"inLanguage\":\"es\",\"@id\":\"https:\/\/www.euroresidentes.com\/salud\/#\/schema\/person\/image\/\",\"url\":\"https:\/\/www.euroresidentes.com\/salud\/wp-content\/uploads\/2016\/07\/YO2-150x150.jpg\",\"contentUrl\":\"https:\/\/www.euroresidentes.com\/salud\/wp-content\/uploads\/2016\/07\/YO2-150x150.jpg\",\"caption\":\"Raquel Pomares\"},\"description\":\"Raquel PomaresBi\u00f3loga, doctora y divulgadora cient\u00edfica especializada en temas de salud.\",\"sameAs\":[\"https:\/\/www.euroresidentes.com\/salud\/raquel-pomares.html\"],\"url\":\"https:\/\/www.euroresidentes.com\/salud\/author\/raquel\/\"}]}<\/script>\n<!-- \/ Yoast SEO plugin. -->","yoast_head_json":{"title":"\u00bfEs normal que mi beb\u00e9 se mueva mucho? - Salud","robots":{"index":"index","follow":"follow","max-snippet":"max-snippet:-1","max-image-preview":"max-image-preview:large","max-video-preview":"max-video-preview:-1"},"canonical":"https:\/\/www.euroresidentes.com\/salud\/es-normal-que-mi-bebe-se-mueva-mucho\/","og_locale":"es_ES","og_type":"article","og_title":"\u00bfEs normal que mi beb\u00e9 se mueva mucho? - Salud","og_description":"Un beb\u00e9 activo es signo de beb\u00e9 sano Las mujeres deben estar atentas cuando su beb\u00e9 se est\u00e1 moviendo menos de lo normal, ya que esto puede ser se\u00f1al de algo no anda bien en el embarazo. \u00a0 Es normal que a lo largo del d\u00eda, el beb\u00e9 pase per\u00edodos activos y per\u00edodos de calma. Normalmente alrededor de la semana 28 ya se puede reconocer un patr\u00f3n de movimiento que es normal para cada beb\u00e9.Muchas veces, los beb\u00e9s est\u00e1n m\u00e1s activos durante la noche, y otros beb\u00e9s son muy activo durante todo el d\u00eda y la noche. \u00a0 Esto es","og_url":"https:\/\/www.euroresidentes.com\/salud\/es-normal-que-mi-bebe-se-mueva-mucho\/","og_site_name":"Salud","article_published_time":"2015-09-02T12:57:00+00:00","article_modified_time":"2018-06-11T12:05:23+00:00","og_image":[{"width":600,"height":450,"url":"https:\/\/www.euroresidentes.com\/salud\/wp-content\/uploads\/2015\/09\/es-normal-que-mi-bebe-se-mueva-mucho.jpg","type":"image\/jpeg"}],"author":"Raquel Pomares","twitter_misc":{"Written by":"Raquel Pomares","Est. reading time":"1 minuto"},"schema":{"@context":"https:\/\/schema.org","@graph":[{"@type":"Article","@id":"https:\/\/www.euroresidentes.com\/salud\/es-normal-que-mi-bebe-se-mueva-mucho\/#article","isPartOf":{"@id":"https:\/\/www.euroresidentes.com\/salud\/es-normal-que-mi-bebe-se-mueva-mucho\/"},"author":{"name":"Raquel Pomares","@id":"https:\/\/www.euroresidentes.com\/salud\/#\/schema\/person\/c0299534643677f2282b416ac1fe97f1"},"headline":"\u00bfEs normal que mi beb\u00e9 se mueva mucho?","datePublished":"2015-09-02T12:57:00+00:00","dateModified":"2018-06-11T12:05:23+00:00","mainEntityOfPage":{"@id":"https:\/\/www.euroresidentes.com\/salud\/es-normal-que-mi-bebe-se-mueva-mucho\/"},"wordCount":223,"commentCount":0,"image":{"@id":"https:\/\/www.euroresidentes.com\/salud\/es-normal-que-mi-bebe-se-mueva-mucho\/#primaryimage"},"thumbnailUrl":"https:\/\/www.euroresidentes.com\/salud\/wp-content\/uploads\/2015\/09\/es-normal-que-mi-bebe-se-mueva-mucho.jpg","articleSection":["Embarazo"],"inLanguage":"es","potentialAction":[{"@type":"CommentAction","name":"Comment","target":["https:\/\/www.euroresidentes.com\/salud\/es-normal-que-mi-bebe-se-mueva-mucho\/#respond"]}]},{"@type":"WebPage","@id":"https:\/\/www.euroresidentes.com\/salud\/es-normal-que-mi-bebe-se-mueva-mucho\/","url":"https:\/\/www.euroresidentes.com\/salud\/es-normal-que-mi-bebe-se-mueva-mucho\/","name":"\u00bfEs normal que mi beb\u00e9 se mueva mucho? - Salud","isPartOf":{"@id":"https:\/\/www.euroresidentes.com\/salud\/#website"},"primaryImageOfPage":{"@id":"https:\/\/www.euroresidentes.com\/salud\/es-normal-que-mi-bebe-se-mueva-mucho\/#primaryimage"},"image":{"@id":"https:\/\/www.euroresidentes.com\/salud\/es-normal-que-mi-bebe-se-mueva-mucho\/#primaryimage"},"thumbnailUrl":"https:\/\/www.euroresidentes.com\/salud\/wp-content\/uploads\/2015\/09\/es-normal-que-mi-bebe-se-mueva-mucho.jpg","datePublished":"2015-09-02T12:57:00+00:00","dateModified":"2018-06-11T12:05:23+00:00","author":{"@id":"https:\/\/www.euroresidentes.com\/salud\/#\/schema\/person\/c0299534643677f2282b416ac1fe97f1"},"breadcrumb":{"@id":"https:\/\/www.euroresidentes.com\/salud\/es-normal-que-mi-bebe-se-mueva-mucho\/#breadcrumb"},"inLanguage":"es","potentialAction":[{"@type":"ReadAction","target":["https:\/\/www.euroresidentes.com\/salud\/es-normal-que-mi-bebe-se-mueva-mucho\/"]}]},{"@type":"ImageObject","inLanguage":"es","@id":"https:\/\/www.euroresidentes.com\/salud\/es-normal-que-mi-bebe-se-mueva-mucho\/#primaryimage","url":"https:\/\/www.euroresidentes.com\/salud\/wp-content\/uploads\/2015\/09\/es-normal-que-mi-bebe-se-mueva-mucho.jpg","contentUrl":"https:\/\/www.euroresidentes.com\/salud\/wp-content\/uploads\/2015\/09\/es-normal-que-mi-bebe-se-mueva-mucho.jpg","width":600,"height":450},{"@type":"BreadcrumbList","@id":"https:\/\/www.euroresidentes.com\/salud\/es-normal-que-mi-bebe-se-mueva-mucho\/#breadcrumb","itemListElement":[{"@type":"ListItem","position":1,"name":"Portada","item":"https:\/\/www.euroresidentes.com\/salud\/"},{"@type":"ListItem","position":2,"name":"\u00bfEs normal que mi beb\u00e9 se mueva mucho?"}]},{"@type":"WebSite","@id":"https:\/\/www.euroresidentes.com\/salud\/#website","url":"https:\/\/www.euroresidentes.com\/salud\/","name":"Salud","description":"Consejos para el cuidado de la salud, vida sana, h\u00e1bitos saludables","potentialAction":[{"@type":"SearchAction","target":{"@type":"EntryPoint","urlTemplate":"https:\/\/www.euroresidentes.com\/salud\/?s={search_term_string}"},"query-input":{"@type":"PropertyValueSpecification","valueRequired":true,"valueName":"search_term_string"}}],"inLanguage":"es"},{"@type":"Person","@id":"https:\/\/www.euroresidentes.com\/salud\/#\/schema\/person\/c0299534643677f2282b416ac1fe97f1","name":"Raquel Pomares","image":{"@type":"ImageObject","inLanguage":"es","@id":"https:\/\/www.euroresidentes.com\/salud\/#\/schema\/person\/image\/","url":"https:\/\/www.euroresidentes.com\/salud\/wp-content\/uploads\/2016\/07\/YO2-150x150.jpg","contentUrl":"https:\/\/www.euroresidentes.com\/salud\/wp-content\/uploads\/2016\/07\/YO2-150x150.jpg","caption":"Raquel Pomares"},"description":"Raquel PomaresBi\u00f3loga, doctora y divulgadora cient\u00edfica especializada en temas de salud.","sameAs":["https:\/\/www.euroresidentes.com\/salud\/raquel-pomares.html"],"url":"https:\/\/www.euroresidentes.com\/salud\/author\/raquel\/"}]}},"_links":{"self":[{"href":"https:\/\/www.euroresidentes.com\/salud\/wp-json\/wp\/v2\/posts\/3291","targetHints":{"allow":["GET"]}}],"collection":[{"href":"https:\/\/www.euroresidentes.com\/salud\/wp-json\/wp\/v2\/posts"}],"about":[{"href":"https:\/\/www.euroresidentes.com\/salud\/wp-json\/wp\/v2\/types\/post"}],"author":[{"embeddable":true,"href":"https:\/\/www.euroresidentes.com\/salud\/wp-json\/wp\/v2\/users\/2"}],"replies":[{"embeddable":true,"href":"https:\/\/www.euroresidentes.com\/salud\/wp-json\/wp\/v2\/comments?post=3291"}],"version-history":[{"count":2,"href":"https:\/\/www.euroresidentes.com\/salud\/wp-json\/wp\/v2\/posts\/3291\/revisions"}],"predecessor-version":[{"id":5040,"href":"https:\/\/www.euroresidentes.com\/salud\/wp-json\/wp\/v2\/posts\/3291\/revisions\/5040"}],"wp:featuredmedia":[{"embeddable":true,"href":"https:\/\/www.euroresidentes.com\/salud\/wp-json\/wp\/v2\/media\/2314"}],"wp:attachment":[{"href":"https:\/\/www.euroresidentes.com\/salud\/wp-json\/wp\/v2\/media?parent=3291"}],"wp:term":[{"taxonomy":"category","embeddable":true,"href":"https:\/\/www.euroresidentes.com\/salud\/wp-json\/wp\/v2\/categories?post=3291"},{"taxonomy":"post_tag","embeddable":true,"href":"https:\/\/www.euroresidentes.com\/salud\/wp-json\/wp\/v2\/tags?post=3291"}],"curies":[{"name":"wp","href":"https:\/\/api.w.org\/{rel}","templated":true}]}}