 

{"id":3152,"date":"2014-11-17T13:46:00","date_gmt":"2014-11-17T12:46:00","guid":{"rendered":"https:\/\/www.euroresidentes.com\/salud\/menopausia\/falta-de-concentracion-en-la-menopausia"},"modified":"2018-06-04T12:21:48","modified_gmt":"2018-06-04T10:21:48","slug":"falta-de-concentracion-en-la-menopausia","status":"publish","type":"post","link":"https:\/\/www.euroresidentes.com\/salud\/falta-de-concentracion-en-la-menopausia\/","title":{"rendered":"Falta de concentraci\u00f3n en la menopausia"},"content":{"rendered":"<div class=\"separator\" style=\"clear: both;text-align: center\">\n<h3 style=\"text-align: left\">Menopausia y despistes<\/h3>\n<p style=\"text-align: left\">La falta de concentraci\u00f3n es un s\u00edntoma <strong>muy com\u00fan en la menopausia<\/strong>.<\/p>\n<p style=\"text-align: left\">La concentraci\u00f3n afecta a la memoria, a la capacidad de atenci\u00f3n y a la capacidad de procesar la informaci\u00f3n.<\/p>\n<p style=\"text-align: left\">\u00bfA qu\u00e9 se debe? \u00bfHay algo que se pueda hacer para mejorar?<\/p>\n<p><a style=\"margin-left: 1em;margin-right: 1em\" href=\"https:\/\/www.euroresidentes.com\/salud\/wp-content\/uploads\/2014\/11\/falta-de-concentracion-en-la-menopausia.jpg\"><img decoding=\"async\" title=\"Falta de concentraci\u00f3n en la menopausia\" src=\"https:\/\/www.euroresidentes.com\/salud\/wp-content\/uploads\/2014\/11\/falta-de-concentracion-en-la-menopausia.jpg\" alt=\"Falta de concentraci\u00f3n en la menopausia\" border=\"0\" \/><\/a><\/div>\n<div style=\"text-align: justify\"><b>\u00a0<\/b><\/div>\n<div style=\"text-align: justify\"><\/div>\n<div style=\"text-align: justify\"><\/div>\n<h3 style=\"text-align: justify\">\u00bfQu\u00e9 causa la falta de concentraci\u00f3n en la menopausia?<\/h3>\n<p style=\"text-align: left\">Son muchos los factores que pueden afectar a la capacidad de concentraci\u00f3n, pero en el caso de las mujeres que se encuentran en la transici\u00f3n a la menopausia, la causa m\u00e1s probable es la <b>fluctuaci\u00f3n hormonal<\/b>.<\/p>\n<p style=\"text-align: left\">El estr\u00f3geno desempe\u00f1a un papel clave en el funcionamiento del cerebro.<\/p>\n<p style=\"text-align: left\">Hay una serie de mol\u00e9culas en el cerebro llamadas neurotransmisores que regulan la funci\u00f3n cognitiva, incluyendo la memoria y la capacidad de concentraci\u00f3n. Si hay reducci\u00f3n de estos neurotransmisores, se produce una disminuci\u00f3n de la funci\u00f3n cognitiva, y por tanto un aumento de la dificultad de concentraci\u00f3n.<\/p>\n<p style=\"text-align: left\">El estr\u00f3geno afecta a la producci\u00f3n de algunos de los neurotransmisores del cerebro. Durante la transici\u00f3n a la menopausia, cuando los niveles de estr\u00f3geno comienzan a disminuir, la producci\u00f3n de neurotransmisores va reduci\u00e9ndose. El estr\u00f3geno tambi\u00e9n estimula el flujo de sangre al cerebro<\/p>\n<p>Adem\u00e1s de las causas hormonales, muchas mujeres pueden tener problemas de concentraci\u00f3n como consecuencia de otros s\u00edntomas de la menopausia.<\/p>\n<ul>\n<li style=\"text-align: left\">Los <b>trastornos del sue\u00f1o<\/b> y el\u00a0<b>cansancio<\/b> pueden hacer que una mujer est\u00e9 demasiado agotada para concentrarse adecuadamente en las tareas diarias<\/li>\n<li style=\"text-align: left\">Los s\u00edntomas psicol\u00f3gicos como la <b>depresi\u00f3n <\/b>o la <b>ansiedad <\/b>tambi\u00e9n pueden afectar a la capacidad de concentraci\u00f3n de una mujer<\/li>\n<li style=\"text-align: left\">El <b>estr\u00e9s<\/b> tambi\u00e9n puede afectar<\/li>\n<\/ul>\n<div style=\"text-align: justify\"><\/div>\n<div style=\"text-align: justify\"><\/div>\n<h3 style=\"text-align: justify\">\u00bfC\u00f3mo se puede mejorar la capacidad de concentraci\u00f3n?<\/h3>\n<p style=\"text-align: justify\">Algunos cambios en el estilo de vida pueden ser \u00fatiles para mejorar la capacidad de concentraci\u00f3n de las mujeres en la transici\u00f3n a la menopausia:<\/p>\n<ul>\n<ul>\n<li>Llevar una <strong>dieta saludable<\/strong> rica en nutrientes, como el omega-3 y el omega-6<\/li>\n<li><strong>Reducir el consumo de cafe\u00edna, alcohol y az\u00facar<\/strong><\/li>\n<li>Intentar<strong> descansar lo suficiente<\/strong><\/li>\n<li>Practicar <strong>t\u00e9cnicas para aliviar el estr\u00e9s<\/strong>, como la meditaci\u00f3n o el yoga<\/li>\n<li><strong>Ejercitar\u00a0el cerebro<\/strong>, como con los crucigramas<\/li>\n<\/ul>\n<\/ul>\n<div>\n&nbsp;\n<\/div>\n<div><b>Lecturas relacionadas:<\/b><\/div>\n<div>\n<ul>\n<li><a href=\"http:\/\/menopausia.euroresidentes.com\/2014\/01\/problemas-de-memoria-en-la-menopausia.html\" target=\"_blank\">Problemas de memoria en la menopausia<\/a><\/li>\n<li><a href=\"http:\/\/menopausia.euroresidentes.com\/2014\/02\/yoga-para-la-menopausia.html\" target=\"_blank\">\u00bfPuede el yoga ser beneficioso en la menopausia?<\/a><\/li>\n<\/ul>\n<\/div>\n","protected":false},"excerpt":{"rendered":"<p>Menopausia y despistes La falta de concentraci\u00f3n es un s\u00edntoma muy com\u00fan en la menopausia. La concentraci\u00f3n afecta a la memoria, a la capacidad de atenci\u00f3n y a la capacidad de procesar la informaci\u00f3n. \u00bfA qu\u00e9 se debe? \u00bfHay algo que se pueda hacer para mejorar? \u00a0 \u00bfQu\u00e9 causa la falta de concentraci\u00f3n en la menopausia? Son muchos los factores que pueden afectar a la capacidad de concentraci\u00f3n, pero en el caso de las mujeres que se encuentran en la transici\u00f3n a la menopausia, la causa m\u00e1s probable es la fluctuaci\u00f3n hormonal. El estr\u00f3geno desempe\u00f1a un papel clave en el <\/p>\n","protected":false},"author":2,"featured_media":2054,"comment_status":"open","ping_status":"open","sticky":false,"template":"","format":"standard","meta":{"footnotes":""},"categories":[14],"tags":[],"class_list":["post-3152","post","type-post","status-publish","format-standard","has-post-thumbnail","hentry","category-menopausia","has_thumb"],"yoast_head":"<!-- This site is optimized with the Yoast SEO plugin v26.8 - https:\/\/yoast.com\/product\/yoast-seo-wordpress\/ -->\n<title>Falta de concentraci\u00f3n en la menopausia - Salud<\/title>\n<meta name=\"description\" content=\"Menopausia y despistes. La falta de concentraci\u00f3n es un s\u00edntoma muy com\u00fan en la menopausia. Te contamos cu\u00e1les son las causas\" \/>\n<meta name=\"robots\" content=\"index, follow, max-snippet:-1, max-image-preview:large, max-video-preview:-1\" \/>\n<link rel=\"canonical\" href=\"https:\/\/www.euroresidentes.com\/salud\/falta-de-concentracion-en-la-menopausia\/\" \/>\n<meta property=\"og:locale\" content=\"es_ES\" \/>\n<meta property=\"og:type\" content=\"article\" \/>\n<meta property=\"og:title\" content=\"Falta de concentraci\u00f3n en la menopausia - Salud\" \/>\n<meta property=\"og:description\" content=\"Menopausia y despistes. La falta de concentraci\u00f3n es un s\u00edntoma muy com\u00fan en la menopausia. Te contamos cu\u00e1les son las causas\" \/>\n<meta property=\"og:url\" content=\"https:\/\/www.euroresidentes.com\/salud\/falta-de-concentracion-en-la-menopausia\/\" \/>\n<meta property=\"og:site_name\" content=\"Salud\" \/>\n<meta property=\"article:published_time\" content=\"2014-11-17T12:46:00+00:00\" \/>\n<meta property=\"article:modified_time\" content=\"2018-06-04T10:21:48+00:00\" \/>\n<meta property=\"og:image\" content=\"https:\/\/www.euroresidentes.com\/salud\/wp-content\/uploads\/2014\/11\/falta-de-concentracion-en-la-menopausia.jpg\" \/>\n\t<meta property=\"og:image:width\" content=\"600\" \/>\n\t<meta property=\"og:image:height\" content=\"450\" \/>\n\t<meta property=\"og:image:type\" content=\"image\/jpeg\" \/>\n<meta name=\"author\" content=\"Raquel Pomares\" \/>\n<meta name=\"twitter:label1\" content=\"Written by\" \/>\n\t<meta name=\"twitter:data1\" content=\"Raquel Pomares\" \/>\n\t<meta name=\"twitter:label2\" content=\"Est. reading time\" \/>\n\t<meta name=\"twitter:data2\" content=\"2 minutos\" \/>\n<script type=\"application\/ld+json\" class=\"yoast-schema-graph\">{\"@context\":\"https:\/\/schema.org\",\"@graph\":[{\"@type\":\"Article\",\"@id\":\"https:\/\/www.euroresidentes.com\/salud\/falta-de-concentracion-en-la-menopausia\/#article\",\"isPartOf\":{\"@id\":\"https:\/\/www.euroresidentes.com\/salud\/falta-de-concentracion-en-la-menopausia\/\"},\"author\":{\"name\":\"Raquel Pomares\",\"@id\":\"https:\/\/www.euroresidentes.com\/salud\/#\/schema\/person\/c0299534643677f2282b416ac1fe97f1\"},\"headline\":\"Falta de concentraci\u00f3n en la menopausia\",\"datePublished\":\"2014-11-17T12:46:00+00:00\",\"dateModified\":\"2018-06-04T10:21:48+00:00\",\"mainEntityOfPage\":{\"@id\":\"https:\/\/www.euroresidentes.com\/salud\/falta-de-concentracion-en-la-menopausia\/\"},\"wordCount\":408,\"commentCount\":0,\"image\":{\"@id\":\"https:\/\/www.euroresidentes.com\/salud\/falta-de-concentracion-en-la-menopausia\/#primaryimage\"},\"thumbnailUrl\":\"https:\/\/www.euroresidentes.com\/salud\/wp-content\/uploads\/2014\/11\/falta-de-concentracion-en-la-menopausia.jpg\",\"articleSection\":[\"Menopausia\"],\"inLanguage\":\"es\",\"potentialAction\":[{\"@type\":\"CommentAction\",\"name\":\"Comment\",\"target\":[\"https:\/\/www.euroresidentes.com\/salud\/falta-de-concentracion-en-la-menopausia\/#respond\"]}]},{\"@type\":\"WebPage\",\"@id\":\"https:\/\/www.euroresidentes.com\/salud\/falta-de-concentracion-en-la-menopausia\/\",\"url\":\"https:\/\/www.euroresidentes.com\/salud\/falta-de-concentracion-en-la-menopausia\/\",\"name\":\"Falta de concentraci\u00f3n en la menopausia - Salud\",\"isPartOf\":{\"@id\":\"https:\/\/www.euroresidentes.com\/salud\/#website\"},\"primaryImageOfPage\":{\"@id\":\"https:\/\/www.euroresidentes.com\/salud\/falta-de-concentracion-en-la-menopausia\/#primaryimage\"},\"image\":{\"@id\":\"https:\/\/www.euroresidentes.com\/salud\/falta-de-concentracion-en-la-menopausia\/#primaryimage\"},\"thumbnailUrl\":\"https:\/\/www.euroresidentes.com\/salud\/wp-content\/uploads\/2014\/11\/falta-de-concentracion-en-la-menopausia.jpg\",\"datePublished\":\"2014-11-17T12:46:00+00:00\",\"dateModified\":\"2018-06-04T10:21:48+00:00\",\"author\":{\"@id\":\"https:\/\/www.euroresidentes.com\/salud\/#\/schema\/person\/c0299534643677f2282b416ac1fe97f1\"},\"description\":\"Menopausia y despistes. La falta de concentraci\u00f3n es un s\u00edntoma muy com\u00fan en la menopausia. Te contamos cu\u00e1les son las causas\",\"breadcrumb\":{\"@id\":\"https:\/\/www.euroresidentes.com\/salud\/falta-de-concentracion-en-la-menopausia\/#breadcrumb\"},\"inLanguage\":\"es\",\"potentialAction\":[{\"@type\":\"ReadAction\",\"target\":[\"https:\/\/www.euroresidentes.com\/salud\/falta-de-concentracion-en-la-menopausia\/\"]}]},{\"@type\":\"ImageObject\",\"inLanguage\":\"es\",\"@id\":\"https:\/\/www.euroresidentes.com\/salud\/falta-de-concentracion-en-la-menopausia\/#primaryimage\",\"url\":\"https:\/\/www.euroresidentes.com\/salud\/wp-content\/uploads\/2014\/11\/falta-de-concentracion-en-la-menopausia.jpg\",\"contentUrl\":\"https:\/\/www.euroresidentes.com\/salud\/wp-content\/uploads\/2014\/11\/falta-de-concentracion-en-la-menopausia.jpg\",\"width\":600,\"height\":450},{\"@type\":\"BreadcrumbList\",\"@id\":\"https:\/\/www.euroresidentes.com\/salud\/falta-de-concentracion-en-la-menopausia\/#breadcrumb\",\"itemListElement\":[{\"@type\":\"ListItem\",\"position\":1,\"name\":\"Portada\",\"item\":\"https:\/\/www.euroresidentes.com\/salud\/\"},{\"@type\":\"ListItem\",\"position\":2,\"name\":\"Falta de concentraci\u00f3n en la menopausia\"}]},{\"@type\":\"WebSite\",\"@id\":\"https:\/\/www.euroresidentes.com\/salud\/#website\",\"url\":\"https:\/\/www.euroresidentes.com\/salud\/\",\"name\":\"Salud\",\"description\":\"Consejos para el cuidado de la salud, vida sana, h\u00e1bitos saludables\",\"potentialAction\":[{\"@type\":\"SearchAction\",\"target\":{\"@type\":\"EntryPoint\",\"urlTemplate\":\"https:\/\/www.euroresidentes.com\/salud\/?s={search_term_string}\"},\"query-input\":{\"@type\":\"PropertyValueSpecification\",\"valueRequired\":true,\"valueName\":\"search_term_string\"}}],\"inLanguage\":\"es\"},{\"@type\":\"Person\",\"@id\":\"https:\/\/www.euroresidentes.com\/salud\/#\/schema\/person\/c0299534643677f2282b416ac1fe97f1\",\"name\":\"Raquel Pomares\",\"image\":{\"@type\":\"ImageObject\",\"inLanguage\":\"es\",\"@id\":\"https:\/\/www.euroresidentes.com\/salud\/#\/schema\/person\/image\/\",\"url\":\"https:\/\/www.euroresidentes.com\/salud\/wp-content\/uploads\/2016\/07\/YO2-150x150.jpg\",\"contentUrl\":\"https:\/\/www.euroresidentes.com\/salud\/wp-content\/uploads\/2016\/07\/YO2-150x150.jpg\",\"caption\":\"Raquel Pomares\"},\"description\":\"Raquel PomaresBi\u00f3loga, doctora y divulgadora cient\u00edfica especializada en temas de salud.\",\"sameAs\":[\"https:\/\/www.euroresidentes.com\/salud\/raquel-pomares.html\"],\"url\":\"https:\/\/www.euroresidentes.com\/salud\/author\/raquel\/\"}]}<\/script>\n<!-- \/ Yoast SEO plugin. -->","yoast_head_json":{"title":"Falta de concentraci\u00f3n en la menopausia - Salud","description":"Menopausia y despistes. La falta de concentraci\u00f3n es un s\u00edntoma muy com\u00fan en la menopausia. Te contamos cu\u00e1les son las causas","robots":{"index":"index","follow":"follow","max-snippet":"max-snippet:-1","max-image-preview":"max-image-preview:large","max-video-preview":"max-video-preview:-1"},"canonical":"https:\/\/www.euroresidentes.com\/salud\/falta-de-concentracion-en-la-menopausia\/","og_locale":"es_ES","og_type":"article","og_title":"Falta de concentraci\u00f3n en la menopausia - Salud","og_description":"Menopausia y despistes. La falta de concentraci\u00f3n es un s\u00edntoma muy com\u00fan en la menopausia. Te contamos cu\u00e1les son las causas","og_url":"https:\/\/www.euroresidentes.com\/salud\/falta-de-concentracion-en-la-menopausia\/","og_site_name":"Salud","article_published_time":"2014-11-17T12:46:00+00:00","article_modified_time":"2018-06-04T10:21:48+00:00","og_image":[{"width":600,"height":450,"url":"https:\/\/www.euroresidentes.com\/salud\/wp-content\/uploads\/2014\/11\/falta-de-concentracion-en-la-menopausia.jpg","type":"image\/jpeg"}],"author":"Raquel Pomares","twitter_misc":{"Written by":"Raquel Pomares","Est. reading time":"2 minutos"},"schema":{"@context":"https:\/\/schema.org","@graph":[{"@type":"Article","@id":"https:\/\/www.euroresidentes.com\/salud\/falta-de-concentracion-en-la-menopausia\/#article","isPartOf":{"@id":"https:\/\/www.euroresidentes.com\/salud\/falta-de-concentracion-en-la-menopausia\/"},"author":{"name":"Raquel Pomares","@id":"https:\/\/www.euroresidentes.com\/salud\/#\/schema\/person\/c0299534643677f2282b416ac1fe97f1"},"headline":"Falta de concentraci\u00f3n en la menopausia","datePublished":"2014-11-17T12:46:00+00:00","dateModified":"2018-06-04T10:21:48+00:00","mainEntityOfPage":{"@id":"https:\/\/www.euroresidentes.com\/salud\/falta-de-concentracion-en-la-menopausia\/"},"wordCount":408,"commentCount":0,"image":{"@id":"https:\/\/www.euroresidentes.com\/salud\/falta-de-concentracion-en-la-menopausia\/#primaryimage"},"thumbnailUrl":"https:\/\/www.euroresidentes.com\/salud\/wp-content\/uploads\/2014\/11\/falta-de-concentracion-en-la-menopausia.jpg","articleSection":["Menopausia"],"inLanguage":"es","potentialAction":[{"@type":"CommentAction","name":"Comment","target":["https:\/\/www.euroresidentes.com\/salud\/falta-de-concentracion-en-la-menopausia\/#respond"]}]},{"@type":"WebPage","@id":"https:\/\/www.euroresidentes.com\/salud\/falta-de-concentracion-en-la-menopausia\/","url":"https:\/\/www.euroresidentes.com\/salud\/falta-de-concentracion-en-la-menopausia\/","name":"Falta de concentraci\u00f3n en la menopausia - Salud","isPartOf":{"@id":"https:\/\/www.euroresidentes.com\/salud\/#website"},"primaryImageOfPage":{"@id":"https:\/\/www.euroresidentes.com\/salud\/falta-de-concentracion-en-la-menopausia\/#primaryimage"},"image":{"@id":"https:\/\/www.euroresidentes.com\/salud\/falta-de-concentracion-en-la-menopausia\/#primaryimage"},"thumbnailUrl":"https:\/\/www.euroresidentes.com\/salud\/wp-content\/uploads\/2014\/11\/falta-de-concentracion-en-la-menopausia.jpg","datePublished":"2014-11-17T12:46:00+00:00","dateModified":"2018-06-04T10:21:48+00:00","author":{"@id":"https:\/\/www.euroresidentes.com\/salud\/#\/schema\/person\/c0299534643677f2282b416ac1fe97f1"},"description":"Menopausia y despistes. La falta de concentraci\u00f3n es un s\u00edntoma muy com\u00fan en la menopausia. Te contamos cu\u00e1les son las causas","breadcrumb":{"@id":"https:\/\/www.euroresidentes.com\/salud\/falta-de-concentracion-en-la-menopausia\/#breadcrumb"},"inLanguage":"es","potentialAction":[{"@type":"ReadAction","target":["https:\/\/www.euroresidentes.com\/salud\/falta-de-concentracion-en-la-menopausia\/"]}]},{"@type":"ImageObject","inLanguage":"es","@id":"https:\/\/www.euroresidentes.com\/salud\/falta-de-concentracion-en-la-menopausia\/#primaryimage","url":"https:\/\/www.euroresidentes.com\/salud\/wp-content\/uploads\/2014\/11\/falta-de-concentracion-en-la-menopausia.jpg","contentUrl":"https:\/\/www.euroresidentes.com\/salud\/wp-content\/uploads\/2014\/11\/falta-de-concentracion-en-la-menopausia.jpg","width":600,"height":450},{"@type":"BreadcrumbList","@id":"https:\/\/www.euroresidentes.com\/salud\/falta-de-concentracion-en-la-menopausia\/#breadcrumb","itemListElement":[{"@type":"ListItem","position":1,"name":"Portada","item":"https:\/\/www.euroresidentes.com\/salud\/"},{"@type":"ListItem","position":2,"name":"Falta de concentraci\u00f3n en la menopausia"}]},{"@type":"WebSite","@id":"https:\/\/www.euroresidentes.com\/salud\/#website","url":"https:\/\/www.euroresidentes.com\/salud\/","name":"Salud","description":"Consejos para el cuidado de la salud, vida sana, h\u00e1bitos saludables","potentialAction":[{"@type":"SearchAction","target":{"@type":"EntryPoint","urlTemplate":"https:\/\/www.euroresidentes.com\/salud\/?s={search_term_string}"},"query-input":{"@type":"PropertyValueSpecification","valueRequired":true,"valueName":"search_term_string"}}],"inLanguage":"es"},{"@type":"Person","@id":"https:\/\/www.euroresidentes.com\/salud\/#\/schema\/person\/c0299534643677f2282b416ac1fe97f1","name":"Raquel Pomares","image":{"@type":"ImageObject","inLanguage":"es","@id":"https:\/\/www.euroresidentes.com\/salud\/#\/schema\/person\/image\/","url":"https:\/\/www.euroresidentes.com\/salud\/wp-content\/uploads\/2016\/07\/YO2-150x150.jpg","contentUrl":"https:\/\/www.euroresidentes.com\/salud\/wp-content\/uploads\/2016\/07\/YO2-150x150.jpg","caption":"Raquel Pomares"},"description":"Raquel PomaresBi\u00f3loga, doctora y divulgadora cient\u00edfica especializada en temas de salud.","sameAs":["https:\/\/www.euroresidentes.com\/salud\/raquel-pomares.html"],"url":"https:\/\/www.euroresidentes.com\/salud\/author\/raquel\/"}]}},"_links":{"self":[{"href":"https:\/\/www.euroresidentes.com\/salud\/wp-json\/wp\/v2\/posts\/3152","targetHints":{"allow":["GET"]}}],"collection":[{"href":"https:\/\/www.euroresidentes.com\/salud\/wp-json\/wp\/v2\/posts"}],"about":[{"href":"https:\/\/www.euroresidentes.com\/salud\/wp-json\/wp\/v2\/types\/post"}],"author":[{"embeddable":true,"href":"https:\/\/www.euroresidentes.com\/salud\/wp-json\/wp\/v2\/users\/2"}],"replies":[{"embeddable":true,"href":"https:\/\/www.euroresidentes.com\/salud\/wp-json\/wp\/v2\/comments?post=3152"}],"version-history":[{"count":1,"href":"https:\/\/www.euroresidentes.com\/salud\/wp-json\/wp\/v2\/posts\/3152\/revisions"}],"predecessor-version":[{"id":3241,"href":"https:\/\/www.euroresidentes.com\/salud\/wp-json\/wp\/v2\/posts\/3152\/revisions\/3241"}],"wp:featuredmedia":[{"embeddable":true,"href":"https:\/\/www.euroresidentes.com\/salud\/wp-json\/wp\/v2\/media\/2054"}],"wp:attachment":[{"href":"https:\/\/www.euroresidentes.com\/salud\/wp-json\/wp\/v2\/media?parent=3152"}],"wp:term":[{"taxonomy":"category","embeddable":true,"href":"https:\/\/www.euroresidentes.com\/salud\/wp-json\/wp\/v2\/categories?post=3152"},{"taxonomy":"post_tag","embeddable":true,"href":"https:\/\/www.euroresidentes.com\/salud\/wp-json\/wp\/v2\/tags?post=3152"}],"curies":[{"name":"wp","href":"https:\/\/api.w.org\/{rel}","templated":true}]}}