 

{"id":2097,"date":"2016-04-05T13:56:00","date_gmt":"2016-04-05T11:56:00","guid":{"rendered":"https:\/\/www.euroresidentes.com\/salud\/cancer-prostata\/antigeno-prostatico-especifico-psa"},"modified":"2018-06-11T13:38:32","modified_gmt":"2018-06-11T11:38:32","slug":"antigeno-prostatico-especifico-psa","status":"publish","type":"post","link":"https:\/\/www.euroresidentes.com\/salud\/antigeno-prostatico-especifico-psa\/","title":{"rendered":"PSA para la detecci\u00f3n precoz del c\u00e1ncer de pr\u00f3stata"},"content":{"rendered":"<h3 style=\"text-align: justify;\">La prueba del ant\u00edgeno prost\u00e1tico espec\u00edfico\u00a0ha disminuido\u00a0la mortalidad asociada al c\u00e1ncer de pr\u00f3stata<\/h3>\n<div style=\"text-align: justify;\">La prueba del PSA\u00a0permite detectar el c\u00e1ncer de pr\u00f3stata\u00a0en las fases m\u00e1s tempranas de la enfermedad, incluso antes de que el paciente haya presentado alg\u00fan s\u00edntoma.\u00a0<\/div>\n<div style=\"text-align: justify;\"><img loading=\"lazy\" decoding=\"async\" class=\"aligncenter  wp-image-625\" src=\"https:\/\/euroresidentes.com\/salud\/wp-content\/uploads\/2016\/04\/antigeno-prostatico-euroresidentes.jpg\" alt=\"antigeno-prostatico-euroresidentes\" width=\"699\" height=\"526\" \/><\/div>\n<h3 style=\"text-align: justify;\">\u00a0\u00bfQu\u00e9 es el ant\u00edgeno prost\u00e1tico espec\u00edfico o PSA?<\/h3>\n<div style=\"text-align: justify;\">El ant\u00edgeno prost\u00e1tico espec\u00edfico es una sustancia <strong>producida por la pr\u00f3stata<\/strong>.\u00a0Ciertas\u00a0\u00a0enfermedades, como lo prostatitis o el c\u00e1ncer de pr\u00f3stata, aumentan sus niveles\u00a0en la sangre.<\/div>\n<div style=\"text-align: justify;\">El ant\u00edgeno prost\u00e1tico espec\u00edfico se usa tanto en la <strong>detecci\u00f3n precoz<\/strong> como en el <strong>seguimiento de la evoluci\u00f3n<\/strong>\u00a0del <strong>c\u00e1ncer de pr\u00f3stata<\/strong>.<\/div>\n<div style=\"text-align: justify;\">\u00a0<\/div>\n<p><!-- inserta publi --><\/p>\n<h3 style=\"text-align: justify;\">\u00bfSiempre que el valor de PSA es alto quiere decir que hay un c\u00e1ncer de pr\u00f3stata?<\/h3>\n<div style=\"text-align: justify;\"><strong>No<\/strong>, unos niveles alterados de PSA no siempre quiere decir que haya un c\u00e1ncer de pr\u00f3stata.<\/div>\n<div style=\"text-align: justify;\">Algunas enfermedades como la <strong>hiperplasia benigna de pr\u00f3stata<\/strong> (una pr\u00f3stata grande) en hombres mayores, una <strong>infecci\u00f3n o inflamaci\u00f3n de la pr\u00f3stata<\/strong>, as\u00ed como tomar<strong> algunos medicamentos<\/strong>,\u00a0e incluso haber tenido una\u00a0eyaculaci\u00f3n\u00a0antes justo de la\u00a0prueba o montar en bicicleta,\u00a0<strong>pueden aumentar su valor\u00a0<\/strong>y hacer que aparezcan falsos positivos.<\/div>\n<div style=\"text-align: justify;\">La existencia de\u00a0valores normales de PSA tampoco descartan al 100% un c\u00e1ncer de pr\u00f3stata.<\/div>\n<div style=\"text-align: justify;\">Por esto es importante que el <strong>diagn\u00f3stico de un c\u00e1ncer de pr\u00f3stata<\/strong>\u00a0se haga teniendo en cuanta varios factores como los <strong>antecedentes familiares y personales<\/strong> del paciente, los <strong>s\u00edntomas<\/strong>, el <strong>examen rectal<\/strong>, y por \u00faltimo es recomendable una <strong>biopsia<\/strong> de confirmaci\u00f3n, adem\u00e1s de los valores obtenidos con la prueba del PSA.<\/div>\n<div style=\"text-align: justify;\"><img loading=\"lazy\" decoding=\"async\" class=\"aligncenter\" title=\"Ant\u00edgeno prost\u00e1tico espec\u00edfico (PSA): cribado del c\u00e1ncer de pr\u00f3stata.\" src=\"https:\/\/euroresidentes.com\/salud\/wp-content\/uploads\/2016\/04\/Ant\u00edgeno-Prost\u00e1tico-Espec\u00edfico.jpg\" alt=\"Ant\u00edgeno prost\u00e1tico espec\u00edfico (PSA): cribado del c\u00e1ncer de pr\u00f3stata.\" width=\"315\" height=\"234\" border=\"0\" \/><\/div>\n<div style=\"text-align: justify;\">\u00a0<\/div>\n<h3 style=\"text-align: justify;\">\u00bfCu\u00e1les son los valores normales del ant\u00edgeno prost\u00e1tico espec\u00edfico?<\/h3>\n<div style=\"text-align: justify;\">Los valores normales del ant\u00edgeno prost\u00e1tico\u00a0espec\u00edfico\u00a0en la poblaci\u00f3n en general son de hasta <strong>4 nanogramos por mililitro de sangre<\/strong> (ng\/ml). Aunque los niveles de PSA\u00a0var\u00edan en funci\u00f3n de:<\/p>\n<ul>\n<li>Raza.<\/li>\n<li>Edad.<\/li>\n<li>Antecedentes familiares.<\/li>\n<li>El laboratorio que realice la prueba.<\/li>\n<\/ul>\n<\/div>\n<div style=\"text-align: justify;\">\u00a0<\/div>\n<div style=\"text-align: justify;\"><b>Seguir leyendo:<\/b><\/p>\n<ul>\n<li><a href=\"https:\/\/www.euroresidentes.com\/salud\/psa-en-el-cancer-de-prostata\/\" target=\"_blank\" rel=\"noopener\">PSA en el c\u00e1ncer de pr\u00f3stata<\/a><\/li>\n<li><a href=\"https:\/\/www.euroresidentes.com\/salud\/valores-normales-de-psa\/\" target=\"_blank\" rel=\"noopener\">Valores normales de PSA<\/a><\/li>\n<\/ul>\n<\/div>\n","protected":false},"excerpt":{"rendered":"<p>La prueba del ant\u00edgeno prost\u00e1tico espec\u00edfico\u00a0ha disminuido\u00a0la mortalidad asociada al c\u00e1ncer de pr\u00f3stata La prueba del PSA\u00a0permite detectar el c\u00e1ncer de pr\u00f3stata\u00a0en las fases m\u00e1s tempranas de la enfermedad, incluso antes de que el paciente haya presentado alg\u00fan s\u00edntoma.\u00a0 \u00a0\u00bfQu\u00e9 es el ant\u00edgeno prost\u00e1tico espec\u00edfico o PSA? El ant\u00edgeno prost\u00e1tico espec\u00edfico es una sustancia producida por la pr\u00f3stata.\u00a0Ciertas\u00a0\u00a0enfermedades, como lo prostatitis o el c\u00e1ncer de pr\u00f3stata, aumentan sus niveles\u00a0en la sangre. El ant\u00edgeno prost\u00e1tico espec\u00edfico se usa tanto en la detecci\u00f3n precoz como en el seguimiento de la evoluci\u00f3n\u00a0del c\u00e1ncer de pr\u00f3stata. \u00a0 \u00bfSiempre que el valor de PSA es <\/p>\n","protected":false},"author":2,"featured_media":4647,"comment_status":"open","ping_status":"open","sticky":false,"template":"","format":"standard","meta":{"footnotes":""},"categories":[6],"tags":[],"class_list":["post-2097","post","type-post","status-publish","format-standard","has-post-thumbnail","hentry","category-cancer-prostata","has_thumb"],"yoast_head":"<!-- This site is optimized with the Yoast SEO plugin v26.8 - https:\/\/yoast.com\/product\/yoast-seo-wordpress\/ -->\n<title>PSA para la detecci\u00f3n precoz del c\u00e1ncer de pr\u00f3stata - Salud<\/title>\n<meta name=\"robots\" content=\"index, follow, max-snippet:-1, max-image-preview:large, max-video-preview:-1\" \/>\n<link rel=\"canonical\" href=\"https:\/\/www.euroresidentes.com\/salud\/antigeno-prostatico-especifico-psa\/\" \/>\n<meta property=\"og:locale\" content=\"es_ES\" \/>\n<meta property=\"og:type\" content=\"article\" \/>\n<meta property=\"og:title\" content=\"PSA para la detecci\u00f3n precoz del c\u00e1ncer de pr\u00f3stata - Salud\" \/>\n<meta property=\"og:description\" content=\"La prueba del ant\u00edgeno prost\u00e1tico espec\u00edfico\u00a0ha disminuido\u00a0la mortalidad asociada al c\u00e1ncer de pr\u00f3stata La prueba del PSA\u00a0permite detectar el c\u00e1ncer de pr\u00f3stata\u00a0en las fases m\u00e1s tempranas de la enfermedad, incluso antes de que el paciente haya presentado alg\u00fan s\u00edntoma.\u00a0 \u00a0\u00bfQu\u00e9 es el ant\u00edgeno prost\u00e1tico espec\u00edfico o PSA? El ant\u00edgeno prost\u00e1tico espec\u00edfico es una sustancia producida por la pr\u00f3stata.\u00a0Ciertas\u00a0\u00a0enfermedades, como lo prostatitis o el c\u00e1ncer de pr\u00f3stata, aumentan sus niveles\u00a0en la sangre. El ant\u00edgeno prost\u00e1tico espec\u00edfico se usa tanto en la detecci\u00f3n precoz como en el seguimiento de la evoluci\u00f3n\u00a0del c\u00e1ncer de pr\u00f3stata. \u00a0 \u00bfSiempre que el valor de PSA es\" \/>\n<meta property=\"og:url\" content=\"https:\/\/www.euroresidentes.com\/salud\/antigeno-prostatico-especifico-psa\/\" \/>\n<meta property=\"og:site_name\" content=\"Salud\" \/>\n<meta property=\"article:published_time\" content=\"2016-04-05T11:56:00+00:00\" \/>\n<meta property=\"article:modified_time\" content=\"2018-06-11T11:38:32+00:00\" \/>\n<meta property=\"og:image\" content=\"https:\/\/www.euroresidentes.com\/salud\/wp-content\/uploads\/2016\/10\/psa-prostata-euroresidentes.jpg\" \/>\n\t<meta property=\"og:image:width\" content=\"700\" \/>\n\t<meta property=\"og:image:height\" content=\"525\" \/>\n\t<meta property=\"og:image:type\" content=\"image\/jpeg\" \/>\n<meta name=\"author\" content=\"Raquel Pomares\" \/>\n<meta name=\"twitter:label1\" content=\"Written by\" \/>\n\t<meta name=\"twitter:data1\" content=\"Raquel Pomares\" \/>\n\t<meta name=\"twitter:label2\" content=\"Est. reading time\" \/>\n\t<meta name=\"twitter:data2\" content=\"2 minutos\" \/>\n<script type=\"application\/ld+json\" class=\"yoast-schema-graph\">{\"@context\":\"https:\/\/schema.org\",\"@graph\":[{\"@type\":\"Article\",\"@id\":\"https:\/\/www.euroresidentes.com\/salud\/antigeno-prostatico-especifico-psa\/#article\",\"isPartOf\":{\"@id\":\"https:\/\/www.euroresidentes.com\/salud\/antigeno-prostatico-especifico-psa\/\"},\"author\":{\"name\":\"Raquel Pomares\",\"@id\":\"https:\/\/www.euroresidentes.com\/salud\/#\/schema\/person\/c0299534643677f2282b416ac1fe97f1\"},\"headline\":\"PSA para la detecci\u00f3n precoz del c\u00e1ncer de pr\u00f3stata\",\"datePublished\":\"2016-04-05T11:56:00+00:00\",\"dateModified\":\"2018-06-11T11:38:32+00:00\",\"mainEntityOfPage\":{\"@id\":\"https:\/\/www.euroresidentes.com\/salud\/antigeno-prostatico-especifico-psa\/\"},\"wordCount\":378,\"commentCount\":9,\"image\":{\"@id\":\"https:\/\/www.euroresidentes.com\/salud\/antigeno-prostatico-especifico-psa\/#primaryimage\"},\"thumbnailUrl\":\"https:\/\/www.euroresidentes.com\/salud\/wp-content\/uploads\/2016\/10\/psa-prostata-euroresidentes.jpg\",\"articleSection\":[\"C\u00e1ncer de pr\u00f3stata\"],\"inLanguage\":\"es\",\"potentialAction\":[{\"@type\":\"CommentAction\",\"name\":\"Comment\",\"target\":[\"https:\/\/www.euroresidentes.com\/salud\/antigeno-prostatico-especifico-psa\/#respond\"]}]},{\"@type\":\"WebPage\",\"@id\":\"https:\/\/www.euroresidentes.com\/salud\/antigeno-prostatico-especifico-psa\/\",\"url\":\"https:\/\/www.euroresidentes.com\/salud\/antigeno-prostatico-especifico-psa\/\",\"name\":\"PSA para la detecci\u00f3n precoz del c\u00e1ncer de pr\u00f3stata - Salud\",\"isPartOf\":{\"@id\":\"https:\/\/www.euroresidentes.com\/salud\/#website\"},\"primaryImageOfPage\":{\"@id\":\"https:\/\/www.euroresidentes.com\/salud\/antigeno-prostatico-especifico-psa\/#primaryimage\"},\"image\":{\"@id\":\"https:\/\/www.euroresidentes.com\/salud\/antigeno-prostatico-especifico-psa\/#primaryimage\"},\"thumbnailUrl\":\"https:\/\/www.euroresidentes.com\/salud\/wp-content\/uploads\/2016\/10\/psa-prostata-euroresidentes.jpg\",\"datePublished\":\"2016-04-05T11:56:00+00:00\",\"dateModified\":\"2018-06-11T11:38:32+00:00\",\"author\":{\"@id\":\"https:\/\/www.euroresidentes.com\/salud\/#\/schema\/person\/c0299534643677f2282b416ac1fe97f1\"},\"breadcrumb\":{\"@id\":\"https:\/\/www.euroresidentes.com\/salud\/antigeno-prostatico-especifico-psa\/#breadcrumb\"},\"inLanguage\":\"es\",\"potentialAction\":[{\"@type\":\"ReadAction\",\"target\":[\"https:\/\/www.euroresidentes.com\/salud\/antigeno-prostatico-especifico-psa\/\"]}]},{\"@type\":\"ImageObject\",\"inLanguage\":\"es\",\"@id\":\"https:\/\/www.euroresidentes.com\/salud\/antigeno-prostatico-especifico-psa\/#primaryimage\",\"url\":\"https:\/\/www.euroresidentes.com\/salud\/wp-content\/uploads\/2016\/10\/psa-prostata-euroresidentes.jpg\",\"contentUrl\":\"https:\/\/www.euroresidentes.com\/salud\/wp-content\/uploads\/2016\/10\/psa-prostata-euroresidentes.jpg\",\"width\":700,\"height\":525},{\"@type\":\"BreadcrumbList\",\"@id\":\"https:\/\/www.euroresidentes.com\/salud\/antigeno-prostatico-especifico-psa\/#breadcrumb\",\"itemListElement\":[{\"@type\":\"ListItem\",\"position\":1,\"name\":\"Portada\",\"item\":\"https:\/\/www.euroresidentes.com\/salud\/\"},{\"@type\":\"ListItem\",\"position\":2,\"name\":\"PSA para la detecci\u00f3n precoz del c\u00e1ncer de pr\u00f3stata\"}]},{\"@type\":\"WebSite\",\"@id\":\"https:\/\/www.euroresidentes.com\/salud\/#website\",\"url\":\"https:\/\/www.euroresidentes.com\/salud\/\",\"name\":\"Salud\",\"description\":\"Consejos para el cuidado de la salud, vida sana, h\u00e1bitos saludables\",\"potentialAction\":[{\"@type\":\"SearchAction\",\"target\":{\"@type\":\"EntryPoint\",\"urlTemplate\":\"https:\/\/www.euroresidentes.com\/salud\/?s={search_term_string}\"},\"query-input\":{\"@type\":\"PropertyValueSpecification\",\"valueRequired\":true,\"valueName\":\"search_term_string\"}}],\"inLanguage\":\"es\"},{\"@type\":\"Person\",\"@id\":\"https:\/\/www.euroresidentes.com\/salud\/#\/schema\/person\/c0299534643677f2282b416ac1fe97f1\",\"name\":\"Raquel Pomares\",\"image\":{\"@type\":\"ImageObject\",\"inLanguage\":\"es\",\"@id\":\"https:\/\/www.euroresidentes.com\/salud\/#\/schema\/person\/image\/\",\"url\":\"https:\/\/www.euroresidentes.com\/salud\/wp-content\/uploads\/2016\/07\/YO2-150x150.jpg\",\"contentUrl\":\"https:\/\/www.euroresidentes.com\/salud\/wp-content\/uploads\/2016\/07\/YO2-150x150.jpg\",\"caption\":\"Raquel Pomares\"},\"description\":\"Raquel PomaresBi\u00f3loga, doctora y divulgadora cient\u00edfica especializada en temas de salud.\",\"sameAs\":[\"https:\/\/www.euroresidentes.com\/salud\/raquel-pomares.html\"],\"url\":\"https:\/\/www.euroresidentes.com\/salud\/author\/raquel\/\"}]}<\/script>\n<!-- \/ Yoast SEO plugin. -->","yoast_head_json":{"title":"PSA para la detecci\u00f3n precoz del c\u00e1ncer de pr\u00f3stata - Salud","robots":{"index":"index","follow":"follow","max-snippet":"max-snippet:-1","max-image-preview":"max-image-preview:large","max-video-preview":"max-video-preview:-1"},"canonical":"https:\/\/www.euroresidentes.com\/salud\/antigeno-prostatico-especifico-psa\/","og_locale":"es_ES","og_type":"article","og_title":"PSA para la detecci\u00f3n precoz del c\u00e1ncer de pr\u00f3stata - Salud","og_description":"La prueba del ant\u00edgeno prost\u00e1tico espec\u00edfico\u00a0ha disminuido\u00a0la mortalidad asociada al c\u00e1ncer de pr\u00f3stata La prueba del PSA\u00a0permite detectar el c\u00e1ncer de pr\u00f3stata\u00a0en las fases m\u00e1s tempranas de la enfermedad, incluso antes de que el paciente haya presentado alg\u00fan s\u00edntoma.\u00a0 \u00a0\u00bfQu\u00e9 es el ant\u00edgeno prost\u00e1tico espec\u00edfico o PSA? El ant\u00edgeno prost\u00e1tico espec\u00edfico es una sustancia producida por la pr\u00f3stata.\u00a0Ciertas\u00a0\u00a0enfermedades, como lo prostatitis o el c\u00e1ncer de pr\u00f3stata, aumentan sus niveles\u00a0en la sangre. El ant\u00edgeno prost\u00e1tico espec\u00edfico se usa tanto en la detecci\u00f3n precoz como en el seguimiento de la evoluci\u00f3n\u00a0del c\u00e1ncer de pr\u00f3stata. \u00a0 \u00bfSiempre que el valor de PSA es","og_url":"https:\/\/www.euroresidentes.com\/salud\/antigeno-prostatico-especifico-psa\/","og_site_name":"Salud","article_published_time":"2016-04-05T11:56:00+00:00","article_modified_time":"2018-06-11T11:38:32+00:00","og_image":[{"width":700,"height":525,"url":"https:\/\/www.euroresidentes.com\/salud\/wp-content\/uploads\/2016\/10\/psa-prostata-euroresidentes.jpg","type":"image\/jpeg"}],"author":"Raquel Pomares","twitter_misc":{"Written by":"Raquel Pomares","Est. reading time":"2 minutos"},"schema":{"@context":"https:\/\/schema.org","@graph":[{"@type":"Article","@id":"https:\/\/www.euroresidentes.com\/salud\/antigeno-prostatico-especifico-psa\/#article","isPartOf":{"@id":"https:\/\/www.euroresidentes.com\/salud\/antigeno-prostatico-especifico-psa\/"},"author":{"name":"Raquel Pomares","@id":"https:\/\/www.euroresidentes.com\/salud\/#\/schema\/person\/c0299534643677f2282b416ac1fe97f1"},"headline":"PSA para la detecci\u00f3n precoz del c\u00e1ncer de pr\u00f3stata","datePublished":"2016-04-05T11:56:00+00:00","dateModified":"2018-06-11T11:38:32+00:00","mainEntityOfPage":{"@id":"https:\/\/www.euroresidentes.com\/salud\/antigeno-prostatico-especifico-psa\/"},"wordCount":378,"commentCount":9,"image":{"@id":"https:\/\/www.euroresidentes.com\/salud\/antigeno-prostatico-especifico-psa\/#primaryimage"},"thumbnailUrl":"https:\/\/www.euroresidentes.com\/salud\/wp-content\/uploads\/2016\/10\/psa-prostata-euroresidentes.jpg","articleSection":["C\u00e1ncer de pr\u00f3stata"],"inLanguage":"es","potentialAction":[{"@type":"CommentAction","name":"Comment","target":["https:\/\/www.euroresidentes.com\/salud\/antigeno-prostatico-especifico-psa\/#respond"]}]},{"@type":"WebPage","@id":"https:\/\/www.euroresidentes.com\/salud\/antigeno-prostatico-especifico-psa\/","url":"https:\/\/www.euroresidentes.com\/salud\/antigeno-prostatico-especifico-psa\/","name":"PSA para la detecci\u00f3n precoz del c\u00e1ncer de pr\u00f3stata - Salud","isPartOf":{"@id":"https:\/\/www.euroresidentes.com\/salud\/#website"},"primaryImageOfPage":{"@id":"https:\/\/www.euroresidentes.com\/salud\/antigeno-prostatico-especifico-psa\/#primaryimage"},"image":{"@id":"https:\/\/www.euroresidentes.com\/salud\/antigeno-prostatico-especifico-psa\/#primaryimage"},"thumbnailUrl":"https:\/\/www.euroresidentes.com\/salud\/wp-content\/uploads\/2016\/10\/psa-prostata-euroresidentes.jpg","datePublished":"2016-04-05T11:56:00+00:00","dateModified":"2018-06-11T11:38:32+00:00","author":{"@id":"https:\/\/www.euroresidentes.com\/salud\/#\/schema\/person\/c0299534643677f2282b416ac1fe97f1"},"breadcrumb":{"@id":"https:\/\/www.euroresidentes.com\/salud\/antigeno-prostatico-especifico-psa\/#breadcrumb"},"inLanguage":"es","potentialAction":[{"@type":"ReadAction","target":["https:\/\/www.euroresidentes.com\/salud\/antigeno-prostatico-especifico-psa\/"]}]},{"@type":"ImageObject","inLanguage":"es","@id":"https:\/\/www.euroresidentes.com\/salud\/antigeno-prostatico-especifico-psa\/#primaryimage","url":"https:\/\/www.euroresidentes.com\/salud\/wp-content\/uploads\/2016\/10\/psa-prostata-euroresidentes.jpg","contentUrl":"https:\/\/www.euroresidentes.com\/salud\/wp-content\/uploads\/2016\/10\/psa-prostata-euroresidentes.jpg","width":700,"height":525},{"@type":"BreadcrumbList","@id":"https:\/\/www.euroresidentes.com\/salud\/antigeno-prostatico-especifico-psa\/#breadcrumb","itemListElement":[{"@type":"ListItem","position":1,"name":"Portada","item":"https:\/\/www.euroresidentes.com\/salud\/"},{"@type":"ListItem","position":2,"name":"PSA para la detecci\u00f3n precoz del c\u00e1ncer de pr\u00f3stata"}]},{"@type":"WebSite","@id":"https:\/\/www.euroresidentes.com\/salud\/#website","url":"https:\/\/www.euroresidentes.com\/salud\/","name":"Salud","description":"Consejos para el cuidado de la salud, vida sana, h\u00e1bitos saludables","potentialAction":[{"@type":"SearchAction","target":{"@type":"EntryPoint","urlTemplate":"https:\/\/www.euroresidentes.com\/salud\/?s={search_term_string}"},"query-input":{"@type":"PropertyValueSpecification","valueRequired":true,"valueName":"search_term_string"}}],"inLanguage":"es"},{"@type":"Person","@id":"https:\/\/www.euroresidentes.com\/salud\/#\/schema\/person\/c0299534643677f2282b416ac1fe97f1","name":"Raquel Pomares","image":{"@type":"ImageObject","inLanguage":"es","@id":"https:\/\/www.euroresidentes.com\/salud\/#\/schema\/person\/image\/","url":"https:\/\/www.euroresidentes.com\/salud\/wp-content\/uploads\/2016\/07\/YO2-150x150.jpg","contentUrl":"https:\/\/www.euroresidentes.com\/salud\/wp-content\/uploads\/2016\/07\/YO2-150x150.jpg","caption":"Raquel Pomares"},"description":"Raquel PomaresBi\u00f3loga, doctora y divulgadora cient\u00edfica especializada en temas de salud.","sameAs":["https:\/\/www.euroresidentes.com\/salud\/raquel-pomares.html"],"url":"https:\/\/www.euroresidentes.com\/salud\/author\/raquel\/"}]}},"_links":{"self":[{"href":"https:\/\/www.euroresidentes.com\/salud\/wp-json\/wp\/v2\/posts\/2097","targetHints":{"allow":["GET"]}}],"collection":[{"href":"https:\/\/www.euroresidentes.com\/salud\/wp-json\/wp\/v2\/posts"}],"about":[{"href":"https:\/\/www.euroresidentes.com\/salud\/wp-json\/wp\/v2\/types\/post"}],"author":[{"embeddable":true,"href":"https:\/\/www.euroresidentes.com\/salud\/wp-json\/wp\/v2\/users\/2"}],"replies":[{"embeddable":true,"href":"https:\/\/www.euroresidentes.com\/salud\/wp-json\/wp\/v2\/comments?post=2097"}],"version-history":[{"count":5,"href":"https:\/\/www.euroresidentes.com\/salud\/wp-json\/wp\/v2\/posts\/2097\/revisions"}],"predecessor-version":[{"id":5011,"href":"https:\/\/www.euroresidentes.com\/salud\/wp-json\/wp\/v2\/posts\/2097\/revisions\/5011"}],"wp:featuredmedia":[{"embeddable":true,"href":"https:\/\/www.euroresidentes.com\/salud\/wp-json\/wp\/v2\/media\/4647"}],"wp:attachment":[{"href":"https:\/\/www.euroresidentes.com\/salud\/wp-json\/wp\/v2\/media?parent=2097"}],"wp:term":[{"taxonomy":"category","embeddable":true,"href":"https:\/\/www.euroresidentes.com\/salud\/wp-json\/wp\/v2\/categories?post=2097"},{"taxonomy":"post_tag","embeddable":true,"href":"https:\/\/www.euroresidentes.com\/salud\/wp-json\/wp\/v2\/tags?post=2097"}],"curies":[{"name":"wp","href":"https:\/\/api.w.org\/{rel}","templated":true}]}}