 

{"id":2067,"date":"2014-03-12T11:54:00","date_gmt":"2014-03-12T10:54:00","guid":{"rendered":"https:\/\/www.euroresidentes.com\/salud\/cancer-prostata\/el-cancer-de-prostata-se-hereda"},"modified":"2018-06-27T13:52:07","modified_gmt":"2018-06-27T11:52:07","slug":"el-cancer-de-prostata-se-hereda","status":"publish","type":"post","link":"https:\/\/www.euroresidentes.com\/salud\/el-cancer-de-prostata-se-hereda\/","title":{"rendered":"\u00bfEl c\u00e1ncer de pr\u00f3stata se hereda?"},"content":{"rendered":"<div class=\"separator\" style=\"clear: both;text-align: center\">\n<h3 style=\"text-align: left\">Tener un pariente cercano con c\u00e1ncer de pr\u00f3stata puede duplicar el riesgo relativo<\/h3>\n<p style=\"text-align: left\">Se estima que alrededor de 5-10 % de los c\u00e1nceres de pr\u00f3stata est\u00e1n ligados a los genes.<\/p>\n<\/div>\n<div class=\"separator\" style=\"clear: both;text-align: center\"><a style=\"margin-left: 1em;margin-right: 1em\" href=\"https:\/\/euroresidentes.com\/salud\/wp-content\/uploads\/2014\/03\/genes-asociados-al-cancer-de-prostata-1024x685.jpg\"><img loading=\"lazy\" decoding=\"async\" title=\"Genes asociados al c\u00e1ncer de pr\u00f3stata\" src=\"https:\/\/euroresidentes.com\/salud\/wp-content\/uploads\/2014\/03\/genes-asociados-al-cancer-de-prostata-1024x685.jpg\" alt=\"Genes asociados al c\u00e1ncer de pr\u00f3stata\" width=\"640\" height=\"428\" border=\"0\" \/><\/a><\/div>\n<div style=\"text-align: left\">No hay un solo gen espec\u00edfico responsable del c\u00e1ncer de pr\u00f3stata. Los estudios sugieren que la combinaci\u00f3n de variaciones en ciertos genes podr\u00edan estar involucradas.<\/div>\n<div style=\"text-align: left\">Cada variaci\u00f3n s\u00f3lo tiene un efecto muy peque\u00f1o en el riesgo de c\u00e1ncer de pr\u00f3stata, pero los hombres que han heredado varias de estas variaciones gen\u00e9ticas pueden tener un riesgo significativamente mayor de sufrir un c\u00e1ncer de pr\u00f3stata.<\/div>\n<h3 style=\"text-align: justify\">\u00a0<\/h3>\n<h3 style=\"text-align: justify\">Genes asociados al c\u00e1ncer de pr\u00f3stata<\/h3>\n<div style=\"text-align: left\">Junto con la edad, la historia familiar es uno de los factores de riesgo m\u00e1s importante para el c\u00e1ncer de pr\u00f3stata.<\/div>\n<div style=\"text-align: left\">Entre un 5 y un 10% de todos los c\u00e1nceres de pr\u00f3stata diagnosticados son hereditarios.<\/div>\n<div style=\"text-align: left\">En los \u00faltimos a\u00f1os, los estudios han identificado una serie de cambios gen\u00e9ticos hereditarios que pueden contribuir al riesgo de desarrollar c\u00e1ncer de pr\u00f3stata en un hombre. Las nuevas investigaciones\u00a0sugieren que los hombres con mutaciones en los genes BRCA1 y BRCA2,\u00a0los mismos genes que se han asociado al c\u00e1ncer de mama y al de ovario,\u00a0tienen un mayor riesgo de sufrir un c\u00e1ncer de pr\u00f3stata.<\/div>\n<div style=\"text-align: left\">Un hombre con un defecto gen\u00e9tico en el gen BRCA2 tiene casi 4 veces m\u00e1s riesgo de desarrollar c\u00e1ncer de pr\u00f3stata que los hombres en la poblaci\u00f3n general. Adem\u00e1s, los c\u00e1nceres de pr\u00f3stata de hombres portadores de mutaciones en el gen BRCA2 tambi\u00e9n tienden a ser m\u00e1s agresivos.<\/div>\n<div style=\"text-align: justify\">\u00a0<\/div>\n<div style=\"text-align: justify\"><strong>\u00a0<\/strong><\/div>\n<div style=\"text-align: justify\"><strong>Lecturas relacionadas:<\/strong><\/div>\n<div style=\"text-align: justify\">\n<ul>\n<li><a href=\"http:\/\/cancer-prostata.euroresidentes.com\/2014\/01\/quien-tiene-riesgo-de-sufrir-un-cancer.html\" target=\"_blank\" rel=\"noopener\">\u00bfQui\u00e9n tiene riesgo de sufrir un c\u00e1ncer de pr\u00f3stata?<\/a><\/li>\n<li><a href=\"http:\/\/cancer-prostata.euroresidentes.com\/2013\/10\/habitos-saludables-que-reducen-el.html\" target=\"_blank\" rel=\"noopener\">H\u00e1bitos saludables que reducen el riesgo de c\u00e1ncer de pr\u00f3stata<\/a><\/li>\n<li><a href=\"http:\/\/cancer-prostata.euroresidentes.com\/2014\/02\/cansancio-y-cancer-de-prostata.html\" target=\"_blank\" rel=\"noopener\">Cansancio y c\u00e1ncer de pr\u00f3stata<\/a><\/li>\n<\/ul>\n<\/div>\n","protected":false},"excerpt":{"rendered":"<p>Tener un pariente cercano con c\u00e1ncer de pr\u00f3stata puede duplicar el riesgo relativo Se estima que alrededor de 5-10 % de los c\u00e1nceres de pr\u00f3stata est\u00e1n ligados a los genes. No hay un solo gen espec\u00edfico responsable del c\u00e1ncer de pr\u00f3stata. Los estudios sugieren que la combinaci\u00f3n de variaciones en ciertos genes podr\u00edan estar involucradas. Cada variaci\u00f3n s\u00f3lo tiene un efecto muy peque\u00f1o en el riesgo de c\u00e1ncer de pr\u00f3stata, pero los hombres que han heredado varias de estas variaciones gen\u00e9ticas pueden tener un riesgo significativamente mayor de sufrir un c\u00e1ncer de pr\u00f3stata. \u00a0 Genes asociados al c\u00e1ncer de pr\u00f3stata <\/p>\n","protected":false},"author":2,"featured_media":4470,"comment_status":"open","ping_status":"open","sticky":false,"template":"","format":"standard","meta":{"footnotes":""},"categories":[6],"tags":[],"class_list":["post-2067","post","type-post","status-publish","format-standard","has-post-thumbnail","hentry","category-cancer-prostata","has_thumb"],"yoast_head":"<!-- This site is optimized with the Yoast SEO plugin v26.8 - https:\/\/yoast.com\/product\/yoast-seo-wordpress\/ -->\n<title>\u00bfEl c\u00e1ncer de pr\u00f3stata se hereda? - Salud<\/title>\n<meta name=\"robots\" content=\"index, follow, max-snippet:-1, max-image-preview:large, max-video-preview:-1\" \/>\n<link rel=\"canonical\" href=\"https:\/\/www.euroresidentes.com\/salud\/el-cancer-de-prostata-se-hereda\/\" \/>\n<meta property=\"og:locale\" content=\"es_ES\" \/>\n<meta property=\"og:type\" content=\"article\" \/>\n<meta property=\"og:title\" content=\"\u00bfEl c\u00e1ncer de pr\u00f3stata se hereda? - Salud\" \/>\n<meta property=\"og:description\" content=\"Tener un pariente cercano con c\u00e1ncer de pr\u00f3stata puede duplicar el riesgo relativo Se estima que alrededor de 5-10 % de los c\u00e1nceres de pr\u00f3stata est\u00e1n ligados a los genes. No hay un solo gen espec\u00edfico responsable del c\u00e1ncer de pr\u00f3stata. Los estudios sugieren que la combinaci\u00f3n de variaciones en ciertos genes podr\u00edan estar involucradas. Cada variaci\u00f3n s\u00f3lo tiene un efecto muy peque\u00f1o en el riesgo de c\u00e1ncer de pr\u00f3stata, pero los hombres que han heredado varias de estas variaciones gen\u00e9ticas pueden tener un riesgo significativamente mayor de sufrir un c\u00e1ncer de pr\u00f3stata. \u00a0 Genes asociados al c\u00e1ncer de pr\u00f3stata\" \/>\n<meta property=\"og:url\" content=\"https:\/\/www.euroresidentes.com\/salud\/el-cancer-de-prostata-se-hereda\/\" \/>\n<meta property=\"og:site_name\" content=\"Salud\" \/>\n<meta property=\"article:published_time\" content=\"2014-03-12T10:54:00+00:00\" \/>\n<meta property=\"article:modified_time\" content=\"2018-06-27T11:52:07+00:00\" \/>\n<meta property=\"og:image\" content=\"https:\/\/www.euroresidentes.com\/salud\/wp-content\/uploads\/2014\/03\/genes-asociados-al-cancer-de-prostata-1024x685.jpg\" \/>\n\t<meta property=\"og:image:width\" content=\"1024\" \/>\n\t<meta property=\"og:image:height\" content=\"685\" \/>\n\t<meta property=\"og:image:type\" content=\"image\/jpeg\" \/>\n<meta name=\"author\" content=\"Raquel Pomares\" \/>\n<meta name=\"twitter:label1\" content=\"Written by\" \/>\n\t<meta name=\"twitter:data1\" content=\"Raquel Pomares\" \/>\n\t<meta name=\"twitter:label2\" content=\"Est. reading time\" \/>\n\t<meta name=\"twitter:data2\" content=\"2 minutos\" \/>\n<script type=\"application\/ld+json\" class=\"yoast-schema-graph\">{\"@context\":\"https:\/\/schema.org\",\"@graph\":[{\"@type\":\"Article\",\"@id\":\"https:\/\/www.euroresidentes.com\/salud\/el-cancer-de-prostata-se-hereda\/#article\",\"isPartOf\":{\"@id\":\"https:\/\/www.euroresidentes.com\/salud\/el-cancer-de-prostata-se-hereda\/\"},\"author\":{\"name\":\"Raquel Pomares\",\"@id\":\"https:\/\/www.euroresidentes.com\/salud\/#\/schema\/person\/c0299534643677f2282b416ac1fe97f1\"},\"headline\":\"\u00bfEl c\u00e1ncer de pr\u00f3stata se hereda?\",\"datePublished\":\"2014-03-12T10:54:00+00:00\",\"dateModified\":\"2018-06-27T11:52:07+00:00\",\"mainEntityOfPage\":{\"@id\":\"https:\/\/www.euroresidentes.com\/salud\/el-cancer-de-prostata-se-hereda\/\"},\"wordCount\":330,\"commentCount\":0,\"image\":{\"@id\":\"https:\/\/www.euroresidentes.com\/salud\/el-cancer-de-prostata-se-hereda\/#primaryimage\"},\"thumbnailUrl\":\"https:\/\/www.euroresidentes.com\/salud\/wp-content\/uploads\/2014\/03\/genes-asociados-al-cancer-de-prostata-1024x685.jpg\",\"articleSection\":[\"C\u00e1ncer de pr\u00f3stata\"],\"inLanguage\":\"es\",\"potentialAction\":[{\"@type\":\"CommentAction\",\"name\":\"Comment\",\"target\":[\"https:\/\/www.euroresidentes.com\/salud\/el-cancer-de-prostata-se-hereda\/#respond\"]}]},{\"@type\":\"WebPage\",\"@id\":\"https:\/\/www.euroresidentes.com\/salud\/el-cancer-de-prostata-se-hereda\/\",\"url\":\"https:\/\/www.euroresidentes.com\/salud\/el-cancer-de-prostata-se-hereda\/\",\"name\":\"\u00bfEl c\u00e1ncer de pr\u00f3stata se hereda? - Salud\",\"isPartOf\":{\"@id\":\"https:\/\/www.euroresidentes.com\/salud\/#website\"},\"primaryImageOfPage\":{\"@id\":\"https:\/\/www.euroresidentes.com\/salud\/el-cancer-de-prostata-se-hereda\/#primaryimage\"},\"image\":{\"@id\":\"https:\/\/www.euroresidentes.com\/salud\/el-cancer-de-prostata-se-hereda\/#primaryimage\"},\"thumbnailUrl\":\"https:\/\/www.euroresidentes.com\/salud\/wp-content\/uploads\/2014\/03\/genes-asociados-al-cancer-de-prostata-1024x685.jpg\",\"datePublished\":\"2014-03-12T10:54:00+00:00\",\"dateModified\":\"2018-06-27T11:52:07+00:00\",\"author\":{\"@id\":\"https:\/\/www.euroresidentes.com\/salud\/#\/schema\/person\/c0299534643677f2282b416ac1fe97f1\"},\"breadcrumb\":{\"@id\":\"https:\/\/www.euroresidentes.com\/salud\/el-cancer-de-prostata-se-hereda\/#breadcrumb\"},\"inLanguage\":\"es\",\"potentialAction\":[{\"@type\":\"ReadAction\",\"target\":[\"https:\/\/www.euroresidentes.com\/salud\/el-cancer-de-prostata-se-hereda\/\"]}]},{\"@type\":\"ImageObject\",\"inLanguage\":\"es\",\"@id\":\"https:\/\/www.euroresidentes.com\/salud\/el-cancer-de-prostata-se-hereda\/#primaryimage\",\"url\":\"https:\/\/www.euroresidentes.com\/salud\/wp-content\/uploads\/2014\/03\/genes-asociados-al-cancer-de-prostata-1024x685.jpg\",\"contentUrl\":\"https:\/\/www.euroresidentes.com\/salud\/wp-content\/uploads\/2014\/03\/genes-asociados-al-cancer-de-prostata-1024x685.jpg\",\"width\":1024,\"height\":685,\"caption\":\"Genes asociados al c\u00e1ncer de pr\u00f3stata\"},{\"@type\":\"BreadcrumbList\",\"@id\":\"https:\/\/www.euroresidentes.com\/salud\/el-cancer-de-prostata-se-hereda\/#breadcrumb\",\"itemListElement\":[{\"@type\":\"ListItem\",\"position\":1,\"name\":\"Portada\",\"item\":\"https:\/\/www.euroresidentes.com\/salud\/\"},{\"@type\":\"ListItem\",\"position\":2,\"name\":\"\u00bfEl c\u00e1ncer de pr\u00f3stata se hereda?\"}]},{\"@type\":\"WebSite\",\"@id\":\"https:\/\/www.euroresidentes.com\/salud\/#website\",\"url\":\"https:\/\/www.euroresidentes.com\/salud\/\",\"name\":\"Salud\",\"description\":\"Consejos para el cuidado de la salud, vida sana, h\u00e1bitos saludables\",\"potentialAction\":[{\"@type\":\"SearchAction\",\"target\":{\"@type\":\"EntryPoint\",\"urlTemplate\":\"https:\/\/www.euroresidentes.com\/salud\/?s={search_term_string}\"},\"query-input\":{\"@type\":\"PropertyValueSpecification\",\"valueRequired\":true,\"valueName\":\"search_term_string\"}}],\"inLanguage\":\"es\"},{\"@type\":\"Person\",\"@id\":\"https:\/\/www.euroresidentes.com\/salud\/#\/schema\/person\/c0299534643677f2282b416ac1fe97f1\",\"name\":\"Raquel Pomares\",\"image\":{\"@type\":\"ImageObject\",\"inLanguage\":\"es\",\"@id\":\"https:\/\/www.euroresidentes.com\/salud\/#\/schema\/person\/image\/\",\"url\":\"https:\/\/www.euroresidentes.com\/salud\/wp-content\/uploads\/2016\/07\/YO2-150x150.jpg\",\"contentUrl\":\"https:\/\/www.euroresidentes.com\/salud\/wp-content\/uploads\/2016\/07\/YO2-150x150.jpg\",\"caption\":\"Raquel Pomares\"},\"description\":\"Raquel PomaresBi\u00f3loga, doctora y divulgadora cient\u00edfica especializada en temas de salud.\",\"sameAs\":[\"https:\/\/www.euroresidentes.com\/salud\/raquel-pomares.html\"],\"url\":\"https:\/\/www.euroresidentes.com\/salud\/author\/raquel\/\"}]}<\/script>\n<!-- \/ Yoast SEO plugin. -->","yoast_head_json":{"title":"\u00bfEl c\u00e1ncer de pr\u00f3stata se hereda? - Salud","robots":{"index":"index","follow":"follow","max-snippet":"max-snippet:-1","max-image-preview":"max-image-preview:large","max-video-preview":"max-video-preview:-1"},"canonical":"https:\/\/www.euroresidentes.com\/salud\/el-cancer-de-prostata-se-hereda\/","og_locale":"es_ES","og_type":"article","og_title":"\u00bfEl c\u00e1ncer de pr\u00f3stata se hereda? - Salud","og_description":"Tener un pariente cercano con c\u00e1ncer de pr\u00f3stata puede duplicar el riesgo relativo Se estima que alrededor de 5-10 % de los c\u00e1nceres de pr\u00f3stata est\u00e1n ligados a los genes. No hay un solo gen espec\u00edfico responsable del c\u00e1ncer de pr\u00f3stata. Los estudios sugieren que la combinaci\u00f3n de variaciones en ciertos genes podr\u00edan estar involucradas. Cada variaci\u00f3n s\u00f3lo tiene un efecto muy peque\u00f1o en el riesgo de c\u00e1ncer de pr\u00f3stata, pero los hombres que han heredado varias de estas variaciones gen\u00e9ticas pueden tener un riesgo significativamente mayor de sufrir un c\u00e1ncer de pr\u00f3stata. \u00a0 Genes asociados al c\u00e1ncer de pr\u00f3stata","og_url":"https:\/\/www.euroresidentes.com\/salud\/el-cancer-de-prostata-se-hereda\/","og_site_name":"Salud","article_published_time":"2014-03-12T10:54:00+00:00","article_modified_time":"2018-06-27T11:52:07+00:00","og_image":[{"width":1024,"height":685,"url":"https:\/\/www.euroresidentes.com\/salud\/wp-content\/uploads\/2014\/03\/genes-asociados-al-cancer-de-prostata-1024x685.jpg","type":"image\/jpeg"}],"author":"Raquel Pomares","twitter_misc":{"Written by":"Raquel Pomares","Est. reading time":"2 minutos"},"schema":{"@context":"https:\/\/schema.org","@graph":[{"@type":"Article","@id":"https:\/\/www.euroresidentes.com\/salud\/el-cancer-de-prostata-se-hereda\/#article","isPartOf":{"@id":"https:\/\/www.euroresidentes.com\/salud\/el-cancer-de-prostata-se-hereda\/"},"author":{"name":"Raquel Pomares","@id":"https:\/\/www.euroresidentes.com\/salud\/#\/schema\/person\/c0299534643677f2282b416ac1fe97f1"},"headline":"\u00bfEl c\u00e1ncer de pr\u00f3stata se hereda?","datePublished":"2014-03-12T10:54:00+00:00","dateModified":"2018-06-27T11:52:07+00:00","mainEntityOfPage":{"@id":"https:\/\/www.euroresidentes.com\/salud\/el-cancer-de-prostata-se-hereda\/"},"wordCount":330,"commentCount":0,"image":{"@id":"https:\/\/www.euroresidentes.com\/salud\/el-cancer-de-prostata-se-hereda\/#primaryimage"},"thumbnailUrl":"https:\/\/www.euroresidentes.com\/salud\/wp-content\/uploads\/2014\/03\/genes-asociados-al-cancer-de-prostata-1024x685.jpg","articleSection":["C\u00e1ncer de pr\u00f3stata"],"inLanguage":"es","potentialAction":[{"@type":"CommentAction","name":"Comment","target":["https:\/\/www.euroresidentes.com\/salud\/el-cancer-de-prostata-se-hereda\/#respond"]}]},{"@type":"WebPage","@id":"https:\/\/www.euroresidentes.com\/salud\/el-cancer-de-prostata-se-hereda\/","url":"https:\/\/www.euroresidentes.com\/salud\/el-cancer-de-prostata-se-hereda\/","name":"\u00bfEl c\u00e1ncer de pr\u00f3stata se hereda? - Salud","isPartOf":{"@id":"https:\/\/www.euroresidentes.com\/salud\/#website"},"primaryImageOfPage":{"@id":"https:\/\/www.euroresidentes.com\/salud\/el-cancer-de-prostata-se-hereda\/#primaryimage"},"image":{"@id":"https:\/\/www.euroresidentes.com\/salud\/el-cancer-de-prostata-se-hereda\/#primaryimage"},"thumbnailUrl":"https:\/\/www.euroresidentes.com\/salud\/wp-content\/uploads\/2014\/03\/genes-asociados-al-cancer-de-prostata-1024x685.jpg","datePublished":"2014-03-12T10:54:00+00:00","dateModified":"2018-06-27T11:52:07+00:00","author":{"@id":"https:\/\/www.euroresidentes.com\/salud\/#\/schema\/person\/c0299534643677f2282b416ac1fe97f1"},"breadcrumb":{"@id":"https:\/\/www.euroresidentes.com\/salud\/el-cancer-de-prostata-se-hereda\/#breadcrumb"},"inLanguage":"es","potentialAction":[{"@type":"ReadAction","target":["https:\/\/www.euroresidentes.com\/salud\/el-cancer-de-prostata-se-hereda\/"]}]},{"@type":"ImageObject","inLanguage":"es","@id":"https:\/\/www.euroresidentes.com\/salud\/el-cancer-de-prostata-se-hereda\/#primaryimage","url":"https:\/\/www.euroresidentes.com\/salud\/wp-content\/uploads\/2014\/03\/genes-asociados-al-cancer-de-prostata-1024x685.jpg","contentUrl":"https:\/\/www.euroresidentes.com\/salud\/wp-content\/uploads\/2014\/03\/genes-asociados-al-cancer-de-prostata-1024x685.jpg","width":1024,"height":685,"caption":"Genes asociados al c\u00e1ncer de pr\u00f3stata"},{"@type":"BreadcrumbList","@id":"https:\/\/www.euroresidentes.com\/salud\/el-cancer-de-prostata-se-hereda\/#breadcrumb","itemListElement":[{"@type":"ListItem","position":1,"name":"Portada","item":"https:\/\/www.euroresidentes.com\/salud\/"},{"@type":"ListItem","position":2,"name":"\u00bfEl c\u00e1ncer de pr\u00f3stata se hereda?"}]},{"@type":"WebSite","@id":"https:\/\/www.euroresidentes.com\/salud\/#website","url":"https:\/\/www.euroresidentes.com\/salud\/","name":"Salud","description":"Consejos para el cuidado de la salud, vida sana, h\u00e1bitos saludables","potentialAction":[{"@type":"SearchAction","target":{"@type":"EntryPoint","urlTemplate":"https:\/\/www.euroresidentes.com\/salud\/?s={search_term_string}"},"query-input":{"@type":"PropertyValueSpecification","valueRequired":true,"valueName":"search_term_string"}}],"inLanguage":"es"},{"@type":"Person","@id":"https:\/\/www.euroresidentes.com\/salud\/#\/schema\/person\/c0299534643677f2282b416ac1fe97f1","name":"Raquel Pomares","image":{"@type":"ImageObject","inLanguage":"es","@id":"https:\/\/www.euroresidentes.com\/salud\/#\/schema\/person\/image\/","url":"https:\/\/www.euroresidentes.com\/salud\/wp-content\/uploads\/2016\/07\/YO2-150x150.jpg","contentUrl":"https:\/\/www.euroresidentes.com\/salud\/wp-content\/uploads\/2016\/07\/YO2-150x150.jpg","caption":"Raquel Pomares"},"description":"Raquel PomaresBi\u00f3loga, doctora y divulgadora cient\u00edfica especializada en temas de salud.","sameAs":["https:\/\/www.euroresidentes.com\/salud\/raquel-pomares.html"],"url":"https:\/\/www.euroresidentes.com\/salud\/author\/raquel\/"}]}},"_links":{"self":[{"href":"https:\/\/www.euroresidentes.com\/salud\/wp-json\/wp\/v2\/posts\/2067","targetHints":{"allow":["GET"]}}],"collection":[{"href":"https:\/\/www.euroresidentes.com\/salud\/wp-json\/wp\/v2\/posts"}],"about":[{"href":"https:\/\/www.euroresidentes.com\/salud\/wp-json\/wp\/v2\/types\/post"}],"author":[{"embeddable":true,"href":"https:\/\/www.euroresidentes.com\/salud\/wp-json\/wp\/v2\/users\/2"}],"replies":[{"embeddable":true,"href":"https:\/\/www.euroresidentes.com\/salud\/wp-json\/wp\/v2\/comments?post=2067"}],"version-history":[{"count":4,"href":"https:\/\/www.euroresidentes.com\/salud\/wp-json\/wp\/v2\/posts\/2067\/revisions"}],"predecessor-version":[{"id":5320,"href":"https:\/\/www.euroresidentes.com\/salud\/wp-json\/wp\/v2\/posts\/2067\/revisions\/5320"}],"wp:featuredmedia":[{"embeddable":true,"href":"https:\/\/www.euroresidentes.com\/salud\/wp-json\/wp\/v2\/media\/4470"}],"wp:attachment":[{"href":"https:\/\/www.euroresidentes.com\/salud\/wp-json\/wp\/v2\/media?parent=2067"}],"wp:term":[{"taxonomy":"category","embeddable":true,"href":"https:\/\/www.euroresidentes.com\/salud\/wp-json\/wp\/v2\/categories?post=2067"},{"taxonomy":"post_tag","embeddable":true,"href":"https:\/\/www.euroresidentes.com\/salud\/wp-json\/wp\/v2\/tags?post=2067"}],"curies":[{"name":"wp","href":"https:\/\/api.w.org\/{rel}","templated":true}]}}