 

{"id":2018,"date":"2016-06-22T10:37:00","date_gmt":"2016-06-22T08:37:00","guid":{"rendered":"https:\/\/www.euroresidentes.com\/salud\/cancer-colon\/causas-del-cancer-de-colon"},"modified":"2018-07-20T12:54:41","modified_gmt":"2018-07-20T10:54:41","slug":"causas-del-cancer-de-colon","status":"publish","type":"post","link":"https:\/\/www.euroresidentes.com\/salud\/causas-del-cancer-de-colon\/","title":{"rendered":"Causas del c\u00e1ncer de colon"},"content":{"rendered":"<div class=\"separator\" style=\"clear: both;text-align: center\">\n<h3 style=\"text-align: justify\">\u00bfPor qu\u00e9 algunas personas desarrollan c\u00e1ncer de colon y otras no?<\/h3>\n<p style=\"text-align: left\">Aunque a\u00fan no se conocen exactamente las causas, existen varios los factores que afectan al riesgo\u00a0que tiene una persona de sufrir un c\u00e1ncer de colon.<\/p>\n<p style=\"text-align: justify\"><a href=\"https:\/\/euroresidentes.com\/salud\/wp-content\/uploads\/2016\/06\/factores-riesgo-cancer-colon-euroresidentes.jpg\"><img loading=\"lazy\" decoding=\"async\" class=\"aligncenter size-full wp-image-884\" src=\"https:\/\/euroresidentes.com\/salud\/wp-content\/uploads\/2016\/06\/factores-riesgo-cancer-colon-euroresidentes.jpg\" alt=\"factores-riesgo-cancer-colon-euroresidentes\" width=\"700\" height=\"525\" \/><\/a><\/p>\n<\/div>\n<h3 style=\"text-align: justify\">\u00bfCu\u00e1les son los factores de riesgo para el c\u00e1ncer de colon?<\/h3>\n<div style=\"text-align: justify\">Los factores de riesgo que se conoce que est\u00e1n asociados con el c\u00e1ncer de colon son:<\/div>\n<ul>\n<li style=\"text-align: left\"><b>Edad<\/b>. La incidencia del c\u00e1ncer de colon aumenta con la edad a partir de las 40, pero sigue siendo relativamente bajo hasta la edad de 50 y despu\u00e9s se acelera r\u00e1pidamente. Esta prevalencia parece duplicar con cada d\u00e9cada sucesiva hasta aproximadamente los 80 a\u00f1os.<\/li>\n<\/ul>\n<ul>\n<li style=\"text-align: justify\"><b>Dieta<\/b>:\n<ul>\n<li style=\"text-align: justify\">muy alta en prote\u00edna animal<\/li>\n<li style=\"text-align: justify\">muy alta en\u00a0grasas saturadas<\/li>\n<li style=\"text-align: justify\">muy baja en fibra diet\u00e9tica<\/li>\n<li style=\"text-align: justify\">muy alta en calor\u00edas<\/li>\n<\/ul>\n<\/li>\n<\/ul>\n<ul>\n<li style=\"text-align: justify\">Alto <b>consumo de alcohol<\/b><\/li>\n<\/ul>\n<ul>\n<li style=\"text-align: justify\">Antecedentes de c\u00e1ncer de mama, ovario y \u00fatero<\/li>\n<\/ul>\n<ul>\n<li style=\"text-align: justify\">Una <b>historia familiar de c\u00e1ncer colorectal<\/b><\/li>\n<\/ul>\n<ul>\n<li style=\"text-align: justify\">Antecedentes de <b>colitis ulcerosa<\/b><\/li>\n<\/ul>\n<ul>\n<li style=\"text-align: justify\"><b>Sobrepeso\/obesidad<\/b><\/li>\n<\/ul>\n<ul>\n<li style=\"text-align: justify\"><b>Tabaquismo<\/b><\/li>\n<\/ul>\n<ul>\n<li style=\"text-align: justify\"><b>Sedentarismo<\/b><\/li>\n<\/ul>\n<ul>\n<li style=\"text-align: left\">Presencia de <b>p\u00f3lipos<\/b> en el colon\/recto. Si no se trata, finalmente p\u00f3lipos pueden convertirse en cancerosos.<\/li>\n<\/ul>\n<ul style=\"text-align: left\">\n<li style=\"text-align: justify\"><b>Enfermedad de Crohn<\/b> o <b>enfermedad del intestino irritable<\/b> aumenta el riesgo de desarrollar c\u00e1ncer colorrectal.<\/li>\n<\/ul>\n<ul>\n<li style=\"text-align: left\"><b>Factores gen\u00e9ticos<\/b>. Se ha identificado una variaci\u00f3n gen\u00e9tica com\u00fan asociada con el riesgo de c\u00e1ncer colorrectal.<\/li>\n<\/ul>\n<div style=\"text-align: justify\"><b>\u00a0<\/b><\/div>\n<div style=\"text-align: justify\"><b>\u00a0<\/b><\/div>\n<div style=\"text-align: justify\"><b>Seguir leyendo:<\/b><\/div>\n<div style=\"text-align: justify\">\n<ul>\n<li><a href=\"http:\/\/cancer-colon.euroresidentes.com\/2012\/11\/factores-de-riesgo-del-cancer-de-colon.html\" target=\"_blank\" rel=\"noopener\">Factores de riesgo del c\u00e1ncer de colon<\/a><\/li>\n<\/ul>\n<\/div>\n","protected":false},"excerpt":{"rendered":"<p>\u00bfPor qu\u00e9 algunas personas desarrollan c\u00e1ncer de colon y otras no? Aunque a\u00fan no se conocen exactamente las causas, existen varios los factores que afectan al riesgo\u00a0que tiene una persona de sufrir un c\u00e1ncer de colon. \u00bfCu\u00e1les son los factores de riesgo para el c\u00e1ncer de colon? Los factores de riesgo que se conoce que est\u00e1n asociados con el c\u00e1ncer de colon son: Edad. La incidencia del c\u00e1ncer de colon aumenta con la edad a partir de las 40, pero sigue siendo relativamente bajo hasta la edad de 50 y despu\u00e9s se acelera r\u00e1pidamente. Esta prevalencia parece duplicar con cada <\/p>\n","protected":false},"author":2,"featured_media":3975,"comment_status":"open","ping_status":"open","sticky":false,"template":"","format":"standard","meta":{"footnotes":""},"categories":[9],"tags":[],"class_list":["post-2018","post","type-post","status-publish","format-standard","has-post-thumbnail","hentry","category-cancer-colon","has_thumb"],"yoast_head":"<!-- This site is optimized with the Yoast SEO plugin v26.8 - https:\/\/yoast.com\/product\/yoast-seo-wordpress\/ -->\n<title>Causas del c\u00e1ncer de colon - Salud<\/title>\n<meta name=\"robots\" content=\"index, follow, max-snippet:-1, max-image-preview:large, max-video-preview:-1\" \/>\n<link rel=\"canonical\" href=\"https:\/\/www.euroresidentes.com\/salud\/causas-del-cancer-de-colon\/\" \/>\n<meta property=\"og:locale\" content=\"es_ES\" \/>\n<meta property=\"og:type\" content=\"article\" \/>\n<meta property=\"og:title\" content=\"Causas del c\u00e1ncer de colon - Salud\" \/>\n<meta property=\"og:description\" content=\"\u00bfPor qu\u00e9 algunas personas desarrollan c\u00e1ncer de colon y otras no? Aunque a\u00fan no se conocen exactamente las causas, existen varios los factores que afectan al riesgo\u00a0que tiene una persona de sufrir un c\u00e1ncer de colon. \u00bfCu\u00e1les son los factores de riesgo para el c\u00e1ncer de colon? Los factores de riesgo que se conoce que est\u00e1n asociados con el c\u00e1ncer de colon son: Edad. La incidencia del c\u00e1ncer de colon aumenta con la edad a partir de las 40, pero sigue siendo relativamente bajo hasta la edad de 50 y despu\u00e9s se acelera r\u00e1pidamente. Esta prevalencia parece duplicar con cada\" \/>\n<meta property=\"og:url\" content=\"https:\/\/www.euroresidentes.com\/salud\/causas-del-cancer-de-colon\/\" \/>\n<meta property=\"og:site_name\" content=\"Salud\" \/>\n<meta property=\"article:published_time\" content=\"2016-06-22T08:37:00+00:00\" \/>\n<meta property=\"article:modified_time\" content=\"2018-07-20T10:54:41+00:00\" \/>\n<meta property=\"og:image\" content=\"https:\/\/www.euroresidentes.com\/salud\/wp-content\/uploads\/2016\/06\/factores-riesgo-cancer-colon-euroresidentes.jpg\" \/>\n\t<meta property=\"og:image:width\" content=\"700\" \/>\n\t<meta property=\"og:image:height\" content=\"525\" \/>\n\t<meta property=\"og:image:type\" content=\"image\/jpeg\" \/>\n<meta name=\"author\" content=\"Raquel Pomares\" \/>\n<meta name=\"twitter:label1\" content=\"Written by\" \/>\n\t<meta name=\"twitter:data1\" content=\"Raquel Pomares\" \/>\n\t<meta name=\"twitter:label2\" content=\"Est. reading time\" \/>\n\t<meta name=\"twitter:data2\" content=\"1 minuto\" \/>\n<script type=\"application\/ld+json\" class=\"yoast-schema-graph\">{\"@context\":\"https:\/\/schema.org\",\"@graph\":[{\"@type\":\"Article\",\"@id\":\"https:\/\/www.euroresidentes.com\/salud\/causas-del-cancer-de-colon\/#article\",\"isPartOf\":{\"@id\":\"https:\/\/www.euroresidentes.com\/salud\/causas-del-cancer-de-colon\/\"},\"author\":{\"name\":\"Raquel Pomares\",\"@id\":\"https:\/\/www.euroresidentes.com\/salud\/#\/schema\/person\/c0299534643677f2282b416ac1fe97f1\"},\"headline\":\"Causas del c\u00e1ncer de colon\",\"datePublished\":\"2016-06-22T08:37:00+00:00\",\"dateModified\":\"2018-07-20T10:54:41+00:00\",\"mainEntityOfPage\":{\"@id\":\"https:\/\/www.euroresidentes.com\/salud\/causas-del-cancer-de-colon\/\"},\"wordCount\":240,\"commentCount\":13,\"image\":{\"@id\":\"https:\/\/www.euroresidentes.com\/salud\/causas-del-cancer-de-colon\/#primaryimage\"},\"thumbnailUrl\":\"https:\/\/www.euroresidentes.com\/salud\/wp-content\/uploads\/2016\/06\/factores-riesgo-cancer-colon-euroresidentes.jpg\",\"articleSection\":[\"C\u00e1ncer de colon\"],\"inLanguage\":\"es\",\"potentialAction\":[{\"@type\":\"CommentAction\",\"name\":\"Comment\",\"target\":[\"https:\/\/www.euroresidentes.com\/salud\/causas-del-cancer-de-colon\/#respond\"]}]},{\"@type\":\"WebPage\",\"@id\":\"https:\/\/www.euroresidentes.com\/salud\/causas-del-cancer-de-colon\/\",\"url\":\"https:\/\/www.euroresidentes.com\/salud\/causas-del-cancer-de-colon\/\",\"name\":\"Causas del c\u00e1ncer de colon - Salud\",\"isPartOf\":{\"@id\":\"https:\/\/www.euroresidentes.com\/salud\/#website\"},\"primaryImageOfPage\":{\"@id\":\"https:\/\/www.euroresidentes.com\/salud\/causas-del-cancer-de-colon\/#primaryimage\"},\"image\":{\"@id\":\"https:\/\/www.euroresidentes.com\/salud\/causas-del-cancer-de-colon\/#primaryimage\"},\"thumbnailUrl\":\"https:\/\/www.euroresidentes.com\/salud\/wp-content\/uploads\/2016\/06\/factores-riesgo-cancer-colon-euroresidentes.jpg\",\"datePublished\":\"2016-06-22T08:37:00+00:00\",\"dateModified\":\"2018-07-20T10:54:41+00:00\",\"author\":{\"@id\":\"https:\/\/www.euroresidentes.com\/salud\/#\/schema\/person\/c0299534643677f2282b416ac1fe97f1\"},\"breadcrumb\":{\"@id\":\"https:\/\/www.euroresidentes.com\/salud\/causas-del-cancer-de-colon\/#breadcrumb\"},\"inLanguage\":\"es\",\"potentialAction\":[{\"@type\":\"ReadAction\",\"target\":[\"https:\/\/www.euroresidentes.com\/salud\/causas-del-cancer-de-colon\/\"]}]},{\"@type\":\"ImageObject\",\"inLanguage\":\"es\",\"@id\":\"https:\/\/www.euroresidentes.com\/salud\/causas-del-cancer-de-colon\/#primaryimage\",\"url\":\"https:\/\/www.euroresidentes.com\/salud\/wp-content\/uploads\/2016\/06\/factores-riesgo-cancer-colon-euroresidentes.jpg\",\"contentUrl\":\"https:\/\/www.euroresidentes.com\/salud\/wp-content\/uploads\/2016\/06\/factores-riesgo-cancer-colon-euroresidentes.jpg\",\"width\":700,\"height\":525},{\"@type\":\"BreadcrumbList\",\"@id\":\"https:\/\/www.euroresidentes.com\/salud\/causas-del-cancer-de-colon\/#breadcrumb\",\"itemListElement\":[{\"@type\":\"ListItem\",\"position\":1,\"name\":\"Portada\",\"item\":\"https:\/\/www.euroresidentes.com\/salud\/\"},{\"@type\":\"ListItem\",\"position\":2,\"name\":\"Causas del c\u00e1ncer de colon\"}]},{\"@type\":\"WebSite\",\"@id\":\"https:\/\/www.euroresidentes.com\/salud\/#website\",\"url\":\"https:\/\/www.euroresidentes.com\/salud\/\",\"name\":\"Salud\",\"description\":\"Consejos para el cuidado de la salud, vida sana, h\u00e1bitos saludables\",\"potentialAction\":[{\"@type\":\"SearchAction\",\"target\":{\"@type\":\"EntryPoint\",\"urlTemplate\":\"https:\/\/www.euroresidentes.com\/salud\/?s={search_term_string}\"},\"query-input\":{\"@type\":\"PropertyValueSpecification\",\"valueRequired\":true,\"valueName\":\"search_term_string\"}}],\"inLanguage\":\"es\"},{\"@type\":\"Person\",\"@id\":\"https:\/\/www.euroresidentes.com\/salud\/#\/schema\/person\/c0299534643677f2282b416ac1fe97f1\",\"name\":\"Raquel Pomares\",\"image\":{\"@type\":\"ImageObject\",\"inLanguage\":\"es\",\"@id\":\"https:\/\/www.euroresidentes.com\/salud\/#\/schema\/person\/image\/\",\"url\":\"https:\/\/www.euroresidentes.com\/salud\/wp-content\/uploads\/2016\/07\/YO2-150x150.jpg\",\"contentUrl\":\"https:\/\/www.euroresidentes.com\/salud\/wp-content\/uploads\/2016\/07\/YO2-150x150.jpg\",\"caption\":\"Raquel Pomares\"},\"description\":\"Raquel PomaresBi\u00f3loga, doctora y divulgadora cient\u00edfica especializada en temas de salud.\",\"sameAs\":[\"https:\/\/www.euroresidentes.com\/salud\/raquel-pomares.html\"],\"url\":\"https:\/\/www.euroresidentes.com\/salud\/author\/raquel\/\"}]}<\/script>\n<!-- \/ Yoast SEO plugin. -->","yoast_head_json":{"title":"Causas del c\u00e1ncer de colon - Salud","robots":{"index":"index","follow":"follow","max-snippet":"max-snippet:-1","max-image-preview":"max-image-preview:large","max-video-preview":"max-video-preview:-1"},"canonical":"https:\/\/www.euroresidentes.com\/salud\/causas-del-cancer-de-colon\/","og_locale":"es_ES","og_type":"article","og_title":"Causas del c\u00e1ncer de colon - Salud","og_description":"\u00bfPor qu\u00e9 algunas personas desarrollan c\u00e1ncer de colon y otras no? Aunque a\u00fan no se conocen exactamente las causas, existen varios los factores que afectan al riesgo\u00a0que tiene una persona de sufrir un c\u00e1ncer de colon. \u00bfCu\u00e1les son los factores de riesgo para el c\u00e1ncer de colon? Los factores de riesgo que se conoce que est\u00e1n asociados con el c\u00e1ncer de colon son: Edad. La incidencia del c\u00e1ncer de colon aumenta con la edad a partir de las 40, pero sigue siendo relativamente bajo hasta la edad de 50 y despu\u00e9s se acelera r\u00e1pidamente. Esta prevalencia parece duplicar con cada","og_url":"https:\/\/www.euroresidentes.com\/salud\/causas-del-cancer-de-colon\/","og_site_name":"Salud","article_published_time":"2016-06-22T08:37:00+00:00","article_modified_time":"2018-07-20T10:54:41+00:00","og_image":[{"width":700,"height":525,"url":"https:\/\/www.euroresidentes.com\/salud\/wp-content\/uploads\/2016\/06\/factores-riesgo-cancer-colon-euroresidentes.jpg","type":"image\/jpeg"}],"author":"Raquel Pomares","twitter_misc":{"Written by":"Raquel Pomares","Est. reading time":"1 minuto"},"schema":{"@context":"https:\/\/schema.org","@graph":[{"@type":"Article","@id":"https:\/\/www.euroresidentes.com\/salud\/causas-del-cancer-de-colon\/#article","isPartOf":{"@id":"https:\/\/www.euroresidentes.com\/salud\/causas-del-cancer-de-colon\/"},"author":{"name":"Raquel Pomares","@id":"https:\/\/www.euroresidentes.com\/salud\/#\/schema\/person\/c0299534643677f2282b416ac1fe97f1"},"headline":"Causas del c\u00e1ncer de colon","datePublished":"2016-06-22T08:37:00+00:00","dateModified":"2018-07-20T10:54:41+00:00","mainEntityOfPage":{"@id":"https:\/\/www.euroresidentes.com\/salud\/causas-del-cancer-de-colon\/"},"wordCount":240,"commentCount":13,"image":{"@id":"https:\/\/www.euroresidentes.com\/salud\/causas-del-cancer-de-colon\/#primaryimage"},"thumbnailUrl":"https:\/\/www.euroresidentes.com\/salud\/wp-content\/uploads\/2016\/06\/factores-riesgo-cancer-colon-euroresidentes.jpg","articleSection":["C\u00e1ncer de colon"],"inLanguage":"es","potentialAction":[{"@type":"CommentAction","name":"Comment","target":["https:\/\/www.euroresidentes.com\/salud\/causas-del-cancer-de-colon\/#respond"]}]},{"@type":"WebPage","@id":"https:\/\/www.euroresidentes.com\/salud\/causas-del-cancer-de-colon\/","url":"https:\/\/www.euroresidentes.com\/salud\/causas-del-cancer-de-colon\/","name":"Causas del c\u00e1ncer de colon - Salud","isPartOf":{"@id":"https:\/\/www.euroresidentes.com\/salud\/#website"},"primaryImageOfPage":{"@id":"https:\/\/www.euroresidentes.com\/salud\/causas-del-cancer-de-colon\/#primaryimage"},"image":{"@id":"https:\/\/www.euroresidentes.com\/salud\/causas-del-cancer-de-colon\/#primaryimage"},"thumbnailUrl":"https:\/\/www.euroresidentes.com\/salud\/wp-content\/uploads\/2016\/06\/factores-riesgo-cancer-colon-euroresidentes.jpg","datePublished":"2016-06-22T08:37:00+00:00","dateModified":"2018-07-20T10:54:41+00:00","author":{"@id":"https:\/\/www.euroresidentes.com\/salud\/#\/schema\/person\/c0299534643677f2282b416ac1fe97f1"},"breadcrumb":{"@id":"https:\/\/www.euroresidentes.com\/salud\/causas-del-cancer-de-colon\/#breadcrumb"},"inLanguage":"es","potentialAction":[{"@type":"ReadAction","target":["https:\/\/www.euroresidentes.com\/salud\/causas-del-cancer-de-colon\/"]}]},{"@type":"ImageObject","inLanguage":"es","@id":"https:\/\/www.euroresidentes.com\/salud\/causas-del-cancer-de-colon\/#primaryimage","url":"https:\/\/www.euroresidentes.com\/salud\/wp-content\/uploads\/2016\/06\/factores-riesgo-cancer-colon-euroresidentes.jpg","contentUrl":"https:\/\/www.euroresidentes.com\/salud\/wp-content\/uploads\/2016\/06\/factores-riesgo-cancer-colon-euroresidentes.jpg","width":700,"height":525},{"@type":"BreadcrumbList","@id":"https:\/\/www.euroresidentes.com\/salud\/causas-del-cancer-de-colon\/#breadcrumb","itemListElement":[{"@type":"ListItem","position":1,"name":"Portada","item":"https:\/\/www.euroresidentes.com\/salud\/"},{"@type":"ListItem","position":2,"name":"Causas del c\u00e1ncer de colon"}]},{"@type":"WebSite","@id":"https:\/\/www.euroresidentes.com\/salud\/#website","url":"https:\/\/www.euroresidentes.com\/salud\/","name":"Salud","description":"Consejos para el cuidado de la salud, vida sana, h\u00e1bitos saludables","potentialAction":[{"@type":"SearchAction","target":{"@type":"EntryPoint","urlTemplate":"https:\/\/www.euroresidentes.com\/salud\/?s={search_term_string}"},"query-input":{"@type":"PropertyValueSpecification","valueRequired":true,"valueName":"search_term_string"}}],"inLanguage":"es"},{"@type":"Person","@id":"https:\/\/www.euroresidentes.com\/salud\/#\/schema\/person\/c0299534643677f2282b416ac1fe97f1","name":"Raquel Pomares","image":{"@type":"ImageObject","inLanguage":"es","@id":"https:\/\/www.euroresidentes.com\/salud\/#\/schema\/person\/image\/","url":"https:\/\/www.euroresidentes.com\/salud\/wp-content\/uploads\/2016\/07\/YO2-150x150.jpg","contentUrl":"https:\/\/www.euroresidentes.com\/salud\/wp-content\/uploads\/2016\/07\/YO2-150x150.jpg","caption":"Raquel Pomares"},"description":"Raquel PomaresBi\u00f3loga, doctora y divulgadora cient\u00edfica especializada en temas de salud.","sameAs":["https:\/\/www.euroresidentes.com\/salud\/raquel-pomares.html"],"url":"https:\/\/www.euroresidentes.com\/salud\/author\/raquel\/"}]}},"_links":{"self":[{"href":"https:\/\/www.euroresidentes.com\/salud\/wp-json\/wp\/v2\/posts\/2018","targetHints":{"allow":["GET"]}}],"collection":[{"href":"https:\/\/www.euroresidentes.com\/salud\/wp-json\/wp\/v2\/posts"}],"about":[{"href":"https:\/\/www.euroresidentes.com\/salud\/wp-json\/wp\/v2\/types\/post"}],"author":[{"embeddable":true,"href":"https:\/\/www.euroresidentes.com\/salud\/wp-json\/wp\/v2\/users\/2"}],"replies":[{"embeddable":true,"href":"https:\/\/www.euroresidentes.com\/salud\/wp-json\/wp\/v2\/comments?post=2018"}],"version-history":[{"count":6,"href":"https:\/\/www.euroresidentes.com\/salud\/wp-json\/wp\/v2\/posts\/2018\/revisions"}],"predecessor-version":[{"id":5605,"href":"https:\/\/www.euroresidentes.com\/salud\/wp-json\/wp\/v2\/posts\/2018\/revisions\/5605"}],"wp:featuredmedia":[{"embeddable":true,"href":"https:\/\/www.euroresidentes.com\/salud\/wp-json\/wp\/v2\/media\/3975"}],"wp:attachment":[{"href":"https:\/\/www.euroresidentes.com\/salud\/wp-json\/wp\/v2\/media?parent=2018"}],"wp:term":[{"taxonomy":"category","embeddable":true,"href":"https:\/\/www.euroresidentes.com\/salud\/wp-json\/wp\/v2\/categories?post=2018"},{"taxonomy":"post_tag","embeddable":true,"href":"https:\/\/www.euroresidentes.com\/salud\/wp-json\/wp\/v2\/tags?post=2018"}],"curies":[{"name":"wp","href":"https:\/\/api.w.org\/{rel}","templated":true}]}}