 

{"id":1970,"date":"2015-03-27T10:10:00","date_gmt":"2015-03-27T09:10:00","guid":{"rendered":"https:\/\/www.euroresidentes.com\/salud\/cancer-colon\/aumentan-los-casos-de-cancer-de-colon"},"modified":"2018-06-11T12:29:10","modified_gmt":"2018-06-11T10:29:10","slug":"aumentan-casos-cancer-de-colon-jovenes","status":"publish","type":"post","link":"https:\/\/www.euroresidentes.com\/salud\/aumentan-casos-cancer-de-colon-jovenes\/","title":{"rendered":"Aumentan los casos de c\u00e1ncer de colon entre los j\u00f3venes"},"content":{"rendered":"<div class=\"separator\" style=\"clear: both; text-align: center;\">\n<h3 style=\"text-align: left;\">Por qu\u00e9 hay cada vez m\u00e1s casos de j\u00f3venes con c\u00e1ncer de colon<\/h3>\n<div style=\"text-align: left;\">El c\u00e1ncer de colon es el tercer c\u00e1ncer m\u00e1s com\u00fan en hombres y mujeres, y es la segunda causa de muerte relacionada con el c\u00e1ncer.<\/div>\n<div style=\"text-align: left;\">\u00a0<\/div>\n<p><a style=\"margin-left: 1em; margin-right: 1em;\" href=\"https:\/\/euroresidentes.com\/salud\/wp-content\/uploads\/2015\/03\/aumenta-el-numero-de-casos-de-cancer-de-colon-entre-los-jovenes.jpg\"><img decoding=\"async\" title=\"Aumentan los casos de c\u00e1ncer de colon entre los j\u00f3venes\" src=\"https:\/\/euroresidentes.com\/salud\/wp-content\/uploads\/2015\/03\/aumenta-el-numero-de-casos-de-cancer-de-colon-entre-los-jovenes.jpg\" alt=\"Aumentan los casos de c\u00e1ncer de colon entre los j\u00f3venes\" border=\"0\" \/><\/a><\/div>\n<h3>Los estudios<\/h3>\n<p>Las <b>pruebas de detecci\u00f3n precoz<\/b> han reducido<b>\u00a0<\/b>los casos de <b>c\u00e1ncer de colon\u00a0<\/b>entre los adultos <b>mayores de 50 a\u00f1os<\/b>. De acuerdo con los resultados de un estudio publicado en la revista m\u00e9dica Archives of Surgery, en los \u00faltimos a\u00f1os la incidencia de c\u00e1ncer de colon ha descendido un 3% anual en los hombres y un 2,4% en las mujeres. Las pruebas de detecci\u00f3n precoz que se est\u00e1n realizando en adultos mayores de 50 a\u00f1os consisten principalmente en la realizaci\u00f3n de una colonoscopia cada 10 a\u00f1os para detectar la existencia de p\u00f3lipos que pueden convertirse en cancerosos. Como estas pruebas de detecci\u00f3n precoz del c\u00e1ncer de colon no suelen realizarse en adultos menores de 50 a\u00f1os, est\u00e1n <b>aumentando<\/b> la cantidad de <b>nuevos c\u00e1nceres de colon<\/b> entre pacientes <b>m\u00e1s j\u00f3venes <\/b>y adem\u00e1s \u00e9stos nuevos c\u00e1nceres tambi\u00e9n son detectados en <b>estadios m\u00e1s avanzados<\/b> de la enfermedad.<\/p>\n<div style=\"text-align: justify;\">Los autores del estudio estiman que en los a\u00f1os 2020 y 2030, la tasa de incidencia de c\u00e1ncer de colon aumentar\u00e1 un 38% y un 90%, respectivamente, entre la poblaci\u00f3n de adultos de entre 20 y 34 a\u00f1os de edad.<\/div>\n<div style=\"text-align: justify;\">\u00a0<\/div>\n<div style=\"text-align: justify;\">Mientras que para esos mismos a\u00f1os, los nuevos casos de c\u00e1ncer en pacientes mayores de 50 a\u00f1os seguir\u00e1 disminuyendo un 23,2% y un 41,1% respectivamente.\u00a0<b> <\/b> <b> <\/b> <b>Seguir leyendo:<\/b><\/div>\n<ul>\n<li><a href=\"https:\/\/www.euroresidentes.com\/salud\/edad-y-cancer-de-colon\/\" target=\"_blank\" rel=\"noopener\">Edad y c\u00e1ncer de colon<\/a><\/li>\n<li><a href=\"https:\/\/www.euroresidentes.com\/salud\/factores-de-riesgo-del-cancer-de-colon\/\" target=\"_blank\" rel=\"noopener\">Factores de riesgo en el c\u00e1ncer de colon<\/a><\/li>\n<li><a href=\"https:\/\/www.euroresidentes.com\/salud\/prueba-de-sangre-oculta-en-heces\/\" target=\"_blank\" rel=\"noopener\">Prueba de sangre oculta en heces<\/a><\/li>\n<li><a href=\"https:\/\/www.euroresidentes.com\/salud\/importancia-de-la-colonoscopia\/\" target=\"_blank\" rel=\"noopener\">Importancia de la colonoscopia<\/a><\/li>\n<\/ul>\n","protected":false},"excerpt":{"rendered":"<p>Por qu\u00e9 hay cada vez m\u00e1s casos de j\u00f3venes con c\u00e1ncer de colon El c\u00e1ncer de colon es el tercer c\u00e1ncer m\u00e1s com\u00fan en hombres y mujeres, y es la segunda causa de muerte relacionada con el c\u00e1ncer. \u00a0 Los estudios Las pruebas de detecci\u00f3n precoz han reducido\u00a0los casos de c\u00e1ncer de colon\u00a0entre los adultos mayores de 50 a\u00f1os. De acuerdo con los resultados de un estudio publicado en la revista m\u00e9dica Archives of Surgery, en los \u00faltimos a\u00f1os la incidencia de c\u00e1ncer de colon ha descendido un 3% anual en los hombres y un 2,4% en las mujeres. Las <\/p>\n","protected":false},"author":2,"featured_media":4221,"comment_status":"open","ping_status":"open","sticky":false,"template":"","format":"standard","meta":{"footnotes":""},"categories":[9],"tags":[],"class_list":["post-1970","post","type-post","status-publish","format-standard","has-post-thumbnail","hentry","category-cancer-colon","has_thumb"],"yoast_head":"<!-- This site is optimized with the Yoast SEO plugin v26.8 - https:\/\/yoast.com\/product\/yoast-seo-wordpress\/ -->\n<title>Aumentan los casos de c\u00e1ncer de colon entre los j\u00f3venes - Salud<\/title>\n<meta name=\"robots\" content=\"index, follow, max-snippet:-1, max-image-preview:large, max-video-preview:-1\" \/>\n<link rel=\"canonical\" href=\"https:\/\/www.euroresidentes.com\/salud\/aumentan-casos-cancer-de-colon-jovenes\/\" \/>\n<meta property=\"og:locale\" content=\"es_ES\" \/>\n<meta property=\"og:type\" content=\"article\" \/>\n<meta property=\"og:title\" content=\"Aumentan los casos de c\u00e1ncer de colon entre los j\u00f3venes - Salud\" \/>\n<meta property=\"og:description\" content=\"Por qu\u00e9 hay cada vez m\u00e1s casos de j\u00f3venes con c\u00e1ncer de colon El c\u00e1ncer de colon es el tercer c\u00e1ncer m\u00e1s com\u00fan en hombres y mujeres, y es la segunda causa de muerte relacionada con el c\u00e1ncer. \u00a0 Los estudios Las pruebas de detecci\u00f3n precoz han reducido\u00a0los casos de c\u00e1ncer de colon\u00a0entre los adultos mayores de 50 a\u00f1os. De acuerdo con los resultados de un estudio publicado en la revista m\u00e9dica Archives of Surgery, en los \u00faltimos a\u00f1os la incidencia de c\u00e1ncer de colon ha descendido un 3% anual en los hombres y un 2,4% en las mujeres. Las\" \/>\n<meta property=\"og:url\" content=\"https:\/\/www.euroresidentes.com\/salud\/aumentan-casos-cancer-de-colon-jovenes\/\" \/>\n<meta property=\"og:site_name\" content=\"Salud\" \/>\n<meta property=\"article:published_time\" content=\"2015-03-27T09:10:00+00:00\" \/>\n<meta property=\"article:modified_time\" content=\"2018-06-11T10:29:10+00:00\" \/>\n<meta property=\"og:image\" content=\"https:\/\/www.euroresidentes.com\/salud\/wp-content\/uploads\/2015\/03\/aumenta-el-numero-de-casos-de-cancer-de-colon-entre-los-jovenes.jpg\" \/>\n\t<meta property=\"og:image:width\" content=\"600\" \/>\n\t<meta property=\"og:image:height\" content=\"450\" \/>\n\t<meta property=\"og:image:type\" content=\"image\/jpeg\" \/>\n<meta name=\"author\" content=\"Raquel Pomares\" \/>\n<meta name=\"twitter:label1\" content=\"Written by\" \/>\n\t<meta name=\"twitter:data1\" content=\"Raquel Pomares\" \/>\n\t<meta name=\"twitter:label2\" content=\"Est. reading time\" \/>\n\t<meta name=\"twitter:data2\" content=\"1 minuto\" \/>\n<script type=\"application\/ld+json\" class=\"yoast-schema-graph\">{\"@context\":\"https:\/\/schema.org\",\"@graph\":[{\"@type\":\"Article\",\"@id\":\"https:\/\/www.euroresidentes.com\/salud\/aumentan-casos-cancer-de-colon-jovenes\/#article\",\"isPartOf\":{\"@id\":\"https:\/\/www.euroresidentes.com\/salud\/aumentan-casos-cancer-de-colon-jovenes\/\"},\"author\":{\"name\":\"Raquel Pomares\",\"@id\":\"https:\/\/www.euroresidentes.com\/salud\/#\/schema\/person\/c0299534643677f2282b416ac1fe97f1\"},\"headline\":\"Aumentan los casos de c\u00e1ncer de colon entre los j\u00f3venes\",\"datePublished\":\"2015-03-27T09:10:00+00:00\",\"dateModified\":\"2018-06-11T10:29:10+00:00\",\"mainEntityOfPage\":{\"@id\":\"https:\/\/www.euroresidentes.com\/salud\/aumentan-casos-cancer-de-colon-jovenes\/\"},\"wordCount\":311,\"commentCount\":0,\"image\":{\"@id\":\"https:\/\/www.euroresidentes.com\/salud\/aumentan-casos-cancer-de-colon-jovenes\/#primaryimage\"},\"thumbnailUrl\":\"https:\/\/www.euroresidentes.com\/salud\/wp-content\/uploads\/2015\/03\/aumenta-el-numero-de-casos-de-cancer-de-colon-entre-los-jovenes.jpg\",\"articleSection\":[\"C\u00e1ncer de colon\"],\"inLanguage\":\"es\",\"potentialAction\":[{\"@type\":\"CommentAction\",\"name\":\"Comment\",\"target\":[\"https:\/\/www.euroresidentes.com\/salud\/aumentan-casos-cancer-de-colon-jovenes\/#respond\"]}]},{\"@type\":\"WebPage\",\"@id\":\"https:\/\/www.euroresidentes.com\/salud\/aumentan-casos-cancer-de-colon-jovenes\/\",\"url\":\"https:\/\/www.euroresidentes.com\/salud\/aumentan-casos-cancer-de-colon-jovenes\/\",\"name\":\"Aumentan los casos de c\u00e1ncer de colon entre los j\u00f3venes - Salud\",\"isPartOf\":{\"@id\":\"https:\/\/www.euroresidentes.com\/salud\/#website\"},\"primaryImageOfPage\":{\"@id\":\"https:\/\/www.euroresidentes.com\/salud\/aumentan-casos-cancer-de-colon-jovenes\/#primaryimage\"},\"image\":{\"@id\":\"https:\/\/www.euroresidentes.com\/salud\/aumentan-casos-cancer-de-colon-jovenes\/#primaryimage\"},\"thumbnailUrl\":\"https:\/\/www.euroresidentes.com\/salud\/wp-content\/uploads\/2015\/03\/aumenta-el-numero-de-casos-de-cancer-de-colon-entre-los-jovenes.jpg\",\"datePublished\":\"2015-03-27T09:10:00+00:00\",\"dateModified\":\"2018-06-11T10:29:10+00:00\",\"author\":{\"@id\":\"https:\/\/www.euroresidentes.com\/salud\/#\/schema\/person\/c0299534643677f2282b416ac1fe97f1\"},\"breadcrumb\":{\"@id\":\"https:\/\/www.euroresidentes.com\/salud\/aumentan-casos-cancer-de-colon-jovenes\/#breadcrumb\"},\"inLanguage\":\"es\",\"potentialAction\":[{\"@type\":\"ReadAction\",\"target\":[\"https:\/\/www.euroresidentes.com\/salud\/aumentan-casos-cancer-de-colon-jovenes\/\"]}]},{\"@type\":\"ImageObject\",\"inLanguage\":\"es\",\"@id\":\"https:\/\/www.euroresidentes.com\/salud\/aumentan-casos-cancer-de-colon-jovenes\/#primaryimage\",\"url\":\"https:\/\/www.euroresidentes.com\/salud\/wp-content\/uploads\/2015\/03\/aumenta-el-numero-de-casos-de-cancer-de-colon-entre-los-jovenes.jpg\",\"contentUrl\":\"https:\/\/www.euroresidentes.com\/salud\/wp-content\/uploads\/2015\/03\/aumenta-el-numero-de-casos-de-cancer-de-colon-entre-los-jovenes.jpg\",\"width\":600,\"height\":450},{\"@type\":\"BreadcrumbList\",\"@id\":\"https:\/\/www.euroresidentes.com\/salud\/aumentan-casos-cancer-de-colon-jovenes\/#breadcrumb\",\"itemListElement\":[{\"@type\":\"ListItem\",\"position\":1,\"name\":\"Portada\",\"item\":\"https:\/\/www.euroresidentes.com\/salud\/\"},{\"@type\":\"ListItem\",\"position\":2,\"name\":\"Aumentan los casos de c\u00e1ncer de colon entre los j\u00f3venes\"}]},{\"@type\":\"WebSite\",\"@id\":\"https:\/\/www.euroresidentes.com\/salud\/#website\",\"url\":\"https:\/\/www.euroresidentes.com\/salud\/\",\"name\":\"Salud\",\"description\":\"Consejos para el cuidado de la salud, vida sana, h\u00e1bitos saludables\",\"potentialAction\":[{\"@type\":\"SearchAction\",\"target\":{\"@type\":\"EntryPoint\",\"urlTemplate\":\"https:\/\/www.euroresidentes.com\/salud\/?s={search_term_string}\"},\"query-input\":{\"@type\":\"PropertyValueSpecification\",\"valueRequired\":true,\"valueName\":\"search_term_string\"}}],\"inLanguage\":\"es\"},{\"@type\":\"Person\",\"@id\":\"https:\/\/www.euroresidentes.com\/salud\/#\/schema\/person\/c0299534643677f2282b416ac1fe97f1\",\"name\":\"Raquel Pomares\",\"image\":{\"@type\":\"ImageObject\",\"inLanguage\":\"es\",\"@id\":\"https:\/\/www.euroresidentes.com\/salud\/#\/schema\/person\/image\/\",\"url\":\"https:\/\/www.euroresidentes.com\/salud\/wp-content\/uploads\/2016\/07\/YO2-150x150.jpg\",\"contentUrl\":\"https:\/\/www.euroresidentes.com\/salud\/wp-content\/uploads\/2016\/07\/YO2-150x150.jpg\",\"caption\":\"Raquel Pomares\"},\"description\":\"Raquel PomaresBi\u00f3loga, doctora y divulgadora cient\u00edfica especializada en temas de salud.\",\"sameAs\":[\"https:\/\/www.euroresidentes.com\/salud\/raquel-pomares.html\"],\"url\":\"https:\/\/www.euroresidentes.com\/salud\/author\/raquel\/\"}]}<\/script>\n<!-- \/ Yoast SEO plugin. -->","yoast_head_json":{"title":"Aumentan los casos de c\u00e1ncer de colon entre los j\u00f3venes - Salud","robots":{"index":"index","follow":"follow","max-snippet":"max-snippet:-1","max-image-preview":"max-image-preview:large","max-video-preview":"max-video-preview:-1"},"canonical":"https:\/\/www.euroresidentes.com\/salud\/aumentan-casos-cancer-de-colon-jovenes\/","og_locale":"es_ES","og_type":"article","og_title":"Aumentan los casos de c\u00e1ncer de colon entre los j\u00f3venes - Salud","og_description":"Por qu\u00e9 hay cada vez m\u00e1s casos de j\u00f3venes con c\u00e1ncer de colon El c\u00e1ncer de colon es el tercer c\u00e1ncer m\u00e1s com\u00fan en hombres y mujeres, y es la segunda causa de muerte relacionada con el c\u00e1ncer. \u00a0 Los estudios Las pruebas de detecci\u00f3n precoz han reducido\u00a0los casos de c\u00e1ncer de colon\u00a0entre los adultos mayores de 50 a\u00f1os. De acuerdo con los resultados de un estudio publicado en la revista m\u00e9dica Archives of Surgery, en los \u00faltimos a\u00f1os la incidencia de c\u00e1ncer de colon ha descendido un 3% anual en los hombres y un 2,4% en las mujeres. Las","og_url":"https:\/\/www.euroresidentes.com\/salud\/aumentan-casos-cancer-de-colon-jovenes\/","og_site_name":"Salud","article_published_time":"2015-03-27T09:10:00+00:00","article_modified_time":"2018-06-11T10:29:10+00:00","og_image":[{"width":600,"height":450,"url":"https:\/\/www.euroresidentes.com\/salud\/wp-content\/uploads\/2015\/03\/aumenta-el-numero-de-casos-de-cancer-de-colon-entre-los-jovenes.jpg","type":"image\/jpeg"}],"author":"Raquel Pomares","twitter_misc":{"Written by":"Raquel Pomares","Est. reading time":"1 minuto"},"schema":{"@context":"https:\/\/schema.org","@graph":[{"@type":"Article","@id":"https:\/\/www.euroresidentes.com\/salud\/aumentan-casos-cancer-de-colon-jovenes\/#article","isPartOf":{"@id":"https:\/\/www.euroresidentes.com\/salud\/aumentan-casos-cancer-de-colon-jovenes\/"},"author":{"name":"Raquel Pomares","@id":"https:\/\/www.euroresidentes.com\/salud\/#\/schema\/person\/c0299534643677f2282b416ac1fe97f1"},"headline":"Aumentan los casos de c\u00e1ncer de colon entre los j\u00f3venes","datePublished":"2015-03-27T09:10:00+00:00","dateModified":"2018-06-11T10:29:10+00:00","mainEntityOfPage":{"@id":"https:\/\/www.euroresidentes.com\/salud\/aumentan-casos-cancer-de-colon-jovenes\/"},"wordCount":311,"commentCount":0,"image":{"@id":"https:\/\/www.euroresidentes.com\/salud\/aumentan-casos-cancer-de-colon-jovenes\/#primaryimage"},"thumbnailUrl":"https:\/\/www.euroresidentes.com\/salud\/wp-content\/uploads\/2015\/03\/aumenta-el-numero-de-casos-de-cancer-de-colon-entre-los-jovenes.jpg","articleSection":["C\u00e1ncer de colon"],"inLanguage":"es","potentialAction":[{"@type":"CommentAction","name":"Comment","target":["https:\/\/www.euroresidentes.com\/salud\/aumentan-casos-cancer-de-colon-jovenes\/#respond"]}]},{"@type":"WebPage","@id":"https:\/\/www.euroresidentes.com\/salud\/aumentan-casos-cancer-de-colon-jovenes\/","url":"https:\/\/www.euroresidentes.com\/salud\/aumentan-casos-cancer-de-colon-jovenes\/","name":"Aumentan los casos de c\u00e1ncer de colon entre los j\u00f3venes - Salud","isPartOf":{"@id":"https:\/\/www.euroresidentes.com\/salud\/#website"},"primaryImageOfPage":{"@id":"https:\/\/www.euroresidentes.com\/salud\/aumentan-casos-cancer-de-colon-jovenes\/#primaryimage"},"image":{"@id":"https:\/\/www.euroresidentes.com\/salud\/aumentan-casos-cancer-de-colon-jovenes\/#primaryimage"},"thumbnailUrl":"https:\/\/www.euroresidentes.com\/salud\/wp-content\/uploads\/2015\/03\/aumenta-el-numero-de-casos-de-cancer-de-colon-entre-los-jovenes.jpg","datePublished":"2015-03-27T09:10:00+00:00","dateModified":"2018-06-11T10:29:10+00:00","author":{"@id":"https:\/\/www.euroresidentes.com\/salud\/#\/schema\/person\/c0299534643677f2282b416ac1fe97f1"},"breadcrumb":{"@id":"https:\/\/www.euroresidentes.com\/salud\/aumentan-casos-cancer-de-colon-jovenes\/#breadcrumb"},"inLanguage":"es","potentialAction":[{"@type":"ReadAction","target":["https:\/\/www.euroresidentes.com\/salud\/aumentan-casos-cancer-de-colon-jovenes\/"]}]},{"@type":"ImageObject","inLanguage":"es","@id":"https:\/\/www.euroresidentes.com\/salud\/aumentan-casos-cancer-de-colon-jovenes\/#primaryimage","url":"https:\/\/www.euroresidentes.com\/salud\/wp-content\/uploads\/2015\/03\/aumenta-el-numero-de-casos-de-cancer-de-colon-entre-los-jovenes.jpg","contentUrl":"https:\/\/www.euroresidentes.com\/salud\/wp-content\/uploads\/2015\/03\/aumenta-el-numero-de-casos-de-cancer-de-colon-entre-los-jovenes.jpg","width":600,"height":450},{"@type":"BreadcrumbList","@id":"https:\/\/www.euroresidentes.com\/salud\/aumentan-casos-cancer-de-colon-jovenes\/#breadcrumb","itemListElement":[{"@type":"ListItem","position":1,"name":"Portada","item":"https:\/\/www.euroresidentes.com\/salud\/"},{"@type":"ListItem","position":2,"name":"Aumentan los casos de c\u00e1ncer de colon entre los j\u00f3venes"}]},{"@type":"WebSite","@id":"https:\/\/www.euroresidentes.com\/salud\/#website","url":"https:\/\/www.euroresidentes.com\/salud\/","name":"Salud","description":"Consejos para el cuidado de la salud, vida sana, h\u00e1bitos saludables","potentialAction":[{"@type":"SearchAction","target":{"@type":"EntryPoint","urlTemplate":"https:\/\/www.euroresidentes.com\/salud\/?s={search_term_string}"},"query-input":{"@type":"PropertyValueSpecification","valueRequired":true,"valueName":"search_term_string"}}],"inLanguage":"es"},{"@type":"Person","@id":"https:\/\/www.euroresidentes.com\/salud\/#\/schema\/person\/c0299534643677f2282b416ac1fe97f1","name":"Raquel Pomares","image":{"@type":"ImageObject","inLanguage":"es","@id":"https:\/\/www.euroresidentes.com\/salud\/#\/schema\/person\/image\/","url":"https:\/\/www.euroresidentes.com\/salud\/wp-content\/uploads\/2016\/07\/YO2-150x150.jpg","contentUrl":"https:\/\/www.euroresidentes.com\/salud\/wp-content\/uploads\/2016\/07\/YO2-150x150.jpg","caption":"Raquel Pomares"},"description":"Raquel PomaresBi\u00f3loga, doctora y divulgadora cient\u00edfica especializada en temas de salud.","sameAs":["https:\/\/www.euroresidentes.com\/salud\/raquel-pomares.html"],"url":"https:\/\/www.euroresidentes.com\/salud\/author\/raquel\/"}]}},"_links":{"self":[{"href":"https:\/\/www.euroresidentes.com\/salud\/wp-json\/wp\/v2\/posts\/1970","targetHints":{"allow":["GET"]}}],"collection":[{"href":"https:\/\/www.euroresidentes.com\/salud\/wp-json\/wp\/v2\/posts"}],"about":[{"href":"https:\/\/www.euroresidentes.com\/salud\/wp-json\/wp\/v2\/types\/post"}],"author":[{"embeddable":true,"href":"https:\/\/www.euroresidentes.com\/salud\/wp-json\/wp\/v2\/users\/2"}],"replies":[{"embeddable":true,"href":"https:\/\/www.euroresidentes.com\/salud\/wp-json\/wp\/v2\/comments?post=1970"}],"version-history":[{"count":5,"href":"https:\/\/www.euroresidentes.com\/salud\/wp-json\/wp\/v2\/posts\/1970\/revisions"}],"predecessor-version":[{"id":4929,"href":"https:\/\/www.euroresidentes.com\/salud\/wp-json\/wp\/v2\/posts\/1970\/revisions\/4929"}],"wp:featuredmedia":[{"embeddable":true,"href":"https:\/\/www.euroresidentes.com\/salud\/wp-json\/wp\/v2\/media\/4221"}],"wp:attachment":[{"href":"https:\/\/www.euroresidentes.com\/salud\/wp-json\/wp\/v2\/media?parent=1970"}],"wp:term":[{"taxonomy":"category","embeddable":true,"href":"https:\/\/www.euroresidentes.com\/salud\/wp-json\/wp\/v2\/categories?post=1970"},{"taxonomy":"post_tag","embeddable":true,"href":"https:\/\/www.euroresidentes.com\/salud\/wp-json\/wp\/v2\/tags?post=1970"}],"curies":[{"name":"wp","href":"https:\/\/api.w.org\/{rel}","templated":true}]}}