 

{"id":1811,"date":"2016-12-12T11:40:24","date_gmt":"2016-12-12T10:40:24","guid":{"rendered":"https:\/\/www.euroresidentes.com\/salud\/embarazo\/?p=1811"},"modified":"2018-07-31T09:59:47","modified_gmt":"2018-07-31T07:59:47","slug":"acidez-embarazo-pelo-bebe","status":"publish","type":"post","link":"https:\/\/www.euroresidentes.com\/salud\/acidez-embarazo-pelo-bebe\/","title":{"rendered":"\u00bfEs el cabello de tu beb\u00e9 la causa de tu acidez?"},"content":{"rendered":"<h3>El pelo del beb\u00e9 puede provocar acidez<\/h3>\n<p style=\"text-align: left\">Seguro que has o\u00eddo hablar de la relaci\u00f3n entre la acidez estomacal durante el embarazo y la cantidad de pelo que tiene tu beb\u00e9<\/p>\n<p style=\"text-align: left\">Algunas personas piensan que si su beb\u00e9 tiene mucho pelo, esto podr\u00eda ser lo que est\u00e1 causando acidez estomacal.<\/p>\n<p style=\"text-align: left\">\u00bfPero es esto cierto, o simplemente es otro mito del embarazo?<\/p>\n<p style=\"text-align: left\"><a href=\"https:\/\/www.euroresidentes.com\/salud\/wp-content\/uploads\/2016\/12\/pelo-ardor-embarazo.jpg\"><img loading=\"lazy\" decoding=\"async\" class=\"aligncenter size-full wp-image-1812\" src=\"https:\/\/www.euroresidentes.com\/salud\/wp-content\/uploads\/2016\/12\/pelo-ardor-embarazo.jpg\" alt=\"Es cierto que el pelo del beb\u00e9 provoca ardor \" width=\"700\" height=\"525\" \/><\/a><\/p>\n<h3>\u00bfMito o realidad?<\/h3>\n<p>Pues parece que <strong>es cierto<\/strong>, y la ciencia as\u00ed lo ha demostrado.<\/p>\n<p>Investigadores de la Universidad Johns Hopkins realizaron un <a href=\"http:\/\/onlinelibrary.wiley.com\/doi\/10.1111\/j.1523-536X.2006.00128.x\/full\" target=\"_blank\" rel=\"noopener\">estudio<\/a> para comprobar si realmente existe alg\u00fan tipo de asociaci\u00f3n entre la acidez estomacal y la cantidad de cabello que los reci\u00e9n nacidos ten\u00edan se estudi\u00f3 a 64 mujeres embarazadas, de las cuales el 78%\u00a0sufr\u00edan acidez estomacal.<\/p>\n<p>Durante el embarazo se realiz\u00f3 un registro de la acidez y de su gravedad.<\/p>\n<p>Tras dar a luz, mediante fotograf\u00edas de las cabezas de los beb\u00e9s, los investigadores utilizaron una escala para clasificar el volumen de cabello de los reci\u00e9n nacidos.<\/p>\n<p>&nbsp;<\/p>\n<h3>Como resultado:<\/h3>\n<ul>\n<li>De las 28 mujeres que ten\u00edan <strong>acidez moderada a severa<\/strong>, 23 de ellas tuvieron\u00a0beb\u00e9s con una <strong>cantidad de pelo por encima de la media<\/strong>.<\/li>\n<li>10 de las 12 mujeres que <strong>no sufrieron\u00a0ardor de est\u00f3mago <\/strong>durante el embarazo\u00a0tuvieron beb\u00e9s con poco o ning\u00fan pelo.<\/li>\n<\/ul>\n<p><a href=\"https:\/\/www.euroresidentes.com\/salud\/wp-content\/uploads\/2016\/12\/ardor-estomacal-embarazo-pelo-bebe.jpg\"><img loading=\"lazy\" decoding=\"async\" class=\"aligncenter size-full wp-image-1813\" src=\"https:\/\/www.euroresidentes.com\/salud\/wp-content\/uploads\/2016\/12\/ardor-estomacal-embarazo-pelo-bebe.jpg\" alt=\"\u00bfEl pelo del beb\u00e9 causa el ardor en el embarazo?\" width=\"700\" height=\"525\" \/><\/a><\/p>\n<h3>No necesariamente es una causa-efecto<\/h3>\n<p>Aunque parece que si que hay un v\u00ednculo entre la acidez que experimenta una mujer en el embarazo y la cantidad de pelo que tiene su beb\u00e9, no es necesariamente una relaci\u00f3n de causa y efecto.<\/p>\n<p>Realmente la cantidad de pelo que tiene el beb\u00e9 no es lo que est\u00e1 causando que aparezca la acidez estomacal.<\/p>\n<p>El <strong>aumento de los niveles de estr\u00f3genos<\/strong> que se produce durante el embarazo puede provocar la <strong>relajaci\u00f3n del esf\u00ednter<\/strong> de la parte inferior del <strong>es\u00f3fago<\/strong> (cardias). Y esto es lo que puede causar la sensaci\u00f3n de ardor, por los \u00e1cidos que suben del est\u00f3mago. Al parecer tambi\u00e9n hay estudios que parece que han encontrado que estas mismas hormonas podr\u00edan estar provocando el crecimiento del pelo en el feto.<\/p>\n<p>Por lo tanto, uno\u00a0altos niveles de estas hormonas, que hacen m\u00e1s probable que se sufran\u00a0episodios de acidez durante el embarazo, tambi\u00e9n\u00a0podr\u00edan ser los responsables de que el beb\u00e9 tenga m\u00e1s pelo.<\/p>\n<p>Costigan KA, Sipsma HL y DiPietro JA. Birth (2006). <a href=\"http:\/\/onlinelibrary.wiley.com\/doi\/10.1111\/j.1523-536X.2006.00128.x\/full\" target=\"_blank\" rel=\"noopener\">M\u00e1s informaci\u00f3n<\/a>. \u00a0<\/p>\n<h3>\u00a0<\/h3>\n<p><strong>Lecturas relacionadas:<\/strong><\/p>\n<ul>\n<li><a href=\"https:\/\/www.euroresidentes.com\/salud\/embarazo\/nauseas-embarazo\" target=\"_blank\" rel=\"noopener\">N\u00e1useas durante el embarazo<\/a><\/li>\n<li><a href=\"https:\/\/www.euroresidentes.com\/salud\/embarazo\/acidez-estomacal-en-el-embarazo\" target=\"_blank\" rel=\"noopener\">Acidez estomacal en el embarazo<\/a><\/li>\n<\/ul>\n","protected":false},"excerpt":{"rendered":"<p>El pelo del beb\u00e9 puede provocar acidez Seguro que has o\u00eddo hablar de la relaci\u00f3n entre la acidez estomacal durante el embarazo y la cantidad de pelo que tiene tu beb\u00e9 Algunas personas piensan que si su beb\u00e9 tiene mucho pelo, esto podr\u00eda ser lo que est\u00e1 causando acidez estomacal. \u00bfPero es esto cierto, o simplemente es otro mito del embarazo? \u00bfMito o realidad? Pues parece que es cierto, y la ciencia as\u00ed lo ha demostrado. Investigadores de la Universidad Johns Hopkins realizaron un estudio para comprobar si realmente existe alg\u00fan tipo de asociaci\u00f3n entre la acidez estomacal y la <\/p>\n","protected":false},"author":2,"featured_media":2723,"comment_status":"open","ping_status":"open","sticky":false,"template":"","format":"standard","meta":{"footnotes":""},"categories":[15],"tags":[],"class_list":["post-1811","post","type-post","status-publish","format-standard","has-post-thumbnail","hentry","category-embarazo","has_thumb"],"yoast_head":"<!-- This site is optimized with the Yoast SEO plugin v26.8 - https:\/\/yoast.com\/product\/yoast-seo-wordpress\/ -->\n<title>\u00bfEs el cabello de tu beb\u00e9 la causa de tu acidez? - Salud<\/title>\n<meta name=\"description\" content=\"Algunas personas piensan que si su beb\u00e9 tiene mucho pelo, \u00e9sto podr\u00eda ser lo que est\u00e1 causando acidez estomacal. \u00bfRealidad o mito?\" \/>\n<meta name=\"robots\" content=\"index, follow, max-snippet:-1, max-image-preview:large, max-video-preview:-1\" \/>\n<link rel=\"canonical\" href=\"https:\/\/www.euroresidentes.com\/salud\/acidez-embarazo-pelo-bebe\/\" \/>\n<meta property=\"og:locale\" content=\"es_ES\" \/>\n<meta property=\"og:type\" content=\"article\" \/>\n<meta property=\"og:title\" content=\"\u00bfEs el cabello de tu beb\u00e9 la causa de tu acidez? - Salud\" \/>\n<meta property=\"og:description\" content=\"Algunas personas piensan que si su beb\u00e9 tiene mucho pelo, \u00e9sto podr\u00eda ser lo que est\u00e1 causando acidez estomacal. \u00bfRealidad o mito?\" \/>\n<meta property=\"og:url\" content=\"https:\/\/www.euroresidentes.com\/salud\/acidez-embarazo-pelo-bebe\/\" \/>\n<meta property=\"og:site_name\" content=\"Salud\" \/>\n<meta property=\"article:published_time\" content=\"2016-12-12T10:40:24+00:00\" \/>\n<meta property=\"article:modified_time\" content=\"2018-07-31T07:59:47+00:00\" \/>\n<meta property=\"og:image\" content=\"https:\/\/www.euroresidentes.com\/salud\/wp-content\/uploads\/2016\/12\/ardor-estomacal-embarazo-pelo-bebe.jpg\" \/>\n\t<meta property=\"og:image:width\" content=\"700\" \/>\n\t<meta property=\"og:image:height\" content=\"525\" \/>\n\t<meta property=\"og:image:type\" content=\"image\/jpeg\" \/>\n<meta name=\"author\" content=\"Raquel Pomares\" \/>\n<meta name=\"twitter:label1\" content=\"Written by\" \/>\n\t<meta name=\"twitter:data1\" content=\"Raquel Pomares\" \/>\n\t<meta name=\"twitter:label2\" content=\"Est. reading time\" \/>\n\t<meta name=\"twitter:data2\" content=\"2 minutos\" \/>\n<script type=\"application\/ld+json\" class=\"yoast-schema-graph\">{\"@context\":\"https:\/\/schema.org\",\"@graph\":[{\"@type\":\"Article\",\"@id\":\"https:\/\/www.euroresidentes.com\/salud\/acidez-embarazo-pelo-bebe\/#article\",\"isPartOf\":{\"@id\":\"https:\/\/www.euroresidentes.com\/salud\/acidez-embarazo-pelo-bebe\/\"},\"author\":{\"name\":\"Raquel Pomares\",\"@id\":\"https:\/\/www.euroresidentes.com\/salud\/#\/schema\/person\/c0299534643677f2282b416ac1fe97f1\"},\"headline\":\"\u00bfEs el cabello de tu beb\u00e9 la causa de tu acidez?\",\"datePublished\":\"2016-12-12T10:40:24+00:00\",\"dateModified\":\"2018-07-31T07:59:47+00:00\",\"mainEntityOfPage\":{\"@id\":\"https:\/\/www.euroresidentes.com\/salud\/acidez-embarazo-pelo-bebe\/\"},\"wordCount\":434,\"commentCount\":0,\"image\":{\"@id\":\"https:\/\/www.euroresidentes.com\/salud\/acidez-embarazo-pelo-bebe\/#primaryimage\"},\"thumbnailUrl\":\"https:\/\/www.euroresidentes.com\/salud\/wp-content\/uploads\/2016\/12\/ardor-estomacal-embarazo-pelo-bebe.jpg\",\"articleSection\":[\"Embarazo\"],\"inLanguage\":\"es\",\"potentialAction\":[{\"@type\":\"CommentAction\",\"name\":\"Comment\",\"target\":[\"https:\/\/www.euroresidentes.com\/salud\/acidez-embarazo-pelo-bebe\/#respond\"]}]},{\"@type\":\"WebPage\",\"@id\":\"https:\/\/www.euroresidentes.com\/salud\/acidez-embarazo-pelo-bebe\/\",\"url\":\"https:\/\/www.euroresidentes.com\/salud\/acidez-embarazo-pelo-bebe\/\",\"name\":\"\u00bfEs el cabello de tu beb\u00e9 la causa de tu acidez? - Salud\",\"isPartOf\":{\"@id\":\"https:\/\/www.euroresidentes.com\/salud\/#website\"},\"primaryImageOfPage\":{\"@id\":\"https:\/\/www.euroresidentes.com\/salud\/acidez-embarazo-pelo-bebe\/#primaryimage\"},\"image\":{\"@id\":\"https:\/\/www.euroresidentes.com\/salud\/acidez-embarazo-pelo-bebe\/#primaryimage\"},\"thumbnailUrl\":\"https:\/\/www.euroresidentes.com\/salud\/wp-content\/uploads\/2016\/12\/ardor-estomacal-embarazo-pelo-bebe.jpg\",\"datePublished\":\"2016-12-12T10:40:24+00:00\",\"dateModified\":\"2018-07-31T07:59:47+00:00\",\"author\":{\"@id\":\"https:\/\/www.euroresidentes.com\/salud\/#\/schema\/person\/c0299534643677f2282b416ac1fe97f1\"},\"description\":\"Algunas personas piensan que si su beb\u00e9 tiene mucho pelo, \u00e9sto podr\u00eda ser lo que est\u00e1 causando acidez estomacal. \u00bfRealidad o mito?\",\"breadcrumb\":{\"@id\":\"https:\/\/www.euroresidentes.com\/salud\/acidez-embarazo-pelo-bebe\/#breadcrumb\"},\"inLanguage\":\"es\",\"potentialAction\":[{\"@type\":\"ReadAction\",\"target\":[\"https:\/\/www.euroresidentes.com\/salud\/acidez-embarazo-pelo-bebe\/\"]}]},{\"@type\":\"ImageObject\",\"inLanguage\":\"es\",\"@id\":\"https:\/\/www.euroresidentes.com\/salud\/acidez-embarazo-pelo-bebe\/#primaryimage\",\"url\":\"https:\/\/www.euroresidentes.com\/salud\/wp-content\/uploads\/2016\/12\/ardor-estomacal-embarazo-pelo-bebe.jpg\",\"contentUrl\":\"https:\/\/www.euroresidentes.com\/salud\/wp-content\/uploads\/2016\/12\/ardor-estomacal-embarazo-pelo-bebe.jpg\",\"width\":700,\"height\":525},{\"@type\":\"BreadcrumbList\",\"@id\":\"https:\/\/www.euroresidentes.com\/salud\/acidez-embarazo-pelo-bebe\/#breadcrumb\",\"itemListElement\":[{\"@type\":\"ListItem\",\"position\":1,\"name\":\"Portada\",\"item\":\"https:\/\/www.euroresidentes.com\/salud\/\"},{\"@type\":\"ListItem\",\"position\":2,\"name\":\"\u00bfEs el cabello de tu beb\u00e9 la causa de tu acidez?\"}]},{\"@type\":\"WebSite\",\"@id\":\"https:\/\/www.euroresidentes.com\/salud\/#website\",\"url\":\"https:\/\/www.euroresidentes.com\/salud\/\",\"name\":\"Salud\",\"description\":\"Consejos para el cuidado de la salud, vida sana, h\u00e1bitos saludables\",\"potentialAction\":[{\"@type\":\"SearchAction\",\"target\":{\"@type\":\"EntryPoint\",\"urlTemplate\":\"https:\/\/www.euroresidentes.com\/salud\/?s={search_term_string}\"},\"query-input\":{\"@type\":\"PropertyValueSpecification\",\"valueRequired\":true,\"valueName\":\"search_term_string\"}}],\"inLanguage\":\"es\"},{\"@type\":\"Person\",\"@id\":\"https:\/\/www.euroresidentes.com\/salud\/#\/schema\/person\/c0299534643677f2282b416ac1fe97f1\",\"name\":\"Raquel Pomares\",\"image\":{\"@type\":\"ImageObject\",\"inLanguage\":\"es\",\"@id\":\"https:\/\/www.euroresidentes.com\/salud\/#\/schema\/person\/image\/\",\"url\":\"https:\/\/www.euroresidentes.com\/salud\/wp-content\/uploads\/2016\/07\/YO2-150x150.jpg\",\"contentUrl\":\"https:\/\/www.euroresidentes.com\/salud\/wp-content\/uploads\/2016\/07\/YO2-150x150.jpg\",\"caption\":\"Raquel Pomares\"},\"description\":\"Raquel PomaresBi\u00f3loga, doctora y divulgadora cient\u00edfica especializada en temas de salud.\",\"sameAs\":[\"https:\/\/www.euroresidentes.com\/salud\/raquel-pomares.html\"],\"url\":\"https:\/\/www.euroresidentes.com\/salud\/author\/raquel\/\"}]}<\/script>\n<!-- \/ Yoast SEO plugin. -->","yoast_head_json":{"title":"\u00bfEs el cabello de tu beb\u00e9 la causa de tu acidez? - Salud","description":"Algunas personas piensan que si su beb\u00e9 tiene mucho pelo, \u00e9sto podr\u00eda ser lo que est\u00e1 causando acidez estomacal. \u00bfRealidad o mito?","robots":{"index":"index","follow":"follow","max-snippet":"max-snippet:-1","max-image-preview":"max-image-preview:large","max-video-preview":"max-video-preview:-1"},"canonical":"https:\/\/www.euroresidentes.com\/salud\/acidez-embarazo-pelo-bebe\/","og_locale":"es_ES","og_type":"article","og_title":"\u00bfEs el cabello de tu beb\u00e9 la causa de tu acidez? - Salud","og_description":"Algunas personas piensan que si su beb\u00e9 tiene mucho pelo, \u00e9sto podr\u00eda ser lo que est\u00e1 causando acidez estomacal. \u00bfRealidad o mito?","og_url":"https:\/\/www.euroresidentes.com\/salud\/acidez-embarazo-pelo-bebe\/","og_site_name":"Salud","article_published_time":"2016-12-12T10:40:24+00:00","article_modified_time":"2018-07-31T07:59:47+00:00","og_image":[{"width":700,"height":525,"url":"https:\/\/www.euroresidentes.com\/salud\/wp-content\/uploads\/2016\/12\/ardor-estomacal-embarazo-pelo-bebe.jpg","type":"image\/jpeg"}],"author":"Raquel Pomares","twitter_misc":{"Written by":"Raquel Pomares","Est. reading time":"2 minutos"},"schema":{"@context":"https:\/\/schema.org","@graph":[{"@type":"Article","@id":"https:\/\/www.euroresidentes.com\/salud\/acidez-embarazo-pelo-bebe\/#article","isPartOf":{"@id":"https:\/\/www.euroresidentes.com\/salud\/acidez-embarazo-pelo-bebe\/"},"author":{"name":"Raquel Pomares","@id":"https:\/\/www.euroresidentes.com\/salud\/#\/schema\/person\/c0299534643677f2282b416ac1fe97f1"},"headline":"\u00bfEs el cabello de tu beb\u00e9 la causa de tu acidez?","datePublished":"2016-12-12T10:40:24+00:00","dateModified":"2018-07-31T07:59:47+00:00","mainEntityOfPage":{"@id":"https:\/\/www.euroresidentes.com\/salud\/acidez-embarazo-pelo-bebe\/"},"wordCount":434,"commentCount":0,"image":{"@id":"https:\/\/www.euroresidentes.com\/salud\/acidez-embarazo-pelo-bebe\/#primaryimage"},"thumbnailUrl":"https:\/\/www.euroresidentes.com\/salud\/wp-content\/uploads\/2016\/12\/ardor-estomacal-embarazo-pelo-bebe.jpg","articleSection":["Embarazo"],"inLanguage":"es","potentialAction":[{"@type":"CommentAction","name":"Comment","target":["https:\/\/www.euroresidentes.com\/salud\/acidez-embarazo-pelo-bebe\/#respond"]}]},{"@type":"WebPage","@id":"https:\/\/www.euroresidentes.com\/salud\/acidez-embarazo-pelo-bebe\/","url":"https:\/\/www.euroresidentes.com\/salud\/acidez-embarazo-pelo-bebe\/","name":"\u00bfEs el cabello de tu beb\u00e9 la causa de tu acidez? - Salud","isPartOf":{"@id":"https:\/\/www.euroresidentes.com\/salud\/#website"},"primaryImageOfPage":{"@id":"https:\/\/www.euroresidentes.com\/salud\/acidez-embarazo-pelo-bebe\/#primaryimage"},"image":{"@id":"https:\/\/www.euroresidentes.com\/salud\/acidez-embarazo-pelo-bebe\/#primaryimage"},"thumbnailUrl":"https:\/\/www.euroresidentes.com\/salud\/wp-content\/uploads\/2016\/12\/ardor-estomacal-embarazo-pelo-bebe.jpg","datePublished":"2016-12-12T10:40:24+00:00","dateModified":"2018-07-31T07:59:47+00:00","author":{"@id":"https:\/\/www.euroresidentes.com\/salud\/#\/schema\/person\/c0299534643677f2282b416ac1fe97f1"},"description":"Algunas personas piensan que si su beb\u00e9 tiene mucho pelo, \u00e9sto podr\u00eda ser lo que est\u00e1 causando acidez estomacal. \u00bfRealidad o mito?","breadcrumb":{"@id":"https:\/\/www.euroresidentes.com\/salud\/acidez-embarazo-pelo-bebe\/#breadcrumb"},"inLanguage":"es","potentialAction":[{"@type":"ReadAction","target":["https:\/\/www.euroresidentes.com\/salud\/acidez-embarazo-pelo-bebe\/"]}]},{"@type":"ImageObject","inLanguage":"es","@id":"https:\/\/www.euroresidentes.com\/salud\/acidez-embarazo-pelo-bebe\/#primaryimage","url":"https:\/\/www.euroresidentes.com\/salud\/wp-content\/uploads\/2016\/12\/ardor-estomacal-embarazo-pelo-bebe.jpg","contentUrl":"https:\/\/www.euroresidentes.com\/salud\/wp-content\/uploads\/2016\/12\/ardor-estomacal-embarazo-pelo-bebe.jpg","width":700,"height":525},{"@type":"BreadcrumbList","@id":"https:\/\/www.euroresidentes.com\/salud\/acidez-embarazo-pelo-bebe\/#breadcrumb","itemListElement":[{"@type":"ListItem","position":1,"name":"Portada","item":"https:\/\/www.euroresidentes.com\/salud\/"},{"@type":"ListItem","position":2,"name":"\u00bfEs el cabello de tu beb\u00e9 la causa de tu acidez?"}]},{"@type":"WebSite","@id":"https:\/\/www.euroresidentes.com\/salud\/#website","url":"https:\/\/www.euroresidentes.com\/salud\/","name":"Salud","description":"Consejos para el cuidado de la salud, vida sana, h\u00e1bitos saludables","potentialAction":[{"@type":"SearchAction","target":{"@type":"EntryPoint","urlTemplate":"https:\/\/www.euroresidentes.com\/salud\/?s={search_term_string}"},"query-input":{"@type":"PropertyValueSpecification","valueRequired":true,"valueName":"search_term_string"}}],"inLanguage":"es"},{"@type":"Person","@id":"https:\/\/www.euroresidentes.com\/salud\/#\/schema\/person\/c0299534643677f2282b416ac1fe97f1","name":"Raquel Pomares","image":{"@type":"ImageObject","inLanguage":"es","@id":"https:\/\/www.euroresidentes.com\/salud\/#\/schema\/person\/image\/","url":"https:\/\/www.euroresidentes.com\/salud\/wp-content\/uploads\/2016\/07\/YO2-150x150.jpg","contentUrl":"https:\/\/www.euroresidentes.com\/salud\/wp-content\/uploads\/2016\/07\/YO2-150x150.jpg","caption":"Raquel Pomares"},"description":"Raquel PomaresBi\u00f3loga, doctora y divulgadora cient\u00edfica especializada en temas de salud.","sameAs":["https:\/\/www.euroresidentes.com\/salud\/raquel-pomares.html"],"url":"https:\/\/www.euroresidentes.com\/salud\/author\/raquel\/"}]}},"_links":{"self":[{"href":"https:\/\/www.euroresidentes.com\/salud\/wp-json\/wp\/v2\/posts\/1811","targetHints":{"allow":["GET"]}}],"collection":[{"href":"https:\/\/www.euroresidentes.com\/salud\/wp-json\/wp\/v2\/posts"}],"about":[{"href":"https:\/\/www.euroresidentes.com\/salud\/wp-json\/wp\/v2\/types\/post"}],"author":[{"embeddable":true,"href":"https:\/\/www.euroresidentes.com\/salud\/wp-json\/wp\/v2\/users\/2"}],"replies":[{"embeddable":true,"href":"https:\/\/www.euroresidentes.com\/salud\/wp-json\/wp\/v2\/comments?post=1811"}],"version-history":[{"count":6,"href":"https:\/\/www.euroresidentes.com\/salud\/wp-json\/wp\/v2\/posts\/1811\/revisions"}],"predecessor-version":[{"id":5820,"href":"https:\/\/www.euroresidentes.com\/salud\/wp-json\/wp\/v2\/posts\/1811\/revisions\/5820"}],"wp:featuredmedia":[{"embeddable":true,"href":"https:\/\/www.euroresidentes.com\/salud\/wp-json\/wp\/v2\/media\/2723"}],"wp:attachment":[{"href":"https:\/\/www.euroresidentes.com\/salud\/wp-json\/wp\/v2\/media?parent=1811"}],"wp:term":[{"taxonomy":"category","embeddable":true,"href":"https:\/\/www.euroresidentes.com\/salud\/wp-json\/wp\/v2\/categories?post=1811"},{"taxonomy":"post_tag","embeddable":true,"href":"https:\/\/www.euroresidentes.com\/salud\/wp-json\/wp\/v2\/tags?post=1811"}],"curies":[{"name":"wp","href":"https:\/\/api.w.org\/{rel}","templated":true}]}}