 

{"id":1724,"date":"2016-10-13T11:12:36","date_gmt":"2016-10-13T09:12:36","guid":{"rendered":"https:\/\/www.euroresidentes.com\/salud\/embarazo\/?p=1724"},"modified":"2018-07-31T11:30:05","modified_gmt":"2018-07-31T09:30:05","slug":"cuando-se-escuchan-los-primeros-latidos-del-bebe","status":"publish","type":"post","link":"https:\/\/www.euroresidentes.com\/salud\/cuando-se-escuchan-los-primeros-latidos-del-bebe\/","title":{"rendered":"\u00bfCu\u00e1ndo se escuchan los primeros latidos del beb\u00e9?"},"content":{"rendered":"<h3>En qu\u00e9 semana se escuchan los primeros latidos del beb\u00e9<\/h3>\n<p style=\"text-align: left\">Escuchar por primera vez los latidos del coraz\u00f3n de\u00a0tu beb\u00e9\u00a0es uno de los momentos m\u00e1s emocionantes del embarazo.<\/p>\n<p style=\"text-align: left\">Hasta ahora se pensaba que se pod\u00edan escuchar entorno a los\u00a021 d\u00edas despu\u00e9s de la concepci\u00f3n, pero un nuevo estudio de\u00a0la Universidad de Oxford ha llegado a la conclusi\u00f3n de que podr\u00eda ser incluso antes.<\/p>\n<p style=\"text-align: left\">Al parecer tan pronto como<strong> 16 d\u00edas despu\u00e9s de la concepci\u00f3n<\/strong> ya se podr\u00edan escuchar los primeros latidos. \u00a0<\/p>\n<h3><a href=\"https:\/\/www.euroresidentes.com\/salud\/wp-content\/uploads\/2016\/10\/embrion-latidos-corazon-euroresidentes.jpg\"><img loading=\"lazy\" decoding=\"async\" class=\"aligncenter size-full wp-image-1725\" src=\"https:\/\/www.euroresidentes.com\/salud\/wp-content\/uploads\/2016\/10\/embrion-latidos-corazon-euroresidentes.jpg\" alt=\"Cu\u00e1ndo se pueden escuchar los primeros latidos del coraz\u00f3n de un feto\" width=\"700\" height=\"525\" \/><\/a>\u00bfCu\u00e1l es el \u00f3rgano que se forma el primero?<\/h3>\n<p style=\"text-align: left\">El coraz\u00f3n es el primer \u00f3rgano que se forma y comienza a funcionar<\/p>\n<p>Para saber exactamente cu\u00e1ndo se producen los primeros latidos del coraz\u00f3n de un beb\u00e9 se deber\u00edan utilizar im\u00e1genes\u00a0tomadas\u00a0directamente en el momento en el que se produce la activaci\u00f3n del sistema cardiovascular en un embri\u00f3n humano.<\/p>\n<p>Esto es bastante<strong> dif\u00edcil de observar en embriones humanos<\/strong>, por lo que para este tipo de investigaci\u00f3n, se utilizan los corazones de rat\u00f3n.\u00a0Al ser mam\u00edferos, sus estructuras card\u00edacas\u00a0no son demasiado diferentes a\u00a0los humanos.<\/p>\n<p>Hasta ahora, se pensaba que el coraz\u00f3n de un rat\u00f3n comenzaba el bombeo de ox\u00edgeno y\u00a0de\u00a0nutrientes en torno a su red de vasos sangu\u00edneos primitiva a los 8 d\u00edas del desarrollo fetal, lo que equivaldr\u00eda\u00a0a 21 d\u00edas para un ser humano.<\/p>\n<p>El nuevo estudio, ha podido afinar m\u00e1s, y ha encontrado que\u00a0el\u00a0coraz\u00f3n de rat\u00f3n comienza a latir\u00a0a los\u00a0a 7,5 d\u00edas, lo que equivaldr\u00eda a los <strong>16 d\u00edas en\u00a0un embri\u00f3n humano<\/strong>. \u00a0<\/p>\n<p><a href=\"https:\/\/www.euroresidentes.com\/salud\/wp-content\/uploads\/2016\/10\/primeros-latidos-euroresidentes.jpg\"><img loading=\"lazy\" decoding=\"async\" class=\"aligncenter size-full wp-image-1726\" src=\"https:\/\/www.euroresidentes.com\/salud\/wp-content\/uploads\/2016\/10\/primeros-latidos-euroresidentes.jpg\" alt=\"Cu\u00e1ndo se escuchan los primeros latidos\" width=\"700\" height=\"525\" \/><\/a><\/p>\n<h3>El calcio es clave<\/h3>\n<p>Para saber cu\u00e1ndo se produce este primer latido, los autores del nuevo trabajo\u00a0monitorizaron\u00a0el movimiento de mol\u00e9culas de calcio dentro de un embri\u00f3n de rat\u00f3n.<\/p>\n<p>El calcio tiene un papel clave en muchos de procesos bioqu\u00edmicos de nuestros cuerpos.<\/p>\n<p>El paso de los\u00a0iones de calcio dentro y fuera de las c\u00e9lulas musculares del coraz\u00f3n (los\u00a0cardiomiocitos) es lo que\u00a0provoca que se contraigan y comiencen los latidos del coraz\u00f3n.<\/p>\n<p>Mediante el<strong> \u00abetiquetado\u00bb de estas mol\u00e9culas de calcio<\/strong> con marcadores fluorescentes, es como los autores de esta nueva investigaci\u00f3n descubrieron el <strong>momento\u00a0exacto en el que los cardiomiocitos comenzaron a contraerse<\/strong>.<\/p>\n<p>Tyser RCV, Miranda AMA, Chen C-m, Davidson SM, Srinivas S y Riley PR. eLife (2016). <a href=\"https:\/\/elifesciences.org\/content\/5\/e17113\" target=\"_blank\" rel=\"noopener\">M\u00e1s informaci\u00f3n<\/a>.<\/p>\n<p>&nbsp;<\/p>\n<p><strong>Seguir leyendo:\u00a0<\/strong><\/p>\n<ul>\n<li><a href=\"https:\/\/www.euroresidentes.com\/salud\/embarazo\/primeros-movimientos-del-bebe-en-e\">Primeros movimientos del beb\u00e9 en el embarazo<\/a><\/li>\n<\/ul>\n","protected":false},"excerpt":{"rendered":"<p>En qu\u00e9 semana se escuchan los primeros latidos del beb\u00e9 Escuchar por primera vez los latidos del coraz\u00f3n de\u00a0tu beb\u00e9\u00a0es uno de los momentos m\u00e1s emocionantes del embarazo. Hasta ahora se pensaba que se pod\u00edan escuchar entorno a los\u00a021 d\u00edas despu\u00e9s de la concepci\u00f3n, pero un nuevo estudio de\u00a0la Universidad de Oxford ha llegado a la conclusi\u00f3n de que podr\u00eda ser incluso antes. Al parecer tan pronto como 16 d\u00edas despu\u00e9s de la concepci\u00f3n ya se podr\u00edan escuchar los primeros latidos. \u00a0 \u00bfCu\u00e1l es el \u00f3rgano que se forma el primero? El coraz\u00f3n es el primer \u00f3rgano que se forma <\/p>\n","protected":false},"author":2,"featured_media":2716,"comment_status":"open","ping_status":"open","sticky":false,"template":"","format":"standard","meta":{"footnotes":""},"categories":[15],"tags":[],"class_list":["post-1724","post","type-post","status-publish","format-standard","has-post-thumbnail","hentry","category-embarazo","has_thumb"],"yoast_head":"<!-- This site is optimized with the Yoast SEO plugin v26.8 - https:\/\/yoast.com\/product\/yoast-seo-wordpress\/ -->\n<title>\u00bfCu\u00e1ndo se escuchan los primeros latidos del beb\u00e9? - Salud<\/title>\n<meta name=\"robots\" content=\"index, follow, max-snippet:-1, max-image-preview:large, max-video-preview:-1\" \/>\n<link rel=\"canonical\" href=\"https:\/\/www.euroresidentes.com\/salud\/cuando-se-escuchan-los-primeros-latidos-del-bebe\/\" \/>\n<meta property=\"og:locale\" content=\"es_ES\" \/>\n<meta property=\"og:type\" content=\"article\" \/>\n<meta property=\"og:title\" content=\"\u00bfCu\u00e1ndo se escuchan los primeros latidos del beb\u00e9? - Salud\" \/>\n<meta property=\"og:description\" content=\"En qu\u00e9 semana se escuchan los primeros latidos del beb\u00e9 Escuchar por primera vez los latidos del coraz\u00f3n de\u00a0tu beb\u00e9\u00a0es uno de los momentos m\u00e1s emocionantes del embarazo. Hasta ahora se pensaba que se pod\u00edan escuchar entorno a los\u00a021 d\u00edas despu\u00e9s de la concepci\u00f3n, pero un nuevo estudio de\u00a0la Universidad de Oxford ha llegado a la conclusi\u00f3n de que podr\u00eda ser incluso antes. Al parecer tan pronto como 16 d\u00edas despu\u00e9s de la concepci\u00f3n ya se podr\u00edan escuchar los primeros latidos. \u00a0 \u00bfCu\u00e1l es el \u00f3rgano que se forma el primero? El coraz\u00f3n es el primer \u00f3rgano que se forma\" \/>\n<meta property=\"og:url\" content=\"https:\/\/www.euroresidentes.com\/salud\/cuando-se-escuchan-los-primeros-latidos-del-bebe\/\" \/>\n<meta property=\"og:site_name\" content=\"Salud\" \/>\n<meta property=\"article:published_time\" content=\"2016-10-13T09:12:36+00:00\" \/>\n<meta property=\"article:modified_time\" content=\"2018-07-31T09:30:05+00:00\" \/>\n<meta property=\"og:image\" content=\"https:\/\/www.euroresidentes.com\/salud\/wp-content\/uploads\/2016\/10\/primeros-latidos-euroresidentes.jpg\" \/>\n\t<meta property=\"og:image:width\" content=\"700\" \/>\n\t<meta property=\"og:image:height\" content=\"525\" \/>\n\t<meta property=\"og:image:type\" content=\"image\/jpeg\" \/>\n<meta name=\"author\" content=\"Raquel Pomares\" \/>\n<meta name=\"twitter:label1\" content=\"Written by\" \/>\n\t<meta name=\"twitter:data1\" content=\"Raquel Pomares\" \/>\n\t<meta name=\"twitter:label2\" content=\"Est. reading time\" \/>\n\t<meta name=\"twitter:data2\" content=\"2 minutos\" \/>\n<script type=\"application\/ld+json\" class=\"yoast-schema-graph\">{\"@context\":\"https:\/\/schema.org\",\"@graph\":[{\"@type\":\"Article\",\"@id\":\"https:\/\/www.euroresidentes.com\/salud\/cuando-se-escuchan-los-primeros-latidos-del-bebe\/#article\",\"isPartOf\":{\"@id\":\"https:\/\/www.euroresidentes.com\/salud\/cuando-se-escuchan-los-primeros-latidos-del-bebe\/\"},\"author\":{\"name\":\"Raquel Pomares\",\"@id\":\"https:\/\/www.euroresidentes.com\/salud\/#\/schema\/person\/c0299534643677f2282b416ac1fe97f1\"},\"headline\":\"\u00bfCu\u00e1ndo se escuchan los primeros latidos del beb\u00e9?\",\"datePublished\":\"2016-10-13T09:12:36+00:00\",\"dateModified\":\"2018-07-31T09:30:05+00:00\",\"mainEntityOfPage\":{\"@id\":\"https:\/\/www.euroresidentes.com\/salud\/cuando-se-escuchan-los-primeros-latidos-del-bebe\/\"},\"wordCount\":444,\"commentCount\":0,\"image\":{\"@id\":\"https:\/\/www.euroresidentes.com\/salud\/cuando-se-escuchan-los-primeros-latidos-del-bebe\/#primaryimage\"},\"thumbnailUrl\":\"https:\/\/www.euroresidentes.com\/salud\/wp-content\/uploads\/2016\/10\/primeros-latidos-euroresidentes.jpg\",\"articleSection\":[\"Embarazo\"],\"inLanguage\":\"es\",\"potentialAction\":[{\"@type\":\"CommentAction\",\"name\":\"Comment\",\"target\":[\"https:\/\/www.euroresidentes.com\/salud\/cuando-se-escuchan-los-primeros-latidos-del-bebe\/#respond\"]}]},{\"@type\":\"WebPage\",\"@id\":\"https:\/\/www.euroresidentes.com\/salud\/cuando-se-escuchan-los-primeros-latidos-del-bebe\/\",\"url\":\"https:\/\/www.euroresidentes.com\/salud\/cuando-se-escuchan-los-primeros-latidos-del-bebe\/\",\"name\":\"\u00bfCu\u00e1ndo se escuchan los primeros latidos del beb\u00e9? - Salud\",\"isPartOf\":{\"@id\":\"https:\/\/www.euroresidentes.com\/salud\/#website\"},\"primaryImageOfPage\":{\"@id\":\"https:\/\/www.euroresidentes.com\/salud\/cuando-se-escuchan-los-primeros-latidos-del-bebe\/#primaryimage\"},\"image\":{\"@id\":\"https:\/\/www.euroresidentes.com\/salud\/cuando-se-escuchan-los-primeros-latidos-del-bebe\/#primaryimage\"},\"thumbnailUrl\":\"https:\/\/www.euroresidentes.com\/salud\/wp-content\/uploads\/2016\/10\/primeros-latidos-euroresidentes.jpg\",\"datePublished\":\"2016-10-13T09:12:36+00:00\",\"dateModified\":\"2018-07-31T09:30:05+00:00\",\"author\":{\"@id\":\"https:\/\/www.euroresidentes.com\/salud\/#\/schema\/person\/c0299534643677f2282b416ac1fe97f1\"},\"breadcrumb\":{\"@id\":\"https:\/\/www.euroresidentes.com\/salud\/cuando-se-escuchan-los-primeros-latidos-del-bebe\/#breadcrumb\"},\"inLanguage\":\"es\",\"potentialAction\":[{\"@type\":\"ReadAction\",\"target\":[\"https:\/\/www.euroresidentes.com\/salud\/cuando-se-escuchan-los-primeros-latidos-del-bebe\/\"]}]},{\"@type\":\"ImageObject\",\"inLanguage\":\"es\",\"@id\":\"https:\/\/www.euroresidentes.com\/salud\/cuando-se-escuchan-los-primeros-latidos-del-bebe\/#primaryimage\",\"url\":\"https:\/\/www.euroresidentes.com\/salud\/wp-content\/uploads\/2016\/10\/primeros-latidos-euroresidentes.jpg\",\"contentUrl\":\"https:\/\/www.euroresidentes.com\/salud\/wp-content\/uploads\/2016\/10\/primeros-latidos-euroresidentes.jpg\",\"width\":700,\"height\":525},{\"@type\":\"BreadcrumbList\",\"@id\":\"https:\/\/www.euroresidentes.com\/salud\/cuando-se-escuchan-los-primeros-latidos-del-bebe\/#breadcrumb\",\"itemListElement\":[{\"@type\":\"ListItem\",\"position\":1,\"name\":\"Portada\",\"item\":\"https:\/\/www.euroresidentes.com\/salud\/\"},{\"@type\":\"ListItem\",\"position\":2,\"name\":\"\u00bfCu\u00e1ndo se escuchan los primeros latidos del beb\u00e9?\"}]},{\"@type\":\"WebSite\",\"@id\":\"https:\/\/www.euroresidentes.com\/salud\/#website\",\"url\":\"https:\/\/www.euroresidentes.com\/salud\/\",\"name\":\"Salud\",\"description\":\"Consejos para el cuidado de la salud, vida sana, h\u00e1bitos saludables\",\"potentialAction\":[{\"@type\":\"SearchAction\",\"target\":{\"@type\":\"EntryPoint\",\"urlTemplate\":\"https:\/\/www.euroresidentes.com\/salud\/?s={search_term_string}\"},\"query-input\":{\"@type\":\"PropertyValueSpecification\",\"valueRequired\":true,\"valueName\":\"search_term_string\"}}],\"inLanguage\":\"es\"},{\"@type\":\"Person\",\"@id\":\"https:\/\/www.euroresidentes.com\/salud\/#\/schema\/person\/c0299534643677f2282b416ac1fe97f1\",\"name\":\"Raquel Pomares\",\"image\":{\"@type\":\"ImageObject\",\"inLanguage\":\"es\",\"@id\":\"https:\/\/www.euroresidentes.com\/salud\/#\/schema\/person\/image\/\",\"url\":\"https:\/\/www.euroresidentes.com\/salud\/wp-content\/uploads\/2016\/07\/YO2-150x150.jpg\",\"contentUrl\":\"https:\/\/www.euroresidentes.com\/salud\/wp-content\/uploads\/2016\/07\/YO2-150x150.jpg\",\"caption\":\"Raquel Pomares\"},\"description\":\"Raquel PomaresBi\u00f3loga, doctora y divulgadora cient\u00edfica especializada en temas de salud.\",\"sameAs\":[\"https:\/\/www.euroresidentes.com\/salud\/raquel-pomares.html\"],\"url\":\"https:\/\/www.euroresidentes.com\/salud\/author\/raquel\/\"}]}<\/script>\n<!-- \/ Yoast SEO plugin. -->","yoast_head_json":{"title":"\u00bfCu\u00e1ndo se escuchan los primeros latidos del beb\u00e9? - Salud","robots":{"index":"index","follow":"follow","max-snippet":"max-snippet:-1","max-image-preview":"max-image-preview:large","max-video-preview":"max-video-preview:-1"},"canonical":"https:\/\/www.euroresidentes.com\/salud\/cuando-se-escuchan-los-primeros-latidos-del-bebe\/","og_locale":"es_ES","og_type":"article","og_title":"\u00bfCu\u00e1ndo se escuchan los primeros latidos del beb\u00e9? - Salud","og_description":"En qu\u00e9 semana se escuchan los primeros latidos del beb\u00e9 Escuchar por primera vez los latidos del coraz\u00f3n de\u00a0tu beb\u00e9\u00a0es uno de los momentos m\u00e1s emocionantes del embarazo. Hasta ahora se pensaba que se pod\u00edan escuchar entorno a los\u00a021 d\u00edas despu\u00e9s de la concepci\u00f3n, pero un nuevo estudio de\u00a0la Universidad de Oxford ha llegado a la conclusi\u00f3n de que podr\u00eda ser incluso antes. Al parecer tan pronto como 16 d\u00edas despu\u00e9s de la concepci\u00f3n ya se podr\u00edan escuchar los primeros latidos. \u00a0 \u00bfCu\u00e1l es el \u00f3rgano que se forma el primero? El coraz\u00f3n es el primer \u00f3rgano que se forma","og_url":"https:\/\/www.euroresidentes.com\/salud\/cuando-se-escuchan-los-primeros-latidos-del-bebe\/","og_site_name":"Salud","article_published_time":"2016-10-13T09:12:36+00:00","article_modified_time":"2018-07-31T09:30:05+00:00","og_image":[{"width":700,"height":525,"url":"https:\/\/www.euroresidentes.com\/salud\/wp-content\/uploads\/2016\/10\/primeros-latidos-euroresidentes.jpg","type":"image\/jpeg"}],"author":"Raquel Pomares","twitter_misc":{"Written by":"Raquel Pomares","Est. reading time":"2 minutos"},"schema":{"@context":"https:\/\/schema.org","@graph":[{"@type":"Article","@id":"https:\/\/www.euroresidentes.com\/salud\/cuando-se-escuchan-los-primeros-latidos-del-bebe\/#article","isPartOf":{"@id":"https:\/\/www.euroresidentes.com\/salud\/cuando-se-escuchan-los-primeros-latidos-del-bebe\/"},"author":{"name":"Raquel Pomares","@id":"https:\/\/www.euroresidentes.com\/salud\/#\/schema\/person\/c0299534643677f2282b416ac1fe97f1"},"headline":"\u00bfCu\u00e1ndo se escuchan los primeros latidos del beb\u00e9?","datePublished":"2016-10-13T09:12:36+00:00","dateModified":"2018-07-31T09:30:05+00:00","mainEntityOfPage":{"@id":"https:\/\/www.euroresidentes.com\/salud\/cuando-se-escuchan-los-primeros-latidos-del-bebe\/"},"wordCount":444,"commentCount":0,"image":{"@id":"https:\/\/www.euroresidentes.com\/salud\/cuando-se-escuchan-los-primeros-latidos-del-bebe\/#primaryimage"},"thumbnailUrl":"https:\/\/www.euroresidentes.com\/salud\/wp-content\/uploads\/2016\/10\/primeros-latidos-euroresidentes.jpg","articleSection":["Embarazo"],"inLanguage":"es","potentialAction":[{"@type":"CommentAction","name":"Comment","target":["https:\/\/www.euroresidentes.com\/salud\/cuando-se-escuchan-los-primeros-latidos-del-bebe\/#respond"]}]},{"@type":"WebPage","@id":"https:\/\/www.euroresidentes.com\/salud\/cuando-se-escuchan-los-primeros-latidos-del-bebe\/","url":"https:\/\/www.euroresidentes.com\/salud\/cuando-se-escuchan-los-primeros-latidos-del-bebe\/","name":"\u00bfCu\u00e1ndo se escuchan los primeros latidos del beb\u00e9? - Salud","isPartOf":{"@id":"https:\/\/www.euroresidentes.com\/salud\/#website"},"primaryImageOfPage":{"@id":"https:\/\/www.euroresidentes.com\/salud\/cuando-se-escuchan-los-primeros-latidos-del-bebe\/#primaryimage"},"image":{"@id":"https:\/\/www.euroresidentes.com\/salud\/cuando-se-escuchan-los-primeros-latidos-del-bebe\/#primaryimage"},"thumbnailUrl":"https:\/\/www.euroresidentes.com\/salud\/wp-content\/uploads\/2016\/10\/primeros-latidos-euroresidentes.jpg","datePublished":"2016-10-13T09:12:36+00:00","dateModified":"2018-07-31T09:30:05+00:00","author":{"@id":"https:\/\/www.euroresidentes.com\/salud\/#\/schema\/person\/c0299534643677f2282b416ac1fe97f1"},"breadcrumb":{"@id":"https:\/\/www.euroresidentes.com\/salud\/cuando-se-escuchan-los-primeros-latidos-del-bebe\/#breadcrumb"},"inLanguage":"es","potentialAction":[{"@type":"ReadAction","target":["https:\/\/www.euroresidentes.com\/salud\/cuando-se-escuchan-los-primeros-latidos-del-bebe\/"]}]},{"@type":"ImageObject","inLanguage":"es","@id":"https:\/\/www.euroresidentes.com\/salud\/cuando-se-escuchan-los-primeros-latidos-del-bebe\/#primaryimage","url":"https:\/\/www.euroresidentes.com\/salud\/wp-content\/uploads\/2016\/10\/primeros-latidos-euroresidentes.jpg","contentUrl":"https:\/\/www.euroresidentes.com\/salud\/wp-content\/uploads\/2016\/10\/primeros-latidos-euroresidentes.jpg","width":700,"height":525},{"@type":"BreadcrumbList","@id":"https:\/\/www.euroresidentes.com\/salud\/cuando-se-escuchan-los-primeros-latidos-del-bebe\/#breadcrumb","itemListElement":[{"@type":"ListItem","position":1,"name":"Portada","item":"https:\/\/www.euroresidentes.com\/salud\/"},{"@type":"ListItem","position":2,"name":"\u00bfCu\u00e1ndo se escuchan los primeros latidos del beb\u00e9?"}]},{"@type":"WebSite","@id":"https:\/\/www.euroresidentes.com\/salud\/#website","url":"https:\/\/www.euroresidentes.com\/salud\/","name":"Salud","description":"Consejos para el cuidado de la salud, vida sana, h\u00e1bitos saludables","potentialAction":[{"@type":"SearchAction","target":{"@type":"EntryPoint","urlTemplate":"https:\/\/www.euroresidentes.com\/salud\/?s={search_term_string}"},"query-input":{"@type":"PropertyValueSpecification","valueRequired":true,"valueName":"search_term_string"}}],"inLanguage":"es"},{"@type":"Person","@id":"https:\/\/www.euroresidentes.com\/salud\/#\/schema\/person\/c0299534643677f2282b416ac1fe97f1","name":"Raquel Pomares","image":{"@type":"ImageObject","inLanguage":"es","@id":"https:\/\/www.euroresidentes.com\/salud\/#\/schema\/person\/image\/","url":"https:\/\/www.euroresidentes.com\/salud\/wp-content\/uploads\/2016\/07\/YO2-150x150.jpg","contentUrl":"https:\/\/www.euroresidentes.com\/salud\/wp-content\/uploads\/2016\/07\/YO2-150x150.jpg","caption":"Raquel Pomares"},"description":"Raquel PomaresBi\u00f3loga, doctora y divulgadora cient\u00edfica especializada en temas de salud.","sameAs":["https:\/\/www.euroresidentes.com\/salud\/raquel-pomares.html"],"url":"https:\/\/www.euroresidentes.com\/salud\/author\/raquel\/"}]}},"_links":{"self":[{"href":"https:\/\/www.euroresidentes.com\/salud\/wp-json\/wp\/v2\/posts\/1724","targetHints":{"allow":["GET"]}}],"collection":[{"href":"https:\/\/www.euroresidentes.com\/salud\/wp-json\/wp\/v2\/posts"}],"about":[{"href":"https:\/\/www.euroresidentes.com\/salud\/wp-json\/wp\/v2\/types\/post"}],"author":[{"embeddable":true,"href":"https:\/\/www.euroresidentes.com\/salud\/wp-json\/wp\/v2\/users\/2"}],"replies":[{"embeddable":true,"href":"https:\/\/www.euroresidentes.com\/salud\/wp-json\/wp\/v2\/comments?post=1724"}],"version-history":[{"count":6,"href":"https:\/\/www.euroresidentes.com\/salud\/wp-json\/wp\/v2\/posts\/1724\/revisions"}],"predecessor-version":[{"id":5841,"href":"https:\/\/www.euroresidentes.com\/salud\/wp-json\/wp\/v2\/posts\/1724\/revisions\/5841"}],"wp:featuredmedia":[{"embeddable":true,"href":"https:\/\/www.euroresidentes.com\/salud\/wp-json\/wp\/v2\/media\/2716"}],"wp:attachment":[{"href":"https:\/\/www.euroresidentes.com\/salud\/wp-json\/wp\/v2\/media?parent=1724"}],"wp:term":[{"taxonomy":"category","embeddable":true,"href":"https:\/\/www.euroresidentes.com\/salud\/wp-json\/wp\/v2\/categories?post=1724"},{"taxonomy":"post_tag","embeddable":true,"href":"https:\/\/www.euroresidentes.com\/salud\/wp-json\/wp\/v2\/tags?post=1724"}],"curies":[{"name":"wp","href":"https:\/\/api.w.org\/{rel}","templated":true}]}}