 

{"id":1443,"date":"2016-03-21T12:20:52","date_gmt":"2016-03-21T12:20:52","guid":{"rendered":"https:\/\/www.euroresidentes.com\/salud\/salud-ninos\/?p=1443"},"modified":"2018-06-19T13:00:40","modified_gmt":"2018-06-19T11:00:40","slug":"sindrome-de-down","status":"publish","type":"post","link":"https:\/\/www.euroresidentes.com\/salud\/sindrome-de-down\/","title":{"rendered":"\u00bfQu\u00e9 sabes sobre el s\u00edndrome de Down?"},"content":{"rendered":"<h3 style=\"text-align: left;\">Algunos datos sobre el s\u00edndrome de Down que cambiar\u00e1 tu visi\u00f3n\u00a0sobre esta condici\u00f3n gen\u00e9tica<\/h3>\n<p style=\"text-align: left;\">No es una enfermedad\u00a0ni una\u00a0discapacidad.\u00a0Es una <strong>alteraci\u00f3n\u00a0gen\u00e9tica<\/strong>\u00a0debida a la presencia de un <strong>cromosoma 21 extra<\/strong>.<\/p>\n<p style=\"text-align: justify;\"><img loading=\"lazy\" decoding=\"async\" class=\"aligncenter size-full wp-image-1444\" src=\"https:\/\/euroresidentes.com\/salud\/wp-content\/uploads\/2016\/03\/datos-sindrome-down.jpg\" alt=\"Datos sindrome de Down\" width=\"700\" height=\"525\" \/><\/p>\n<p style=\"text-align: left;\"><strong>1.\u00a0<\/strong>Las personas con <strong>s\u00edndrome de Down<\/strong> tienen una <strong>copia extra del cromosoma 21<\/strong> en algunas o todas las c\u00e9lulas del cuerpo. Las c\u00e9lulas del cuerpo humano tienen 46 cromosomas distribuidos en 23 pares. Las personas con s\u00edndrome de Down tienen tres cromosomas en el par 21, en lugar de los dos que existen habitualmente, y por \u00e9sto tambi\u00e9n se conoce como <strong>trisom\u00eda 21<\/strong><\/p>\n<hr \/>\n<p style=\"text-align: left;\"><strong>2.<\/strong> El<strong> s\u00edndrome de Down no est\u00e1 relacionado\u00a0<\/strong>con la<strong> raza<\/strong>, la<strong> nacionalidad<\/strong>, el<strong> estatus socioecon\u00f3mico<\/strong>, la<strong> religi\u00f3n <\/strong>o cualquier cosa que la madre o el padre hicieron durante el embarazo.\u00a0No hay relaci\u00f3n entre el incesto y el s\u00edndrome de Down<\/p>\n<hr \/>\n<p style=\"text-align: left;\"><strong>3. <\/strong>Aunque la posibilidad de que una mujer tenga un hijo con s\u00edndrome de Down\u00a0<strong>aumenta con la\u00a0edad <\/strong>en el momento de la concepci\u00f3n, el<strong> 80% de los ni\u00f1os con s\u00edndrome de Down <\/strong>nacen de<strong> mujeres menores de 35 a\u00f1os<\/strong><\/p>\n<p style=\"text-align: left;\"><!-- inserta publi --><\/p>\n<hr \/>\n<p style=\"text-align: left;\"><strong>4.<\/strong> Hay <strong>tres tipos de s\u00edndrome de Down<\/strong>:<\/p>\n<ul>\n<li style=\"text-align: left;\"><strong>\u00a0Trisom\u00eda 21<\/strong><\/li>\n<\/ul>\n<p style=\"text-align: left;\">Es la forma m\u00e1s com\u00fan, y en \u00e9l todas las c\u00e9lulas tienen un cromosoma 21 extra.<\/p>\n<ul>\n<li style=\"text-align: left;\"><strong>Translocaci\u00f3n<\/strong><\/li>\n<\/ul>\n<p style=\"text-align: left;\">El n\u00famero total de cromosomas\u00a0de las c\u00e9lulas\u00a0es 46, pero una copia extra\u00a0completa o parcial del cromosoma 21 se une a otro cromosoma, por lo general el cromosoma 14. La presencia del cromosoma completo o parcial adicional 21 causa las caracter\u00edsticas del s\u00edndrome de Down<\/p>\n<ul>\n<li style=\"text-align: left;\"><strong>Mosaicismo<\/strong><\/li>\n<\/ul>\n<p style=\"text-align: left;\">Se diagnostica cuando hay una mezcla de dos tipos de c\u00e9lulas, algunas contiene los 46 cromosomas habituales y\u00a0otras contienen 47. Las c\u00e9lulas con 47 cromosomas contienen un cromosoma 21 extra. El mosaicismo es la <strong>forma menos com\u00fan<\/strong> de s\u00edndrome de Down y representa s\u00f3lo alrededor del 1% de todos los casos de s\u00edndrome de Down.<\/p>\n<hr \/>\n<p style=\"text-align: left;\"><strong>5.<\/strong> S\u00f3lo el <strong>1%<\/strong> de todos los casos de<strong> s\u00edndrome de Down<\/strong> tienen un <strong>componente hereditario<\/strong><\/p>\n<hr \/>\n<p style=\"text-align: left;\"><strong>6<\/strong>. El s\u00edndrome de Down generalmente causa <strong>retrasos <\/strong>en el<strong> desarrollo f\u00edsico<\/strong>,<strong> intelectual<\/strong> y del <strong>lenguaje<\/strong><\/p>\n<hr \/>\n<p style=\"text-align: left;\"><strong>7.\u00a0<\/strong>Algunos de los<strong> rasgos f\u00edsicos <\/strong>comunes del s\u00edndrome de Down son:<strong> tono muscular bajo<\/strong>,<strong> estatura peque\u00f1a<\/strong>, <strong>inclinaci\u00f3n hacia arriba a los ojos<\/strong>, y un<strong> pliegue profundo \u00fanico atravesando el centro de la palma de la mano<\/strong><\/p>\n<p style=\"text-align: left;\"><!-- inserta publi 2 --><\/p>\n<hr \/>\n<p style=\"text-align: left;\"><strong>8.<\/strong> Las personas con s\u00edndrome de Down tienen un mayor riesgo de ciertas condiciones m\u00e9dicas, como <strong>defectos cong\u00e9nitos del coraz\u00f3n<\/strong>, <strong>problemas respiratorios y auditivos<\/strong>, <strong>enfermedad de Alzheimer<\/strong>, la <strong>leucemia infantil<\/strong> y los trastornos de la tiroides. Muchas de estas condiciones son tratables<\/p>\n<hr \/>\n<p style=\"text-align: left;\"><strong>9.<\/strong> La <strong>esperanza de vida<\/strong> de las personas con s\u00edndrome de Down ha aumentado a <strong>60 a\u00f1os o m\u00e1s<\/strong><\/p>\n<hr \/>\n<p style=\"text-align: left;\"><strong>10.<\/strong> Los ni\u00f1os con s\u00edndrome de Down pasan por las <strong>mismas etapas de desarrollo\u00a0<\/strong>que los\u00a0ni\u00f1os sin s\u00edndrome de Down, pero puede que necesiten un poco <strong>m\u00e1s de tiempo para conseguir algunos hitos<\/strong> como darse vuelta, sentarse, gatear, caminar o hablar<\/p>\n<hr \/>\n<p style=\"text-align: left;\"><strong>11.<\/strong> Tener muchas de los\u00a0<strong>rasgos f\u00edsicos caracter\u00edsticos<\/strong>\u00a0del s\u00edndrome de Down,\u00a0<strong>no determina la\u00a0capacidad cognitiva<\/strong>. No significa que el\u00a0coeficiente intelectual es m\u00e1s bajo<\/p>\n<hr \/>\n<p style=\"text-align: left;\"><strong>12.<\/strong> Al igual que cualquier otra persona, las personas con s\u00edndrome de Down <strong>son individuos\u00a0\u00fanicos<\/strong> con diferentes <strong>talentos<\/strong>,<strong> habilidades<\/strong> y\u00a0<strong>caracter\u00edsticas\u00a0personales<\/strong>.\u00a0Las personas con s\u00edndrome de Down van a la escuela, a la universidad, trabajan, se casan, &#8230;<\/p>\n<hr \/>\n<p style=\"text-align: left;\"><strong>13.<\/strong>\u00a0Con <strong>programas educativos de calidad<\/strong>, un <strong>ambiente estimulante<\/strong> y el <strong>apoyo positivo<\/strong> de familiares, amigos y la comunidad\u00a0pueden llevar una <strong>vida satisfactoria y productiva<\/strong><\/p>\n<p>\u00a0 \u00a0 <strong>Lecturas relacionadas:<\/strong><\/p>\n<ul>\n<li><a href=\"https:\/\/www.euroresidentes.com\/salud\/embarazo\/para-que-sirve-medir-el-pliegue-nuca\">\u00bfPara qu\u00e9 sirve medir el pliegue nucal del feto?<\/a><\/li>\n<\/ul>\n","protected":false},"excerpt":{"rendered":"<p>Algunos datos sobre el s\u00edndrome de Down que cambiar\u00e1 tu visi\u00f3n\u00a0sobre esta condici\u00f3n gen\u00e9tica No es una enfermedad\u00a0ni una\u00a0discapacidad.\u00a0Es una alteraci\u00f3n\u00a0gen\u00e9tica\u00a0debida a la presencia de un cromosoma 21 extra. 1.\u00a0Las personas con s\u00edndrome de Down tienen una copia extra del cromosoma 21 en algunas o todas las c\u00e9lulas del cuerpo. Las c\u00e9lulas del cuerpo humano tienen 46 cromosomas distribuidos en 23 pares. Las personas con s\u00edndrome de Down tienen tres cromosomas en el par 21, en lugar de los dos que existen habitualmente, y por \u00e9sto tambi\u00e9n se conoce como trisom\u00eda 21 2. El s\u00edndrome de Down no est\u00e1 relacionado\u00a0con <\/p>\n","protected":false},"author":2,"featured_media":4093,"comment_status":"open","ping_status":"open","sticky":false,"template":"","format":"standard","meta":{"footnotes":""},"categories":[10],"tags":[],"class_list":["post-1443","post","type-post","status-publish","format-standard","has-post-thumbnail","hentry","category-ninos","has_thumb"],"yoast_head":"<!-- This site is optimized with the Yoast SEO plugin v26.8 - https:\/\/yoast.com\/product\/yoast-seo-wordpress\/ -->\n<title>\u00bfQu\u00e9 sabes sobre el s\u00edndrome de Down? - Salud<\/title>\n<meta name=\"description\" content=\"No es una enfermedad ni una discapacidad. Es una alteraci\u00f3n gen\u00e9tica debida a la presencia de un cromosoma 21 extra.\" \/>\n<meta name=\"robots\" content=\"index, follow, max-snippet:-1, max-image-preview:large, max-video-preview:-1\" \/>\n<link rel=\"canonical\" href=\"https:\/\/www.euroresidentes.com\/salud\/sindrome-de-down\/\" \/>\n<meta property=\"og:locale\" content=\"es_ES\" \/>\n<meta property=\"og:type\" content=\"article\" \/>\n<meta property=\"og:title\" content=\"\u00bfQu\u00e9 sabes sobre el s\u00edndrome de Down? - Salud\" \/>\n<meta property=\"og:description\" content=\"No es una enfermedad ni una discapacidad. Es una alteraci\u00f3n gen\u00e9tica debida a la presencia de un cromosoma 21 extra.\" \/>\n<meta property=\"og:url\" content=\"https:\/\/www.euroresidentes.com\/salud\/sindrome-de-down\/\" \/>\n<meta property=\"og:site_name\" content=\"Salud\" \/>\n<meta property=\"article:published_time\" content=\"2016-03-21T12:20:52+00:00\" \/>\n<meta property=\"article:modified_time\" content=\"2018-06-19T11:00:40+00:00\" \/>\n<meta property=\"og:image\" content=\"https:\/\/www.euroresidentes.com\/salud\/wp-content\/uploads\/2016\/03\/datos-sindrome-down.jpg\" \/>\n\t<meta property=\"og:image:width\" content=\"700\" \/>\n\t<meta property=\"og:image:height\" content=\"525\" \/>\n\t<meta property=\"og:image:type\" content=\"image\/jpeg\" \/>\n<meta name=\"author\" content=\"Raquel Pomares\" \/>\n<meta name=\"twitter:label1\" content=\"Written by\" \/>\n\t<meta name=\"twitter:data1\" content=\"Raquel Pomares\" \/>\n\t<meta name=\"twitter:label2\" content=\"Est. reading time\" \/>\n\t<meta name=\"twitter:data2\" content=\"3 minutos\" \/>\n<script type=\"application\/ld+json\" class=\"yoast-schema-graph\">{\"@context\":\"https:\/\/schema.org\",\"@graph\":[{\"@type\":\"Article\",\"@id\":\"https:\/\/www.euroresidentes.com\/salud\/sindrome-de-down\/#article\",\"isPartOf\":{\"@id\":\"https:\/\/www.euroresidentes.com\/salud\/sindrome-de-down\/\"},\"author\":{\"name\":\"Raquel Pomares\",\"@id\":\"https:\/\/www.euroresidentes.com\/salud\/#\/schema\/person\/c0299534643677f2282b416ac1fe97f1\"},\"headline\":\"\u00bfQu\u00e9 sabes sobre el s\u00edndrome de Down?\",\"datePublished\":\"2016-03-21T12:20:52+00:00\",\"dateModified\":\"2018-06-19T11:00:40+00:00\",\"mainEntityOfPage\":{\"@id\":\"https:\/\/www.euroresidentes.com\/salud\/sindrome-de-down\/\"},\"wordCount\":626,\"commentCount\":0,\"image\":{\"@id\":\"https:\/\/www.euroresidentes.com\/salud\/sindrome-de-down\/#primaryimage\"},\"thumbnailUrl\":\"https:\/\/www.euroresidentes.com\/salud\/wp-content\/uploads\/2016\/03\/datos-sindrome-down.jpg\",\"articleSection\":[\"Ni\u00f1os\"],\"inLanguage\":\"es\",\"potentialAction\":[{\"@type\":\"CommentAction\",\"name\":\"Comment\",\"target\":[\"https:\/\/www.euroresidentes.com\/salud\/sindrome-de-down\/#respond\"]}]},{\"@type\":\"WebPage\",\"@id\":\"https:\/\/www.euroresidentes.com\/salud\/sindrome-de-down\/\",\"url\":\"https:\/\/www.euroresidentes.com\/salud\/sindrome-de-down\/\",\"name\":\"\u00bfQu\u00e9 sabes sobre el s\u00edndrome de Down? - Salud\",\"isPartOf\":{\"@id\":\"https:\/\/www.euroresidentes.com\/salud\/#website\"},\"primaryImageOfPage\":{\"@id\":\"https:\/\/www.euroresidentes.com\/salud\/sindrome-de-down\/#primaryimage\"},\"image\":{\"@id\":\"https:\/\/www.euroresidentes.com\/salud\/sindrome-de-down\/#primaryimage\"},\"thumbnailUrl\":\"https:\/\/www.euroresidentes.com\/salud\/wp-content\/uploads\/2016\/03\/datos-sindrome-down.jpg\",\"datePublished\":\"2016-03-21T12:20:52+00:00\",\"dateModified\":\"2018-06-19T11:00:40+00:00\",\"author\":{\"@id\":\"https:\/\/www.euroresidentes.com\/salud\/#\/schema\/person\/c0299534643677f2282b416ac1fe97f1\"},\"description\":\"No es una enfermedad ni una discapacidad. Es una alteraci\u00f3n gen\u00e9tica debida a la presencia de un cromosoma 21 extra.\",\"breadcrumb\":{\"@id\":\"https:\/\/www.euroresidentes.com\/salud\/sindrome-de-down\/#breadcrumb\"},\"inLanguage\":\"es\",\"potentialAction\":[{\"@type\":\"ReadAction\",\"target\":[\"https:\/\/www.euroresidentes.com\/salud\/sindrome-de-down\/\"]}]},{\"@type\":\"ImageObject\",\"inLanguage\":\"es\",\"@id\":\"https:\/\/www.euroresidentes.com\/salud\/sindrome-de-down\/#primaryimage\",\"url\":\"https:\/\/www.euroresidentes.com\/salud\/wp-content\/uploads\/2016\/03\/datos-sindrome-down.jpg\",\"contentUrl\":\"https:\/\/www.euroresidentes.com\/salud\/wp-content\/uploads\/2016\/03\/datos-sindrome-down.jpg\",\"width\":700,\"height\":525},{\"@type\":\"BreadcrumbList\",\"@id\":\"https:\/\/www.euroresidentes.com\/salud\/sindrome-de-down\/#breadcrumb\",\"itemListElement\":[{\"@type\":\"ListItem\",\"position\":1,\"name\":\"Portada\",\"item\":\"https:\/\/www.euroresidentes.com\/salud\/\"},{\"@type\":\"ListItem\",\"position\":2,\"name\":\"\u00bfQu\u00e9 sabes sobre el s\u00edndrome de Down?\"}]},{\"@type\":\"WebSite\",\"@id\":\"https:\/\/www.euroresidentes.com\/salud\/#website\",\"url\":\"https:\/\/www.euroresidentes.com\/salud\/\",\"name\":\"Salud\",\"description\":\"Consejos para el cuidado de la salud, vida sana, h\u00e1bitos saludables\",\"potentialAction\":[{\"@type\":\"SearchAction\",\"target\":{\"@type\":\"EntryPoint\",\"urlTemplate\":\"https:\/\/www.euroresidentes.com\/salud\/?s={search_term_string}\"},\"query-input\":{\"@type\":\"PropertyValueSpecification\",\"valueRequired\":true,\"valueName\":\"search_term_string\"}}],\"inLanguage\":\"es\"},{\"@type\":\"Person\",\"@id\":\"https:\/\/www.euroresidentes.com\/salud\/#\/schema\/person\/c0299534643677f2282b416ac1fe97f1\",\"name\":\"Raquel Pomares\",\"image\":{\"@type\":\"ImageObject\",\"inLanguage\":\"es\",\"@id\":\"https:\/\/www.euroresidentes.com\/salud\/#\/schema\/person\/image\/\",\"url\":\"https:\/\/www.euroresidentes.com\/salud\/wp-content\/uploads\/2016\/07\/YO2-150x150.jpg\",\"contentUrl\":\"https:\/\/www.euroresidentes.com\/salud\/wp-content\/uploads\/2016\/07\/YO2-150x150.jpg\",\"caption\":\"Raquel Pomares\"},\"description\":\"Raquel PomaresBi\u00f3loga, doctora y divulgadora cient\u00edfica especializada en temas de salud.\",\"sameAs\":[\"https:\/\/www.euroresidentes.com\/salud\/raquel-pomares.html\"],\"url\":\"https:\/\/www.euroresidentes.com\/salud\/author\/raquel\/\"}]}<\/script>\n<!-- \/ Yoast SEO plugin. -->","yoast_head_json":{"title":"\u00bfQu\u00e9 sabes sobre el s\u00edndrome de Down? - Salud","description":"No es una enfermedad ni una discapacidad. Es una alteraci\u00f3n gen\u00e9tica debida a la presencia de un cromosoma 21 extra.","robots":{"index":"index","follow":"follow","max-snippet":"max-snippet:-1","max-image-preview":"max-image-preview:large","max-video-preview":"max-video-preview:-1"},"canonical":"https:\/\/www.euroresidentes.com\/salud\/sindrome-de-down\/","og_locale":"es_ES","og_type":"article","og_title":"\u00bfQu\u00e9 sabes sobre el s\u00edndrome de Down? - Salud","og_description":"No es una enfermedad ni una discapacidad. Es una alteraci\u00f3n gen\u00e9tica debida a la presencia de un cromosoma 21 extra.","og_url":"https:\/\/www.euroresidentes.com\/salud\/sindrome-de-down\/","og_site_name":"Salud","article_published_time":"2016-03-21T12:20:52+00:00","article_modified_time":"2018-06-19T11:00:40+00:00","og_image":[{"width":700,"height":525,"url":"https:\/\/www.euroresidentes.com\/salud\/wp-content\/uploads\/2016\/03\/datos-sindrome-down.jpg","type":"image\/jpeg"}],"author":"Raquel Pomares","twitter_misc":{"Written by":"Raquel Pomares","Est. reading time":"3 minutos"},"schema":{"@context":"https:\/\/schema.org","@graph":[{"@type":"Article","@id":"https:\/\/www.euroresidentes.com\/salud\/sindrome-de-down\/#article","isPartOf":{"@id":"https:\/\/www.euroresidentes.com\/salud\/sindrome-de-down\/"},"author":{"name":"Raquel Pomares","@id":"https:\/\/www.euroresidentes.com\/salud\/#\/schema\/person\/c0299534643677f2282b416ac1fe97f1"},"headline":"\u00bfQu\u00e9 sabes sobre el s\u00edndrome de Down?","datePublished":"2016-03-21T12:20:52+00:00","dateModified":"2018-06-19T11:00:40+00:00","mainEntityOfPage":{"@id":"https:\/\/www.euroresidentes.com\/salud\/sindrome-de-down\/"},"wordCount":626,"commentCount":0,"image":{"@id":"https:\/\/www.euroresidentes.com\/salud\/sindrome-de-down\/#primaryimage"},"thumbnailUrl":"https:\/\/www.euroresidentes.com\/salud\/wp-content\/uploads\/2016\/03\/datos-sindrome-down.jpg","articleSection":["Ni\u00f1os"],"inLanguage":"es","potentialAction":[{"@type":"CommentAction","name":"Comment","target":["https:\/\/www.euroresidentes.com\/salud\/sindrome-de-down\/#respond"]}]},{"@type":"WebPage","@id":"https:\/\/www.euroresidentes.com\/salud\/sindrome-de-down\/","url":"https:\/\/www.euroresidentes.com\/salud\/sindrome-de-down\/","name":"\u00bfQu\u00e9 sabes sobre el s\u00edndrome de Down? - Salud","isPartOf":{"@id":"https:\/\/www.euroresidentes.com\/salud\/#website"},"primaryImageOfPage":{"@id":"https:\/\/www.euroresidentes.com\/salud\/sindrome-de-down\/#primaryimage"},"image":{"@id":"https:\/\/www.euroresidentes.com\/salud\/sindrome-de-down\/#primaryimage"},"thumbnailUrl":"https:\/\/www.euroresidentes.com\/salud\/wp-content\/uploads\/2016\/03\/datos-sindrome-down.jpg","datePublished":"2016-03-21T12:20:52+00:00","dateModified":"2018-06-19T11:00:40+00:00","author":{"@id":"https:\/\/www.euroresidentes.com\/salud\/#\/schema\/person\/c0299534643677f2282b416ac1fe97f1"},"description":"No es una enfermedad ni una discapacidad. Es una alteraci\u00f3n gen\u00e9tica debida a la presencia de un cromosoma 21 extra.","breadcrumb":{"@id":"https:\/\/www.euroresidentes.com\/salud\/sindrome-de-down\/#breadcrumb"},"inLanguage":"es","potentialAction":[{"@type":"ReadAction","target":["https:\/\/www.euroresidentes.com\/salud\/sindrome-de-down\/"]}]},{"@type":"ImageObject","inLanguage":"es","@id":"https:\/\/www.euroresidentes.com\/salud\/sindrome-de-down\/#primaryimage","url":"https:\/\/www.euroresidentes.com\/salud\/wp-content\/uploads\/2016\/03\/datos-sindrome-down.jpg","contentUrl":"https:\/\/www.euroresidentes.com\/salud\/wp-content\/uploads\/2016\/03\/datos-sindrome-down.jpg","width":700,"height":525},{"@type":"BreadcrumbList","@id":"https:\/\/www.euroresidentes.com\/salud\/sindrome-de-down\/#breadcrumb","itemListElement":[{"@type":"ListItem","position":1,"name":"Portada","item":"https:\/\/www.euroresidentes.com\/salud\/"},{"@type":"ListItem","position":2,"name":"\u00bfQu\u00e9 sabes sobre el s\u00edndrome de Down?"}]},{"@type":"WebSite","@id":"https:\/\/www.euroresidentes.com\/salud\/#website","url":"https:\/\/www.euroresidentes.com\/salud\/","name":"Salud","description":"Consejos para el cuidado de la salud, vida sana, h\u00e1bitos saludables","potentialAction":[{"@type":"SearchAction","target":{"@type":"EntryPoint","urlTemplate":"https:\/\/www.euroresidentes.com\/salud\/?s={search_term_string}"},"query-input":{"@type":"PropertyValueSpecification","valueRequired":true,"valueName":"search_term_string"}}],"inLanguage":"es"},{"@type":"Person","@id":"https:\/\/www.euroresidentes.com\/salud\/#\/schema\/person\/c0299534643677f2282b416ac1fe97f1","name":"Raquel Pomares","image":{"@type":"ImageObject","inLanguage":"es","@id":"https:\/\/www.euroresidentes.com\/salud\/#\/schema\/person\/image\/","url":"https:\/\/www.euroresidentes.com\/salud\/wp-content\/uploads\/2016\/07\/YO2-150x150.jpg","contentUrl":"https:\/\/www.euroresidentes.com\/salud\/wp-content\/uploads\/2016\/07\/YO2-150x150.jpg","caption":"Raquel Pomares"},"description":"Raquel PomaresBi\u00f3loga, doctora y divulgadora cient\u00edfica especializada en temas de salud.","sameAs":["https:\/\/www.euroresidentes.com\/salud\/raquel-pomares.html"],"url":"https:\/\/www.euroresidentes.com\/salud\/author\/raquel\/"}]}},"_links":{"self":[{"href":"https:\/\/www.euroresidentes.com\/salud\/wp-json\/wp\/v2\/posts\/1443","targetHints":{"allow":["GET"]}}],"collection":[{"href":"https:\/\/www.euroresidentes.com\/salud\/wp-json\/wp\/v2\/posts"}],"about":[{"href":"https:\/\/www.euroresidentes.com\/salud\/wp-json\/wp\/v2\/types\/post"}],"author":[{"embeddable":true,"href":"https:\/\/www.euroresidentes.com\/salud\/wp-json\/wp\/v2\/users\/2"}],"replies":[{"embeddable":true,"href":"https:\/\/www.euroresidentes.com\/salud\/wp-json\/wp\/v2\/comments?post=1443"}],"version-history":[{"count":3,"href":"https:\/\/www.euroresidentes.com\/salud\/wp-json\/wp\/v2\/posts\/1443\/revisions"}],"predecessor-version":[{"id":5014,"href":"https:\/\/www.euroresidentes.com\/salud\/wp-json\/wp\/v2\/posts\/1443\/revisions\/5014"}],"wp:featuredmedia":[{"embeddable":true,"href":"https:\/\/www.euroresidentes.com\/salud\/wp-json\/wp\/v2\/media\/4093"}],"wp:attachment":[{"href":"https:\/\/www.euroresidentes.com\/salud\/wp-json\/wp\/v2\/media?parent=1443"}],"wp:term":[{"taxonomy":"category","embeddable":true,"href":"https:\/\/www.euroresidentes.com\/salud\/wp-json\/wp\/v2\/categories?post=1443"},{"taxonomy":"post_tag","embeddable":true,"href":"https:\/\/www.euroresidentes.com\/salud\/wp-json\/wp\/v2\/tags?post=1443"}],"curies":[{"name":"wp","href":"https:\/\/api.w.org\/{rel}","templated":true}]}}