 

{"id":1289,"date":"2016-03-11T04:30:39","date_gmt":"2016-03-11T03:30:39","guid":{"rendered":"https:\/\/www.euroresidentes.com\/salud\/salud-ninos\/?p=1289"},"modified":"2018-07-03T09:58:52","modified_gmt":"2018-07-03T07:58:52","slug":"por-que-no-dejar-que-tu-bebe-duerma-en-el-sofa","status":"publish","type":"post","link":"https:\/\/www.euroresidentes.com\/salud\/por-que-no-dejar-que-tu-bebe-duerma-en-el-sofa\/","title":{"rendered":"Por qu\u00e9 no debes dejar que tu beb\u00e9 duerma en el sof\u00e1"},"content":{"rendered":"<div style=\"text-align: justify\">\n<h3>\u00bfSab\u00edas que el sof\u00e1 es una superficie de descanso que puede resultar muy peligrosa para un beb\u00e9?<\/h3>\n<\/div>\n<div style=\"text-align: justify\"><span style=\"font-family: inherit\">Un nuevo estudio advierte que dejar que los <b>beb\u00e9s duerman en el sof\u00e1<\/b>, incluso durante la siesta, puede ser arriesgado, ya que <b>aumenta el riesgo de muerte infantil<\/b> relacionada con el sue\u00f1o.<\/span><\/div>\n<div style=\"text-align: justify\">\n<div class=\"separator\" style=\"clear: both;text-align: center\"><a style=\"margin-left: 1em;margin-right: 1em\" href=\"https:\/\/1.bp.blogspot.com\/-n3YMDEXXChg\/VuLG1c3ggKI\/AAAAAAAAFlg\/REkHsrXbIVU8MP48TEOonUONweIaypoeg\/s1600\/los-bebes-no-deben-dormir-en-el-sofa.jpg\"><img loading=\"lazy\" decoding=\"async\" title=\"Por qu\u00e9 no debes dejar que tu beb\u00e9 duerma en el sof\u00e1 \" src=\"https:\/\/euroresidentes.com\/salud\/wp-content\/uploads\/2016\/03\/los-bebes-no-deben-dormir-en-el-sofa.jpg\" alt=\"Por qu\u00e9 no debes dejar que tu beb\u00e9 duerma en el sof\u00e1 \" width=\"640\" height=\"480\" border=\"0\" \/><\/a><\/div>\n<\/div>\n<div style=\"text-align: justify\"><span style=\"font-family: inherit\">La <b>Academia Americana de Pediatr\u00eda <\/b>aconseja que el lugar m\u00e1s seguro para que un beb\u00e9 duerma es en la habitaci\u00f3n de sus padres, pero no en su cama. Sin embargo, tambi\u00e9n hay estudios que muestran que las madres que comparten la cama con sus beb\u00e9s los amamantan durante m\u00e1s tiempo.<\/span><\/div>\n<div style=\"text-align: justify\">\n<h3>\u00a0<\/h3>\n<h3><span style=\"font-family: inherit\">El s\u00edndrome de muerte s\u00fabita del lactante.\u00a0<\/span><\/h3>\n<p><span style=\"font-family: inherit\">El conocido como s\u00edndrome de muerte s\u00fabita del lactante es la <b>principal causa de muerte entre los ni\u00f1os menores de 12 meses de edad<\/b>. Muchas de estas muertes infantiles relacionadas con el sue\u00f1o se han asociado con el <b>lugar en el que el beb\u00e9 duerme<\/b>.<\/span><\/div>\n<div style=\"text-align: justify\"><span style=\"font-family: inherit\">En la nueva investigaci\u00f3n, publicada en la revista Pediatrics, se encontr\u00f3 que de las 9.073 muertes infantiles relacionadas con el sue\u00f1o estudiadas, el <b>12,9% se produjo en los sof\u00e1s<\/b>, de las cuales el 72% se produjeron en ni\u00f1os de entre 0-3 meses de edad.<\/span> <span style=\"font-family: inherit\">La mayor\u00eda de los beb\u00e9s que murieron en el sof\u00e1 <b>mientras dorm\u00edan estaban compartiendo el sof\u00e1 con otra persona<\/b>, y aunque hab\u00edan sido colocados boca arriba, eran encontrados boca abajo o de lado.<\/span><\/div>\n<div style=\"text-align: justify\"><span style=\"font-family: inherit\">Adem\u00e1s, l<\/span>os beb\u00e9s cuyas muertes relacionadas con el sue\u00f1o estaban asociadas al uso del sof\u00e1 eran m\u00e1s propensos a tener objetos alrededor y madres <span style=\"font-family: inherit\">que fumaron durante el embarazo. Dos de los factores de riesgo que se han asociado con el s\u00edndrome de muerte s\u00fabita del lactante.<\/span><\/div>\n<div style=\"text-align: justify\"><span style=\"font-family: inherit\">\u00a0<\/span><\/div>\n<div style=\"text-align: justify\">Rechtman LR, Colvin JD, Blair PS y Moon RY. Pediatrics (2014). <a href=\"http:\/\/pediatrics.aappublications.org\/content\/early\/2014\/10\/08\/peds.2014-1543.abstract?sid=836768f5-2344-4966-b13f-0ea6c8b6150d\" target=\"_blank\" rel=\"nofollow noopener\">M\u00e1s informaci\u00f3n<\/a>.<\/div>\n<div style=\"text-align: justify\">\u00a0<\/div>\n<div style=\"text-align: justify\">\n<div class=\"separator\" style=\"clear: both;text-align: center\"><a style=\"margin-left: 1em;margin-right: 1em\" href=\"http:\/\/2.bp.blogspot.com\/-BVpSjY8l3Qs\/VD0DGZtzT4I\/AAAAAAAADDM\/pKKuPREGVfE\/s1600\/dejar-que-los-bebes-duerman-en-el-sofa-puede-ser-peligroso.jpg\"><img loading=\"lazy\" decoding=\"async\" title=\"Dejar que los beb\u00e9s duerman en el sof\u00e1 puede ser peligroso\" src=\"https:\/\/euroresidentes.com\/salud\/wp-content\/uploads\/2016\/03\/dejar-que-los-bebes-duerman-en-el-sofa-puede-ser-peligroso.jpg\" alt=\"Dejar que los beb\u00e9s duerman en el sof\u00e1 puede ser peligroso\" width=\"320\" height=\"240\" border=\"0\" \/><\/a><\/div>\n<div class=\"separator\" style=\"clear: both;text-align: center\">\u00a0<\/div>\n<div class=\"separator\" style=\"clear: both;text-align: center\">\u00a0<\/div>\n<p><b>Seguir leyendo:<\/b><\/div>\n<div style=\"text-align: justify\">\u00a0<\/div>\n<ul>\n<li><a href=\"http:\/\/salud-ninos.euroresidentes.com\/2013\/01\/cuanto-tiempo-necesita-dormir-un-nino.html\" target=\"_blank\" rel=\"noopener\">\u00bfCu\u00e1nto tiempo necesita dormir un ni\u00f1o?<\/a><\/li>\n<li><a href=\"http:\/\/salud-ninos.euroresidentes.com\/2013\/03\/sueno-y-bebes.html\" target=\"_blank\" rel=\"noopener\">Sue\u00f1o y beb\u00e9s<\/a><\/li>\n<\/ul>\n","protected":false},"excerpt":{"rendered":"<p>\u00bfSab\u00edas que el sof\u00e1 es una superficie de descanso que puede resultar muy peligrosa para un beb\u00e9? Un nuevo estudio advierte que dejar que los beb\u00e9s duerman en el sof\u00e1, incluso durante la siesta, puede ser arriesgado, ya que aumenta el riesgo de muerte infantil relacionada con el sue\u00f1o. La Academia Americana de Pediatr\u00eda aconseja que el lugar m\u00e1s seguro para que un beb\u00e9 duerma es en la habitaci\u00f3n de sus padres, pero no en su cama. Sin embargo, tambi\u00e9n hay estudios que muestran que las madres que comparten la cama con sus beb\u00e9s los amamantan durante m\u00e1s tiempo. \u00a0 <\/p>\n","protected":false},"author":2,"featured_media":4114,"comment_status":"open","ping_status":"open","sticky":false,"template":"","format":"standard","meta":{"footnotes":""},"categories":[10],"tags":[],"class_list":["post-1289","post","type-post","status-publish","format-standard","has-post-thumbnail","hentry","category-ninos","has_thumb"],"yoast_head":"<!-- This site is optimized with the Yoast SEO plugin v26.8 - https:\/\/yoast.com\/product\/yoast-seo-wordpress\/ -->\n<title>Por qu\u00e9 no debes dejar que tu beb\u00e9 duerma en el sof\u00e1 - Salud<\/title>\n<meta name=\"robots\" content=\"index, follow, max-snippet:-1, max-image-preview:large, max-video-preview:-1\" \/>\n<link rel=\"canonical\" href=\"https:\/\/www.euroresidentes.com\/salud\/por-que-no-dejar-que-tu-bebe-duerma-en-el-sofa\/\" \/>\n<meta property=\"og:locale\" content=\"es_ES\" \/>\n<meta property=\"og:type\" content=\"article\" \/>\n<meta property=\"og:title\" content=\"Por qu\u00e9 no debes dejar que tu beb\u00e9 duerma en el sof\u00e1 - Salud\" \/>\n<meta property=\"og:description\" content=\"\u00bfSab\u00edas que el sof\u00e1 es una superficie de descanso que puede resultar muy peligrosa para un beb\u00e9? Un nuevo estudio advierte que dejar que los beb\u00e9s duerman en el sof\u00e1, incluso durante la siesta, puede ser arriesgado, ya que aumenta el riesgo de muerte infantil relacionada con el sue\u00f1o. La Academia Americana de Pediatr\u00eda aconseja que el lugar m\u00e1s seguro para que un beb\u00e9 duerma es en la habitaci\u00f3n de sus padres, pero no en su cama. Sin embargo, tambi\u00e9n hay estudios que muestran que las madres que comparten la cama con sus beb\u00e9s los amamantan durante m\u00e1s tiempo. \u00a0\" \/>\n<meta property=\"og:url\" content=\"https:\/\/www.euroresidentes.com\/salud\/por-que-no-dejar-que-tu-bebe-duerma-en-el-sofa\/\" \/>\n<meta property=\"og:site_name\" content=\"Salud\" \/>\n<meta property=\"article:published_time\" content=\"2016-03-11T03:30:39+00:00\" \/>\n<meta property=\"article:modified_time\" content=\"2018-07-03T07:58:52+00:00\" \/>\n<meta property=\"og:image\" content=\"https:\/\/www.euroresidentes.com\/salud\/wp-content\/uploads\/2016\/03\/los-bebes-no-deben-dormir-en-el-sofa.jpg\" \/>\n\t<meta property=\"og:image:width\" content=\"640\" \/>\n\t<meta property=\"og:image:height\" content=\"480\" \/>\n\t<meta property=\"og:image:type\" content=\"image\/jpeg\" \/>\n<meta name=\"author\" content=\"Raquel Pomares\" \/>\n<meta name=\"twitter:label1\" content=\"Written by\" \/>\n\t<meta name=\"twitter:data1\" content=\"Raquel Pomares\" \/>\n\t<meta name=\"twitter:label2\" content=\"Est. reading time\" \/>\n\t<meta name=\"twitter:data2\" content=\"2 minutos\" \/>\n<script type=\"application\/ld+json\" class=\"yoast-schema-graph\">{\"@context\":\"https:\/\/schema.org\",\"@graph\":[{\"@type\":\"Article\",\"@id\":\"https:\/\/www.euroresidentes.com\/salud\/por-que-no-dejar-que-tu-bebe-duerma-en-el-sofa\/#article\",\"isPartOf\":{\"@id\":\"https:\/\/www.euroresidentes.com\/salud\/por-que-no-dejar-que-tu-bebe-duerma-en-el-sofa\/\"},\"author\":{\"name\":\"Raquel Pomares\",\"@id\":\"https:\/\/www.euroresidentes.com\/salud\/#\/schema\/person\/c0299534643677f2282b416ac1fe97f1\"},\"headline\":\"Por qu\u00e9 no debes dejar que tu beb\u00e9 duerma en el sof\u00e1\",\"datePublished\":\"2016-03-11T03:30:39+00:00\",\"dateModified\":\"2018-07-03T07:58:52+00:00\",\"mainEntityOfPage\":{\"@id\":\"https:\/\/www.euroresidentes.com\/salud\/por-que-no-dejar-que-tu-bebe-duerma-en-el-sofa\/\"},\"wordCount\":341,\"commentCount\":0,\"image\":{\"@id\":\"https:\/\/www.euroresidentes.com\/salud\/por-que-no-dejar-que-tu-bebe-duerma-en-el-sofa\/#primaryimage\"},\"thumbnailUrl\":\"https:\/\/www.euroresidentes.com\/salud\/wp-content\/uploads\/2016\/03\/los-bebes-no-deben-dormir-en-el-sofa.jpg\",\"articleSection\":[\"Ni\u00f1os\"],\"inLanguage\":\"es\",\"potentialAction\":[{\"@type\":\"CommentAction\",\"name\":\"Comment\",\"target\":[\"https:\/\/www.euroresidentes.com\/salud\/por-que-no-dejar-que-tu-bebe-duerma-en-el-sofa\/#respond\"]}]},{\"@type\":\"WebPage\",\"@id\":\"https:\/\/www.euroresidentes.com\/salud\/por-que-no-dejar-que-tu-bebe-duerma-en-el-sofa\/\",\"url\":\"https:\/\/www.euroresidentes.com\/salud\/por-que-no-dejar-que-tu-bebe-duerma-en-el-sofa\/\",\"name\":\"Por qu\u00e9 no debes dejar que tu beb\u00e9 duerma en el sof\u00e1 - Salud\",\"isPartOf\":{\"@id\":\"https:\/\/www.euroresidentes.com\/salud\/#website\"},\"primaryImageOfPage\":{\"@id\":\"https:\/\/www.euroresidentes.com\/salud\/por-que-no-dejar-que-tu-bebe-duerma-en-el-sofa\/#primaryimage\"},\"image\":{\"@id\":\"https:\/\/www.euroresidentes.com\/salud\/por-que-no-dejar-que-tu-bebe-duerma-en-el-sofa\/#primaryimage\"},\"thumbnailUrl\":\"https:\/\/www.euroresidentes.com\/salud\/wp-content\/uploads\/2016\/03\/los-bebes-no-deben-dormir-en-el-sofa.jpg\",\"datePublished\":\"2016-03-11T03:30:39+00:00\",\"dateModified\":\"2018-07-03T07:58:52+00:00\",\"author\":{\"@id\":\"https:\/\/www.euroresidentes.com\/salud\/#\/schema\/person\/c0299534643677f2282b416ac1fe97f1\"},\"breadcrumb\":{\"@id\":\"https:\/\/www.euroresidentes.com\/salud\/por-que-no-dejar-que-tu-bebe-duerma-en-el-sofa\/#breadcrumb\"},\"inLanguage\":\"es\",\"potentialAction\":[{\"@type\":\"ReadAction\",\"target\":[\"https:\/\/www.euroresidentes.com\/salud\/por-que-no-dejar-que-tu-bebe-duerma-en-el-sofa\/\"]}]},{\"@type\":\"ImageObject\",\"inLanguage\":\"es\",\"@id\":\"https:\/\/www.euroresidentes.com\/salud\/por-que-no-dejar-que-tu-bebe-duerma-en-el-sofa\/#primaryimage\",\"url\":\"https:\/\/www.euroresidentes.com\/salud\/wp-content\/uploads\/2016\/03\/los-bebes-no-deben-dormir-en-el-sofa.jpg\",\"contentUrl\":\"https:\/\/www.euroresidentes.com\/salud\/wp-content\/uploads\/2016\/03\/los-bebes-no-deben-dormir-en-el-sofa.jpg\",\"width\":640,\"height\":480},{\"@type\":\"BreadcrumbList\",\"@id\":\"https:\/\/www.euroresidentes.com\/salud\/por-que-no-dejar-que-tu-bebe-duerma-en-el-sofa\/#breadcrumb\",\"itemListElement\":[{\"@type\":\"ListItem\",\"position\":1,\"name\":\"Portada\",\"item\":\"https:\/\/www.euroresidentes.com\/salud\/\"},{\"@type\":\"ListItem\",\"position\":2,\"name\":\"Por qu\u00e9 no debes dejar que tu beb\u00e9 duerma en el sof\u00e1\"}]},{\"@type\":\"WebSite\",\"@id\":\"https:\/\/www.euroresidentes.com\/salud\/#website\",\"url\":\"https:\/\/www.euroresidentes.com\/salud\/\",\"name\":\"Salud\",\"description\":\"Consejos para el cuidado de la salud, vida sana, h\u00e1bitos saludables\",\"potentialAction\":[{\"@type\":\"SearchAction\",\"target\":{\"@type\":\"EntryPoint\",\"urlTemplate\":\"https:\/\/www.euroresidentes.com\/salud\/?s={search_term_string}\"},\"query-input\":{\"@type\":\"PropertyValueSpecification\",\"valueRequired\":true,\"valueName\":\"search_term_string\"}}],\"inLanguage\":\"es\"},{\"@type\":\"Person\",\"@id\":\"https:\/\/www.euroresidentes.com\/salud\/#\/schema\/person\/c0299534643677f2282b416ac1fe97f1\",\"name\":\"Raquel Pomares\",\"image\":{\"@type\":\"ImageObject\",\"inLanguage\":\"es\",\"@id\":\"https:\/\/www.euroresidentes.com\/salud\/#\/schema\/person\/image\/\",\"url\":\"https:\/\/www.euroresidentes.com\/salud\/wp-content\/uploads\/2016\/07\/YO2-150x150.jpg\",\"contentUrl\":\"https:\/\/www.euroresidentes.com\/salud\/wp-content\/uploads\/2016\/07\/YO2-150x150.jpg\",\"caption\":\"Raquel Pomares\"},\"description\":\"Raquel PomaresBi\u00f3loga, doctora y divulgadora cient\u00edfica especializada en temas de salud.\",\"sameAs\":[\"https:\/\/www.euroresidentes.com\/salud\/raquel-pomares.html\"],\"url\":\"https:\/\/www.euroresidentes.com\/salud\/author\/raquel\/\"}]}<\/script>\n<!-- \/ Yoast SEO plugin. -->","yoast_head_json":{"title":"Por qu\u00e9 no debes dejar que tu beb\u00e9 duerma en el sof\u00e1 - Salud","robots":{"index":"index","follow":"follow","max-snippet":"max-snippet:-1","max-image-preview":"max-image-preview:large","max-video-preview":"max-video-preview:-1"},"canonical":"https:\/\/www.euroresidentes.com\/salud\/por-que-no-dejar-que-tu-bebe-duerma-en-el-sofa\/","og_locale":"es_ES","og_type":"article","og_title":"Por qu\u00e9 no debes dejar que tu beb\u00e9 duerma en el sof\u00e1 - Salud","og_description":"\u00bfSab\u00edas que el sof\u00e1 es una superficie de descanso que puede resultar muy peligrosa para un beb\u00e9? Un nuevo estudio advierte que dejar que los beb\u00e9s duerman en el sof\u00e1, incluso durante la siesta, puede ser arriesgado, ya que aumenta el riesgo de muerte infantil relacionada con el sue\u00f1o. La Academia Americana de Pediatr\u00eda aconseja que el lugar m\u00e1s seguro para que un beb\u00e9 duerma es en la habitaci\u00f3n de sus padres, pero no en su cama. Sin embargo, tambi\u00e9n hay estudios que muestran que las madres que comparten la cama con sus beb\u00e9s los amamantan durante m\u00e1s tiempo. \u00a0","og_url":"https:\/\/www.euroresidentes.com\/salud\/por-que-no-dejar-que-tu-bebe-duerma-en-el-sofa\/","og_site_name":"Salud","article_published_time":"2016-03-11T03:30:39+00:00","article_modified_time":"2018-07-03T07:58:52+00:00","og_image":[{"width":640,"height":480,"url":"https:\/\/www.euroresidentes.com\/salud\/wp-content\/uploads\/2016\/03\/los-bebes-no-deben-dormir-en-el-sofa.jpg","type":"image\/jpeg"}],"author":"Raquel Pomares","twitter_misc":{"Written by":"Raquel Pomares","Est. reading time":"2 minutos"},"schema":{"@context":"https:\/\/schema.org","@graph":[{"@type":"Article","@id":"https:\/\/www.euroresidentes.com\/salud\/por-que-no-dejar-que-tu-bebe-duerma-en-el-sofa\/#article","isPartOf":{"@id":"https:\/\/www.euroresidentes.com\/salud\/por-que-no-dejar-que-tu-bebe-duerma-en-el-sofa\/"},"author":{"name":"Raquel Pomares","@id":"https:\/\/www.euroresidentes.com\/salud\/#\/schema\/person\/c0299534643677f2282b416ac1fe97f1"},"headline":"Por qu\u00e9 no debes dejar que tu beb\u00e9 duerma en el sof\u00e1","datePublished":"2016-03-11T03:30:39+00:00","dateModified":"2018-07-03T07:58:52+00:00","mainEntityOfPage":{"@id":"https:\/\/www.euroresidentes.com\/salud\/por-que-no-dejar-que-tu-bebe-duerma-en-el-sofa\/"},"wordCount":341,"commentCount":0,"image":{"@id":"https:\/\/www.euroresidentes.com\/salud\/por-que-no-dejar-que-tu-bebe-duerma-en-el-sofa\/#primaryimage"},"thumbnailUrl":"https:\/\/www.euroresidentes.com\/salud\/wp-content\/uploads\/2016\/03\/los-bebes-no-deben-dormir-en-el-sofa.jpg","articleSection":["Ni\u00f1os"],"inLanguage":"es","potentialAction":[{"@type":"CommentAction","name":"Comment","target":["https:\/\/www.euroresidentes.com\/salud\/por-que-no-dejar-que-tu-bebe-duerma-en-el-sofa\/#respond"]}]},{"@type":"WebPage","@id":"https:\/\/www.euroresidentes.com\/salud\/por-que-no-dejar-que-tu-bebe-duerma-en-el-sofa\/","url":"https:\/\/www.euroresidentes.com\/salud\/por-que-no-dejar-que-tu-bebe-duerma-en-el-sofa\/","name":"Por qu\u00e9 no debes dejar que tu beb\u00e9 duerma en el sof\u00e1 - Salud","isPartOf":{"@id":"https:\/\/www.euroresidentes.com\/salud\/#website"},"primaryImageOfPage":{"@id":"https:\/\/www.euroresidentes.com\/salud\/por-que-no-dejar-que-tu-bebe-duerma-en-el-sofa\/#primaryimage"},"image":{"@id":"https:\/\/www.euroresidentes.com\/salud\/por-que-no-dejar-que-tu-bebe-duerma-en-el-sofa\/#primaryimage"},"thumbnailUrl":"https:\/\/www.euroresidentes.com\/salud\/wp-content\/uploads\/2016\/03\/los-bebes-no-deben-dormir-en-el-sofa.jpg","datePublished":"2016-03-11T03:30:39+00:00","dateModified":"2018-07-03T07:58:52+00:00","author":{"@id":"https:\/\/www.euroresidentes.com\/salud\/#\/schema\/person\/c0299534643677f2282b416ac1fe97f1"},"breadcrumb":{"@id":"https:\/\/www.euroresidentes.com\/salud\/por-que-no-dejar-que-tu-bebe-duerma-en-el-sofa\/#breadcrumb"},"inLanguage":"es","potentialAction":[{"@type":"ReadAction","target":["https:\/\/www.euroresidentes.com\/salud\/por-que-no-dejar-que-tu-bebe-duerma-en-el-sofa\/"]}]},{"@type":"ImageObject","inLanguage":"es","@id":"https:\/\/www.euroresidentes.com\/salud\/por-que-no-dejar-que-tu-bebe-duerma-en-el-sofa\/#primaryimage","url":"https:\/\/www.euroresidentes.com\/salud\/wp-content\/uploads\/2016\/03\/los-bebes-no-deben-dormir-en-el-sofa.jpg","contentUrl":"https:\/\/www.euroresidentes.com\/salud\/wp-content\/uploads\/2016\/03\/los-bebes-no-deben-dormir-en-el-sofa.jpg","width":640,"height":480},{"@type":"BreadcrumbList","@id":"https:\/\/www.euroresidentes.com\/salud\/por-que-no-dejar-que-tu-bebe-duerma-en-el-sofa\/#breadcrumb","itemListElement":[{"@type":"ListItem","position":1,"name":"Portada","item":"https:\/\/www.euroresidentes.com\/salud\/"},{"@type":"ListItem","position":2,"name":"Por qu\u00e9 no debes dejar que tu beb\u00e9 duerma en el sof\u00e1"}]},{"@type":"WebSite","@id":"https:\/\/www.euroresidentes.com\/salud\/#website","url":"https:\/\/www.euroresidentes.com\/salud\/","name":"Salud","description":"Consejos para el cuidado de la salud, vida sana, h\u00e1bitos saludables","potentialAction":[{"@type":"SearchAction","target":{"@type":"EntryPoint","urlTemplate":"https:\/\/www.euroresidentes.com\/salud\/?s={search_term_string}"},"query-input":{"@type":"PropertyValueSpecification","valueRequired":true,"valueName":"search_term_string"}}],"inLanguage":"es"},{"@type":"Person","@id":"https:\/\/www.euroresidentes.com\/salud\/#\/schema\/person\/c0299534643677f2282b416ac1fe97f1","name":"Raquel Pomares","image":{"@type":"ImageObject","inLanguage":"es","@id":"https:\/\/www.euroresidentes.com\/salud\/#\/schema\/person\/image\/","url":"https:\/\/www.euroresidentes.com\/salud\/wp-content\/uploads\/2016\/07\/YO2-150x150.jpg","contentUrl":"https:\/\/www.euroresidentes.com\/salud\/wp-content\/uploads\/2016\/07\/YO2-150x150.jpg","caption":"Raquel Pomares"},"description":"Raquel PomaresBi\u00f3loga, doctora y divulgadora cient\u00edfica especializada en temas de salud.","sameAs":["https:\/\/www.euroresidentes.com\/salud\/raquel-pomares.html"],"url":"https:\/\/www.euroresidentes.com\/salud\/author\/raquel\/"}]}},"_links":{"self":[{"href":"https:\/\/www.euroresidentes.com\/salud\/wp-json\/wp\/v2\/posts\/1289","targetHints":{"allow":["GET"]}}],"collection":[{"href":"https:\/\/www.euroresidentes.com\/salud\/wp-json\/wp\/v2\/posts"}],"about":[{"href":"https:\/\/www.euroresidentes.com\/salud\/wp-json\/wp\/v2\/types\/post"}],"author":[{"embeddable":true,"href":"https:\/\/www.euroresidentes.com\/salud\/wp-json\/wp\/v2\/users\/2"}],"replies":[{"embeddable":true,"href":"https:\/\/www.euroresidentes.com\/salud\/wp-json\/wp\/v2\/comments?post=1289"}],"version-history":[{"count":3,"href":"https:\/\/www.euroresidentes.com\/salud\/wp-json\/wp\/v2\/posts\/1289\/revisions"}],"predecessor-version":[{"id":5445,"href":"https:\/\/www.euroresidentes.com\/salud\/wp-json\/wp\/v2\/posts\/1289\/revisions\/5445"}],"wp:featuredmedia":[{"embeddable":true,"href":"https:\/\/www.euroresidentes.com\/salud\/wp-json\/wp\/v2\/media\/4114"}],"wp:attachment":[{"href":"https:\/\/www.euroresidentes.com\/salud\/wp-json\/wp\/v2\/media?parent=1289"}],"wp:term":[{"taxonomy":"category","embeddable":true,"href":"https:\/\/www.euroresidentes.com\/salud\/wp-json\/wp\/v2\/categories?post=1289"},{"taxonomy":"post_tag","embeddable":true,"href":"https:\/\/www.euroresidentes.com\/salud\/wp-json\/wp\/v2\/tags?post=1289"}],"curies":[{"name":"wp","href":"https:\/\/api.w.org\/{rel}","templated":true}]}}