 

{"id":5475,"date":"2021-01-08T16:26:39","date_gmt":"2021-01-08T15:26:39","guid":{"rendered":"https:\/\/www.euroresidentes.com\/salud\/salud-hoy\/?p=5475"},"modified":"2021-01-08T17:09:34","modified_gmt":"2021-01-08T16:09:34","slug":"vacuna-covid-19-respuesta-las-principales-dudas","status":"publish","type":"post","link":"https:\/\/www.euroresidentes.com\/salud\/salud-hoy\/vacuna-covid-19-respuesta-las-principales-dudas\/","title":{"rendered":"Vacuna Covid-19: respuestas para las principales dudas"},"content":{"rendered":"<p>Todos estamos muy preocupados por la vacunaci\u00f3n y nos hacemos un mont\u00f3n de preguntas. El virus de la Covid-19 ha sorprendido a todos y necesitamos respuestas. Aqu\u00ed encontrar\u00e9is respuesta a algunas de las preguntas m\u00e1s frecuentes que plantea el tema de la vacunaci\u00f3n.<\/p>\n<h3><strong>\u00bfEs obligatorio vacunarse?<\/strong><\/h3>\n<p>Como ocurre con el resto de vacunaciones en Espa\u00f1a,<b>\u00a0la vacuna frente al nuevo coronavirus no es obligatoria<\/b>. Y con respecto a si una empresa podr\u00eda obligar a sus trabajadores a ponerse la vacuna o no, hay que tener en cuenta que atendiendo a la legislaci\u00f3n actualmente vigente en Espa\u00f1a en materia de salud y seguridad en el trabajo, la respuesta es que no. Sin embargo, la pandemia puede provocar modificaciones legislativas, y ser\u00edan los jueces y tribunales los que finalmente decidiesen.<\/p>\n<div id=\"attachment_5494\" style=\"width: 710px\" class=\"wp-caption aligncenter\"><a href=\"https:\/\/www.euroresidentes.com\/salud\/salud-hoy\/wp-content\/uploads\/sites\/9\/2021\/01\/covid-vacuna-dudas.jpg\"><img loading=\"lazy\" decoding=\"async\" aria-describedby=\"caption-attachment-5494\" class=\"size-full wp-image-5494\" src=\"https:\/\/www.euroresidentes.com\/salud\/salud-hoy\/wp-content\/uploads\/sites\/9\/2021\/01\/covid-vacuna-dudas.jpg\" alt=\"\" width=\"700\" height=\"525\" srcset=\"https:\/\/www.euroresidentes.com\/salud\/salud-hoy\/wp-content\/uploads\/sites\/9\/2021\/01\/covid-vacuna-dudas.jpg 700w, https:\/\/www.euroresidentes.com\/salud\/salud-hoy\/wp-content\/uploads\/sites\/9\/2021\/01\/covid-vacuna-dudas-300x225.jpg 300w, https:\/\/www.euroresidentes.com\/salud\/salud-hoy\/wp-content\/uploads\/sites\/9\/2021\/01\/covid-vacuna-dudas-396x297.jpg 396w\" sizes=\"auto, (max-width: 700px) 100vw, 700px\" \/><\/a><p id=\"caption-attachment-5494\" class=\"wp-caption-text\">Photo by cottonbro from Pexels<\/p><\/div>\n<h3><strong>\u00bfCu\u00e1ndo me vacuno?<\/strong><\/h3>\n<p><strong>Depender\u00e1 de a qu\u00e9 grupo de personas pertenezcas<\/strong>. Las vacunas ir\u00e1n llegando escalonadamente. La vacunaci\u00f3n contra el nuevo coronavirus\u00a0<b>comenz\u00f3 el 27 de diciembre de 2020 en todas las comunidades aut\u00f3nomas<\/b>. La primera vacuna en llegar a nuestro pa\u00eds ha sido la elaborada por Pfizer\/BioNTech (Comirnaty), aunque Europa est\u00e1 negociando la adquisici\u00f3n de otras vacunas. El orden de\u00a0 vacunaci\u00f3n se han establecido bas\u00e1ndose en criterios \u00e9ticos, riesgo de enfermedad grave y riesgo de exposici\u00f3n. Se vacunar\u00e1 a los siguientes grupos en el orden en el que figuran a continuaci\u00f3n:<\/p>\n<ul>\n<li>Residentes y personal sanitario y sociosanitario que trabaja en residencias de personas mayores y de atenci\u00f3n a grandes dependientes.\n<\/li>\n<li>Personal de primera l\u00ednea en el \u00e1mbito sanitario y sociosanitario.\n<\/li>\n<li>\u00a0Otro personal sanitario y sociosanitario (no incluido en el grupo anterior) que realiza actividades que exigen contacto estrecho con personas que pueden estar infectadas por SARS-CoV-2.\n<\/li>\n<li>Personas consideradas como grandes dependientes (grado III de dependencia, es decir, con necesidad de intensas medidas de apoyo) que no est\u00e9n actualmente institucionalizadas.<\/li>\n<\/ul>\n<p>La informaci\u00f3n sobre cu\u00e1ndo ser\u00e1n vacunados los\u00a0<b>otros grupos de poblaci\u00f3n se ir\u00e1 haciendo p\u00fablica m\u00e1s adelante.<\/b><\/p>\n<h2>\u00bfPuedo hacer vida normal despu\u00e9s de vacunarme?<\/h2>\n<p><strong>NO. Deber\u00e1s seguir manteniendo las mismas medidas de prevenci\u00f3n<\/strong>, que est\u00e1s realizando actualmente, hasta que la mayor parte de la poblaci\u00f3n est\u00e9 inmunizada.\u00a0 Recuerda: Usar mascarilla, distancia interpersonal, lavarse las manos a menudo, limitar el n\u00famero de personas, deporte al aire libre, aislarte si tienes s\u00edntomas y realizarte una prueba si es necesario.<\/p>\n<h3><strong>\u00bfCu\u00e1les son las ventajas de vacunarse?<\/strong><\/h3>\n<p>La principal ventaja de\u00a0 vacunarse es prevenir la enfermedad y disminuir las\u00a0 posibilidades de coger una enfermedad grave o incluso evitar la muerte. <strong>La vacuna hace que el cuerpo desarrolle anticuerpos\u00a0<\/strong>ante ese virus en concreto y puede hacer que si nos infectamos los s\u00edntomas sean m\u00e1s leves.<\/p>\n<h3><strong>\u00bfQu\u00e9 vacunas hay disponibles en Espa\u00f1a?<\/strong><\/h3>\n<p>Desde la CCEE se est\u00e1 coordinando la compra de vacunas para los ciudadanos europeos. Se est\u00e1n comprando con fondos europeos directamente con las farmac\u00e9uticas. <strong>La vacuna, que tenemos actualmente en Espa\u00f1a es la Pfizer\/BioNTech y la Moderna,\u00a0<\/strong>aunque no se descarta suministrar alguna otra m\u00e1s adelante.<\/p>\n<h3><strong>\u00bfPuedo vacunarme si soy al\u00e9rgico?<\/strong><\/h3>\n<p>Si una persona es al\u00e9rgica a los alimentos, los insectos, animales (pelos de perro o de gato), al\u00e9rgenos del ambiente (polvo, \u00e1caros&#8230;), al l\u00e1tex u otras alergias,<strong> S\u00cd podr\u00e1 vacunarse contra la Covid-19<\/strong>. De todos modos, es recomendable dejar al paciente en observaci\u00f3n durante 15 minutos, tras ponerse la vacuna, para asegurarse que no tiene ninguna reacci\u00f3n adversa.\u00a0<\/p>\n<h3><strong>\u00bfCu\u00e1nto vale ponerse la vacuna de la Covid-19?<\/strong><\/h3>\n<p>La vacuna es gratuita para toda la poblaci\u00f3n.<\/p>\n<h3><strong>\u00bfQu\u00e9 debo hacer si sufro efectos secundarios o una mala reacci\u00f3n tras la vacunaci\u00f3n?<\/strong><\/h3>\n<p>Si te ocurriera esto y te sintieras mal, deber\u00edas ponerte en contacto con tu Centro de Salud, para que ellos valoren y den soluci\u00f3n a tu reacci\u00f3n. El personal sanitario est\u00e1 formado, para reconocer la gravedad de la reacci\u00f3n y actuar en consecuencia. Ellos deber\u00e1n notificar al Sistema espa\u00f1ol de Farmacovigilancia de Medicamentos de Uso Humano (SEFVh). A su vez ellos lo comunicar\u00e1n a la Organizaci\u00f3n Mundial de la Salud y la Agencia Europea de Medicamentos.<\/p>\n<h3><strong>\u00bfCu\u00e1les son las contraindicaciones de la vacuna de la Covid-19?<\/strong><\/h3>\n<p>La vacuna est\u00e1 contraindicada a las personas con anafilaxia o al\u00e9rgicos a alg\u00fan componente de la vacuna. Las personas al\u00e9rgicas a otras vacunas y a otros tipos de componentes, deber\u00e1 administrarse con mucho cuidado y dejarles en observaci\u00f3n durante 30 minutos tras pincharle la dosis.<\/p>\n<h3><strong>\u00bfQu\u00e9 debo saber sobre la vacuna Pfizer\/BioNTech, Comirnaty?<\/strong><\/h3>\n<p><strong>La vacuna Pfizer ha sido la primera en llegar a Espa\u00f1a<\/strong>, autorizada por la Uni\u00f3n Europea y tras la autorizaci\u00f3n de la Agencia Europea de Medicamentos.\u00a0 Los beneficios que aporta dicha vacuna son superiores a los riesgos que pueda suponer. Es una vacuna de tipo ARNm. Debe mantenerse en congeladores a muy baja temperatura, para que su eficacia sea optima. Deberemos ponernos 2 dosis, para obtener la inmunidad. Entre la primera y segunda dosis deber\u00e1n pasar 21 d\u00edas.\u00a0<\/p>\n<p>Aunque nos hayamos puesto la vacuna, deberemos seguir utilizando mascarillas y dem\u00e1s medidas sanitarias. La idea es que queden inmunizadas la mayor parte posible de la poblaci\u00f3n.<\/p>\n<h3><strong>\u00bfPuedo vacunarme si estoy embarazada o si estoy dando el pecho?<\/strong><\/h3>\n<p><strong>Si est\u00e1s embarazada<\/strong> es mejor que pospongas la vacunaci\u00f3n, para m\u00e1s adelante. No se ha comprobado, que puedan poner problemas a las embarazadas, pero es mejor retrasarlo. Si estuvieras expuestas d\u00eda a d\u00eda al riesgo de contagio, se deber\u00edan evaluar de forma individual.<\/p>\n<p><strong>Si est\u00e1s amamantando a un beb\u00e9<\/strong>, aunque no se han probado, que pueda ser peligroso, ser\u00eda mejor posponerlo, para m\u00e1s adelante o evaluarlo de forma individual.<\/p>\n<p><strong>Si est\u00e1s intentando quedarte embarazada<\/strong>, s\u00ed puedes ponerte la vacuna.<\/p>\n<h3><strong>\u00bfPuedo vacunarme si estoy tomando Sintr\u00f3n u otros anticoagulantes orales?<\/strong><\/h3>\n<p><strong>S\u00ed podr\u00e1n vacunarse<\/strong> la personas que est\u00e9n tomando Sintr\u00f3n y otros anticoagulantes orales, que est\u00e9n bien controlados y estables. Se har\u00e1 de forma intramuscular sin problema.<\/p>\n<h3><strong>\u00bfDeber\u00e1n vacunarse los ni\u00f1os y los adolescentes?<\/strong><\/h3>\n<p><strong>No est\u00e1 contemplado de momento vacunar a ni\u00f1os y adolescentes,<\/strong>\u00a0durante este a\u00f1o 2021, ya que no son considerados grupo de riesgo. Empezar\u00e1n a vacunar a los ancianos, personal sanitario, socios sanitarios y personas de alto riesgo y enfermedades graves. M\u00e1s adelante seguramente se podr\u00e1n vacunar.\u00a0<\/p>\n<h3><strong>\u00bfPuedo vacunarme si soy una persona inmunodeprimida o en tratamiento inmunosupresor?<\/strong><\/h3>\n<p><strong>S\u00ed puedes vacunarte si perteneces a este tipo de enfermos<\/strong>, ya que tienes m\u00e1s facilidad de pillar la Covid-19 que una persona con las defensas altas.<strong> Incluso los enfermos con el VIH<\/strong> tienen m\u00e1s facilidad de contagiarse, por lo tanto la vacuna ser\u00eda aconsejable.\u00a0<\/p>\n<h3><strong>\u00bfDebo vacunarme si ya he pasado la Covid-19?<\/strong><\/h3>\n<p><strong>Independientemente de si has tenido o la Covid o no, deber\u00e1s vacunarte<\/strong>. El motivo es porque no se sabe cu\u00e1nto tiempo dura la inmunidad. Se vacunar\u00e1 a la poblaci\u00f3n por orden de gravedad y por ser personas de riesgo.\u00a0Empezar\u00e1n a vacunar a los ancianos, personal sanitario, socios sanitarios y personas de alto riesgo y enfermedades graves.\u00a0<\/p>\n<h3><strong>\u00bfPuedo contagiar el virus despu\u00e9s de recibir la vacuna?<\/strong><\/h3>\n<p>Es algo no se desconoce por el momento, de ah\u00ed la importancia de seguir respetando las medidas higi\u00e9nicas sanitarias.\u00a0<\/p>\n<h3><strong>\u00bfQu\u00e9 pasa si me contagio tras la 1\u00aa dosis de la vacuna?<\/strong><\/h3>\n<p>Como hemos dicho la vacuna consta de 2 dosis con 21 de intervalo. La inmunidad aparece de 7 a 14 d\u00edas tras la 2\u00aa dosis, por lo que ser\u00eda recomendable ponerse la 2\u00aa dosis.\u00a0<\/p>\n<h3><strong>\u00bfD\u00f3nde me vacuno si estoy viviendo en otra Cdad. Aut\u00f3noma distinta a la m\u00eda?<\/strong><\/h3>\n<p>En principio, deber\u00edas vacunarte en tu residencia habitual, pero si por circunstancias estuvieras en otra Comunidad, deber\u00edas informarte en el Servicio de Salud la posibilidad de poder ponerte la vacuna.<\/p>\n<h3><strong>La vacuna actual del Covid protege contra la nueva cepa aparecida en Reino Unido?<\/strong><\/h3>\n<p>En principio <strong>se cree que s\u00ed,<\/strong> <strong>porque las mutaciones no afectan a la prote\u00edna S del Covid-19<\/strong>. La vacuna estimula el sistema inmune para enfrentarse a diferentes puntos diana de la prote\u00edna S del virus. As\u00ed es que estar\u00edamos protegidos.\u00a0<\/p>\n<h3><strong>\u00bfD\u00f3nde me vacuno?<\/strong><\/h3>\n<p>Es el Ministerio de Sanidad conjuntamente con las Comunidades Aut\u00f3nomas las que est\u00e1n planificando la forma de administrar las vacunas. El Servicio de Salud nos llamar\u00e1 para concertar cita, para vacunarnos. Por supuesto, se har\u00e1 siguiendo el protocolo de prioridades.<strong> Cada Comunidad Aut\u00f3noma decidir\u00e1 d\u00f3nde y c\u00f3mo se har\u00e1.<\/strong>\u00a0<\/p>\n<p>&nbsp;<\/p>\n<p><strong>Lecturas relacionadas:<\/strong><\/p>\n<ul>\n<li>\n<p><a href=\"https:\/\/www.euroresidentes.com\/salud\/salud-hoy\/covid-19-diferencias-las-vacunas-pfizer-moderna-oxford\">Covid-19: diferencias entre las vacunas Pfizer, Moderna y Oxford<\/a><\/p>\n<\/li>\n<li>\n<p><a href=\"https:\/\/www.euroresidentes.com\/salud\/salud-hoy\/es-segura-la-vacuna-del-covid\">Covid-19: seguridad de las vacunas<\/a><\/p>\n<\/li>\n<li><a href=\"https:\/\/www.euroresidentes.com\/salud\/coronavirus\/\">Especial Covid-19<\/a><\/li>\n<\/ul>\n<p>&nbsp;<\/p>\n","protected":false},"excerpt":{"rendered":"<p>Todos estamos muy preocupados por la vacunaci\u00f3n y nos hacemos un mont\u00f3n de preguntas. El virus de la Covid-19 ha sorprendido a todos y necesitamos respuestas. Aqu\u00ed encontrar\u00e9is respuesta a algunas de las preguntas m\u00e1s frecuentes que plantea el tema de la vacunaci\u00f3n. \u00bfEs obligatorio vacunarse? Como ocurre con el resto de vacunaciones en Espa\u00f1a,\u00a0la vacuna frente al nuevo coronavirus no es obligatoria. Y con respecto a si una empresa podr\u00eda obligar a sus trabajadores a ponerse la vacuna o no, hay que tener en cuenta que atendiendo a la legislaci\u00f3n actualmente vigente en Espa\u00f1a en materia de salud y <\/p>\n","protected":false},"author":9,"featured_media":5494,"comment_status":"open","ping_status":"closed","sticky":false,"template":"","format":"standard","meta":{"footnotes":""},"categories":[1],"tags":[],"class_list":["post-5475","post","type-post","status-publish","format-standard","has-post-thumbnail","hentry","category-general","has_thumb"],"yoast_head":"<!-- This site is optimized with the Yoast SEO plugin v26.8 - https:\/\/yoast.com\/product\/yoast-seo-wordpress\/ -->\n<title>Vacuna Covid-19: respuestas para las principales dudas - Salud hoy<\/title>\n<meta name=\"description\" content=\"Vacunas Covid-19: \u00bfEs obligatorio vacunarse? \u00bfQu\u00e9 pasa si me contagio tras la 1\u00aa dosis?...Respuestas a las preguntas frecuentes sobre la vacuna del covid-19\" \/>\n<meta name=\"robots\" content=\"index, follow, max-snippet:-1, max-image-preview:large, max-video-preview:-1\" \/>\n<link rel=\"canonical\" href=\"https:\/\/www.euroresidentes.com\/salud\/salud-hoy\/vacuna-covid-19-respuesta-las-principales-dudas\/\" \/>\n<meta property=\"og:locale\" content=\"es_ES\" \/>\n<meta property=\"og:type\" content=\"article\" \/>\n<meta property=\"og:title\" content=\"Vacuna Covid-19: respuestas para las principales dudas - Salud hoy\" \/>\n<meta property=\"og:description\" content=\"Vacunas Covid-19: \u00bfEs obligatorio vacunarse? \u00bfQu\u00e9 pasa si me contagio tras la 1\u00aa dosis?...Respuestas a las preguntas frecuentes sobre la vacuna del covid-19\" \/>\n<meta property=\"og:url\" content=\"https:\/\/www.euroresidentes.com\/salud\/salud-hoy\/vacuna-covid-19-respuesta-las-principales-dudas\/\" \/>\n<meta property=\"og:site_name\" content=\"Salud hoy\" \/>\n<meta property=\"article:publisher\" content=\"https:\/\/www.facebook.com\/Salud-Euroresidentes-399995783365932\/\" \/>\n<meta property=\"article:published_time\" content=\"2021-01-08T15:26:39+00:00\" \/>\n<meta property=\"article:modified_time\" content=\"2021-01-08T16:09:34+00:00\" \/>\n<meta property=\"og:image\" content=\"https:\/\/www.euroresidentes.com\/salud\/salud-hoy\/wp-content\/uploads\/sites\/9\/2021\/01\/covid-vacuna-dudas.jpg\" \/>\n\t<meta property=\"og:image:width\" content=\"700\" \/>\n\t<meta property=\"og:image:height\" content=\"525\" \/>\n\t<meta property=\"og:image:type\" content=\"image\/jpeg\" \/>\n<meta name=\"author\" content=\"assumpta\" \/>\n<meta name=\"twitter:card\" content=\"summary_large_image\" \/>\n<meta name=\"twitter:label1\" content=\"Written by\" \/>\n\t<meta name=\"twitter:data1\" content=\"assumpta\" \/>\n\t<meta name=\"twitter:label2\" content=\"Est. reading time\" \/>\n\t<meta name=\"twitter:data2\" content=\"7 minutos\" \/>\n<script type=\"application\/ld+json\" class=\"yoast-schema-graph\">{\"@context\":\"https:\/\/schema.org\",\"@graph\":[{\"@type\":\"Article\",\"@id\":\"https:\/\/www.euroresidentes.com\/salud\/salud-hoy\/vacuna-covid-19-respuesta-las-principales-dudas\/#article\",\"isPartOf\":{\"@id\":\"https:\/\/www.euroresidentes.com\/salud\/salud-hoy\/vacuna-covid-19-respuesta-las-principales-dudas\/\"},\"author\":{\"name\":\"assumpta\",\"@id\":\"https:\/\/www.euroresidentes.com\/salud\/salud-hoy\/#\/schema\/person\/1c2c9d92f8638418e20806a838e070d7\"},\"headline\":\"Vacuna Covid-19: respuestas para las principales dudas\",\"datePublished\":\"2021-01-08T15:26:39+00:00\",\"dateModified\":\"2021-01-08T16:09:34+00:00\",\"mainEntityOfPage\":{\"@id\":\"https:\/\/www.euroresidentes.com\/salud\/salud-hoy\/vacuna-covid-19-respuesta-las-principales-dudas\/\"},\"wordCount\":1490,\"commentCount\":0,\"image\":{\"@id\":\"https:\/\/www.euroresidentes.com\/salud\/salud-hoy\/vacuna-covid-19-respuesta-las-principales-dudas\/#primaryimage\"},\"thumbnailUrl\":\"https:\/\/www.euroresidentes.com\/salud\/salud-hoy\/wp-content\/uploads\/sites\/9\/2021\/01\/covid-vacuna-dudas.jpg\",\"articleSection\":[\"General\"],\"inLanguage\":\"es\",\"potentialAction\":[{\"@type\":\"CommentAction\",\"name\":\"Comment\",\"target\":[\"https:\/\/www.euroresidentes.com\/salud\/salud-hoy\/vacuna-covid-19-respuesta-las-principales-dudas\/#respond\"]}]},{\"@type\":\"WebPage\",\"@id\":\"https:\/\/www.euroresidentes.com\/salud\/salud-hoy\/vacuna-covid-19-respuesta-las-principales-dudas\/\",\"url\":\"https:\/\/www.euroresidentes.com\/salud\/salud-hoy\/vacuna-covid-19-respuesta-las-principales-dudas\/\",\"name\":\"Vacuna Covid-19: respuestas para las principales dudas - Salud hoy\",\"isPartOf\":{\"@id\":\"https:\/\/www.euroresidentes.com\/salud\/salud-hoy\/#website\"},\"primaryImageOfPage\":{\"@id\":\"https:\/\/www.euroresidentes.com\/salud\/salud-hoy\/vacuna-covid-19-respuesta-las-principales-dudas\/#primaryimage\"},\"image\":{\"@id\":\"https:\/\/www.euroresidentes.com\/salud\/salud-hoy\/vacuna-covid-19-respuesta-las-principales-dudas\/#primaryimage\"},\"thumbnailUrl\":\"https:\/\/www.euroresidentes.com\/salud\/salud-hoy\/wp-content\/uploads\/sites\/9\/2021\/01\/covid-vacuna-dudas.jpg\",\"datePublished\":\"2021-01-08T15:26:39+00:00\",\"dateModified\":\"2021-01-08T16:09:34+00:00\",\"author\":{\"@id\":\"https:\/\/www.euroresidentes.com\/salud\/salud-hoy\/#\/schema\/person\/1c2c9d92f8638418e20806a838e070d7\"},\"description\":\"Vacunas Covid-19: \u00bfEs obligatorio vacunarse? \u00bfQu\u00e9 pasa si me contagio tras la 1\u00aa dosis?...Respuestas a las preguntas frecuentes sobre la vacuna del covid-19\",\"breadcrumb\":{\"@id\":\"https:\/\/www.euroresidentes.com\/salud\/salud-hoy\/vacuna-covid-19-respuesta-las-principales-dudas\/#breadcrumb\"},\"inLanguage\":\"es\",\"potentialAction\":[{\"@type\":\"ReadAction\",\"target\":[\"https:\/\/www.euroresidentes.com\/salud\/salud-hoy\/vacuna-covid-19-respuesta-las-principales-dudas\/\"]}]},{\"@type\":\"ImageObject\",\"inLanguage\":\"es\",\"@id\":\"https:\/\/www.euroresidentes.com\/salud\/salud-hoy\/vacuna-covid-19-respuesta-las-principales-dudas\/#primaryimage\",\"url\":\"https:\/\/www.euroresidentes.com\/salud\/salud-hoy\/wp-content\/uploads\/sites\/9\/2021\/01\/covid-vacuna-dudas.jpg\",\"contentUrl\":\"https:\/\/www.euroresidentes.com\/salud\/salud-hoy\/wp-content\/uploads\/sites\/9\/2021\/01\/covid-vacuna-dudas.jpg\",\"width\":700,\"height\":525,\"caption\":\"Photo by cottonbro from Pexels\"},{\"@type\":\"BreadcrumbList\",\"@id\":\"https:\/\/www.euroresidentes.com\/salud\/salud-hoy\/vacuna-covid-19-respuesta-las-principales-dudas\/#breadcrumb\",\"itemListElement\":[{\"@type\":\"ListItem\",\"position\":1,\"name\":\"Portada\",\"item\":\"https:\/\/www.euroresidentes.com\/salud\/salud-hoy\/\"},{\"@type\":\"ListItem\",\"position\":2,\"name\":\"Vacuna Covid-19: respuestas para las principales dudas\"}]},{\"@type\":\"WebSite\",\"@id\":\"https:\/\/www.euroresidentes.com\/salud\/salud-hoy\/#website\",\"url\":\"https:\/\/www.euroresidentes.com\/salud\/salud-hoy\/\",\"name\":\"Salud hoy\",\"description\":\"Salud hoy Euroresidentes\",\"potentialAction\":[{\"@type\":\"SearchAction\",\"target\":{\"@type\":\"EntryPoint\",\"urlTemplate\":\"https:\/\/www.euroresidentes.com\/salud\/salud-hoy\/?s={search_term_string}\"},\"query-input\":{\"@type\":\"PropertyValueSpecification\",\"valueRequired\":true,\"valueName\":\"search_term_string\"}}],\"inLanguage\":\"es\"},{\"@type\":\"Person\",\"@id\":\"https:\/\/www.euroresidentes.com\/salud\/salud-hoy\/#\/schema\/person\/1c2c9d92f8638418e20806a838e070d7\",\"name\":\"assumpta\",\"image\":{\"@type\":\"ImageObject\",\"inLanguage\":\"es\",\"@id\":\"https:\/\/www.euroresidentes.com\/salud\/salud-hoy\/#\/schema\/person\/image\/\",\"url\":\"https:\/\/secure.gravatar.com\/avatar\/b0773be73212e048befe24437c806960?s=96&d=mm&r=g\",\"contentUrl\":\"https:\/\/secure.gravatar.com\/avatar\/b0773be73212e048befe24437c806960?s=96&d=mm&r=g\",\"caption\":\"assumpta\"},\"url\":\"https:\/\/www.euroresidentes.com\/salud\/salud-hoy\/author\/assumpta\/\"}]}<\/script>\n<!-- \/ Yoast SEO plugin. -->","yoast_head_json":{"title":"Vacuna Covid-19: respuestas para las principales dudas - Salud hoy","description":"Vacunas Covid-19: \u00bfEs obligatorio vacunarse? \u00bfQu\u00e9 pasa si me contagio tras la 1\u00aa dosis?...Respuestas a las preguntas frecuentes sobre la vacuna del covid-19","robots":{"index":"index","follow":"follow","max-snippet":"max-snippet:-1","max-image-preview":"max-image-preview:large","max-video-preview":"max-video-preview:-1"},"canonical":"https:\/\/www.euroresidentes.com\/salud\/salud-hoy\/vacuna-covid-19-respuesta-las-principales-dudas\/","og_locale":"es_ES","og_type":"article","og_title":"Vacuna Covid-19: respuestas para las principales dudas - Salud hoy","og_description":"Vacunas Covid-19: \u00bfEs obligatorio vacunarse? \u00bfQu\u00e9 pasa si me contagio tras la 1\u00aa dosis?...Respuestas a las preguntas frecuentes sobre la vacuna del covid-19","og_url":"https:\/\/www.euroresidentes.com\/salud\/salud-hoy\/vacuna-covid-19-respuesta-las-principales-dudas\/","og_site_name":"Salud hoy","article_publisher":"https:\/\/www.facebook.com\/Salud-Euroresidentes-399995783365932\/","article_published_time":"2021-01-08T15:26:39+00:00","article_modified_time":"2021-01-08T16:09:34+00:00","og_image":[{"width":700,"height":525,"url":"https:\/\/www.euroresidentes.com\/salud\/salud-hoy\/wp-content\/uploads\/sites\/9\/2021\/01\/covid-vacuna-dudas.jpg","type":"image\/jpeg"}],"author":"assumpta","twitter_card":"summary_large_image","twitter_misc":{"Written by":"assumpta","Est. reading time":"7 minutos"},"schema":{"@context":"https:\/\/schema.org","@graph":[{"@type":"Article","@id":"https:\/\/www.euroresidentes.com\/salud\/salud-hoy\/vacuna-covid-19-respuesta-las-principales-dudas\/#article","isPartOf":{"@id":"https:\/\/www.euroresidentes.com\/salud\/salud-hoy\/vacuna-covid-19-respuesta-las-principales-dudas\/"},"author":{"name":"assumpta","@id":"https:\/\/www.euroresidentes.com\/salud\/salud-hoy\/#\/schema\/person\/1c2c9d92f8638418e20806a838e070d7"},"headline":"Vacuna Covid-19: respuestas para las principales dudas","datePublished":"2021-01-08T15:26:39+00:00","dateModified":"2021-01-08T16:09:34+00:00","mainEntityOfPage":{"@id":"https:\/\/www.euroresidentes.com\/salud\/salud-hoy\/vacuna-covid-19-respuesta-las-principales-dudas\/"},"wordCount":1490,"commentCount":0,"image":{"@id":"https:\/\/www.euroresidentes.com\/salud\/salud-hoy\/vacuna-covid-19-respuesta-las-principales-dudas\/#primaryimage"},"thumbnailUrl":"https:\/\/www.euroresidentes.com\/salud\/salud-hoy\/wp-content\/uploads\/sites\/9\/2021\/01\/covid-vacuna-dudas.jpg","articleSection":["General"],"inLanguage":"es","potentialAction":[{"@type":"CommentAction","name":"Comment","target":["https:\/\/www.euroresidentes.com\/salud\/salud-hoy\/vacuna-covid-19-respuesta-las-principales-dudas\/#respond"]}]},{"@type":"WebPage","@id":"https:\/\/www.euroresidentes.com\/salud\/salud-hoy\/vacuna-covid-19-respuesta-las-principales-dudas\/","url":"https:\/\/www.euroresidentes.com\/salud\/salud-hoy\/vacuna-covid-19-respuesta-las-principales-dudas\/","name":"Vacuna Covid-19: respuestas para las principales dudas - Salud hoy","isPartOf":{"@id":"https:\/\/www.euroresidentes.com\/salud\/salud-hoy\/#website"},"primaryImageOfPage":{"@id":"https:\/\/www.euroresidentes.com\/salud\/salud-hoy\/vacuna-covid-19-respuesta-las-principales-dudas\/#primaryimage"},"image":{"@id":"https:\/\/www.euroresidentes.com\/salud\/salud-hoy\/vacuna-covid-19-respuesta-las-principales-dudas\/#primaryimage"},"thumbnailUrl":"https:\/\/www.euroresidentes.com\/salud\/salud-hoy\/wp-content\/uploads\/sites\/9\/2021\/01\/covid-vacuna-dudas.jpg","datePublished":"2021-01-08T15:26:39+00:00","dateModified":"2021-01-08T16:09:34+00:00","author":{"@id":"https:\/\/www.euroresidentes.com\/salud\/salud-hoy\/#\/schema\/person\/1c2c9d92f8638418e20806a838e070d7"},"description":"Vacunas Covid-19: \u00bfEs obligatorio vacunarse? \u00bfQu\u00e9 pasa si me contagio tras la 1\u00aa dosis?...Respuestas a las preguntas frecuentes sobre la vacuna del covid-19","breadcrumb":{"@id":"https:\/\/www.euroresidentes.com\/salud\/salud-hoy\/vacuna-covid-19-respuesta-las-principales-dudas\/#breadcrumb"},"inLanguage":"es","potentialAction":[{"@type":"ReadAction","target":["https:\/\/www.euroresidentes.com\/salud\/salud-hoy\/vacuna-covid-19-respuesta-las-principales-dudas\/"]}]},{"@type":"ImageObject","inLanguage":"es","@id":"https:\/\/www.euroresidentes.com\/salud\/salud-hoy\/vacuna-covid-19-respuesta-las-principales-dudas\/#primaryimage","url":"https:\/\/www.euroresidentes.com\/salud\/salud-hoy\/wp-content\/uploads\/sites\/9\/2021\/01\/covid-vacuna-dudas.jpg","contentUrl":"https:\/\/www.euroresidentes.com\/salud\/salud-hoy\/wp-content\/uploads\/sites\/9\/2021\/01\/covid-vacuna-dudas.jpg","width":700,"height":525,"caption":"Photo by cottonbro from Pexels"},{"@type":"BreadcrumbList","@id":"https:\/\/www.euroresidentes.com\/salud\/salud-hoy\/vacuna-covid-19-respuesta-las-principales-dudas\/#breadcrumb","itemListElement":[{"@type":"ListItem","position":1,"name":"Portada","item":"https:\/\/www.euroresidentes.com\/salud\/salud-hoy\/"},{"@type":"ListItem","position":2,"name":"Vacuna Covid-19: respuestas para las principales dudas"}]},{"@type":"WebSite","@id":"https:\/\/www.euroresidentes.com\/salud\/salud-hoy\/#website","url":"https:\/\/www.euroresidentes.com\/salud\/salud-hoy\/","name":"Salud hoy","description":"Salud hoy Euroresidentes","potentialAction":[{"@type":"SearchAction","target":{"@type":"EntryPoint","urlTemplate":"https:\/\/www.euroresidentes.com\/salud\/salud-hoy\/?s={search_term_string}"},"query-input":{"@type":"PropertyValueSpecification","valueRequired":true,"valueName":"search_term_string"}}],"inLanguage":"es"},{"@type":"Person","@id":"https:\/\/www.euroresidentes.com\/salud\/salud-hoy\/#\/schema\/person\/1c2c9d92f8638418e20806a838e070d7","name":"assumpta","image":{"@type":"ImageObject","inLanguage":"es","@id":"https:\/\/www.euroresidentes.com\/salud\/salud-hoy\/#\/schema\/person\/image\/","url":"https:\/\/secure.gravatar.com\/avatar\/b0773be73212e048befe24437c806960?s=96&d=mm&r=g","contentUrl":"https:\/\/secure.gravatar.com\/avatar\/b0773be73212e048befe24437c806960?s=96&d=mm&r=g","caption":"assumpta"},"url":"https:\/\/www.euroresidentes.com\/salud\/salud-hoy\/author\/assumpta\/"}]}},"_links":{"self":[{"href":"https:\/\/www.euroresidentes.com\/salud\/salud-hoy\/wp-json\/wp\/v2\/posts\/5475","targetHints":{"allow":["GET"]}}],"collection":[{"href":"https:\/\/www.euroresidentes.com\/salud\/salud-hoy\/wp-json\/wp\/v2\/posts"}],"about":[{"href":"https:\/\/www.euroresidentes.com\/salud\/salud-hoy\/wp-json\/wp\/v2\/types\/post"}],"author":[{"embeddable":true,"href":"https:\/\/www.euroresidentes.com\/salud\/salud-hoy\/wp-json\/wp\/v2\/users\/9"}],"replies":[{"embeddable":true,"href":"https:\/\/www.euroresidentes.com\/salud\/salud-hoy\/wp-json\/wp\/v2\/comments?post=5475"}],"version-history":[{"count":6,"href":"https:\/\/www.euroresidentes.com\/salud\/salud-hoy\/wp-json\/wp\/v2\/posts\/5475\/revisions"}],"predecessor-version":[{"id":5498,"href":"https:\/\/www.euroresidentes.com\/salud\/salud-hoy\/wp-json\/wp\/v2\/posts\/5475\/revisions\/5498"}],"wp:featuredmedia":[{"embeddable":true,"href":"https:\/\/www.euroresidentes.com\/salud\/salud-hoy\/wp-json\/wp\/v2\/media\/5494"}],"wp:attachment":[{"href":"https:\/\/www.euroresidentes.com\/salud\/salud-hoy\/wp-json\/wp\/v2\/media?parent=5475"}],"wp:term":[{"taxonomy":"category","embeddable":true,"href":"https:\/\/www.euroresidentes.com\/salud\/salud-hoy\/wp-json\/wp\/v2\/categories?post=5475"},{"taxonomy":"post_tag","embeddable":true,"href":"https:\/\/www.euroresidentes.com\/salud\/salud-hoy\/wp-json\/wp\/v2\/tags?post=5475"}],"curies":[{"name":"wp","href":"https:\/\/api.w.org\/{rel}","templated":true}]}}