 

{"id":4626,"date":"2017-02-23T12:20:38","date_gmt":"2017-02-23T11:20:38","guid":{"rendered":"https:\/\/www.euroresidentes.com\/salud\/salud-hoy\/?p=4626"},"modified":"2018-05-22T11:19:42","modified_gmt":"2018-05-22T09:19:42","slug":"exceso-sueno-alzheimer","status":"publish","type":"post","link":"https:\/\/www.euroresidentes.com\/salud\/salud-hoy\/exceso-sueno-alzheimer\/","title":{"rendered":"El exceso de sue\u00f1o podr\u00eda ser un s\u00edntoma temprano de Alzheimer"},"content":{"rendered":"<h3>\u00bfTe cuesta levantarte\u00a0cama cada ma\u00f1ana aunque hayas dormido muchas horas?\u00a0Podr\u00eda ser un signo de demencia<\/h3>\n<p>Los cient\u00edficos han descubierto que las personas que normalmente pasan <strong>mucho tiempo durmiendo<\/strong> tienen el <strong>doble de probabilidades de desarrollar demencia<\/strong> durante la pr\u00f3xima d\u00e9cada.<\/p>\n<p><a href=\"https:\/\/www.euroresidentes.com\/salud\/salud-hoy\/wp-content\/uploads\/sites\/9\/2017\/02\/dormir-mucho-alzheimer.jpg\"><img loading=\"lazy\" decoding=\"async\" class=\"aligncenter size-full wp-image-4627\" src=\"https:\/\/www.euroresidentes.com\/salud\/salud-hoy\/wp-content\/uploads\/sites\/9\/2017\/02\/dormir-mucho-alzheimer.jpg\" alt=\"Dormir m\u00e1s de 9 horas diarias puede ser un signo de Alzheimer\" width=\"700\" height=\"525\" srcset=\"https:\/\/www.euroresidentes.com\/salud\/salud-hoy\/wp-content\/uploads\/sites\/9\/2017\/02\/dormir-mucho-alzheimer.jpg 700w, https:\/\/www.euroresidentes.com\/salud\/salud-hoy\/wp-content\/uploads\/sites\/9\/2017\/02\/dormir-mucho-alzheimer-300x225.jpg 300w\" sizes=\"auto, (max-width: 700px) 100vw, 700px\" \/><\/a><\/p>\n<h3>Una se\u00f1al de alerta temprana de Alzheimer<\/h3>\n<p>Un cambio en los patrones de sue\u00f1o es una <strong>se\u00f1al de alerta<\/strong>\u00a0para el Alzheimer, ya que indica que el cerebro, que controla la vigilia, ha sufrido da\u00f1os.\u00a0<\/p>\n<p>Por esta raz\u00f3n las personas con demencia tienen\u00a0patrones de sue\u00f1o inusuales.<\/p>\n<p>El nuevo estudio apoya esta idea, y sugiere que los <strong>cambios en el sue\u00f1o<\/strong> podr\u00edan ser evidentes mucho <strong>antes<\/strong> de que s\u00edntomas caracter\u00edsticos del Alzheimer, como la <strong>p\u00e9rdida de memoria<\/strong>, empiecen\u00a0a aparecer.<\/p>\n<p>Dormir muchas horas cada noche ser\u00eda\u00a0un <strong>marcador de neurodegeneraci\u00f3n temprana<\/strong> y, por lo tanto, una <strong>herramienta cl\u00ednica \u00fatil<\/strong> para identificar a aquellas personas con un <strong>mayor riesgo de\u00a0desarrollar demencia<\/strong>.<\/p>\n<p>&nbsp;<\/p>\n<h3>El estudio<\/h3>\n<p>Se estudiaron a m\u00e1s de <strong>2.400 pacientes<\/strong>, con\u00a0una edad promedio de 72 a\u00f1os, a los que se les pregunt\u00f3 <strong>cu\u00e1nto tiempo dorm\u00edan cada noche<\/strong>. En los 10 a\u00f1os que dur\u00f3 el estudio hubieron <strong>234 casos de demencia<\/strong>.<\/p>\n<p>Encontraron que<strong> dormir durante<\/strong> <strong>m\u00e1s de 9\u00a0horas:<\/strong><\/p>\n<ul>\n<li><strong>Duplic\u00f3 el riesgo<\/strong> <strong>de todos los tipos de demencia<\/strong>, y espec\u00edficamente de<strong>\u00a0Alzheimer<\/strong><\/li>\n<\/ul>\n<ul>\n<li>Se asoci\u00f3 con un <strong>menor volumen cerebral<\/strong><\/li>\n<\/ul>\n<ul>\n<li>Aument\u00f3 el tiempo necesario para procesar la informaci\u00f3n<\/li>\n<\/ul>\n<ul>\n<li>Aparecieron signos de p\u00e9rdida de memoria<\/li>\n<\/ul>\n<h3>\u00a0<\/h3>\n<h3>Alteraciones en el sue\u00f1o: Un s\u00edntoma m\u00e1s que una causa<\/h3>\n<p>El sue\u00f1o tiene\u00a0funci\u00f3n restauradora. Durante el sue\u00f1o se produce la<strong> eliminaci\u00f3n de los residuos metab\u00f3licos del cerebro<\/strong>, por lo que previene\u00a0la acumulaci\u00f3n de prote\u00edna B-amiloide, el sello caracter\u00edstico de la enfermedad de Alzheimer.<\/p>\n<p>La <strong>atrofia de las regiones cerebrales<\/strong> involucradas en el sue\u00f1o y la vigilia, o algunos de los<strong>\u00a0trastornos del estado de \u00e1nimo<\/strong>, que son comunes en la demencia, pueden desencadenar algunos\u00a0<strong>trastornos del sue\u00f1o<\/strong>.<\/p>\n<p>La <strong>incapacidad para despertarse cada ma\u00f1ana<\/strong>\u00a0es un <strong>s\u00edntoma m\u00e1s que una causa<\/strong> de los cambios cerebrales que conducen a la demencia. Por esta raz\u00f3n, simplemente\u00a0reduciendo la duraci\u00f3n del tiempo de sue\u00f1o es poco probable que se pueda reducir el riesgo de una persona de sufrir Alzheimer.<\/p>\n<p><a href=\"https:\/\/www.euroresidentes.com\/salud\/salud-hoy\/wp-content\/uploads\/sites\/9\/2017\/02\/mucho-sue\u00f1o-demencia.jpg\"><img loading=\"lazy\" decoding=\"async\" class=\"aligncenter size-full wp-image-4630\" src=\"https:\/\/www.euroresidentes.com\/salud\/salud-hoy\/wp-content\/uploads\/sites\/9\/2017\/02\/mucho-sue\u00f1o-demencia.jpg\" alt=\"Dormir mucho y demencia\" width=\"700\" height=\"525\" srcset=\"https:\/\/www.euroresidentes.com\/salud\/salud-hoy\/wp-content\/uploads\/sites\/9\/2017\/02\/mucho-sue\u00f1o-demencia.jpg 700w, https:\/\/www.euroresidentes.com\/salud\/salud-hoy\/wp-content\/uploads\/sites\/9\/2017\/02\/mucho-sue\u00f1o-demencia-300x225.jpg 300w\" sizes=\"auto, (max-width: 700px) 100vw, 700px\" \/><\/a><\/p>\n<p>&nbsp;<\/p>\n<p>Westwood AJ, Beiser A, Jain N, Himali JJ, DeCarli C, Auerbach SH, y col. Neurology (2017). <a href=\"http:\/\/www.neurology.org\/content\/early\/2017\/02\/22\/WNL.0000000000003732.short?sid=a5c7bcfa-5d44-43b2-a826-c4dad8e7098b\" target=\"_blank\">M\u00e1s informaci\u00f3n<\/a>.<\/p>\n<p>&nbsp;<\/p>\n<p><strong>Seguir leyendo:\u00a0<\/strong><\/p>\n<ul>\n<li><a href=\"https:\/\/www.euroresidentes.com\/salud\/salud-hoy\/alzheimer-y-calidad-del-sueno\" target=\"_blank\">Alzheimer y calidad del sue\u00f1o<\/a><\/li>\n<li><a href=\"https:\/\/www.euroresidentes.com\/salud\/salud-hoy\/deteccion-temprana-del-alzheimer\" target=\"_blank\">Detecci\u00f3n temprana del Alzheimer<\/a><\/li>\n<li><a href=\"https:\/\/www.euroresidentes.com\/salud\/conviviendo-alzheimer\/alzheimer-los-olvidos-que-mas-duelen\" target=\"_blank\">Alzheimer: Los olvidos que m\u00e1s duelen<\/a><\/li>\n<\/ul>\n<p>&nbsp;<\/p>\n","protected":false},"excerpt":{"rendered":"<p>\u00bfTe cuesta levantarte\u00a0cama cada ma\u00f1ana aunque hayas dormido muchas horas?\u00a0Podr\u00eda ser un signo de demencia Los cient\u00edficos han descubierto que las personas que normalmente pasan mucho tiempo durmiendo tienen el doble de probabilidades de desarrollar demencia durante la pr\u00f3xima d\u00e9cada. Una se\u00f1al de alerta temprana de Alzheimer Un cambio en los patrones de sue\u00f1o es una se\u00f1al de alerta\u00a0para el Alzheimer, ya que indica que el cerebro, que controla la vigilia, ha sufrido da\u00f1os.\u00a0 Por esta raz\u00f3n las personas con demencia tienen\u00a0patrones de sue\u00f1o inusuales. El nuevo estudio apoya esta idea, y sugiere que los cambios en el sue\u00f1o podr\u00edan <\/p>\n","protected":false},"author":2,"featured_media":4630,"comment_status":"open","ping_status":"open","sticky":false,"template":"","format":"standard","meta":{"footnotes":""},"categories":[11,20],"tags":[],"class_list":["post-4626","post","type-post","status-publish","format-standard","has-post-thumbnail","hentry","category-alzheimer","category-trastornos-sueno","has_thumb"],"yoast_head":"<!-- This site is optimized with the Yoast SEO plugin v26.8 - https:\/\/yoast.com\/product\/yoast-seo-wordpress\/ -->\n<title>El exceso de sue\u00f1o podr\u00eda ser un s\u00edntoma temprano de Alzheimer - Salud hoy<\/title>\n<meta name=\"description\" content=\"\u00bfTe cuesta salir de la cama cada ma\u00f1ana aunque has dormido muchas horas? Podr\u00eda ser un signo de demencia\" \/>\n<meta name=\"robots\" content=\"index, follow, max-snippet:-1, max-image-preview:large, max-video-preview:-1\" \/>\n<link rel=\"canonical\" href=\"https:\/\/www.euroresidentes.com\/salud\/salud-hoy\/exceso-sueno-alzheimer\/\" \/>\n<meta property=\"og:locale\" content=\"es_ES\" \/>\n<meta property=\"og:type\" content=\"article\" \/>\n<meta property=\"og:title\" content=\"El exceso de sue\u00f1o podr\u00eda ser un s\u00edntoma temprano de Alzheimer - Salud hoy\" \/>\n<meta property=\"og:description\" content=\"\u00bfTe cuesta salir de la cama cada ma\u00f1ana aunque has dormido muchas horas? Podr\u00eda ser un signo de demencia\" \/>\n<meta property=\"og:url\" content=\"https:\/\/www.euroresidentes.com\/salud\/salud-hoy\/exceso-sueno-alzheimer\/\" \/>\n<meta property=\"og:site_name\" content=\"Salud hoy\" \/>\n<meta property=\"article:publisher\" content=\"https:\/\/www.facebook.com\/Salud-Euroresidentes-399995783365932\/\" \/>\n<meta property=\"article:published_time\" content=\"2017-02-23T11:20:38+00:00\" \/>\n<meta property=\"article:modified_time\" content=\"2018-05-22T09:19:42+00:00\" \/>\n<meta property=\"og:image\" content=\"https:\/\/www.euroresidentes.com\/salud\/salud-hoy\/wp-content\/uploads\/sites\/9\/2017\/02\/mucho-sue\u00f1o-demencia.jpg\" \/>\n\t<meta property=\"og:image:width\" content=\"700\" \/>\n\t<meta property=\"og:image:height\" content=\"525\" \/>\n\t<meta property=\"og:image:type\" content=\"image\/jpeg\" \/>\n<meta name=\"author\" content=\"Raquel Pomares\" \/>\n<meta name=\"twitter:card\" content=\"summary_large_image\" \/>\n<meta name=\"twitter:label1\" content=\"Written by\" \/>\n\t<meta name=\"twitter:data1\" content=\"Raquel Pomares\" \/>\n\t<meta name=\"twitter:label2\" content=\"Est. reading time\" \/>\n\t<meta name=\"twitter:data2\" content=\"2 minutos\" \/>\n<script type=\"application\/ld+json\" class=\"yoast-schema-graph\">{\"@context\":\"https:\/\/schema.org\",\"@graph\":[{\"@type\":\"Article\",\"@id\":\"https:\/\/www.euroresidentes.com\/salud\/salud-hoy\/exceso-sueno-alzheimer\/#article\",\"isPartOf\":{\"@id\":\"https:\/\/www.euroresidentes.com\/salud\/salud-hoy\/exceso-sueno-alzheimer\/\"},\"author\":{\"name\":\"Raquel Pomares\",\"@id\":\"https:\/\/www.euroresidentes.com\/salud\/salud-hoy\/#\/schema\/person\/c0299534643677f2282b416ac1fe97f1\"},\"headline\":\"El exceso de sue\u00f1o podr\u00eda ser un s\u00edntoma temprano de Alzheimer\",\"datePublished\":\"2017-02-23T11:20:38+00:00\",\"dateModified\":\"2018-05-22T09:19:42+00:00\",\"mainEntityOfPage\":{\"@id\":\"https:\/\/www.euroresidentes.com\/salud\/salud-hoy\/exceso-sueno-alzheimer\/\"},\"wordCount\":461,\"commentCount\":0,\"image\":{\"@id\":\"https:\/\/www.euroresidentes.com\/salud\/salud-hoy\/exceso-sueno-alzheimer\/#primaryimage\"},\"thumbnailUrl\":\"https:\/\/www.euroresidentes.com\/salud\/salud-hoy\/wp-content\/uploads\/sites\/9\/2017\/02\/mucho-sue\u00f1o-demencia.jpg\",\"articleSection\":[\"Alzheimer\",\"Trastornos sue\u00f1o\"],\"inLanguage\":\"es\",\"potentialAction\":[{\"@type\":\"CommentAction\",\"name\":\"Comment\",\"target\":[\"https:\/\/www.euroresidentes.com\/salud\/salud-hoy\/exceso-sueno-alzheimer\/#respond\"]}]},{\"@type\":\"WebPage\",\"@id\":\"https:\/\/www.euroresidentes.com\/salud\/salud-hoy\/exceso-sueno-alzheimer\/\",\"url\":\"https:\/\/www.euroresidentes.com\/salud\/salud-hoy\/exceso-sueno-alzheimer\/\",\"name\":\"El exceso de sue\u00f1o podr\u00eda ser un s\u00edntoma temprano de Alzheimer - Salud hoy\",\"isPartOf\":{\"@id\":\"https:\/\/www.euroresidentes.com\/salud\/salud-hoy\/#website\"},\"primaryImageOfPage\":{\"@id\":\"https:\/\/www.euroresidentes.com\/salud\/salud-hoy\/exceso-sueno-alzheimer\/#primaryimage\"},\"image\":{\"@id\":\"https:\/\/www.euroresidentes.com\/salud\/salud-hoy\/exceso-sueno-alzheimer\/#primaryimage\"},\"thumbnailUrl\":\"https:\/\/www.euroresidentes.com\/salud\/salud-hoy\/wp-content\/uploads\/sites\/9\/2017\/02\/mucho-sue\u00f1o-demencia.jpg\",\"datePublished\":\"2017-02-23T11:20:38+00:00\",\"dateModified\":\"2018-05-22T09:19:42+00:00\",\"author\":{\"@id\":\"https:\/\/www.euroresidentes.com\/salud\/salud-hoy\/#\/schema\/person\/c0299534643677f2282b416ac1fe97f1\"},\"description\":\"\u00bfTe cuesta salir de la cama cada ma\u00f1ana aunque has dormido muchas horas? Podr\u00eda ser un signo de demencia\",\"breadcrumb\":{\"@id\":\"https:\/\/www.euroresidentes.com\/salud\/salud-hoy\/exceso-sueno-alzheimer\/#breadcrumb\"},\"inLanguage\":\"es\",\"potentialAction\":[{\"@type\":\"ReadAction\",\"target\":[\"https:\/\/www.euroresidentes.com\/salud\/salud-hoy\/exceso-sueno-alzheimer\/\"]}]},{\"@type\":\"ImageObject\",\"inLanguage\":\"es\",\"@id\":\"https:\/\/www.euroresidentes.com\/salud\/salud-hoy\/exceso-sueno-alzheimer\/#primaryimage\",\"url\":\"https:\/\/www.euroresidentes.com\/salud\/salud-hoy\/wp-content\/uploads\/sites\/9\/2017\/02\/mucho-sue\u00f1o-demencia.jpg\",\"contentUrl\":\"https:\/\/www.euroresidentes.com\/salud\/salud-hoy\/wp-content\/uploads\/sites\/9\/2017\/02\/mucho-sue\u00f1o-demencia.jpg\",\"width\":700,\"height\":525,\"caption\":\"Dormir mucho y demencia\"},{\"@type\":\"BreadcrumbList\",\"@id\":\"https:\/\/www.euroresidentes.com\/salud\/salud-hoy\/exceso-sueno-alzheimer\/#breadcrumb\",\"itemListElement\":[{\"@type\":\"ListItem\",\"position\":1,\"name\":\"Portada\",\"item\":\"https:\/\/www.euroresidentes.com\/salud\/salud-hoy\/\"},{\"@type\":\"ListItem\",\"position\":2,\"name\":\"El exceso de sue\u00f1o podr\u00eda ser un s\u00edntoma temprano de Alzheimer\"}]},{\"@type\":\"WebSite\",\"@id\":\"https:\/\/www.euroresidentes.com\/salud\/salud-hoy\/#website\",\"url\":\"https:\/\/www.euroresidentes.com\/salud\/salud-hoy\/\",\"name\":\"Salud hoy\",\"description\":\"Salud hoy Euroresidentes\",\"potentialAction\":[{\"@type\":\"SearchAction\",\"target\":{\"@type\":\"EntryPoint\",\"urlTemplate\":\"https:\/\/www.euroresidentes.com\/salud\/salud-hoy\/?s={search_term_string}\"},\"query-input\":{\"@type\":\"PropertyValueSpecification\",\"valueRequired\":true,\"valueName\":\"search_term_string\"}}],\"inLanguage\":\"es\"},{\"@type\":\"Person\",\"@id\":\"https:\/\/www.euroresidentes.com\/salud\/salud-hoy\/#\/schema\/person\/c0299534643677f2282b416ac1fe97f1\",\"name\":\"Raquel Pomares\",\"image\":{\"@type\":\"ImageObject\",\"inLanguage\":\"es\",\"@id\":\"https:\/\/www.euroresidentes.com\/salud\/salud-hoy\/#\/schema\/person\/image\/\",\"url\":\"https:\/\/www.euroresidentes.com\/salud\/salud-hoy\/wp-content\/uploads\/sites\/9\/2016\/09\/raquel-pomares-150x150.jpg\",\"contentUrl\":\"https:\/\/www.euroresidentes.com\/salud\/salud-hoy\/wp-content\/uploads\/sites\/9\/2016\/09\/raquel-pomares-150x150.jpg\",\"caption\":\"Raquel Pomares\"},\"description\":\"Raquel PomaresBi\u00f3loga, doctora y divulgadora cient\u00edfica especializada en temas de salud.\",\"sameAs\":[\"https:\/\/www.euroresidentes.com\/salud\/raquel-pomares.html\"],\"url\":\"https:\/\/www.euroresidentes.com\/salud\/salud-hoy\/author\/raquel\/\"}]}<\/script>\n<!-- \/ Yoast SEO plugin. -->","yoast_head_json":{"title":"El exceso de sue\u00f1o podr\u00eda ser un s\u00edntoma temprano de Alzheimer - Salud hoy","description":"\u00bfTe cuesta salir de la cama cada ma\u00f1ana aunque has dormido muchas horas? Podr\u00eda ser un signo de demencia","robots":{"index":"index","follow":"follow","max-snippet":"max-snippet:-1","max-image-preview":"max-image-preview:large","max-video-preview":"max-video-preview:-1"},"canonical":"https:\/\/www.euroresidentes.com\/salud\/salud-hoy\/exceso-sueno-alzheimer\/","og_locale":"es_ES","og_type":"article","og_title":"El exceso de sue\u00f1o podr\u00eda ser un s\u00edntoma temprano de Alzheimer - Salud hoy","og_description":"\u00bfTe cuesta salir de la cama cada ma\u00f1ana aunque has dormido muchas horas? Podr\u00eda ser un signo de demencia","og_url":"https:\/\/www.euroresidentes.com\/salud\/salud-hoy\/exceso-sueno-alzheimer\/","og_site_name":"Salud hoy","article_publisher":"https:\/\/www.facebook.com\/Salud-Euroresidentes-399995783365932\/","article_published_time":"2017-02-23T11:20:38+00:00","article_modified_time":"2018-05-22T09:19:42+00:00","og_image":[{"width":700,"height":525,"url":"https:\/\/www.euroresidentes.com\/salud\/salud-hoy\/wp-content\/uploads\/sites\/9\/2017\/02\/mucho-sue\u00f1o-demencia.jpg","type":"image\/jpeg"}],"author":"Raquel Pomares","twitter_card":"summary_large_image","twitter_misc":{"Written by":"Raquel Pomares","Est. reading time":"2 minutos"},"schema":{"@context":"https:\/\/schema.org","@graph":[{"@type":"Article","@id":"https:\/\/www.euroresidentes.com\/salud\/salud-hoy\/exceso-sueno-alzheimer\/#article","isPartOf":{"@id":"https:\/\/www.euroresidentes.com\/salud\/salud-hoy\/exceso-sueno-alzheimer\/"},"author":{"name":"Raquel Pomares","@id":"https:\/\/www.euroresidentes.com\/salud\/salud-hoy\/#\/schema\/person\/c0299534643677f2282b416ac1fe97f1"},"headline":"El exceso de sue\u00f1o podr\u00eda ser un s\u00edntoma temprano de Alzheimer","datePublished":"2017-02-23T11:20:38+00:00","dateModified":"2018-05-22T09:19:42+00:00","mainEntityOfPage":{"@id":"https:\/\/www.euroresidentes.com\/salud\/salud-hoy\/exceso-sueno-alzheimer\/"},"wordCount":461,"commentCount":0,"image":{"@id":"https:\/\/www.euroresidentes.com\/salud\/salud-hoy\/exceso-sueno-alzheimer\/#primaryimage"},"thumbnailUrl":"https:\/\/www.euroresidentes.com\/salud\/salud-hoy\/wp-content\/uploads\/sites\/9\/2017\/02\/mucho-sue\u00f1o-demencia.jpg","articleSection":["Alzheimer","Trastornos sue\u00f1o"],"inLanguage":"es","potentialAction":[{"@type":"CommentAction","name":"Comment","target":["https:\/\/www.euroresidentes.com\/salud\/salud-hoy\/exceso-sueno-alzheimer\/#respond"]}]},{"@type":"WebPage","@id":"https:\/\/www.euroresidentes.com\/salud\/salud-hoy\/exceso-sueno-alzheimer\/","url":"https:\/\/www.euroresidentes.com\/salud\/salud-hoy\/exceso-sueno-alzheimer\/","name":"El exceso de sue\u00f1o podr\u00eda ser un s\u00edntoma temprano de Alzheimer - Salud hoy","isPartOf":{"@id":"https:\/\/www.euroresidentes.com\/salud\/salud-hoy\/#website"},"primaryImageOfPage":{"@id":"https:\/\/www.euroresidentes.com\/salud\/salud-hoy\/exceso-sueno-alzheimer\/#primaryimage"},"image":{"@id":"https:\/\/www.euroresidentes.com\/salud\/salud-hoy\/exceso-sueno-alzheimer\/#primaryimage"},"thumbnailUrl":"https:\/\/www.euroresidentes.com\/salud\/salud-hoy\/wp-content\/uploads\/sites\/9\/2017\/02\/mucho-sue\u00f1o-demencia.jpg","datePublished":"2017-02-23T11:20:38+00:00","dateModified":"2018-05-22T09:19:42+00:00","author":{"@id":"https:\/\/www.euroresidentes.com\/salud\/salud-hoy\/#\/schema\/person\/c0299534643677f2282b416ac1fe97f1"},"description":"\u00bfTe cuesta salir de la cama cada ma\u00f1ana aunque has dormido muchas horas? Podr\u00eda ser un signo de demencia","breadcrumb":{"@id":"https:\/\/www.euroresidentes.com\/salud\/salud-hoy\/exceso-sueno-alzheimer\/#breadcrumb"},"inLanguage":"es","potentialAction":[{"@type":"ReadAction","target":["https:\/\/www.euroresidentes.com\/salud\/salud-hoy\/exceso-sueno-alzheimer\/"]}]},{"@type":"ImageObject","inLanguage":"es","@id":"https:\/\/www.euroresidentes.com\/salud\/salud-hoy\/exceso-sueno-alzheimer\/#primaryimage","url":"https:\/\/www.euroresidentes.com\/salud\/salud-hoy\/wp-content\/uploads\/sites\/9\/2017\/02\/mucho-sue\u00f1o-demencia.jpg","contentUrl":"https:\/\/www.euroresidentes.com\/salud\/salud-hoy\/wp-content\/uploads\/sites\/9\/2017\/02\/mucho-sue\u00f1o-demencia.jpg","width":700,"height":525,"caption":"Dormir mucho y demencia"},{"@type":"BreadcrumbList","@id":"https:\/\/www.euroresidentes.com\/salud\/salud-hoy\/exceso-sueno-alzheimer\/#breadcrumb","itemListElement":[{"@type":"ListItem","position":1,"name":"Portada","item":"https:\/\/www.euroresidentes.com\/salud\/salud-hoy\/"},{"@type":"ListItem","position":2,"name":"El exceso de sue\u00f1o podr\u00eda ser un s\u00edntoma temprano de Alzheimer"}]},{"@type":"WebSite","@id":"https:\/\/www.euroresidentes.com\/salud\/salud-hoy\/#website","url":"https:\/\/www.euroresidentes.com\/salud\/salud-hoy\/","name":"Salud hoy","description":"Salud hoy Euroresidentes","potentialAction":[{"@type":"SearchAction","target":{"@type":"EntryPoint","urlTemplate":"https:\/\/www.euroresidentes.com\/salud\/salud-hoy\/?s={search_term_string}"},"query-input":{"@type":"PropertyValueSpecification","valueRequired":true,"valueName":"search_term_string"}}],"inLanguage":"es"},{"@type":"Person","@id":"https:\/\/www.euroresidentes.com\/salud\/salud-hoy\/#\/schema\/person\/c0299534643677f2282b416ac1fe97f1","name":"Raquel Pomares","image":{"@type":"ImageObject","inLanguage":"es","@id":"https:\/\/www.euroresidentes.com\/salud\/salud-hoy\/#\/schema\/person\/image\/","url":"https:\/\/www.euroresidentes.com\/salud\/salud-hoy\/wp-content\/uploads\/sites\/9\/2016\/09\/raquel-pomares-150x150.jpg","contentUrl":"https:\/\/www.euroresidentes.com\/salud\/salud-hoy\/wp-content\/uploads\/sites\/9\/2016\/09\/raquel-pomares-150x150.jpg","caption":"Raquel Pomares"},"description":"Raquel PomaresBi\u00f3loga, doctora y divulgadora cient\u00edfica especializada en temas de salud.","sameAs":["https:\/\/www.euroresidentes.com\/salud\/raquel-pomares.html"],"url":"https:\/\/www.euroresidentes.com\/salud\/salud-hoy\/author\/raquel\/"}]}},"_links":{"self":[{"href":"https:\/\/www.euroresidentes.com\/salud\/salud-hoy\/wp-json\/wp\/v2\/posts\/4626","targetHints":{"allow":["GET"]}}],"collection":[{"href":"https:\/\/www.euroresidentes.com\/salud\/salud-hoy\/wp-json\/wp\/v2\/posts"}],"about":[{"href":"https:\/\/www.euroresidentes.com\/salud\/salud-hoy\/wp-json\/wp\/v2\/types\/post"}],"author":[{"embeddable":true,"href":"https:\/\/www.euroresidentes.com\/salud\/salud-hoy\/wp-json\/wp\/v2\/users\/2"}],"replies":[{"embeddable":true,"href":"https:\/\/www.euroresidentes.com\/salud\/salud-hoy\/wp-json\/wp\/v2\/comments?post=4626"}],"version-history":[{"count":12,"href":"https:\/\/www.euroresidentes.com\/salud\/salud-hoy\/wp-json\/wp\/v2\/posts\/4626\/revisions"}],"predecessor-version":[{"id":4640,"href":"https:\/\/www.euroresidentes.com\/salud\/salud-hoy\/wp-json\/wp\/v2\/posts\/4626\/revisions\/4640"}],"wp:featuredmedia":[{"embeddable":true,"href":"https:\/\/www.euroresidentes.com\/salud\/salud-hoy\/wp-json\/wp\/v2\/media\/4630"}],"wp:attachment":[{"href":"https:\/\/www.euroresidentes.com\/salud\/salud-hoy\/wp-json\/wp\/v2\/media?parent=4626"}],"wp:term":[{"taxonomy":"category","embeddable":true,"href":"https:\/\/www.euroresidentes.com\/salud\/salud-hoy\/wp-json\/wp\/v2\/categories?post=4626"},{"taxonomy":"post_tag","embeddable":true,"href":"https:\/\/www.euroresidentes.com\/salud\/salud-hoy\/wp-json\/wp\/v2\/tags?post=4626"}],"curies":[{"name":"wp","href":"https:\/\/api.w.org\/{rel}","templated":true}]}}