 

{"id":2075,"date":"2016-05-06T13:28:00","date_gmt":"2016-05-06T11:28:00","guid":{"rendered":"https:\/\/www.euroresidentes.com\/salud\/salud-hoy\/omega-3-y-envejecimiento"},"modified":"2020-04-08T20:01:29","modified_gmt":"2020-04-08T18:01:29","slug":"omega-3-y-envejecimiento","status":"publish","type":"post","link":"https:\/\/www.euroresidentes.com\/salud\/salud-hoy\/omega-3-y-envejecimiento\/","title":{"rendered":"Omega 3 para frenar el envejecimiento"},"content":{"rendered":"<h3 style=\"text-align: justify;\">Una dieta rica en\u00a0\u00e1cidos grasos omega-3 podr\u00eda frenar el envejecimiento del cerebro en casi 2 a\u00f1os.<\/h3>\n<p style=\"text-align: justify;\">Los omega-3 son \u00e1cidos grasos esenciales que se encuentran en alta proporci\u00f3n en alimentos como el <strong>pescado azul<\/strong> o las <strong>nueces<\/strong>.<\/p>\n<p style=\"text-align: justify;\">Con el paso de los a\u00f1os nuestro cerebro va perdiendo volumen, y esta p\u00e9rdida es mucho m\u00e1s acusada en patolog\u00edas como el Alzh\u00e9imer.\u00a0<\/p>\n<p style=\"text-align: justify;\">Un nuevo estudio ha encontrado que unos<strong> bajos niveles de \u00e1cidos omega-3<\/strong> en sangre est\u00e1n asociados con <strong>menores vol\u00famenes cerebrales<\/strong> y con un <strong>peor rendimiento cognitivo<\/strong>. Tambi\u00e9n parece que se reduce la capacidad de pensamiento abstracto y de recordar algunas cosas.<\/p>\n<div class=\"separator\" style=\"clear: both; text-align: center;\"><a href=\"https:\/\/www.euroresidentes.com\/salud\/salud-hoy\/wp-content\/uploads\/sites\/9\/2012\/02\/omega3-envejecimiento-euroresidentes.jpg\"><img loading=\"lazy\" decoding=\"async\" class=\"aligncenter size-full wp-image-3159\" src=\"https:\/\/www.euroresidentes.com\/salud\/salud-hoy\/wp-content\/uploads\/sites\/9\/2012\/02\/omega3-envejecimiento-euroresidentes.jpg\" alt=\"omega3-envejecimiento-euroresidentes\" width=\"700\" height=\"525\" srcset=\"https:\/\/www.euroresidentes.com\/salud\/salud-hoy\/wp-content\/uploads\/sites\/9\/2012\/02\/omega3-envejecimiento-euroresidentes.jpg 700w, https:\/\/www.euroresidentes.com\/salud\/salud-hoy\/wp-content\/uploads\/sites\/9\/2012\/02\/omega3-envejecimiento-euroresidentes-300x225.jpg 300w\" sizes=\"auto, (max-width: 700px) 100vw, 700px\" \/><\/a><\/div>\n<div class=\"MsoNormal\" style=\"text-align: justify;\">\u00a0<\/div>\n<div class=\"MsoNormal\" style=\"text-align: justify;\">\n<h3><strong>Niveles bajos de omega-3 aceleran el envejecimiento casi en 2 a\u00f1os.<\/strong><\/h3>\n<\/div>\n<div class=\"MsoNormal\" style=\"text-align: justify;\">Ahora un estudio\u00a0publicado recientemente en la revista <a href=\"http:\/\/www.neurology.org\/content\/78\/9\/658.abstract?sid=f4a8a226-02f2-4077-a18d-7e5a1293f86a\">Neurology<\/a>, sugieren que las personas con<strong> bajos niveles de omega 3\u00a0<\/strong>tienen cerebros que parecen haber <strong>envejecido m\u00e1s r\u00e1pido<\/strong> de lo normal.<\/div>\n<div class=\"MsoNormal\" style=\"text-align: justify;\">Unos<strong>\u00a0bajos niveles<\/strong> en sangre de\u00a0<strong>\u00e1cidos grasos omega-3<\/strong> se asociaron con marcadores de envejecimiento estructural y cognitivo acelerado, equivalentes a cerca de<strong>\u00a02 a\u00f1os de envejecimiento cerebral<\/strong>.\u00a0<\/div>\n<div class=\"MsoNormal\" style=\"text-align: justify;\">En el estudio se analizaron dos \u00e1cidos grasos omega-3:\u00a0el <strong>\u00e1cido docosahexaenoico\u00a0<\/strong>(DHA) y el<strong> \u00e1cido<\/strong>\u00a0<strong>eicosapentaenoico<\/strong> (EPA).<\/div>\n<div class=\"MsoNormal\" style=\"text-align: justify;\">Se encontr\u00f3 que unos bajos niveles de\u00a0DHA estaba asociado\u00a0con <strong>vol\u00famenes cerebrales m\u00e1s peque\u00f1os<\/strong> y un patr\u00f3n \u00abvascular\u00bb del <strong>deterioro cognitivo<\/strong>, incluso en personas libres de demencia cl\u00ednica.\u00a0<\/p>\n<p>Mientras que unos niveles altos de omega-3 en sangre est\u00e1n relacionados\u00a0con una menor p\u00e9rdida de volumen cerebral. Lo que significa que el cerebro envejece m\u00e1s lentamente.<\/p>\n<\/div>\n<div class=\"MsoNormal\" style=\"text-align: justify;\"><img loading=\"lazy\" decoding=\"async\" class=\"aligncenter\" title=\"Omega 3 y envejecimiento\" src=\"https:\/\/www.euroresidentes.com\/salud\/salud-hoy\/wp-content\/uploads\/sites\/9\/2012\/02\/889185_25266712.jpg\" alt=\"Omega 3 y envejecimiento\" width=\"362\" height=\"272\" border=\"0\" \/><\/div>\n<div class=\"MsoNormal\" style=\"text-align: justify;\">\u00a0<\/div>\n<div class=\"MsoNormal\" style=\"text-align: justify;\">Tan ZS, Harris WS, Beiser AS, Au R, Himali JJ, Debette S, Pikula A, y col (2012). Neurology. <a href=\"http:\/\/www.neurology.org\/content\/78\/9\/658.abstract?sid=f4a8a226-02f2-4077-a18d-7e5a1293f86a\">M\u00e1s informaci\u00f3n<\/a>.\u00a0<\/p>\n<div style=\"color: black;\"><b>Seguir leyendo:<\/b><\/p>\n<ul>\n<li><a href=\"http:\/\/salud-hoy.euroresidentes.com\/2012\/04\/omega-3-y-esclerosis-multiple.html\" target=\"_blank\" rel=\"noopener\">Omega 3 y esclerosis m\u00faltiple<\/a><\/li>\n<li><a href=\"https:\/\/www.euroresidentes.com\/salud\/como-tomar-omega-3-que-necesitamos-cada-dia\/\">Vidalim: la forma m\u00e1s facil de tomar el omega 3 que necesitas a diario<\/a><\/li>\n<li><a href=\"http:\/\/www.euroresidentes.com\/salud\/longevidad\/como-envejecer.htm\" target=\"_blank\" rel=\"noopener\">Como envejecer<\/a><\/li>\n<li><a href=\"http:\/\/envejecer.euroresidentes.com\/\" target=\"_blank\" rel=\"noopener\">Blog de Envejecer<\/a><\/li>\n<li><a href=\"http:\/\/salud-hoy.euroresidentes.com\/2012\/10\/nueva-terapia-contra-el-envejecimiento.html\" target=\"_blank\" rel=\"noopener\">Nueva terapia contra el envejecimiento<\/a><\/li>\n<li><a href=\"http:\/\/salud-hoy.euroresidentes.com\/2012\/01\/por-que-la-inteligencia-de-algunas.html\" target=\"_blank\" rel=\"noopener\">Inteligencia y envejecimiento<\/a><\/li>\n<li><a href=\"http:\/\/salud-hoy.euroresidentes.com\/2012\/03\/envejecimiento-y-frutos-rojos.html\" target=\"_blank\" rel=\"noopener\">Envejecimiento y frutos rojos<\/a><\/li>\n<li><a href=\"http:\/\/salud-hoy.euroresidentes.com\/2012\/11\/como-mantener-el-cerebro-en-forma.html\" target=\"_blank\" rel=\"noopener\">C\u00f3mo mantener el cerebro en forma durante el envejecimiento<\/a><\/li>\n<\/ul>\n<\/div>\n<\/div>\n","protected":false},"excerpt":{"rendered":"<p>Una dieta rica en\u00a0\u00e1cidos grasos omega-3 podr\u00eda frenar el envejecimiento del cerebro en casi 2 a\u00f1os. Los omega-3 son \u00e1cidos grasos esenciales que se encuentran en alta proporci\u00f3n en alimentos como el pescado azul o las nueces. Con el paso de los a\u00f1os nuestro cerebro va perdiendo volumen, y esta p\u00e9rdida es mucho m\u00e1s acusada en patolog\u00edas como el Alzh\u00e9imer.\u00a0 Un nuevo estudio ha encontrado que unos bajos niveles de \u00e1cidos omega-3 en sangre est\u00e1n asociados con menores vol\u00famenes cerebrales y con un peor rendimiento cognitivo. Tambi\u00e9n parece que se reduce la capacidad de pensamiento abstracto y de recordar algunas <\/p>\n","protected":false},"author":2,"featured_media":3159,"comment_status":"open","ping_status":"open","sticky":false,"template":"","format":"standard","meta":{"footnotes":""},"categories":[13],"tags":[],"class_list":["post-2075","post","type-post","status-publish","format-standard","has-post-thumbnail","hentry","category-envejecimiento","has_thumb"],"yoast_head":"<!-- This site is optimized with the Yoast SEO plugin v26.8 - https:\/\/yoast.com\/product\/yoast-seo-wordpress\/ -->\n<title>Omega 3 para frenar el envejecimiento - Salud hoy<\/title>\n<meta name=\"robots\" content=\"index, follow, max-snippet:-1, max-image-preview:large, max-video-preview:-1\" \/>\n<link rel=\"canonical\" href=\"https:\/\/www.euroresidentes.com\/salud\/salud-hoy\/omega-3-y-envejecimiento\/\" \/>\n<meta property=\"og:locale\" content=\"es_ES\" \/>\n<meta property=\"og:type\" content=\"article\" \/>\n<meta property=\"og:title\" content=\"Omega 3 para frenar el envejecimiento - Salud hoy\" \/>\n<meta property=\"og:description\" content=\"Una dieta rica en\u00a0\u00e1cidos grasos omega-3 podr\u00eda frenar el envejecimiento del cerebro en casi 2 a\u00f1os. Los omega-3 son \u00e1cidos grasos esenciales que se encuentran en alta proporci\u00f3n en alimentos como el pescado azul o las nueces. Con el paso de los a\u00f1os nuestro cerebro va perdiendo volumen, y esta p\u00e9rdida es mucho m\u00e1s acusada en patolog\u00edas como el Alzh\u00e9imer.\u00a0 Un nuevo estudio ha encontrado que unos bajos niveles de \u00e1cidos omega-3 en sangre est\u00e1n asociados con menores vol\u00famenes cerebrales y con un peor rendimiento cognitivo. Tambi\u00e9n parece que se reduce la capacidad de pensamiento abstracto y de recordar algunas\" \/>\n<meta property=\"og:url\" content=\"https:\/\/www.euroresidentes.com\/salud\/salud-hoy\/omega-3-y-envejecimiento\/\" \/>\n<meta property=\"og:site_name\" content=\"Salud hoy\" \/>\n<meta property=\"article:publisher\" content=\"https:\/\/www.facebook.com\/Salud-Euroresidentes-399995783365932\/\" \/>\n<meta property=\"article:published_time\" content=\"2016-05-06T11:28:00+00:00\" \/>\n<meta property=\"article:modified_time\" content=\"2020-04-08T18:01:29+00:00\" \/>\n<meta property=\"og:image\" content=\"https:\/\/www.euroresidentes.com\/salud\/salud-hoy\/wp-content\/uploads\/sites\/9\/2012\/02\/omega3-envejecimiento-euroresidentes.jpg\" \/>\n\t<meta property=\"og:image:width\" content=\"700\" \/>\n\t<meta property=\"og:image:height\" content=\"525\" \/>\n\t<meta property=\"og:image:type\" content=\"image\/jpeg\" \/>\n<meta name=\"author\" content=\"Raquel Pomares\" \/>\n<meta name=\"twitter:card\" content=\"summary_large_image\" \/>\n<meta name=\"twitter:label1\" content=\"Written by\" \/>\n\t<meta name=\"twitter:data1\" content=\"Raquel Pomares\" \/>\n\t<meta name=\"twitter:label2\" content=\"Est. reading time\" \/>\n\t<meta name=\"twitter:data2\" content=\"2 minutos\" \/>\n<script type=\"application\/ld+json\" class=\"yoast-schema-graph\">{\"@context\":\"https:\/\/schema.org\",\"@graph\":[{\"@type\":\"Article\",\"@id\":\"https:\/\/www.euroresidentes.com\/salud\/salud-hoy\/omega-3-y-envejecimiento\/#article\",\"isPartOf\":{\"@id\":\"https:\/\/www.euroresidentes.com\/salud\/salud-hoy\/omega-3-y-envejecimiento\/\"},\"author\":{\"name\":\"Raquel Pomares\",\"@id\":\"https:\/\/www.euroresidentes.com\/salud\/salud-hoy\/#\/schema\/person\/c0299534643677f2282b416ac1fe97f1\"},\"headline\":\"Omega 3 para frenar el envejecimiento\",\"datePublished\":\"2016-05-06T11:28:00+00:00\",\"dateModified\":\"2020-04-08T18:01:29+00:00\",\"mainEntityOfPage\":{\"@id\":\"https:\/\/www.euroresidentes.com\/salud\/salud-hoy\/omega-3-y-envejecimiento\/\"},\"wordCount\":338,\"commentCount\":3,\"image\":{\"@id\":\"https:\/\/www.euroresidentes.com\/salud\/salud-hoy\/omega-3-y-envejecimiento\/#primaryimage\"},\"thumbnailUrl\":\"https:\/\/www.euroresidentes.com\/salud\/salud-hoy\/wp-content\/uploads\/sites\/9\/2012\/02\/omega3-envejecimiento-euroresidentes.jpg\",\"articleSection\":[\"Envejecimiento\"],\"inLanguage\":\"es\",\"potentialAction\":[{\"@type\":\"CommentAction\",\"name\":\"Comment\",\"target\":[\"https:\/\/www.euroresidentes.com\/salud\/salud-hoy\/omega-3-y-envejecimiento\/#respond\"]}]},{\"@type\":\"WebPage\",\"@id\":\"https:\/\/www.euroresidentes.com\/salud\/salud-hoy\/omega-3-y-envejecimiento\/\",\"url\":\"https:\/\/www.euroresidentes.com\/salud\/salud-hoy\/omega-3-y-envejecimiento\/\",\"name\":\"Omega 3 para frenar el envejecimiento - Salud hoy\",\"isPartOf\":{\"@id\":\"https:\/\/www.euroresidentes.com\/salud\/salud-hoy\/#website\"},\"primaryImageOfPage\":{\"@id\":\"https:\/\/www.euroresidentes.com\/salud\/salud-hoy\/omega-3-y-envejecimiento\/#primaryimage\"},\"image\":{\"@id\":\"https:\/\/www.euroresidentes.com\/salud\/salud-hoy\/omega-3-y-envejecimiento\/#primaryimage\"},\"thumbnailUrl\":\"https:\/\/www.euroresidentes.com\/salud\/salud-hoy\/wp-content\/uploads\/sites\/9\/2012\/02\/omega3-envejecimiento-euroresidentes.jpg\",\"datePublished\":\"2016-05-06T11:28:00+00:00\",\"dateModified\":\"2020-04-08T18:01:29+00:00\",\"author\":{\"@id\":\"https:\/\/www.euroresidentes.com\/salud\/salud-hoy\/#\/schema\/person\/c0299534643677f2282b416ac1fe97f1\"},\"breadcrumb\":{\"@id\":\"https:\/\/www.euroresidentes.com\/salud\/salud-hoy\/omega-3-y-envejecimiento\/#breadcrumb\"},\"inLanguage\":\"es\",\"potentialAction\":[{\"@type\":\"ReadAction\",\"target\":[\"https:\/\/www.euroresidentes.com\/salud\/salud-hoy\/omega-3-y-envejecimiento\/\"]}]},{\"@type\":\"ImageObject\",\"inLanguage\":\"es\",\"@id\":\"https:\/\/www.euroresidentes.com\/salud\/salud-hoy\/omega-3-y-envejecimiento\/#primaryimage\",\"url\":\"https:\/\/www.euroresidentes.com\/salud\/salud-hoy\/wp-content\/uploads\/sites\/9\/2012\/02\/omega3-envejecimiento-euroresidentes.jpg\",\"contentUrl\":\"https:\/\/www.euroresidentes.com\/salud\/salud-hoy\/wp-content\/uploads\/sites\/9\/2012\/02\/omega3-envejecimiento-euroresidentes.jpg\",\"width\":700,\"height\":525,\"caption\":\"omega3-envejecimiento-euroresidentes\"},{\"@type\":\"BreadcrumbList\",\"@id\":\"https:\/\/www.euroresidentes.com\/salud\/salud-hoy\/omega-3-y-envejecimiento\/#breadcrumb\",\"itemListElement\":[{\"@type\":\"ListItem\",\"position\":1,\"name\":\"Portada\",\"item\":\"https:\/\/www.euroresidentes.com\/salud\/salud-hoy\/\"},{\"@type\":\"ListItem\",\"position\":2,\"name\":\"Omega 3 para frenar el envejecimiento\"}]},{\"@type\":\"WebSite\",\"@id\":\"https:\/\/www.euroresidentes.com\/salud\/salud-hoy\/#website\",\"url\":\"https:\/\/www.euroresidentes.com\/salud\/salud-hoy\/\",\"name\":\"Salud hoy\",\"description\":\"Salud hoy Euroresidentes\",\"potentialAction\":[{\"@type\":\"SearchAction\",\"target\":{\"@type\":\"EntryPoint\",\"urlTemplate\":\"https:\/\/www.euroresidentes.com\/salud\/salud-hoy\/?s={search_term_string}\"},\"query-input\":{\"@type\":\"PropertyValueSpecification\",\"valueRequired\":true,\"valueName\":\"search_term_string\"}}],\"inLanguage\":\"es\"},{\"@type\":\"Person\",\"@id\":\"https:\/\/www.euroresidentes.com\/salud\/salud-hoy\/#\/schema\/person\/c0299534643677f2282b416ac1fe97f1\",\"name\":\"Raquel Pomares\",\"image\":{\"@type\":\"ImageObject\",\"inLanguage\":\"es\",\"@id\":\"https:\/\/www.euroresidentes.com\/salud\/salud-hoy\/#\/schema\/person\/image\/\",\"url\":\"https:\/\/www.euroresidentes.com\/salud\/salud-hoy\/wp-content\/uploads\/sites\/9\/2016\/09\/raquel-pomares-150x150.jpg\",\"contentUrl\":\"https:\/\/www.euroresidentes.com\/salud\/salud-hoy\/wp-content\/uploads\/sites\/9\/2016\/09\/raquel-pomares-150x150.jpg\",\"caption\":\"Raquel Pomares\"},\"description\":\"Raquel PomaresBi\u00f3loga, doctora y divulgadora cient\u00edfica especializada en temas de salud.\",\"sameAs\":[\"https:\/\/www.euroresidentes.com\/salud\/raquel-pomares.html\"],\"url\":\"https:\/\/www.euroresidentes.com\/salud\/salud-hoy\/author\/raquel\/\"}]}<\/script>\n<!-- \/ Yoast SEO plugin. -->","yoast_head_json":{"title":"Omega 3 para frenar el envejecimiento - Salud hoy","robots":{"index":"index","follow":"follow","max-snippet":"max-snippet:-1","max-image-preview":"max-image-preview:large","max-video-preview":"max-video-preview:-1"},"canonical":"https:\/\/www.euroresidentes.com\/salud\/salud-hoy\/omega-3-y-envejecimiento\/","og_locale":"es_ES","og_type":"article","og_title":"Omega 3 para frenar el envejecimiento - Salud hoy","og_description":"Una dieta rica en\u00a0\u00e1cidos grasos omega-3 podr\u00eda frenar el envejecimiento del cerebro en casi 2 a\u00f1os. Los omega-3 son \u00e1cidos grasos esenciales que se encuentran en alta proporci\u00f3n en alimentos como el pescado azul o las nueces. Con el paso de los a\u00f1os nuestro cerebro va perdiendo volumen, y esta p\u00e9rdida es mucho m\u00e1s acusada en patolog\u00edas como el Alzh\u00e9imer.\u00a0 Un nuevo estudio ha encontrado que unos bajos niveles de \u00e1cidos omega-3 en sangre est\u00e1n asociados con menores vol\u00famenes cerebrales y con un peor rendimiento cognitivo. Tambi\u00e9n parece que se reduce la capacidad de pensamiento abstracto y de recordar algunas","og_url":"https:\/\/www.euroresidentes.com\/salud\/salud-hoy\/omega-3-y-envejecimiento\/","og_site_name":"Salud hoy","article_publisher":"https:\/\/www.facebook.com\/Salud-Euroresidentes-399995783365932\/","article_published_time":"2016-05-06T11:28:00+00:00","article_modified_time":"2020-04-08T18:01:29+00:00","og_image":[{"width":700,"height":525,"url":"https:\/\/www.euroresidentes.com\/salud\/salud-hoy\/wp-content\/uploads\/sites\/9\/2012\/02\/omega3-envejecimiento-euroresidentes.jpg","type":"image\/jpeg"}],"author":"Raquel Pomares","twitter_card":"summary_large_image","twitter_misc":{"Written by":"Raquel Pomares","Est. reading time":"2 minutos"},"schema":{"@context":"https:\/\/schema.org","@graph":[{"@type":"Article","@id":"https:\/\/www.euroresidentes.com\/salud\/salud-hoy\/omega-3-y-envejecimiento\/#article","isPartOf":{"@id":"https:\/\/www.euroresidentes.com\/salud\/salud-hoy\/omega-3-y-envejecimiento\/"},"author":{"name":"Raquel Pomares","@id":"https:\/\/www.euroresidentes.com\/salud\/salud-hoy\/#\/schema\/person\/c0299534643677f2282b416ac1fe97f1"},"headline":"Omega 3 para frenar el envejecimiento","datePublished":"2016-05-06T11:28:00+00:00","dateModified":"2020-04-08T18:01:29+00:00","mainEntityOfPage":{"@id":"https:\/\/www.euroresidentes.com\/salud\/salud-hoy\/omega-3-y-envejecimiento\/"},"wordCount":338,"commentCount":3,"image":{"@id":"https:\/\/www.euroresidentes.com\/salud\/salud-hoy\/omega-3-y-envejecimiento\/#primaryimage"},"thumbnailUrl":"https:\/\/www.euroresidentes.com\/salud\/salud-hoy\/wp-content\/uploads\/sites\/9\/2012\/02\/omega3-envejecimiento-euroresidentes.jpg","articleSection":["Envejecimiento"],"inLanguage":"es","potentialAction":[{"@type":"CommentAction","name":"Comment","target":["https:\/\/www.euroresidentes.com\/salud\/salud-hoy\/omega-3-y-envejecimiento\/#respond"]}]},{"@type":"WebPage","@id":"https:\/\/www.euroresidentes.com\/salud\/salud-hoy\/omega-3-y-envejecimiento\/","url":"https:\/\/www.euroresidentes.com\/salud\/salud-hoy\/omega-3-y-envejecimiento\/","name":"Omega 3 para frenar el envejecimiento - Salud hoy","isPartOf":{"@id":"https:\/\/www.euroresidentes.com\/salud\/salud-hoy\/#website"},"primaryImageOfPage":{"@id":"https:\/\/www.euroresidentes.com\/salud\/salud-hoy\/omega-3-y-envejecimiento\/#primaryimage"},"image":{"@id":"https:\/\/www.euroresidentes.com\/salud\/salud-hoy\/omega-3-y-envejecimiento\/#primaryimage"},"thumbnailUrl":"https:\/\/www.euroresidentes.com\/salud\/salud-hoy\/wp-content\/uploads\/sites\/9\/2012\/02\/omega3-envejecimiento-euroresidentes.jpg","datePublished":"2016-05-06T11:28:00+00:00","dateModified":"2020-04-08T18:01:29+00:00","author":{"@id":"https:\/\/www.euroresidentes.com\/salud\/salud-hoy\/#\/schema\/person\/c0299534643677f2282b416ac1fe97f1"},"breadcrumb":{"@id":"https:\/\/www.euroresidentes.com\/salud\/salud-hoy\/omega-3-y-envejecimiento\/#breadcrumb"},"inLanguage":"es","potentialAction":[{"@type":"ReadAction","target":["https:\/\/www.euroresidentes.com\/salud\/salud-hoy\/omega-3-y-envejecimiento\/"]}]},{"@type":"ImageObject","inLanguage":"es","@id":"https:\/\/www.euroresidentes.com\/salud\/salud-hoy\/omega-3-y-envejecimiento\/#primaryimage","url":"https:\/\/www.euroresidentes.com\/salud\/salud-hoy\/wp-content\/uploads\/sites\/9\/2012\/02\/omega3-envejecimiento-euroresidentes.jpg","contentUrl":"https:\/\/www.euroresidentes.com\/salud\/salud-hoy\/wp-content\/uploads\/sites\/9\/2012\/02\/omega3-envejecimiento-euroresidentes.jpg","width":700,"height":525,"caption":"omega3-envejecimiento-euroresidentes"},{"@type":"BreadcrumbList","@id":"https:\/\/www.euroresidentes.com\/salud\/salud-hoy\/omega-3-y-envejecimiento\/#breadcrumb","itemListElement":[{"@type":"ListItem","position":1,"name":"Portada","item":"https:\/\/www.euroresidentes.com\/salud\/salud-hoy\/"},{"@type":"ListItem","position":2,"name":"Omega 3 para frenar el envejecimiento"}]},{"@type":"WebSite","@id":"https:\/\/www.euroresidentes.com\/salud\/salud-hoy\/#website","url":"https:\/\/www.euroresidentes.com\/salud\/salud-hoy\/","name":"Salud hoy","description":"Salud hoy Euroresidentes","potentialAction":[{"@type":"SearchAction","target":{"@type":"EntryPoint","urlTemplate":"https:\/\/www.euroresidentes.com\/salud\/salud-hoy\/?s={search_term_string}"},"query-input":{"@type":"PropertyValueSpecification","valueRequired":true,"valueName":"search_term_string"}}],"inLanguage":"es"},{"@type":"Person","@id":"https:\/\/www.euroresidentes.com\/salud\/salud-hoy\/#\/schema\/person\/c0299534643677f2282b416ac1fe97f1","name":"Raquel Pomares","image":{"@type":"ImageObject","inLanguage":"es","@id":"https:\/\/www.euroresidentes.com\/salud\/salud-hoy\/#\/schema\/person\/image\/","url":"https:\/\/www.euroresidentes.com\/salud\/salud-hoy\/wp-content\/uploads\/sites\/9\/2016\/09\/raquel-pomares-150x150.jpg","contentUrl":"https:\/\/www.euroresidentes.com\/salud\/salud-hoy\/wp-content\/uploads\/sites\/9\/2016\/09\/raquel-pomares-150x150.jpg","caption":"Raquel Pomares"},"description":"Raquel PomaresBi\u00f3loga, doctora y divulgadora cient\u00edfica especializada en temas de salud.","sameAs":["https:\/\/www.euroresidentes.com\/salud\/raquel-pomares.html"],"url":"https:\/\/www.euroresidentes.com\/salud\/salud-hoy\/author\/raquel\/"}]}},"_links":{"self":[{"href":"https:\/\/www.euroresidentes.com\/salud\/salud-hoy\/wp-json\/wp\/v2\/posts\/2075","targetHints":{"allow":["GET"]}}],"collection":[{"href":"https:\/\/www.euroresidentes.com\/salud\/salud-hoy\/wp-json\/wp\/v2\/posts"}],"about":[{"href":"https:\/\/www.euroresidentes.com\/salud\/salud-hoy\/wp-json\/wp\/v2\/types\/post"}],"author":[{"embeddable":true,"href":"https:\/\/www.euroresidentes.com\/salud\/salud-hoy\/wp-json\/wp\/v2\/users\/2"}],"replies":[{"embeddable":true,"href":"https:\/\/www.euroresidentes.com\/salud\/salud-hoy\/wp-json\/wp\/v2\/comments?post=2075"}],"version-history":[{"count":11,"href":"https:\/\/www.euroresidentes.com\/salud\/salud-hoy\/wp-json\/wp\/v2\/posts\/2075\/revisions"}],"predecessor-version":[{"id":5431,"href":"https:\/\/www.euroresidentes.com\/salud\/salud-hoy\/wp-json\/wp\/v2\/posts\/2075\/revisions\/5431"}],"wp:featuredmedia":[{"embeddable":true,"href":"https:\/\/www.euroresidentes.com\/salud\/salud-hoy\/wp-json\/wp\/v2\/media\/3159"}],"wp:attachment":[{"href":"https:\/\/www.euroresidentes.com\/salud\/salud-hoy\/wp-json\/wp\/v2\/media?parent=2075"}],"wp:term":[{"taxonomy":"category","embeddable":true,"href":"https:\/\/www.euroresidentes.com\/salud\/salud-hoy\/wp-json\/wp\/v2\/categories?post=2075"},{"taxonomy":"post_tag","embeddable":true,"href":"https:\/\/www.euroresidentes.com\/salud\/salud-hoy\/wp-json\/wp\/v2\/tags?post=2075"}],"curies":[{"name":"wp","href":"https:\/\/api.w.org\/{rel}","templated":true}]}}