 

{"id":2071,"date":"2012-03-04T10:24:00","date_gmt":"2012-03-04T10:24:00","guid":{"rendered":"https:\/\/www.euroresidentes.com\/salud\/salud-hoy\/vitamina-y-melanoma"},"modified":"2018-02-26T10:25:16","modified_gmt":"2018-02-26T09:25:16","slug":"vitamina-y-melanoma","status":"publish","type":"post","link":"https:\/\/www.euroresidentes.com\/salud\/salud-hoy\/vitamina-y-melanoma\/","title":{"rendered":"Vitamina A y melanoma"},"content":{"rendered":"<h3>La vitamina A podr\u00eda reducir el riesgo de desarrollar melanoma<\/h3>\n<div class=\"MsoNormal\" style=\"text-align: left;\">Los resultados de un estudio, publicado en la revista Journal of Investigative Dermatology, muestran que tomar complementos de vitamina A (retinol) se asocia con una r<strong>educci\u00f3n del 40% en el riesgo de desarrollar melanoma<\/strong>.<\/div>\n<p><!-- inserta publi --><\/p>\n<div class=\"MsoNormal\" style=\"text-align: left;\">Los resultados del estudio tambi\u00e9n muestran que el efecto protector de la vitamina A es m\u00e1s potente en las mujeres y en \u00e1reas de la piel expuestas al sol.<\/div>\n<div class=\"MsoNormal\" style=\"text-align: left;\">\u00a0<\/div>\n<div class=\"MsoNormal\" style=\"text-align: left;\">El retinol se halla en alimentos como el h\u00edgado, los huevos y la leche, y parece tener un efecto sobre la diferenciaci\u00f3n y el crecimiento celular.<\/div>\n<div class=\"MsoNormal\" style=\"text-align: left;\">\u00a0<\/div>\n<div class=\"MsoNormal\" style=\"text-align: left;\"><img loading=\"lazy\" decoding=\"async\" class=\"aligncenter\" title=\"Vitamina A y melanoma\" src=\"https:\/\/www.euroresidentes.com\/salud\/salud-hoy\/wp-content\/uploads\/sites\/9\/2012\/03\/963070_50239261.jpg\" alt=\"Vitamina A y melanoma\" width=\"640\" height=\"360\" border=\"0\" \/><\/div>\n<div class=\"MsoNormal\" style=\"text-align: justify;\">\u00a0<\/div>\n<div class=\"MsoNormal\" style=\"text-align: left;\">Investigaciones previas realizadas en ratones han hallado que <strong>el retinol pueden reducir el tama\u00f1o de los tumores y alargar la supervivencia en pacientes con melanoma<\/strong>.<\/div>\n<p><!-- inserta publi 2 --><\/p>\n<div class=\"MsoNormal\" style=\"text-align: left;\"><strong>Sin embargo<\/strong>, aunque los complementos con retinol podr\u00edan ser un agente de protecci\u00f3n contra el melanoma, <strong>un exceso puede provocar efectos secundarios graves<\/strong>, como defectos cong\u00e9nitos, anomal\u00edas hep\u00e1ticas, una menor densidad mineral \u00f3sea y problemas mentales.<\/div>\n<div class=\"MsoNormal\" style=\"text-align: justify;\">\u00a0<\/div>\n<div class=\"MsoNormal\" style=\"text-align: justify;\">Asgari MM, Brasky TM y White E. (2012) Journal of Investigative Dermatology. <a href=\"http:\/\/www.nature.com\/jid\/journal\/vaop\/ncurrent\/full\/jid201221a.html\">Online<\/a>.<\/div>\n<div class=\"MsoNormal\" style=\"text-align: justify;\">\u00a0<\/div>\n<div class=\"MsoNormal\" style=\"text-align: justify;\">\u00a0<\/div>\n<div class=\"MsoNormal\" style=\"text-align: justify;\"><strong>Lecturas relacionadas:<\/strong><\/div>\n<ul>\n<li class=\"MsoNormal\" style=\"text-align: justify;\"><a href=\"https:\/\/www.euroresidentes.com\/salud\/salud-hoy\/jovenes-y-melanoma\">El melanoma aumenta entre los m\u00e1s j\u00f3venes<\/a><\/li>\n<li class=\"MsoNormal\" style=\"text-align: justify;\"><a href=\"https:\/\/www.euroresidentes.com\/estilo-de-vida\/moda-estilo\/prepara-tu-piel-para-el-sol-6-cosas-que\">Prepara tu piel para el sol: 6 consejos para lucir un moreno perfecto<\/a><\/li>\n<li class=\"MsoNormal\" style=\"text-align: justify;\"><a href=\"https:\/\/www.euroresidentes.com\/hogar\/consejos-trucos-remedios\/como-tratar-quemaduras-del-sol-el-mejor\">Remedios naturales para las quemaduras del sol<\/a><\/li>\n<\/ul>\n<div class=\"MsoNormal\" style=\"text-align: justify;\">\u00a0<\/div>\n","protected":false},"excerpt":{"rendered":"<p>La vitamina A podr\u00eda reducir el riesgo de desarrollar melanoma Los resultados de un estudio, publicado en la revista Journal of Investigative Dermatology, muestran que tomar complementos de vitamina A (retinol) se asocia con una reducci\u00f3n del 40% en el riesgo de desarrollar melanoma. Los resultados del estudio tambi\u00e9n muestran que el efecto protector de la vitamina A es m\u00e1s potente en las mujeres y en \u00e1reas de la piel expuestas al sol. \u00a0 El retinol se halla en alimentos como el h\u00edgado, los huevos y la leche, y parece tener un efecto sobre la diferenciaci\u00f3n y el crecimiento celular. <\/p>\n","protected":false},"author":2,"featured_media":2789,"comment_status":"open","ping_status":"open","sticky":false,"template":"","format":"standard","meta":{"footnotes":""},"categories":[1],"tags":[],"class_list":["post-2071","post","type-post","status-publish","format-standard","has-post-thumbnail","hentry","category-general","has_thumb"],"yoast_head":"<!-- This site is optimized with the Yoast SEO plugin v26.8 - https:\/\/yoast.com\/product\/yoast-seo-wordpress\/ -->\n<title>Vitamina A y melanoma - Salud hoy<\/title>\n<meta name=\"robots\" content=\"index, follow, max-snippet:-1, max-image-preview:large, max-video-preview:-1\" \/>\n<link rel=\"canonical\" href=\"https:\/\/www.euroresidentes.com\/salud\/salud-hoy\/vitamina-y-melanoma\/\" \/>\n<meta property=\"og:locale\" content=\"es_ES\" \/>\n<meta property=\"og:type\" content=\"article\" \/>\n<meta property=\"og:title\" content=\"Vitamina A y melanoma - Salud hoy\" \/>\n<meta property=\"og:description\" content=\"La vitamina A podr\u00eda reducir el riesgo de desarrollar melanoma Los resultados de un estudio, publicado en la revista Journal of Investigative Dermatology, muestran que tomar complementos de vitamina A (retinol) se asocia con una reducci\u00f3n del 40% en el riesgo de desarrollar melanoma. Los resultados del estudio tambi\u00e9n muestran que el efecto protector de la vitamina A es m\u00e1s potente en las mujeres y en \u00e1reas de la piel expuestas al sol. \u00a0 El retinol se halla en alimentos como el h\u00edgado, los huevos y la leche, y parece tener un efecto sobre la diferenciaci\u00f3n y el crecimiento celular.\" \/>\n<meta property=\"og:url\" content=\"https:\/\/www.euroresidentes.com\/salud\/salud-hoy\/vitamina-y-melanoma\/\" \/>\n<meta property=\"og:site_name\" content=\"Salud hoy\" \/>\n<meta property=\"article:publisher\" content=\"https:\/\/www.facebook.com\/Salud-Euroresidentes-399995783365932\/\" \/>\n<meta property=\"article:published_time\" content=\"2012-03-04T10:24:00+00:00\" \/>\n<meta property=\"article:modified_time\" content=\"2018-02-26T09:25:16+00:00\" \/>\n<meta property=\"og:image\" content=\"https:\/\/www.euroresidentes.com\/salud\/salud-hoy\/wp-content\/uploads\/sites\/9\/2012\/03\/963070_50239261.jpg\" \/>\n\t<meta property=\"og:image:width\" content=\"640\" \/>\n\t<meta property=\"og:image:height\" content=\"361\" \/>\n\t<meta property=\"og:image:type\" content=\"image\/jpeg\" \/>\n<meta name=\"author\" content=\"Raquel Pomares\" \/>\n<meta name=\"twitter:card\" content=\"summary_large_image\" \/>\n<meta name=\"twitter:label1\" content=\"Written by\" \/>\n\t<meta name=\"twitter:data1\" content=\"Raquel Pomares\" \/>\n\t<meta name=\"twitter:label2\" content=\"Est. reading time\" \/>\n\t<meta name=\"twitter:data2\" content=\"1 minuto\" \/>\n<script type=\"application\/ld+json\" class=\"yoast-schema-graph\">{\"@context\":\"https:\/\/schema.org\",\"@graph\":[{\"@type\":\"Article\",\"@id\":\"https:\/\/www.euroresidentes.com\/salud\/salud-hoy\/vitamina-y-melanoma\/#article\",\"isPartOf\":{\"@id\":\"https:\/\/www.euroresidentes.com\/salud\/salud-hoy\/vitamina-y-melanoma\/\"},\"author\":{\"name\":\"Raquel Pomares\",\"@id\":\"https:\/\/www.euroresidentes.com\/salud\/salud-hoy\/#\/schema\/person\/c0299534643677f2282b416ac1fe97f1\"},\"headline\":\"Vitamina A y melanoma\",\"datePublished\":\"2012-03-04T10:24:00+00:00\",\"dateModified\":\"2018-02-26T09:25:16+00:00\",\"mainEntityOfPage\":{\"@id\":\"https:\/\/www.euroresidentes.com\/salud\/salud-hoy\/vitamina-y-melanoma\/\"},\"wordCount\":217,\"commentCount\":0,\"image\":{\"@id\":\"https:\/\/www.euroresidentes.com\/salud\/salud-hoy\/vitamina-y-melanoma\/#primaryimage\"},\"thumbnailUrl\":\"https:\/\/www.euroresidentes.com\/salud\/salud-hoy\/wp-content\/uploads\/sites\/9\/2012\/03\/963070_50239261.jpg\",\"articleSection\":[\"General\"],\"inLanguage\":\"es\",\"potentialAction\":[{\"@type\":\"CommentAction\",\"name\":\"Comment\",\"target\":[\"https:\/\/www.euroresidentes.com\/salud\/salud-hoy\/vitamina-y-melanoma\/#respond\"]}]},{\"@type\":\"WebPage\",\"@id\":\"https:\/\/www.euroresidentes.com\/salud\/salud-hoy\/vitamina-y-melanoma\/\",\"url\":\"https:\/\/www.euroresidentes.com\/salud\/salud-hoy\/vitamina-y-melanoma\/\",\"name\":\"Vitamina A y melanoma - Salud hoy\",\"isPartOf\":{\"@id\":\"https:\/\/www.euroresidentes.com\/salud\/salud-hoy\/#website\"},\"primaryImageOfPage\":{\"@id\":\"https:\/\/www.euroresidentes.com\/salud\/salud-hoy\/vitamina-y-melanoma\/#primaryimage\"},\"image\":{\"@id\":\"https:\/\/www.euroresidentes.com\/salud\/salud-hoy\/vitamina-y-melanoma\/#primaryimage\"},\"thumbnailUrl\":\"https:\/\/www.euroresidentes.com\/salud\/salud-hoy\/wp-content\/uploads\/sites\/9\/2012\/03\/963070_50239261.jpg\",\"datePublished\":\"2012-03-04T10:24:00+00:00\",\"dateModified\":\"2018-02-26T09:25:16+00:00\",\"author\":{\"@id\":\"https:\/\/www.euroresidentes.com\/salud\/salud-hoy\/#\/schema\/person\/c0299534643677f2282b416ac1fe97f1\"},\"breadcrumb\":{\"@id\":\"https:\/\/www.euroresidentes.com\/salud\/salud-hoy\/vitamina-y-melanoma\/#breadcrumb\"},\"inLanguage\":\"es\",\"potentialAction\":[{\"@type\":\"ReadAction\",\"target\":[\"https:\/\/www.euroresidentes.com\/salud\/salud-hoy\/vitamina-y-melanoma\/\"]}]},{\"@type\":\"ImageObject\",\"inLanguage\":\"es\",\"@id\":\"https:\/\/www.euroresidentes.com\/salud\/salud-hoy\/vitamina-y-melanoma\/#primaryimage\",\"url\":\"https:\/\/www.euroresidentes.com\/salud\/salud-hoy\/wp-content\/uploads\/sites\/9\/2012\/03\/963070_50239261.jpg\",\"contentUrl\":\"https:\/\/www.euroresidentes.com\/salud\/salud-hoy\/wp-content\/uploads\/sites\/9\/2012\/03\/963070_50239261.jpg\",\"width\":640,\"height\":361},{\"@type\":\"BreadcrumbList\",\"@id\":\"https:\/\/www.euroresidentes.com\/salud\/salud-hoy\/vitamina-y-melanoma\/#breadcrumb\",\"itemListElement\":[{\"@type\":\"ListItem\",\"position\":1,\"name\":\"Portada\",\"item\":\"https:\/\/www.euroresidentes.com\/salud\/salud-hoy\/\"},{\"@type\":\"ListItem\",\"position\":2,\"name\":\"Vitamina A y melanoma\"}]},{\"@type\":\"WebSite\",\"@id\":\"https:\/\/www.euroresidentes.com\/salud\/salud-hoy\/#website\",\"url\":\"https:\/\/www.euroresidentes.com\/salud\/salud-hoy\/\",\"name\":\"Salud hoy\",\"description\":\"Salud hoy Euroresidentes\",\"potentialAction\":[{\"@type\":\"SearchAction\",\"target\":{\"@type\":\"EntryPoint\",\"urlTemplate\":\"https:\/\/www.euroresidentes.com\/salud\/salud-hoy\/?s={search_term_string}\"},\"query-input\":{\"@type\":\"PropertyValueSpecification\",\"valueRequired\":true,\"valueName\":\"search_term_string\"}}],\"inLanguage\":\"es\"},{\"@type\":\"Person\",\"@id\":\"https:\/\/www.euroresidentes.com\/salud\/salud-hoy\/#\/schema\/person\/c0299534643677f2282b416ac1fe97f1\",\"name\":\"Raquel Pomares\",\"image\":{\"@type\":\"ImageObject\",\"inLanguage\":\"es\",\"@id\":\"https:\/\/www.euroresidentes.com\/salud\/salud-hoy\/#\/schema\/person\/image\/\",\"url\":\"https:\/\/www.euroresidentes.com\/salud\/salud-hoy\/wp-content\/uploads\/sites\/9\/2016\/09\/raquel-pomares-150x150.jpg\",\"contentUrl\":\"https:\/\/www.euroresidentes.com\/salud\/salud-hoy\/wp-content\/uploads\/sites\/9\/2016\/09\/raquel-pomares-150x150.jpg\",\"caption\":\"Raquel Pomares\"},\"description\":\"Raquel PomaresBi\u00f3loga, doctora y divulgadora cient\u00edfica especializada en temas de salud.\",\"sameAs\":[\"https:\/\/www.euroresidentes.com\/salud\/raquel-pomares.html\"],\"url\":\"https:\/\/www.euroresidentes.com\/salud\/salud-hoy\/author\/raquel\/\"}]}<\/script>\n<!-- \/ Yoast SEO plugin. -->","yoast_head_json":{"title":"Vitamina A y melanoma - Salud hoy","robots":{"index":"index","follow":"follow","max-snippet":"max-snippet:-1","max-image-preview":"max-image-preview:large","max-video-preview":"max-video-preview:-1"},"canonical":"https:\/\/www.euroresidentes.com\/salud\/salud-hoy\/vitamina-y-melanoma\/","og_locale":"es_ES","og_type":"article","og_title":"Vitamina A y melanoma - Salud hoy","og_description":"La vitamina A podr\u00eda reducir el riesgo de desarrollar melanoma Los resultados de un estudio, publicado en la revista Journal of Investigative Dermatology, muestran que tomar complementos de vitamina A (retinol) se asocia con una reducci\u00f3n del 40% en el riesgo de desarrollar melanoma. Los resultados del estudio tambi\u00e9n muestran que el efecto protector de la vitamina A es m\u00e1s potente en las mujeres y en \u00e1reas de la piel expuestas al sol. \u00a0 El retinol se halla en alimentos como el h\u00edgado, los huevos y la leche, y parece tener un efecto sobre la diferenciaci\u00f3n y el crecimiento celular.","og_url":"https:\/\/www.euroresidentes.com\/salud\/salud-hoy\/vitamina-y-melanoma\/","og_site_name":"Salud hoy","article_publisher":"https:\/\/www.facebook.com\/Salud-Euroresidentes-399995783365932\/","article_published_time":"2012-03-04T10:24:00+00:00","article_modified_time":"2018-02-26T09:25:16+00:00","og_image":[{"width":640,"height":361,"url":"https:\/\/www.euroresidentes.com\/salud\/salud-hoy\/wp-content\/uploads\/sites\/9\/2012\/03\/963070_50239261.jpg","type":"image\/jpeg"}],"author":"Raquel Pomares","twitter_card":"summary_large_image","twitter_misc":{"Written by":"Raquel Pomares","Est. reading time":"1 minuto"},"schema":{"@context":"https:\/\/schema.org","@graph":[{"@type":"Article","@id":"https:\/\/www.euroresidentes.com\/salud\/salud-hoy\/vitamina-y-melanoma\/#article","isPartOf":{"@id":"https:\/\/www.euroresidentes.com\/salud\/salud-hoy\/vitamina-y-melanoma\/"},"author":{"name":"Raquel Pomares","@id":"https:\/\/www.euroresidentes.com\/salud\/salud-hoy\/#\/schema\/person\/c0299534643677f2282b416ac1fe97f1"},"headline":"Vitamina A y melanoma","datePublished":"2012-03-04T10:24:00+00:00","dateModified":"2018-02-26T09:25:16+00:00","mainEntityOfPage":{"@id":"https:\/\/www.euroresidentes.com\/salud\/salud-hoy\/vitamina-y-melanoma\/"},"wordCount":217,"commentCount":0,"image":{"@id":"https:\/\/www.euroresidentes.com\/salud\/salud-hoy\/vitamina-y-melanoma\/#primaryimage"},"thumbnailUrl":"https:\/\/www.euroresidentes.com\/salud\/salud-hoy\/wp-content\/uploads\/sites\/9\/2012\/03\/963070_50239261.jpg","articleSection":["General"],"inLanguage":"es","potentialAction":[{"@type":"CommentAction","name":"Comment","target":["https:\/\/www.euroresidentes.com\/salud\/salud-hoy\/vitamina-y-melanoma\/#respond"]}]},{"@type":"WebPage","@id":"https:\/\/www.euroresidentes.com\/salud\/salud-hoy\/vitamina-y-melanoma\/","url":"https:\/\/www.euroresidentes.com\/salud\/salud-hoy\/vitamina-y-melanoma\/","name":"Vitamina A y melanoma - Salud hoy","isPartOf":{"@id":"https:\/\/www.euroresidentes.com\/salud\/salud-hoy\/#website"},"primaryImageOfPage":{"@id":"https:\/\/www.euroresidentes.com\/salud\/salud-hoy\/vitamina-y-melanoma\/#primaryimage"},"image":{"@id":"https:\/\/www.euroresidentes.com\/salud\/salud-hoy\/vitamina-y-melanoma\/#primaryimage"},"thumbnailUrl":"https:\/\/www.euroresidentes.com\/salud\/salud-hoy\/wp-content\/uploads\/sites\/9\/2012\/03\/963070_50239261.jpg","datePublished":"2012-03-04T10:24:00+00:00","dateModified":"2018-02-26T09:25:16+00:00","author":{"@id":"https:\/\/www.euroresidentes.com\/salud\/salud-hoy\/#\/schema\/person\/c0299534643677f2282b416ac1fe97f1"},"breadcrumb":{"@id":"https:\/\/www.euroresidentes.com\/salud\/salud-hoy\/vitamina-y-melanoma\/#breadcrumb"},"inLanguage":"es","potentialAction":[{"@type":"ReadAction","target":["https:\/\/www.euroresidentes.com\/salud\/salud-hoy\/vitamina-y-melanoma\/"]}]},{"@type":"ImageObject","inLanguage":"es","@id":"https:\/\/www.euroresidentes.com\/salud\/salud-hoy\/vitamina-y-melanoma\/#primaryimage","url":"https:\/\/www.euroresidentes.com\/salud\/salud-hoy\/wp-content\/uploads\/sites\/9\/2012\/03\/963070_50239261.jpg","contentUrl":"https:\/\/www.euroresidentes.com\/salud\/salud-hoy\/wp-content\/uploads\/sites\/9\/2012\/03\/963070_50239261.jpg","width":640,"height":361},{"@type":"BreadcrumbList","@id":"https:\/\/www.euroresidentes.com\/salud\/salud-hoy\/vitamina-y-melanoma\/#breadcrumb","itemListElement":[{"@type":"ListItem","position":1,"name":"Portada","item":"https:\/\/www.euroresidentes.com\/salud\/salud-hoy\/"},{"@type":"ListItem","position":2,"name":"Vitamina A y melanoma"}]},{"@type":"WebSite","@id":"https:\/\/www.euroresidentes.com\/salud\/salud-hoy\/#website","url":"https:\/\/www.euroresidentes.com\/salud\/salud-hoy\/","name":"Salud hoy","description":"Salud hoy Euroresidentes","potentialAction":[{"@type":"SearchAction","target":{"@type":"EntryPoint","urlTemplate":"https:\/\/www.euroresidentes.com\/salud\/salud-hoy\/?s={search_term_string}"},"query-input":{"@type":"PropertyValueSpecification","valueRequired":true,"valueName":"search_term_string"}}],"inLanguage":"es"},{"@type":"Person","@id":"https:\/\/www.euroresidentes.com\/salud\/salud-hoy\/#\/schema\/person\/c0299534643677f2282b416ac1fe97f1","name":"Raquel Pomares","image":{"@type":"ImageObject","inLanguage":"es","@id":"https:\/\/www.euroresidentes.com\/salud\/salud-hoy\/#\/schema\/person\/image\/","url":"https:\/\/www.euroresidentes.com\/salud\/salud-hoy\/wp-content\/uploads\/sites\/9\/2016\/09\/raquel-pomares-150x150.jpg","contentUrl":"https:\/\/www.euroresidentes.com\/salud\/salud-hoy\/wp-content\/uploads\/sites\/9\/2016\/09\/raquel-pomares-150x150.jpg","caption":"Raquel Pomares"},"description":"Raquel PomaresBi\u00f3loga, doctora y divulgadora cient\u00edfica especializada en temas de salud.","sameAs":["https:\/\/www.euroresidentes.com\/salud\/raquel-pomares.html"],"url":"https:\/\/www.euroresidentes.com\/salud\/salud-hoy\/author\/raquel\/"}]}},"_links":{"self":[{"href":"https:\/\/www.euroresidentes.com\/salud\/salud-hoy\/wp-json\/wp\/v2\/posts\/2071","targetHints":{"allow":["GET"]}}],"collection":[{"href":"https:\/\/www.euroresidentes.com\/salud\/salud-hoy\/wp-json\/wp\/v2\/posts"}],"about":[{"href":"https:\/\/www.euroresidentes.com\/salud\/salud-hoy\/wp-json\/wp\/v2\/types\/post"}],"author":[{"embeddable":true,"href":"https:\/\/www.euroresidentes.com\/salud\/salud-hoy\/wp-json\/wp\/v2\/users\/2"}],"replies":[{"embeddable":true,"href":"https:\/\/www.euroresidentes.com\/salud\/salud-hoy\/wp-json\/wp\/v2\/comments?post=2071"}],"version-history":[{"count":4,"href":"https:\/\/www.euroresidentes.com\/salud\/salud-hoy\/wp-json\/wp\/v2\/posts\/2071\/revisions"}],"predecessor-version":[{"id":5084,"href":"https:\/\/www.euroresidentes.com\/salud\/salud-hoy\/wp-json\/wp\/v2\/posts\/2071\/revisions\/5084"}],"wp:featuredmedia":[{"embeddable":true,"href":"https:\/\/www.euroresidentes.com\/salud\/salud-hoy\/wp-json\/wp\/v2\/media\/2789"}],"wp:attachment":[{"href":"https:\/\/www.euroresidentes.com\/salud\/salud-hoy\/wp-json\/wp\/v2\/media?parent=2071"}],"wp:term":[{"taxonomy":"category","embeddable":true,"href":"https:\/\/www.euroresidentes.com\/salud\/salud-hoy\/wp-json\/wp\/v2\/categories?post=2071"},{"taxonomy":"post_tag","embeddable":true,"href":"https:\/\/www.euroresidentes.com\/salud\/salud-hoy\/wp-json\/wp\/v2\/tags?post=2071"}],"curies":[{"name":"wp","href":"https:\/\/api.w.org\/{rel}","templated":true}]}}