 

{"id":2052,"date":"2016-05-23T07:49:00","date_gmt":"2016-05-23T05:49:00","guid":{"rendered":"https:\/\/www.euroresidentes.com\/salud\/salud-hoy\/jovenes-y-melanoma"},"modified":"2016-05-24T10:46:04","modified_gmt":"2016-05-24T08:46:04","slug":"jovenes-y-melanoma","status":"publish","type":"post","link":"https:\/\/www.euroresidentes.com\/salud\/salud-hoy\/jovenes-y-melanoma\/","title":{"rendered":"Melanoma: \u00bfpor qu\u00e9 est\u00e1n aumentando entre los m\u00e1s j\u00f3venes?"},"content":{"rendered":"<h3 class=\"separator\" style=\"clear: both;text-align: justify\"><b>La incidencia del melanoma en los ni\u00f1os, adolescentes y adultos j\u00f3venes ha aumentado\u00a0m\u00e1s del 250% en las \u00faltimas 4 d\u00e9cadas.<\/b><\/h3>\n<p class=\"separator\" style=\"clear: both;text-align: justify\">El exceso de exposici\u00f3n al sol sin protecci\u00f3n y el uso de cabinas\u00a0de bronceado son dos de los principales culpables de las crecientes tasas de melanoma en este grupo de edad. Tambi\u00e9n hay que tener en cuenta otros factores\u00a0como\u00a0la predisposici\u00f3n gen\u00e9tica.<\/p>\n<h3 class=\"MsoNormal\" style=\"text-align: justify\"><a href=\"https:\/\/www.euroresidentes.com\/salud\/salud-hoy\/wp-content\/uploads\/sites\/9\/2012\/04\/melanoma-jovenes-euroresidentes.jpg\"><img loading=\"lazy\" decoding=\"async\" class=\"aligncenter size-full wp-image-3229\" src=\"https:\/\/www.euroresidentes.com\/salud\/salud-hoy\/wp-content\/uploads\/sites\/9\/2012\/04\/melanoma-jovenes-euroresidentes.jpg\" alt=\"melanoma-jovenes-euroresidentes\" width=\"700\" height=\"525\" srcset=\"https:\/\/www.euroresidentes.com\/salud\/salud-hoy\/wp-content\/uploads\/sites\/9\/2012\/04\/melanoma-jovenes-euroresidentes.jpg 700w, https:\/\/www.euroresidentes.com\/salud\/salud-hoy\/wp-content\/uploads\/sites\/9\/2012\/04\/melanoma-jovenes-euroresidentes-300x225.jpg 300w\" sizes=\"auto, (max-width: 700px) 100vw, 700px\" \/><\/a><\/h3>\n<h3 class=\"MsoNormal\" style=\"text-align: justify\">Dram\u00e1tico aumento de c\u00e1ncer de piel.<\/h3>\n<div class=\"MsoNormal\" style=\"text-align: justify\">Especialmente entre los menores de 40 a\u00f1os.<\/div>\n<div class=\"MsoNormal\" style=\"text-align: justify\">De acuerdo con un estudio realizado por investigadores de la Cl\u00ednica Mayo, y que se ha publicado en la revista <a href=\"http:\/\/www.mayoclinicproceedings.org\/article\/S0025-6196(12)00209-1\/abstract\" target=\"_blank\">Mayo Clinic Proceedings<\/a>, la <strong>incidencia del melanoma ha aumentado<\/strong>, y son las <strong>mujeres j\u00f3venes las m\u00e1s afectadas<\/strong>.<\/div>\n<div class=\"MsoNormal\" style=\"text-align: justify\">El estudio encontr\u00f3 que la incidencia del melanoma aument\u00f3 <strong>8\u00a0veces entre las mujeres j\u00f3venes<\/strong>, y <strong>4 veces entre los hombres j\u00f3venes<\/strong>. Aunque el riesgo de melanoma es mayor en varones que en mujeres, en el caso de los adultos j\u00f3venes y adolescentes.<\/div>\n<div class=\"MsoNormal\" style=\"text-align: justify\">Posiblemente, el uso de rayos UVA para conseguir una piel bronceada, sea la principal causa del aumento de la tasa de c\u00e1ncer en mujeres j\u00f3venes.<\/div>\n<div class=\"MsoNormal\" style=\"text-align: justify\">Ahora, la sociedad est\u00e1 muy concienciada con su piel y con la necesidad de consultar a un m\u00e9dico ante la presencia de cualquier\u00a0cambio. Esto ha permitido que muchos de los casos puedan ser detectados y tratados a tiempo, por lo que\u00a0las tasas de mortalidad asociadas al c\u00e1ncer de piel\u00a0han mejorado en los \u00faltimos a\u00f1os.<\/div>\n<div class=\"MsoNormal\" style=\"text-align: justify\">\u00a0<\/div>\n<h3 class=\"MsoNormal\" style=\"text-align: justify\">Debemos\u00a0ser conscientes de los cambios de nuestra piel.<\/h3>\n<p class=\"MsoNormal\" style=\"text-align: justify\">El<strong> examen de la piel<\/strong> con regularidad y la b\u00fasqueda de atenci\u00f3n m\u00e9dica con la evidencia de los <strong>cambios lunares<\/strong> o por la aparici\u00f3n de <strong>lunares nuevos<\/strong> con caracter\u00edsticas anormales son importantes.<\/p>\n<p>La prevenci\u00f3n es muy importante. Es vital ense\u00f1ar a los ni\u00f1os y adolescentes la <strong>importancia de la\u00a0protecci\u00f3n solar<\/strong> para\u00a0que desarrollen estrategias eficaces de prevenci\u00f3n.<\/p>\n<p class=\"MsoNormal\" style=\"text-align: justify\">Tambi\u00e9n es importante <strong>evitar el uso de cabinas de bronceado<\/strong>.<\/p>\n<div class=\"MsoNormal\" style=\"text-align: justify\"><img loading=\"lazy\" decoding=\"async\" class=\"aligncenter\" title=\"J\u00f3venes y melanoma\" src=\"https:\/\/www.euroresidentes.com\/salud\/salud-hoy\/wp-content\/uploads\/sites\/9\/2012\/04\/436464_21825336.jpg\" alt=\"J\u00f3venes y melanoma\" width=\"326\" height=\"255\" border=\"0\" \/><\/div>\n<div class=\"MsoNormal\" style=\"text-align: justify\">Reed KB, Lohse CM, Bringe KE, Pruitt CN y Gibson LE. Mayo Clinic Proceedings (2012). <a href=\"http:\/\/www.mayoclinicproceedings.org\/article\/S0025-6196(12)00209-1\/abstract\">M\u00e1s informaci\u00f3n<\/a>.\u00a0<\/div>\n<div class=\"MsoNormal\">\u00a0<\/div>\n<div class=\"MsoNormal\"><strong>Seguir leyendo:\u00a0<\/strong><\/div>\n<ul>\n<li class=\"MsoNormal\"><strong><a href=\"https:\/\/www.euroresidentes.com\/salud\/salud-hoy\/errores-mas-comunes-en-el-uso-de\">Errores m\u00e1s comunes en el uso de protector solar<\/a><\/strong><\/li>\n<\/ul>\n","protected":false},"excerpt":{"rendered":"<p>La incidencia del melanoma en los ni\u00f1os, adolescentes y adultos j\u00f3venes ha aumentado\u00a0m\u00e1s del 250% en las \u00faltimas 4 d\u00e9cadas. El exceso de exposici\u00f3n al sol sin protecci\u00f3n y el uso de cabinas\u00a0de bronceado son dos de los principales culpables de las crecientes tasas de melanoma en este grupo de edad. Tambi\u00e9n hay que tener en cuenta otros factores\u00a0como\u00a0la predisposici\u00f3n gen\u00e9tica. Dram\u00e1tico aumento de c\u00e1ncer de piel. Especialmente entre los menores de 40 a\u00f1os. De acuerdo con un estudio realizado por investigadores de la Cl\u00ednica Mayo, y que se ha publicado en la revista Mayo Clinic Proceedings, la incidencia del <\/p>\n","protected":false},"author":2,"featured_media":3229,"comment_status":"open","ping_status":"open","sticky":false,"template":"","format":"standard","meta":{"footnotes":""},"categories":[1],"tags":[],"class_list":["post-2052","post","type-post","status-publish","format-standard","has-post-thumbnail","hentry","category-general","has_thumb"],"yoast_head":"<!-- This site is optimized with the Yoast SEO plugin v26.8 - https:\/\/yoast.com\/product\/yoast-seo-wordpress\/ -->\n<title>Melanoma: \u00bfpor qu\u00e9 est\u00e1n aumentando entre los m\u00e1s j\u00f3venes? - Salud hoy<\/title>\n<meta name=\"robots\" content=\"index, follow, max-snippet:-1, max-image-preview:large, max-video-preview:-1\" \/>\n<link rel=\"canonical\" href=\"https:\/\/www.euroresidentes.com\/salud\/salud-hoy\/jovenes-y-melanoma\/\" \/>\n<meta property=\"og:locale\" content=\"es_ES\" \/>\n<meta property=\"og:type\" content=\"article\" \/>\n<meta property=\"og:title\" content=\"Melanoma: \u00bfpor qu\u00e9 est\u00e1n aumentando entre los m\u00e1s j\u00f3venes? - Salud hoy\" \/>\n<meta property=\"og:description\" content=\"La incidencia del melanoma en los ni\u00f1os, adolescentes y adultos j\u00f3venes ha aumentado\u00a0m\u00e1s del 250% en las \u00faltimas 4 d\u00e9cadas. El exceso de exposici\u00f3n al sol sin protecci\u00f3n y el uso de cabinas\u00a0de bronceado son dos de los principales culpables de las crecientes tasas de melanoma en este grupo de edad. Tambi\u00e9n hay que tener en cuenta otros factores\u00a0como\u00a0la predisposici\u00f3n gen\u00e9tica. Dram\u00e1tico aumento de c\u00e1ncer de piel. Especialmente entre los menores de 40 a\u00f1os. De acuerdo con un estudio realizado por investigadores de la Cl\u00ednica Mayo, y que se ha publicado en la revista Mayo Clinic Proceedings, la incidencia del\" \/>\n<meta property=\"og:url\" content=\"https:\/\/www.euroresidentes.com\/salud\/salud-hoy\/jovenes-y-melanoma\/\" \/>\n<meta property=\"og:site_name\" content=\"Salud hoy\" \/>\n<meta property=\"article:publisher\" content=\"https:\/\/www.facebook.com\/Salud-Euroresidentes-399995783365932\/\" \/>\n<meta property=\"article:published_time\" content=\"2016-05-23T05:49:00+00:00\" \/>\n<meta property=\"article:modified_time\" content=\"2016-05-24T08:46:04+00:00\" \/>\n<meta property=\"og:image\" content=\"https:\/\/www.euroresidentes.com\/salud\/salud-hoy\/wp-content\/uploads\/sites\/9\/2012\/04\/melanoma-jovenes-euroresidentes.jpg\" \/>\n\t<meta property=\"og:image:width\" content=\"700\" \/>\n\t<meta property=\"og:image:height\" content=\"525\" \/>\n\t<meta property=\"og:image:type\" content=\"image\/jpeg\" \/>\n<meta name=\"author\" content=\"Raquel Pomares\" \/>\n<meta name=\"twitter:card\" content=\"summary_large_image\" \/>\n<meta name=\"twitter:label1\" content=\"Written by\" \/>\n\t<meta name=\"twitter:data1\" content=\"Raquel Pomares\" \/>\n\t<meta name=\"twitter:label2\" content=\"Est. reading time\" \/>\n\t<meta name=\"twitter:data2\" content=\"2 minutos\" \/>\n<script type=\"application\/ld+json\" class=\"yoast-schema-graph\">{\"@context\":\"https:\/\/schema.org\",\"@graph\":[{\"@type\":\"Article\",\"@id\":\"https:\/\/www.euroresidentes.com\/salud\/salud-hoy\/jovenes-y-melanoma\/#article\",\"isPartOf\":{\"@id\":\"https:\/\/www.euroresidentes.com\/salud\/salud-hoy\/jovenes-y-melanoma\/\"},\"author\":{\"name\":\"Raquel Pomares\",\"@id\":\"https:\/\/www.euroresidentes.com\/salud\/salud-hoy\/#\/schema\/person\/c0299534643677f2282b416ac1fe97f1\"},\"headline\":\"Melanoma: \u00bfpor qu\u00e9 est\u00e1n aumentando entre los m\u00e1s j\u00f3venes?\",\"datePublished\":\"2016-05-23T05:49:00+00:00\",\"dateModified\":\"2016-05-24T08:46:04+00:00\",\"mainEntityOfPage\":{\"@id\":\"https:\/\/www.euroresidentes.com\/salud\/salud-hoy\/jovenes-y-melanoma\/\"},\"wordCount\":388,\"commentCount\":0,\"image\":{\"@id\":\"https:\/\/www.euroresidentes.com\/salud\/salud-hoy\/jovenes-y-melanoma\/#primaryimage\"},\"thumbnailUrl\":\"https:\/\/www.euroresidentes.com\/salud\/salud-hoy\/wp-content\/uploads\/sites\/9\/2012\/04\/melanoma-jovenes-euroresidentes.jpg\",\"articleSection\":[\"General\"],\"inLanguage\":\"es\",\"potentialAction\":[{\"@type\":\"CommentAction\",\"name\":\"Comment\",\"target\":[\"https:\/\/www.euroresidentes.com\/salud\/salud-hoy\/jovenes-y-melanoma\/#respond\"]}]},{\"@type\":\"WebPage\",\"@id\":\"https:\/\/www.euroresidentes.com\/salud\/salud-hoy\/jovenes-y-melanoma\/\",\"url\":\"https:\/\/www.euroresidentes.com\/salud\/salud-hoy\/jovenes-y-melanoma\/\",\"name\":\"Melanoma: \u00bfpor qu\u00e9 est\u00e1n aumentando entre los m\u00e1s j\u00f3venes? - Salud hoy\",\"isPartOf\":{\"@id\":\"https:\/\/www.euroresidentes.com\/salud\/salud-hoy\/#website\"},\"primaryImageOfPage\":{\"@id\":\"https:\/\/www.euroresidentes.com\/salud\/salud-hoy\/jovenes-y-melanoma\/#primaryimage\"},\"image\":{\"@id\":\"https:\/\/www.euroresidentes.com\/salud\/salud-hoy\/jovenes-y-melanoma\/#primaryimage\"},\"thumbnailUrl\":\"https:\/\/www.euroresidentes.com\/salud\/salud-hoy\/wp-content\/uploads\/sites\/9\/2012\/04\/melanoma-jovenes-euroresidentes.jpg\",\"datePublished\":\"2016-05-23T05:49:00+00:00\",\"dateModified\":\"2016-05-24T08:46:04+00:00\",\"author\":{\"@id\":\"https:\/\/www.euroresidentes.com\/salud\/salud-hoy\/#\/schema\/person\/c0299534643677f2282b416ac1fe97f1\"},\"breadcrumb\":{\"@id\":\"https:\/\/www.euroresidentes.com\/salud\/salud-hoy\/jovenes-y-melanoma\/#breadcrumb\"},\"inLanguage\":\"es\",\"potentialAction\":[{\"@type\":\"ReadAction\",\"target\":[\"https:\/\/www.euroresidentes.com\/salud\/salud-hoy\/jovenes-y-melanoma\/\"]}]},{\"@type\":\"ImageObject\",\"inLanguage\":\"es\",\"@id\":\"https:\/\/www.euroresidentes.com\/salud\/salud-hoy\/jovenes-y-melanoma\/#primaryimage\",\"url\":\"https:\/\/www.euroresidentes.com\/salud\/salud-hoy\/wp-content\/uploads\/sites\/9\/2012\/04\/melanoma-jovenes-euroresidentes.jpg\",\"contentUrl\":\"https:\/\/www.euroresidentes.com\/salud\/salud-hoy\/wp-content\/uploads\/sites\/9\/2012\/04\/melanoma-jovenes-euroresidentes.jpg\",\"width\":700,\"height\":525,\"caption\":\"melanoma-jovenes-euroresidentes\"},{\"@type\":\"BreadcrumbList\",\"@id\":\"https:\/\/www.euroresidentes.com\/salud\/salud-hoy\/jovenes-y-melanoma\/#breadcrumb\",\"itemListElement\":[{\"@type\":\"ListItem\",\"position\":1,\"name\":\"Portada\",\"item\":\"https:\/\/www.euroresidentes.com\/salud\/salud-hoy\/\"},{\"@type\":\"ListItem\",\"position\":2,\"name\":\"Melanoma: \u00bfpor qu\u00e9 est\u00e1n aumentando entre los m\u00e1s j\u00f3venes?\"}]},{\"@type\":\"WebSite\",\"@id\":\"https:\/\/www.euroresidentes.com\/salud\/salud-hoy\/#website\",\"url\":\"https:\/\/www.euroresidentes.com\/salud\/salud-hoy\/\",\"name\":\"Salud hoy\",\"description\":\"Salud hoy Euroresidentes\",\"potentialAction\":[{\"@type\":\"SearchAction\",\"target\":{\"@type\":\"EntryPoint\",\"urlTemplate\":\"https:\/\/www.euroresidentes.com\/salud\/salud-hoy\/?s={search_term_string}\"},\"query-input\":{\"@type\":\"PropertyValueSpecification\",\"valueRequired\":true,\"valueName\":\"search_term_string\"}}],\"inLanguage\":\"es\"},{\"@type\":\"Person\",\"@id\":\"https:\/\/www.euroresidentes.com\/salud\/salud-hoy\/#\/schema\/person\/c0299534643677f2282b416ac1fe97f1\",\"name\":\"Raquel Pomares\",\"image\":{\"@type\":\"ImageObject\",\"inLanguage\":\"es\",\"@id\":\"https:\/\/www.euroresidentes.com\/salud\/salud-hoy\/#\/schema\/person\/image\/\",\"url\":\"https:\/\/www.euroresidentes.com\/salud\/salud-hoy\/wp-content\/uploads\/sites\/9\/2016\/09\/raquel-pomares-150x150.jpg\",\"contentUrl\":\"https:\/\/www.euroresidentes.com\/salud\/salud-hoy\/wp-content\/uploads\/sites\/9\/2016\/09\/raquel-pomares-150x150.jpg\",\"caption\":\"Raquel Pomares\"},\"description\":\"Raquel PomaresBi\u00f3loga, doctora y divulgadora cient\u00edfica especializada en temas de salud.\",\"sameAs\":[\"https:\/\/www.euroresidentes.com\/salud\/raquel-pomares.html\"],\"url\":\"https:\/\/www.euroresidentes.com\/salud\/salud-hoy\/author\/raquel\/\"}]}<\/script>\n<!-- \/ Yoast SEO plugin. -->","yoast_head_json":{"title":"Melanoma: \u00bfpor qu\u00e9 est\u00e1n aumentando entre los m\u00e1s j\u00f3venes? - Salud hoy","robots":{"index":"index","follow":"follow","max-snippet":"max-snippet:-1","max-image-preview":"max-image-preview:large","max-video-preview":"max-video-preview:-1"},"canonical":"https:\/\/www.euroresidentes.com\/salud\/salud-hoy\/jovenes-y-melanoma\/","og_locale":"es_ES","og_type":"article","og_title":"Melanoma: \u00bfpor qu\u00e9 est\u00e1n aumentando entre los m\u00e1s j\u00f3venes? - Salud hoy","og_description":"La incidencia del melanoma en los ni\u00f1os, adolescentes y adultos j\u00f3venes ha aumentado\u00a0m\u00e1s del 250% en las \u00faltimas 4 d\u00e9cadas. El exceso de exposici\u00f3n al sol sin protecci\u00f3n y el uso de cabinas\u00a0de bronceado son dos de los principales culpables de las crecientes tasas de melanoma en este grupo de edad. Tambi\u00e9n hay que tener en cuenta otros factores\u00a0como\u00a0la predisposici\u00f3n gen\u00e9tica. Dram\u00e1tico aumento de c\u00e1ncer de piel. Especialmente entre los menores de 40 a\u00f1os. De acuerdo con un estudio realizado por investigadores de la Cl\u00ednica Mayo, y que se ha publicado en la revista Mayo Clinic Proceedings, la incidencia del","og_url":"https:\/\/www.euroresidentes.com\/salud\/salud-hoy\/jovenes-y-melanoma\/","og_site_name":"Salud hoy","article_publisher":"https:\/\/www.facebook.com\/Salud-Euroresidentes-399995783365932\/","article_published_time":"2016-05-23T05:49:00+00:00","article_modified_time":"2016-05-24T08:46:04+00:00","og_image":[{"width":700,"height":525,"url":"https:\/\/www.euroresidentes.com\/salud\/salud-hoy\/wp-content\/uploads\/sites\/9\/2012\/04\/melanoma-jovenes-euroresidentes.jpg","type":"image\/jpeg"}],"author":"Raquel Pomares","twitter_card":"summary_large_image","twitter_misc":{"Written by":"Raquel Pomares","Est. reading time":"2 minutos"},"schema":{"@context":"https:\/\/schema.org","@graph":[{"@type":"Article","@id":"https:\/\/www.euroresidentes.com\/salud\/salud-hoy\/jovenes-y-melanoma\/#article","isPartOf":{"@id":"https:\/\/www.euroresidentes.com\/salud\/salud-hoy\/jovenes-y-melanoma\/"},"author":{"name":"Raquel Pomares","@id":"https:\/\/www.euroresidentes.com\/salud\/salud-hoy\/#\/schema\/person\/c0299534643677f2282b416ac1fe97f1"},"headline":"Melanoma: \u00bfpor qu\u00e9 est\u00e1n aumentando entre los m\u00e1s j\u00f3venes?","datePublished":"2016-05-23T05:49:00+00:00","dateModified":"2016-05-24T08:46:04+00:00","mainEntityOfPage":{"@id":"https:\/\/www.euroresidentes.com\/salud\/salud-hoy\/jovenes-y-melanoma\/"},"wordCount":388,"commentCount":0,"image":{"@id":"https:\/\/www.euroresidentes.com\/salud\/salud-hoy\/jovenes-y-melanoma\/#primaryimage"},"thumbnailUrl":"https:\/\/www.euroresidentes.com\/salud\/salud-hoy\/wp-content\/uploads\/sites\/9\/2012\/04\/melanoma-jovenes-euroresidentes.jpg","articleSection":["General"],"inLanguage":"es","potentialAction":[{"@type":"CommentAction","name":"Comment","target":["https:\/\/www.euroresidentes.com\/salud\/salud-hoy\/jovenes-y-melanoma\/#respond"]}]},{"@type":"WebPage","@id":"https:\/\/www.euroresidentes.com\/salud\/salud-hoy\/jovenes-y-melanoma\/","url":"https:\/\/www.euroresidentes.com\/salud\/salud-hoy\/jovenes-y-melanoma\/","name":"Melanoma: \u00bfpor qu\u00e9 est\u00e1n aumentando entre los m\u00e1s j\u00f3venes? - Salud hoy","isPartOf":{"@id":"https:\/\/www.euroresidentes.com\/salud\/salud-hoy\/#website"},"primaryImageOfPage":{"@id":"https:\/\/www.euroresidentes.com\/salud\/salud-hoy\/jovenes-y-melanoma\/#primaryimage"},"image":{"@id":"https:\/\/www.euroresidentes.com\/salud\/salud-hoy\/jovenes-y-melanoma\/#primaryimage"},"thumbnailUrl":"https:\/\/www.euroresidentes.com\/salud\/salud-hoy\/wp-content\/uploads\/sites\/9\/2012\/04\/melanoma-jovenes-euroresidentes.jpg","datePublished":"2016-05-23T05:49:00+00:00","dateModified":"2016-05-24T08:46:04+00:00","author":{"@id":"https:\/\/www.euroresidentes.com\/salud\/salud-hoy\/#\/schema\/person\/c0299534643677f2282b416ac1fe97f1"},"breadcrumb":{"@id":"https:\/\/www.euroresidentes.com\/salud\/salud-hoy\/jovenes-y-melanoma\/#breadcrumb"},"inLanguage":"es","potentialAction":[{"@type":"ReadAction","target":["https:\/\/www.euroresidentes.com\/salud\/salud-hoy\/jovenes-y-melanoma\/"]}]},{"@type":"ImageObject","inLanguage":"es","@id":"https:\/\/www.euroresidentes.com\/salud\/salud-hoy\/jovenes-y-melanoma\/#primaryimage","url":"https:\/\/www.euroresidentes.com\/salud\/salud-hoy\/wp-content\/uploads\/sites\/9\/2012\/04\/melanoma-jovenes-euroresidentes.jpg","contentUrl":"https:\/\/www.euroresidentes.com\/salud\/salud-hoy\/wp-content\/uploads\/sites\/9\/2012\/04\/melanoma-jovenes-euroresidentes.jpg","width":700,"height":525,"caption":"melanoma-jovenes-euroresidentes"},{"@type":"BreadcrumbList","@id":"https:\/\/www.euroresidentes.com\/salud\/salud-hoy\/jovenes-y-melanoma\/#breadcrumb","itemListElement":[{"@type":"ListItem","position":1,"name":"Portada","item":"https:\/\/www.euroresidentes.com\/salud\/salud-hoy\/"},{"@type":"ListItem","position":2,"name":"Melanoma: \u00bfpor qu\u00e9 est\u00e1n aumentando entre los m\u00e1s j\u00f3venes?"}]},{"@type":"WebSite","@id":"https:\/\/www.euroresidentes.com\/salud\/salud-hoy\/#website","url":"https:\/\/www.euroresidentes.com\/salud\/salud-hoy\/","name":"Salud hoy","description":"Salud hoy Euroresidentes","potentialAction":[{"@type":"SearchAction","target":{"@type":"EntryPoint","urlTemplate":"https:\/\/www.euroresidentes.com\/salud\/salud-hoy\/?s={search_term_string}"},"query-input":{"@type":"PropertyValueSpecification","valueRequired":true,"valueName":"search_term_string"}}],"inLanguage":"es"},{"@type":"Person","@id":"https:\/\/www.euroresidentes.com\/salud\/salud-hoy\/#\/schema\/person\/c0299534643677f2282b416ac1fe97f1","name":"Raquel Pomares","image":{"@type":"ImageObject","inLanguage":"es","@id":"https:\/\/www.euroresidentes.com\/salud\/salud-hoy\/#\/schema\/person\/image\/","url":"https:\/\/www.euroresidentes.com\/salud\/salud-hoy\/wp-content\/uploads\/sites\/9\/2016\/09\/raquel-pomares-150x150.jpg","contentUrl":"https:\/\/www.euroresidentes.com\/salud\/salud-hoy\/wp-content\/uploads\/sites\/9\/2016\/09\/raquel-pomares-150x150.jpg","caption":"Raquel Pomares"},"description":"Raquel PomaresBi\u00f3loga, doctora y divulgadora cient\u00edfica especializada en temas de salud.","sameAs":["https:\/\/www.euroresidentes.com\/salud\/raquel-pomares.html"],"url":"https:\/\/www.euroresidentes.com\/salud\/salud-hoy\/author\/raquel\/"}]}},"_links":{"self":[{"href":"https:\/\/www.euroresidentes.com\/salud\/salud-hoy\/wp-json\/wp\/v2\/posts\/2052","targetHints":{"allow":["GET"]}}],"collection":[{"href":"https:\/\/www.euroresidentes.com\/salud\/salud-hoy\/wp-json\/wp\/v2\/posts"}],"about":[{"href":"https:\/\/www.euroresidentes.com\/salud\/salud-hoy\/wp-json\/wp\/v2\/types\/post"}],"author":[{"embeddable":true,"href":"https:\/\/www.euroresidentes.com\/salud\/salud-hoy\/wp-json\/wp\/v2\/users\/2"}],"replies":[{"embeddable":true,"href":"https:\/\/www.euroresidentes.com\/salud\/salud-hoy\/wp-json\/wp\/v2\/comments?post=2052"}],"version-history":[{"count":4,"href":"https:\/\/www.euroresidentes.com\/salud\/salud-hoy\/wp-json\/wp\/v2\/posts\/2052\/revisions"}],"predecessor-version":[{"id":3228,"href":"https:\/\/www.euroresidentes.com\/salud\/salud-hoy\/wp-json\/wp\/v2\/posts\/2052\/revisions\/3228"}],"wp:featuredmedia":[{"embeddable":true,"href":"https:\/\/www.euroresidentes.com\/salud\/salud-hoy\/wp-json\/wp\/v2\/media\/3229"}],"wp:attachment":[{"href":"https:\/\/www.euroresidentes.com\/salud\/salud-hoy\/wp-json\/wp\/v2\/media?parent=2052"}],"wp:term":[{"taxonomy":"category","embeddable":true,"href":"https:\/\/www.euroresidentes.com\/salud\/salud-hoy\/wp-json\/wp\/v2\/categories?post=2052"},{"taxonomy":"post_tag","embeddable":true,"href":"https:\/\/www.euroresidentes.com\/salud\/salud-hoy\/wp-json\/wp\/v2\/tags?post=2052"}],"curies":[{"name":"wp","href":"https:\/\/api.w.org\/{rel}","templated":true}]}}