 

{"id":2050,"date":"2012-04-05T16:00:00","date_gmt":"2012-04-05T16:00:00","guid":{"rendered":"https:\/\/www.euroresidentes.com\/salud\/salud-hoy\/corazon-y-reposo"},"modified":"2016-03-15T12:00:39","modified_gmt":"2016-03-15T12:00:39","slug":"corazon-y-reposo","status":"publish","type":"post","link":"https:\/\/www.euroresidentes.com\/salud\/salud-hoy\/corazon-y-reposo\/","title":{"rendered":"Coraz\u00f3n y reposo"},"content":{"rendered":"<div class=\"separator\" style=\"clear: both; text-align: center;\">\n<a href=\"http:\/\/4.bp.blogspot.com\/-4dSEjZia5j0\/T3xXNiGyATI\/AAAAAAAAALk\/_5renikXo8E\/s1600\/803695_34537223.jpg\" imageanchor=\"1\" style=\"clear: left; float: left; margin-bottom: 1em; margin-right: 1em;\"><img loading=\"lazy\" decoding=\"async\" alt=\"Coraz\u00f3n y reposo\" border=\"0\" src=\"https:\/\/www.euroresidentes.com\/salud\/salud-hoy\/wp-content\/uploads\/sites\/9\/2012\/04\/803695_34537223.jpg\" height=\"424\" title=\"Coraz\u00f3n y reposo\" width=\"640\" \/><\/a><\/div>\n<p><\/p>\n<div class=\"MsoNormal\" style=\"text-align: justify;\">\n<b>El coraz\u00f3n tambi\u00e9n necesita descansar<\/b><\/div>\n<div class=\"MsoNormal\" style=\"text-align: justify;\">\n<\/div>\n<div class=\"MsoNormal\" style=\"text-align: justify;\">\nDespu\u00e9s de una insuficiencia card\u00edaca, los<br \/>\ncambios estructurales en las c\u00e9lulas musculares del coraz\u00f3n puede revertirse, al<br \/>\npermitir que el coraz\u00f3n descanse.<\/div>\n<div class=\"MsoNormal\" style=\"text-align: justify;\">\n<\/div>\n<div class=\"MsoNormal\" style=\"text-align: justify;\">\nLos resultados de un estudio, realizado en<br \/>\nratas y publicados en la revista <a href=\"http:\/\/eurjhf.oxfordjournals.org\/content\/early\/2012\/03\/30\/eurjhf.hfs038.abstract\">European Journal of Heart Failure<\/a>, muestran<br \/>\nque los efectos de una insuficiencia card\u00edaca, en de las c\u00e9lulas del m\u00fasculo<br \/>\ncard\u00edaco, no son permanentes. <\/div>\n<div class=\"MsoNormal\" style=\"text-align: justify;\">\n<\/div>\n<div class=\"MsoNormal\" style=\"text-align: justify;\">\nUna insuficiencia card\u00edaca se produce<br \/>\ncuando el m\u00fasculo del coraz\u00f3n es demasiado d\u00e9bil o fuerte para bombear la<br \/>\nsangre con la eficacia que se necesita, y normalmente tiene como resultado un<br \/>\nataque al coraz\u00f3n. <\/div>\n<div class=\"MsoNormal\" style=\"text-align: justify;\">\n<\/div>\n<div class=\"MsoNormal\" style=\"text-align: justify;\">\nLos pacientes con insuficiencia card\u00edaca<br \/>\navanzada, a veces est\u00e1n provistos de un dispositivo de asistencia ventricular<br \/>\nizquierda (LVAD). El LVAD es una peque\u00f1a bomba que reduce la carga del coraz\u00f3n,<br \/>\nmientras mantiene el suministro de sangre a todo el cuerpo. Esto permite que el<br \/>\ncoraz\u00f3n descanse, permitiendo que se recupere. <\/div>\n<div class=\"MsoNormal\" style=\"text-align: justify;\">\n<\/div>\n<div class=\"MsoNormal\" style=\"text-align: justify;\">\nPara estudiar el efecto del descanso del coraz\u00f3n, trasplantaron el<br \/>\ncoraz\u00f3n defectuoso de una rata a otra rata que conserv\u00f3 su coraz\u00f3n sano.&nbsp;De este modo recib\u00eda sangre, pero no ten\u00eda que bombear.&nbsp;<\/p>\n<p>Despu\u00e9s de que el coraz\u00f3n pod\u00eda \u201cdescansar\u201d,<br \/>\nse observ\u00f3 que se invirtieron varios cambios estructurales de las c\u00e9lulas<br \/>\nmusculares del coraz\u00f3n enfermo.<\/p><\/div>\n<div class=\"MsoNormal\" style=\"text-align: justify;\">\n<\/div>\n<div class=\"MsoNormal\" style=\"text-align: justify;\">\nIbrahim M, Navaratnarajah M, Siedlecka U, Rao C, Dias P, Moshkov AV, y col.&nbsp;European Journal of Heart Failure (2012). <a href=\"http:\/\/eurjhf.oxfordjournals.org\/content\/early\/2012\/03\/30\/eurjhf.hfs038.abstract\">Online<\/a>.&nbsp;<\/div>\n<div class=\"MsoNormal\" style=\"text-align: justify;\">\n<\/div>\n<div class=\"MsoNormal\" style=\"mso-layout-grid-align: none; mso-pagination: none; text-autospace: none;\">\n<\/div>\n","protected":false},"excerpt":{"rendered":"<p>El coraz\u00f3n tambi\u00e9n necesita descansar Despu\u00e9s de una insuficiencia card\u00edaca, los cambios estructurales en las c\u00e9lulas musculares del coraz\u00f3n puede revertirse, al permitir que el coraz\u00f3n descanse. Los resultados de un estudio, realizado en ratas y publicados en la revista European Journal of Heart Failure, muestran que los efectos de una insuficiencia card\u00edaca, en de las c\u00e9lulas del m\u00fasculo card\u00edaco, no son permanentes. Una insuficiencia card\u00edaca se produce cuando el m\u00fasculo del coraz\u00f3n es demasiado d\u00e9bil o fuerte para bombear la sangre con la eficacia que se necesita, y normalmente tiene como resultado un ataque al coraz\u00f3n. Los pacientes con <\/p>\n","protected":false},"author":2,"featured_media":2747,"comment_status":"open","ping_status":"open","sticky":false,"template":"","format":"standard","meta":{"footnotes":""},"categories":[1],"tags":[],"class_list":["post-2050","post","type-post","status-publish","format-standard","has-post-thumbnail","hentry","category-general","has_thumb"],"yoast_head":"<!-- This site is optimized with the Yoast SEO plugin v26.8 - https:\/\/yoast.com\/product\/yoast-seo-wordpress\/ -->\n<title>Coraz\u00f3n y reposo - Salud hoy<\/title>\n<meta name=\"robots\" content=\"index, follow, max-snippet:-1, max-image-preview:large, max-video-preview:-1\" \/>\n<link rel=\"canonical\" href=\"https:\/\/www.euroresidentes.com\/salud\/salud-hoy\/corazon-y-reposo\/\" \/>\n<meta property=\"og:locale\" content=\"es_ES\" \/>\n<meta property=\"og:type\" content=\"article\" \/>\n<meta property=\"og:title\" content=\"Coraz\u00f3n y reposo - Salud hoy\" \/>\n<meta property=\"og:description\" content=\"El coraz\u00f3n tambi\u00e9n necesita descansar Despu\u00e9s de una insuficiencia card\u00edaca, los cambios estructurales en las c\u00e9lulas musculares del coraz\u00f3n puede revertirse, al permitir que el coraz\u00f3n descanse. Los resultados de un estudio, realizado en ratas y publicados en la revista European Journal of Heart Failure, muestran que los efectos de una insuficiencia card\u00edaca, en de las c\u00e9lulas del m\u00fasculo card\u00edaco, no son permanentes. Una insuficiencia card\u00edaca se produce cuando el m\u00fasculo del coraz\u00f3n es demasiado d\u00e9bil o fuerte para bombear la sangre con la eficacia que se necesita, y normalmente tiene como resultado un ataque al coraz\u00f3n. Los pacientes con\" \/>\n<meta property=\"og:url\" content=\"https:\/\/www.euroresidentes.com\/salud\/salud-hoy\/corazon-y-reposo\/\" \/>\n<meta property=\"og:site_name\" content=\"Salud hoy\" \/>\n<meta property=\"article:publisher\" content=\"https:\/\/www.facebook.com\/Salud-Euroresidentes-399995783365932\/\" \/>\n<meta property=\"article:published_time\" content=\"2012-04-05T16:00:00+00:00\" \/>\n<meta property=\"article:modified_time\" content=\"2016-03-15T12:00:39+00:00\" \/>\n<meta property=\"og:image\" content=\"https:\/\/www.euroresidentes.com\/salud\/salud-hoy\/wp-content\/uploads\/sites\/9\/2012\/04\/803695_34537223.jpg\" \/>\n\t<meta property=\"og:image:width\" content=\"640\" \/>\n\t<meta property=\"og:image:height\" content=\"426\" \/>\n\t<meta property=\"og:image:type\" content=\"image\/jpeg\" \/>\n<meta name=\"author\" content=\"Raquel Pomares\" \/>\n<meta name=\"twitter:card\" content=\"summary_large_image\" \/>\n<meta name=\"twitter:label1\" content=\"Written by\" \/>\n\t<meta name=\"twitter:data1\" content=\"Raquel Pomares\" \/>\n\t<meta name=\"twitter:label2\" content=\"Est. reading time\" \/>\n\t<meta name=\"twitter:data2\" content=\"1 minuto\" \/>\n<script type=\"application\/ld+json\" class=\"yoast-schema-graph\">{\"@context\":\"https:\/\/schema.org\",\"@graph\":[{\"@type\":\"Article\",\"@id\":\"https:\/\/www.euroresidentes.com\/salud\/salud-hoy\/corazon-y-reposo\/#article\",\"isPartOf\":{\"@id\":\"https:\/\/www.euroresidentes.com\/salud\/salud-hoy\/corazon-y-reposo\/\"},\"author\":{\"name\":\"Raquel Pomares\",\"@id\":\"https:\/\/www.euroresidentes.com\/salud\/salud-hoy\/#\/schema\/person\/c0299534643677f2282b416ac1fe97f1\"},\"headline\":\"Coraz\u00f3n y reposo\",\"datePublished\":\"2012-04-05T16:00:00+00:00\",\"dateModified\":\"2016-03-15T12:00:39+00:00\",\"mainEntityOfPage\":{\"@id\":\"https:\/\/www.euroresidentes.com\/salud\/salud-hoy\/corazon-y-reposo\/\"},\"wordCount\":261,\"commentCount\":0,\"image\":{\"@id\":\"https:\/\/www.euroresidentes.com\/salud\/salud-hoy\/corazon-y-reposo\/#primaryimage\"},\"thumbnailUrl\":\"https:\/\/www.euroresidentes.com\/salud\/salud-hoy\/wp-content\/uploads\/sites\/9\/2012\/04\/803695_34537223.jpg\",\"articleSection\":[\"General\"],\"inLanguage\":\"es\",\"potentialAction\":[{\"@type\":\"CommentAction\",\"name\":\"Comment\",\"target\":[\"https:\/\/www.euroresidentes.com\/salud\/salud-hoy\/corazon-y-reposo\/#respond\"]}]},{\"@type\":\"WebPage\",\"@id\":\"https:\/\/www.euroresidentes.com\/salud\/salud-hoy\/corazon-y-reposo\/\",\"url\":\"https:\/\/www.euroresidentes.com\/salud\/salud-hoy\/corazon-y-reposo\/\",\"name\":\"Coraz\u00f3n y reposo - Salud hoy\",\"isPartOf\":{\"@id\":\"https:\/\/www.euroresidentes.com\/salud\/salud-hoy\/#website\"},\"primaryImageOfPage\":{\"@id\":\"https:\/\/www.euroresidentes.com\/salud\/salud-hoy\/corazon-y-reposo\/#primaryimage\"},\"image\":{\"@id\":\"https:\/\/www.euroresidentes.com\/salud\/salud-hoy\/corazon-y-reposo\/#primaryimage\"},\"thumbnailUrl\":\"https:\/\/www.euroresidentes.com\/salud\/salud-hoy\/wp-content\/uploads\/sites\/9\/2012\/04\/803695_34537223.jpg\",\"datePublished\":\"2012-04-05T16:00:00+00:00\",\"dateModified\":\"2016-03-15T12:00:39+00:00\",\"author\":{\"@id\":\"https:\/\/www.euroresidentes.com\/salud\/salud-hoy\/#\/schema\/person\/c0299534643677f2282b416ac1fe97f1\"},\"breadcrumb\":{\"@id\":\"https:\/\/www.euroresidentes.com\/salud\/salud-hoy\/corazon-y-reposo\/#breadcrumb\"},\"inLanguage\":\"es\",\"potentialAction\":[{\"@type\":\"ReadAction\",\"target\":[\"https:\/\/www.euroresidentes.com\/salud\/salud-hoy\/corazon-y-reposo\/\"]}]},{\"@type\":\"ImageObject\",\"inLanguage\":\"es\",\"@id\":\"https:\/\/www.euroresidentes.com\/salud\/salud-hoy\/corazon-y-reposo\/#primaryimage\",\"url\":\"https:\/\/www.euroresidentes.com\/salud\/salud-hoy\/wp-content\/uploads\/sites\/9\/2012\/04\/803695_34537223.jpg\",\"contentUrl\":\"https:\/\/www.euroresidentes.com\/salud\/salud-hoy\/wp-content\/uploads\/sites\/9\/2012\/04\/803695_34537223.jpg\",\"width\":640,\"height\":426},{\"@type\":\"BreadcrumbList\",\"@id\":\"https:\/\/www.euroresidentes.com\/salud\/salud-hoy\/corazon-y-reposo\/#breadcrumb\",\"itemListElement\":[{\"@type\":\"ListItem\",\"position\":1,\"name\":\"Portada\",\"item\":\"https:\/\/www.euroresidentes.com\/salud\/salud-hoy\/\"},{\"@type\":\"ListItem\",\"position\":2,\"name\":\"Coraz\u00f3n y reposo\"}]},{\"@type\":\"WebSite\",\"@id\":\"https:\/\/www.euroresidentes.com\/salud\/salud-hoy\/#website\",\"url\":\"https:\/\/www.euroresidentes.com\/salud\/salud-hoy\/\",\"name\":\"Salud hoy\",\"description\":\"Salud hoy Euroresidentes\",\"potentialAction\":[{\"@type\":\"SearchAction\",\"target\":{\"@type\":\"EntryPoint\",\"urlTemplate\":\"https:\/\/www.euroresidentes.com\/salud\/salud-hoy\/?s={search_term_string}\"},\"query-input\":{\"@type\":\"PropertyValueSpecification\",\"valueRequired\":true,\"valueName\":\"search_term_string\"}}],\"inLanguage\":\"es\"},{\"@type\":\"Person\",\"@id\":\"https:\/\/www.euroresidentes.com\/salud\/salud-hoy\/#\/schema\/person\/c0299534643677f2282b416ac1fe97f1\",\"name\":\"Raquel Pomares\",\"image\":{\"@type\":\"ImageObject\",\"inLanguage\":\"es\",\"@id\":\"https:\/\/www.euroresidentes.com\/salud\/salud-hoy\/#\/schema\/person\/image\/\",\"url\":\"https:\/\/www.euroresidentes.com\/salud\/salud-hoy\/wp-content\/uploads\/sites\/9\/2016\/09\/raquel-pomares-150x150.jpg\",\"contentUrl\":\"https:\/\/www.euroresidentes.com\/salud\/salud-hoy\/wp-content\/uploads\/sites\/9\/2016\/09\/raquel-pomares-150x150.jpg\",\"caption\":\"Raquel Pomares\"},\"description\":\"Raquel PomaresBi\u00f3loga, doctora y divulgadora cient\u00edfica especializada en temas de salud.\",\"sameAs\":[\"https:\/\/www.euroresidentes.com\/salud\/raquel-pomares.html\"],\"url\":\"https:\/\/www.euroresidentes.com\/salud\/salud-hoy\/author\/raquel\/\"}]}<\/script>\n<!-- \/ Yoast SEO plugin. -->","yoast_head_json":{"title":"Coraz\u00f3n y reposo - Salud hoy","robots":{"index":"index","follow":"follow","max-snippet":"max-snippet:-1","max-image-preview":"max-image-preview:large","max-video-preview":"max-video-preview:-1"},"canonical":"https:\/\/www.euroresidentes.com\/salud\/salud-hoy\/corazon-y-reposo\/","og_locale":"es_ES","og_type":"article","og_title":"Coraz\u00f3n y reposo - Salud hoy","og_description":"El coraz\u00f3n tambi\u00e9n necesita descansar Despu\u00e9s de una insuficiencia card\u00edaca, los cambios estructurales en las c\u00e9lulas musculares del coraz\u00f3n puede revertirse, al permitir que el coraz\u00f3n descanse. Los resultados de un estudio, realizado en ratas y publicados en la revista European Journal of Heart Failure, muestran que los efectos de una insuficiencia card\u00edaca, en de las c\u00e9lulas del m\u00fasculo card\u00edaco, no son permanentes. Una insuficiencia card\u00edaca se produce cuando el m\u00fasculo del coraz\u00f3n es demasiado d\u00e9bil o fuerte para bombear la sangre con la eficacia que se necesita, y normalmente tiene como resultado un ataque al coraz\u00f3n. Los pacientes con","og_url":"https:\/\/www.euroresidentes.com\/salud\/salud-hoy\/corazon-y-reposo\/","og_site_name":"Salud hoy","article_publisher":"https:\/\/www.facebook.com\/Salud-Euroresidentes-399995783365932\/","article_published_time":"2012-04-05T16:00:00+00:00","article_modified_time":"2016-03-15T12:00:39+00:00","og_image":[{"width":640,"height":426,"url":"https:\/\/www.euroresidentes.com\/salud\/salud-hoy\/wp-content\/uploads\/sites\/9\/2012\/04\/803695_34537223.jpg","type":"image\/jpeg"}],"author":"Raquel Pomares","twitter_card":"summary_large_image","twitter_misc":{"Written by":"Raquel Pomares","Est. reading time":"1 minuto"},"schema":{"@context":"https:\/\/schema.org","@graph":[{"@type":"Article","@id":"https:\/\/www.euroresidentes.com\/salud\/salud-hoy\/corazon-y-reposo\/#article","isPartOf":{"@id":"https:\/\/www.euroresidentes.com\/salud\/salud-hoy\/corazon-y-reposo\/"},"author":{"name":"Raquel Pomares","@id":"https:\/\/www.euroresidentes.com\/salud\/salud-hoy\/#\/schema\/person\/c0299534643677f2282b416ac1fe97f1"},"headline":"Coraz\u00f3n y reposo","datePublished":"2012-04-05T16:00:00+00:00","dateModified":"2016-03-15T12:00:39+00:00","mainEntityOfPage":{"@id":"https:\/\/www.euroresidentes.com\/salud\/salud-hoy\/corazon-y-reposo\/"},"wordCount":261,"commentCount":0,"image":{"@id":"https:\/\/www.euroresidentes.com\/salud\/salud-hoy\/corazon-y-reposo\/#primaryimage"},"thumbnailUrl":"https:\/\/www.euroresidentes.com\/salud\/salud-hoy\/wp-content\/uploads\/sites\/9\/2012\/04\/803695_34537223.jpg","articleSection":["General"],"inLanguage":"es","potentialAction":[{"@type":"CommentAction","name":"Comment","target":["https:\/\/www.euroresidentes.com\/salud\/salud-hoy\/corazon-y-reposo\/#respond"]}]},{"@type":"WebPage","@id":"https:\/\/www.euroresidentes.com\/salud\/salud-hoy\/corazon-y-reposo\/","url":"https:\/\/www.euroresidentes.com\/salud\/salud-hoy\/corazon-y-reposo\/","name":"Coraz\u00f3n y reposo - Salud hoy","isPartOf":{"@id":"https:\/\/www.euroresidentes.com\/salud\/salud-hoy\/#website"},"primaryImageOfPage":{"@id":"https:\/\/www.euroresidentes.com\/salud\/salud-hoy\/corazon-y-reposo\/#primaryimage"},"image":{"@id":"https:\/\/www.euroresidentes.com\/salud\/salud-hoy\/corazon-y-reposo\/#primaryimage"},"thumbnailUrl":"https:\/\/www.euroresidentes.com\/salud\/salud-hoy\/wp-content\/uploads\/sites\/9\/2012\/04\/803695_34537223.jpg","datePublished":"2012-04-05T16:00:00+00:00","dateModified":"2016-03-15T12:00:39+00:00","author":{"@id":"https:\/\/www.euroresidentes.com\/salud\/salud-hoy\/#\/schema\/person\/c0299534643677f2282b416ac1fe97f1"},"breadcrumb":{"@id":"https:\/\/www.euroresidentes.com\/salud\/salud-hoy\/corazon-y-reposo\/#breadcrumb"},"inLanguage":"es","potentialAction":[{"@type":"ReadAction","target":["https:\/\/www.euroresidentes.com\/salud\/salud-hoy\/corazon-y-reposo\/"]}]},{"@type":"ImageObject","inLanguage":"es","@id":"https:\/\/www.euroresidentes.com\/salud\/salud-hoy\/corazon-y-reposo\/#primaryimage","url":"https:\/\/www.euroresidentes.com\/salud\/salud-hoy\/wp-content\/uploads\/sites\/9\/2012\/04\/803695_34537223.jpg","contentUrl":"https:\/\/www.euroresidentes.com\/salud\/salud-hoy\/wp-content\/uploads\/sites\/9\/2012\/04\/803695_34537223.jpg","width":640,"height":426},{"@type":"BreadcrumbList","@id":"https:\/\/www.euroresidentes.com\/salud\/salud-hoy\/corazon-y-reposo\/#breadcrumb","itemListElement":[{"@type":"ListItem","position":1,"name":"Portada","item":"https:\/\/www.euroresidentes.com\/salud\/salud-hoy\/"},{"@type":"ListItem","position":2,"name":"Coraz\u00f3n y reposo"}]},{"@type":"WebSite","@id":"https:\/\/www.euroresidentes.com\/salud\/salud-hoy\/#website","url":"https:\/\/www.euroresidentes.com\/salud\/salud-hoy\/","name":"Salud hoy","description":"Salud hoy Euroresidentes","potentialAction":[{"@type":"SearchAction","target":{"@type":"EntryPoint","urlTemplate":"https:\/\/www.euroresidentes.com\/salud\/salud-hoy\/?s={search_term_string}"},"query-input":{"@type":"PropertyValueSpecification","valueRequired":true,"valueName":"search_term_string"}}],"inLanguage":"es"},{"@type":"Person","@id":"https:\/\/www.euroresidentes.com\/salud\/salud-hoy\/#\/schema\/person\/c0299534643677f2282b416ac1fe97f1","name":"Raquel Pomares","image":{"@type":"ImageObject","inLanguage":"es","@id":"https:\/\/www.euroresidentes.com\/salud\/salud-hoy\/#\/schema\/person\/image\/","url":"https:\/\/www.euroresidentes.com\/salud\/salud-hoy\/wp-content\/uploads\/sites\/9\/2016\/09\/raquel-pomares-150x150.jpg","contentUrl":"https:\/\/www.euroresidentes.com\/salud\/salud-hoy\/wp-content\/uploads\/sites\/9\/2016\/09\/raquel-pomares-150x150.jpg","caption":"Raquel Pomares"},"description":"Raquel PomaresBi\u00f3loga, doctora y divulgadora cient\u00edfica especializada en temas de salud.","sameAs":["https:\/\/www.euroresidentes.com\/salud\/raquel-pomares.html"],"url":"https:\/\/www.euroresidentes.com\/salud\/salud-hoy\/author\/raquel\/"}]}},"_links":{"self":[{"href":"https:\/\/www.euroresidentes.com\/salud\/salud-hoy\/wp-json\/wp\/v2\/posts\/2050","targetHints":{"allow":["GET"]}}],"collection":[{"href":"https:\/\/www.euroresidentes.com\/salud\/salud-hoy\/wp-json\/wp\/v2\/posts"}],"about":[{"href":"https:\/\/www.euroresidentes.com\/salud\/salud-hoy\/wp-json\/wp\/v2\/types\/post"}],"author":[{"embeddable":true,"href":"https:\/\/www.euroresidentes.com\/salud\/salud-hoy\/wp-json\/wp\/v2\/users\/2"}],"replies":[{"embeddable":true,"href":"https:\/\/www.euroresidentes.com\/salud\/salud-hoy\/wp-json\/wp\/v2\/comments?post=2050"}],"version-history":[{"count":1,"href":"https:\/\/www.euroresidentes.com\/salud\/salud-hoy\/wp-json\/wp\/v2\/posts\/2050\/revisions"}],"predecessor-version":[{"id":2748,"href":"https:\/\/www.euroresidentes.com\/salud\/salud-hoy\/wp-json\/wp\/v2\/posts\/2050\/revisions\/2748"}],"wp:featuredmedia":[{"embeddable":true,"href":"https:\/\/www.euroresidentes.com\/salud\/salud-hoy\/wp-json\/wp\/v2\/media\/2747"}],"wp:attachment":[{"href":"https:\/\/www.euroresidentes.com\/salud\/salud-hoy\/wp-json\/wp\/v2\/media?parent=2050"}],"wp:term":[{"taxonomy":"category","embeddable":true,"href":"https:\/\/www.euroresidentes.com\/salud\/salud-hoy\/wp-json\/wp\/v2\/categories?post=2050"},{"taxonomy":"post_tag","embeddable":true,"href":"https:\/\/www.euroresidentes.com\/salud\/salud-hoy\/wp-json\/wp\/v2\/tags?post=2050"}],"curies":[{"name":"wp","href":"https:\/\/api.w.org\/{rel}","templated":true}]}}