 

{"id":2039,"date":"2012-04-20T09:03:00","date_gmt":"2012-04-20T09:03:00","guid":{"rendered":"https:\/\/www.euroresidentes.com\/salud\/salud-hoy\/opio-y-salud"},"modified":"2018-05-22T12:41:14","modified_gmt":"2018-05-22T10:41:14","slug":"opio-y-salud","status":"publish","type":"post","link":"https:\/\/www.euroresidentes.com\/salud\/salud-hoy\/opio-y-salud\/","title":{"rendered":"Opio y salud"},"content":{"rendered":"<div class=\"separator\" style=\"clear: both; text-align: center;\"><a href=\"http:\/\/3.bp.blogspot.com\/-_Kznisz5wPo\/T4_Qi0uVOmI\/AAAAAAAAANw\/dJERdGXXh9A\/s1600\/568584_90572203.jpg\"><img loading=\"lazy\" decoding=\"async\" title=\"Opio y salud\" src=\"https:\/\/www.euroresidentes.com\/salud\/salud-hoy\/wp-content\/uploads\/sites\/9\/2012\/04\/568584_90572203.jpg\" alt=\"Opio y salud\" width=\"640\" height=\"424\" border=\"0\" \/><\/a><\/div>\n<div style=\"text-align: justify;\"><b>El consumo de opio duplica el riesgo de muerte por cualquier causa.<\/b><\/div>\n<div style=\"text-align: justify;\">\u00a0<\/div>\n<div style=\"text-align: justify;\">El uso a largo plazo de opio, incluso en dosis relativamente bajas, se asocia con casi el doble de riesgo de muerte por varias causas, especialmente por enfermedades del aparato circulatorio, afecciones respiratorias y c\u00e1ncer<\/div>\n<div style=\"text-align: justify;\">\u00a0<\/div>\n<div style=\"text-align: justify;\">Un estudio, publicado en la revista <i><a href=\"http:\/\/www.bmj.com\/content\/344\/bmj.e2502\">British Medical Journal<\/a><\/i>, reuni\u00f3 los datos de 50045 hombres y mujeres adultos, en un per\u00edodo de cinco a\u00f1os. Todos ellos eran del norte de Ir\u00e1n, donde el consumo de opio es muy com\u00fan, de entre 40 y 75 a\u00f1os.\u00a0<\/div>\n<div style=\"text-align: justify;\">\u00a0<\/div>\n<div style=\"text-align: justify;\">El 17% consum\u00edan opio un promedio de 12,7 a\u00f1os, y\u00a0durante el per\u00edodo de estudio se produjeron 2145 muertes.\u00a0<\/div>\n<div style=\"text-align: justify;\">\u00a0<\/div>\n<div style=\"text-align: justify;\">Los autores encontraron que el uso del opio se asoci\u00f3 con un riesgo un 86% mayor de muerte por varias causas, incluyendo el asma, enfermedad pulmonar obstructiva cr\u00f3nica, tuberculosis, c\u00e1ncer y enfermedades del aparato circulatorio.\u00a0<\/div>\n<div style=\"text-align: justify;\">Y que aproximadamente el 15% de estas muertes estaban relacionadas con el uso del opio.<\/div>\n<div style=\"text-align: justify;\">\u00a0<\/div>\n<div style=\"text-align: justify;\">En base a los resultados ser\u00eda conveniente realizar estudios adicionales para investigar el impacto que los analg\u00e9sicos opioides a largo plazo, como la morfina o la code\u00edna, podr\u00edan tener en la mortalidad entre los pacientes que reciben tratamiento para el dolor cr\u00f3nico.<\/p>\n<p> Khademi H, Malekzadeh R, Pourshams A, Jafari E, Salahi R, Semnanni S, y col. British Medical Journal (2012). <a href=\"http:\/\/www.bmj.com\/content\/344\/bmj.e2502\">Online<\/a>.<\/p>\n<div style=\"color: #134f5c; font-family: 'Trebuchet MS',sans-serif;\"><b>Enlaces relacionados con, opio y salud:<\/b><\/div>\n<ul>\n<li><a href=\"http:\/\/alimentacion-salud.euroresidentes.com\/\">Alimentaci\u00f3n y salud<\/a><\/li>\n<li><a href=\"http:\/\/alimentacion-salud.euroresidentes.com\/\">Salud<\/a><\/li>\n<\/ul>\n<div class=\"author-affiliation\" style=\"background-attachment: initial; background-clip: initial; background-color: transparent; background-image: initial; background-origin: initial; font-size: 10px; line-height: 10px; outline-color: initial; outline-style: initial; outline-width: 0px; vertical-align: baseline; padding: 0px; margin: 0px; border: 0px initial initial;\">\u00a0<\/div>\n<\/div>\n","protected":false},"excerpt":{"rendered":"<p>El consumo de opio duplica el riesgo de muerte por cualquier causa. \u00a0 El uso a largo plazo de opio, incluso en dosis relativamente bajas, se asocia con casi el doble de riesgo de muerte por varias causas, especialmente por enfermedades del aparato circulatorio, afecciones respiratorias y c\u00e1ncer \u00a0 Un estudio, publicado en la revista British Medical Journal, reuni\u00f3 los datos de 50045 hombres y mujeres adultos, en un per\u00edodo de cinco a\u00f1os. Todos ellos eran del norte de Ir\u00e1n, donde el consumo de opio es muy com\u00fan, de entre 40 y 75 a\u00f1os.\u00a0 \u00a0 El 17% consum\u00edan opio un <\/p>\n","protected":false},"author":2,"featured_media":2725,"comment_status":"open","ping_status":"open","sticky":false,"template":"","format":"standard","meta":{"footnotes":""},"categories":[1],"tags":[],"class_list":["post-2039","post","type-post","status-publish","format-standard","has-post-thumbnail","hentry","category-general","has_thumb"],"yoast_head":"<!-- This site is optimized with the Yoast SEO plugin v26.8 - https:\/\/yoast.com\/product\/yoast-seo-wordpress\/ -->\n<title>Opio y salud - Salud hoy<\/title>\n<meta name=\"robots\" content=\"index, follow, max-snippet:-1, max-image-preview:large, max-video-preview:-1\" \/>\n<link rel=\"canonical\" href=\"https:\/\/www.euroresidentes.com\/salud\/salud-hoy\/opio-y-salud\/\" \/>\n<meta property=\"og:locale\" content=\"es_ES\" \/>\n<meta property=\"og:type\" content=\"article\" \/>\n<meta property=\"og:title\" content=\"Opio y salud - Salud hoy\" \/>\n<meta property=\"og:description\" content=\"El consumo de opio duplica el riesgo de muerte por cualquier causa. \u00a0 El uso a largo plazo de opio, incluso en dosis relativamente bajas, se asocia con casi el doble de riesgo de muerte por varias causas, especialmente por enfermedades del aparato circulatorio, afecciones respiratorias y c\u00e1ncer \u00a0 Un estudio, publicado en la revista British Medical Journal, reuni\u00f3 los datos de 50045 hombres y mujeres adultos, en un per\u00edodo de cinco a\u00f1os. Todos ellos eran del norte de Ir\u00e1n, donde el consumo de opio es muy com\u00fan, de entre 40 y 75 a\u00f1os.\u00a0 \u00a0 El 17% consum\u00edan opio un\" \/>\n<meta property=\"og:url\" content=\"https:\/\/www.euroresidentes.com\/salud\/salud-hoy\/opio-y-salud\/\" \/>\n<meta property=\"og:site_name\" content=\"Salud hoy\" \/>\n<meta property=\"article:publisher\" content=\"https:\/\/www.facebook.com\/Salud-Euroresidentes-399995783365932\/\" \/>\n<meta property=\"article:published_time\" content=\"2012-04-20T09:03:00+00:00\" \/>\n<meta property=\"article:modified_time\" content=\"2018-05-22T10:41:14+00:00\" \/>\n<meta property=\"og:image\" content=\"https:\/\/www.euroresidentes.com\/salud\/salud-hoy\/wp-content\/uploads\/sites\/9\/2012\/04\/568584_90572203.jpg\" \/>\n\t<meta property=\"og:image:width\" content=\"640\" \/>\n\t<meta property=\"og:image:height\" content=\"425\" \/>\n\t<meta property=\"og:image:type\" content=\"image\/jpeg\" \/>\n<meta name=\"author\" content=\"Raquel Pomares\" \/>\n<meta name=\"twitter:card\" content=\"summary_large_image\" \/>\n<meta name=\"twitter:label1\" content=\"Written by\" \/>\n\t<meta name=\"twitter:data1\" content=\"Raquel Pomares\" \/>\n\t<meta name=\"twitter:label2\" content=\"Est. reading time\" \/>\n\t<meta name=\"twitter:data2\" content=\"1 minuto\" \/>\n<script type=\"application\/ld+json\" class=\"yoast-schema-graph\">{\"@context\":\"https:\/\/schema.org\",\"@graph\":[{\"@type\":\"Article\",\"@id\":\"https:\/\/www.euroresidentes.com\/salud\/salud-hoy\/opio-y-salud\/#article\",\"isPartOf\":{\"@id\":\"https:\/\/www.euroresidentes.com\/salud\/salud-hoy\/opio-y-salud\/\"},\"author\":{\"name\":\"Raquel Pomares\",\"@id\":\"https:\/\/www.euroresidentes.com\/salud\/salud-hoy\/#\/schema\/person\/c0299534643677f2282b416ac1fe97f1\"},\"headline\":\"Opio y salud\",\"datePublished\":\"2012-04-20T09:03:00+00:00\",\"dateModified\":\"2018-05-22T10:41:14+00:00\",\"mainEntityOfPage\":{\"@id\":\"https:\/\/www.euroresidentes.com\/salud\/salud-hoy\/opio-y-salud\/\"},\"wordCount\":243,\"commentCount\":0,\"image\":{\"@id\":\"https:\/\/www.euroresidentes.com\/salud\/salud-hoy\/opio-y-salud\/#primaryimage\"},\"thumbnailUrl\":\"https:\/\/www.euroresidentes.com\/salud\/salud-hoy\/wp-content\/uploads\/sites\/9\/2012\/04\/568584_90572203.jpg\",\"articleSection\":[\"General\"],\"inLanguage\":\"es\",\"potentialAction\":[{\"@type\":\"CommentAction\",\"name\":\"Comment\",\"target\":[\"https:\/\/www.euroresidentes.com\/salud\/salud-hoy\/opio-y-salud\/#respond\"]}]},{\"@type\":\"WebPage\",\"@id\":\"https:\/\/www.euroresidentes.com\/salud\/salud-hoy\/opio-y-salud\/\",\"url\":\"https:\/\/www.euroresidentes.com\/salud\/salud-hoy\/opio-y-salud\/\",\"name\":\"Opio y salud - Salud hoy\",\"isPartOf\":{\"@id\":\"https:\/\/www.euroresidentes.com\/salud\/salud-hoy\/#website\"},\"primaryImageOfPage\":{\"@id\":\"https:\/\/www.euroresidentes.com\/salud\/salud-hoy\/opio-y-salud\/#primaryimage\"},\"image\":{\"@id\":\"https:\/\/www.euroresidentes.com\/salud\/salud-hoy\/opio-y-salud\/#primaryimage\"},\"thumbnailUrl\":\"https:\/\/www.euroresidentes.com\/salud\/salud-hoy\/wp-content\/uploads\/sites\/9\/2012\/04\/568584_90572203.jpg\",\"datePublished\":\"2012-04-20T09:03:00+00:00\",\"dateModified\":\"2018-05-22T10:41:14+00:00\",\"author\":{\"@id\":\"https:\/\/www.euroresidentes.com\/salud\/salud-hoy\/#\/schema\/person\/c0299534643677f2282b416ac1fe97f1\"},\"breadcrumb\":{\"@id\":\"https:\/\/www.euroresidentes.com\/salud\/salud-hoy\/opio-y-salud\/#breadcrumb\"},\"inLanguage\":\"es\",\"potentialAction\":[{\"@type\":\"ReadAction\",\"target\":[\"https:\/\/www.euroresidentes.com\/salud\/salud-hoy\/opio-y-salud\/\"]}]},{\"@type\":\"ImageObject\",\"inLanguage\":\"es\",\"@id\":\"https:\/\/www.euroresidentes.com\/salud\/salud-hoy\/opio-y-salud\/#primaryimage\",\"url\":\"https:\/\/www.euroresidentes.com\/salud\/salud-hoy\/wp-content\/uploads\/sites\/9\/2012\/04\/568584_90572203.jpg\",\"contentUrl\":\"https:\/\/www.euroresidentes.com\/salud\/salud-hoy\/wp-content\/uploads\/sites\/9\/2012\/04\/568584_90572203.jpg\",\"width\":640,\"height\":425},{\"@type\":\"BreadcrumbList\",\"@id\":\"https:\/\/www.euroresidentes.com\/salud\/salud-hoy\/opio-y-salud\/#breadcrumb\",\"itemListElement\":[{\"@type\":\"ListItem\",\"position\":1,\"name\":\"Portada\",\"item\":\"https:\/\/www.euroresidentes.com\/salud\/salud-hoy\/\"},{\"@type\":\"ListItem\",\"position\":2,\"name\":\"Opio y salud\"}]},{\"@type\":\"WebSite\",\"@id\":\"https:\/\/www.euroresidentes.com\/salud\/salud-hoy\/#website\",\"url\":\"https:\/\/www.euroresidentes.com\/salud\/salud-hoy\/\",\"name\":\"Salud hoy\",\"description\":\"Salud hoy Euroresidentes\",\"potentialAction\":[{\"@type\":\"SearchAction\",\"target\":{\"@type\":\"EntryPoint\",\"urlTemplate\":\"https:\/\/www.euroresidentes.com\/salud\/salud-hoy\/?s={search_term_string}\"},\"query-input\":{\"@type\":\"PropertyValueSpecification\",\"valueRequired\":true,\"valueName\":\"search_term_string\"}}],\"inLanguage\":\"es\"},{\"@type\":\"Person\",\"@id\":\"https:\/\/www.euroresidentes.com\/salud\/salud-hoy\/#\/schema\/person\/c0299534643677f2282b416ac1fe97f1\",\"name\":\"Raquel Pomares\",\"image\":{\"@type\":\"ImageObject\",\"inLanguage\":\"es\",\"@id\":\"https:\/\/www.euroresidentes.com\/salud\/salud-hoy\/#\/schema\/person\/image\/\",\"url\":\"https:\/\/www.euroresidentes.com\/salud\/salud-hoy\/wp-content\/uploads\/sites\/9\/2016\/09\/raquel-pomares-150x150.jpg\",\"contentUrl\":\"https:\/\/www.euroresidentes.com\/salud\/salud-hoy\/wp-content\/uploads\/sites\/9\/2016\/09\/raquel-pomares-150x150.jpg\",\"caption\":\"Raquel Pomares\"},\"description\":\"Raquel PomaresBi\u00f3loga, doctora y divulgadora cient\u00edfica especializada en temas de salud.\",\"sameAs\":[\"https:\/\/www.euroresidentes.com\/salud\/raquel-pomares.html\"],\"url\":\"https:\/\/www.euroresidentes.com\/salud\/salud-hoy\/author\/raquel\/\"}]}<\/script>\n<!-- \/ Yoast SEO plugin. -->","yoast_head_json":{"title":"Opio y salud - Salud hoy","robots":{"index":"index","follow":"follow","max-snippet":"max-snippet:-1","max-image-preview":"max-image-preview:large","max-video-preview":"max-video-preview:-1"},"canonical":"https:\/\/www.euroresidentes.com\/salud\/salud-hoy\/opio-y-salud\/","og_locale":"es_ES","og_type":"article","og_title":"Opio y salud - Salud hoy","og_description":"El consumo de opio duplica el riesgo de muerte por cualquier causa. \u00a0 El uso a largo plazo de opio, incluso en dosis relativamente bajas, se asocia con casi el doble de riesgo de muerte por varias causas, especialmente por enfermedades del aparato circulatorio, afecciones respiratorias y c\u00e1ncer \u00a0 Un estudio, publicado en la revista British Medical Journal, reuni\u00f3 los datos de 50045 hombres y mujeres adultos, en un per\u00edodo de cinco a\u00f1os. Todos ellos eran del norte de Ir\u00e1n, donde el consumo de opio es muy com\u00fan, de entre 40 y 75 a\u00f1os.\u00a0 \u00a0 El 17% consum\u00edan opio un","og_url":"https:\/\/www.euroresidentes.com\/salud\/salud-hoy\/opio-y-salud\/","og_site_name":"Salud hoy","article_publisher":"https:\/\/www.facebook.com\/Salud-Euroresidentes-399995783365932\/","article_published_time":"2012-04-20T09:03:00+00:00","article_modified_time":"2018-05-22T10:41:14+00:00","og_image":[{"width":640,"height":425,"url":"https:\/\/www.euroresidentes.com\/salud\/salud-hoy\/wp-content\/uploads\/sites\/9\/2012\/04\/568584_90572203.jpg","type":"image\/jpeg"}],"author":"Raquel Pomares","twitter_card":"summary_large_image","twitter_misc":{"Written by":"Raquel Pomares","Est. reading time":"1 minuto"},"schema":{"@context":"https:\/\/schema.org","@graph":[{"@type":"Article","@id":"https:\/\/www.euroresidentes.com\/salud\/salud-hoy\/opio-y-salud\/#article","isPartOf":{"@id":"https:\/\/www.euroresidentes.com\/salud\/salud-hoy\/opio-y-salud\/"},"author":{"name":"Raquel Pomares","@id":"https:\/\/www.euroresidentes.com\/salud\/salud-hoy\/#\/schema\/person\/c0299534643677f2282b416ac1fe97f1"},"headline":"Opio y salud","datePublished":"2012-04-20T09:03:00+00:00","dateModified":"2018-05-22T10:41:14+00:00","mainEntityOfPage":{"@id":"https:\/\/www.euroresidentes.com\/salud\/salud-hoy\/opio-y-salud\/"},"wordCount":243,"commentCount":0,"image":{"@id":"https:\/\/www.euroresidentes.com\/salud\/salud-hoy\/opio-y-salud\/#primaryimage"},"thumbnailUrl":"https:\/\/www.euroresidentes.com\/salud\/salud-hoy\/wp-content\/uploads\/sites\/9\/2012\/04\/568584_90572203.jpg","articleSection":["General"],"inLanguage":"es","potentialAction":[{"@type":"CommentAction","name":"Comment","target":["https:\/\/www.euroresidentes.com\/salud\/salud-hoy\/opio-y-salud\/#respond"]}]},{"@type":"WebPage","@id":"https:\/\/www.euroresidentes.com\/salud\/salud-hoy\/opio-y-salud\/","url":"https:\/\/www.euroresidentes.com\/salud\/salud-hoy\/opio-y-salud\/","name":"Opio y salud - Salud hoy","isPartOf":{"@id":"https:\/\/www.euroresidentes.com\/salud\/salud-hoy\/#website"},"primaryImageOfPage":{"@id":"https:\/\/www.euroresidentes.com\/salud\/salud-hoy\/opio-y-salud\/#primaryimage"},"image":{"@id":"https:\/\/www.euroresidentes.com\/salud\/salud-hoy\/opio-y-salud\/#primaryimage"},"thumbnailUrl":"https:\/\/www.euroresidentes.com\/salud\/salud-hoy\/wp-content\/uploads\/sites\/9\/2012\/04\/568584_90572203.jpg","datePublished":"2012-04-20T09:03:00+00:00","dateModified":"2018-05-22T10:41:14+00:00","author":{"@id":"https:\/\/www.euroresidentes.com\/salud\/salud-hoy\/#\/schema\/person\/c0299534643677f2282b416ac1fe97f1"},"breadcrumb":{"@id":"https:\/\/www.euroresidentes.com\/salud\/salud-hoy\/opio-y-salud\/#breadcrumb"},"inLanguage":"es","potentialAction":[{"@type":"ReadAction","target":["https:\/\/www.euroresidentes.com\/salud\/salud-hoy\/opio-y-salud\/"]}]},{"@type":"ImageObject","inLanguage":"es","@id":"https:\/\/www.euroresidentes.com\/salud\/salud-hoy\/opio-y-salud\/#primaryimage","url":"https:\/\/www.euroresidentes.com\/salud\/salud-hoy\/wp-content\/uploads\/sites\/9\/2012\/04\/568584_90572203.jpg","contentUrl":"https:\/\/www.euroresidentes.com\/salud\/salud-hoy\/wp-content\/uploads\/sites\/9\/2012\/04\/568584_90572203.jpg","width":640,"height":425},{"@type":"BreadcrumbList","@id":"https:\/\/www.euroresidentes.com\/salud\/salud-hoy\/opio-y-salud\/#breadcrumb","itemListElement":[{"@type":"ListItem","position":1,"name":"Portada","item":"https:\/\/www.euroresidentes.com\/salud\/salud-hoy\/"},{"@type":"ListItem","position":2,"name":"Opio y salud"}]},{"@type":"WebSite","@id":"https:\/\/www.euroresidentes.com\/salud\/salud-hoy\/#website","url":"https:\/\/www.euroresidentes.com\/salud\/salud-hoy\/","name":"Salud hoy","description":"Salud hoy Euroresidentes","potentialAction":[{"@type":"SearchAction","target":{"@type":"EntryPoint","urlTemplate":"https:\/\/www.euroresidentes.com\/salud\/salud-hoy\/?s={search_term_string}"},"query-input":{"@type":"PropertyValueSpecification","valueRequired":true,"valueName":"search_term_string"}}],"inLanguage":"es"},{"@type":"Person","@id":"https:\/\/www.euroresidentes.com\/salud\/salud-hoy\/#\/schema\/person\/c0299534643677f2282b416ac1fe97f1","name":"Raquel Pomares","image":{"@type":"ImageObject","inLanguage":"es","@id":"https:\/\/www.euroresidentes.com\/salud\/salud-hoy\/#\/schema\/person\/image\/","url":"https:\/\/www.euroresidentes.com\/salud\/salud-hoy\/wp-content\/uploads\/sites\/9\/2016\/09\/raquel-pomares-150x150.jpg","contentUrl":"https:\/\/www.euroresidentes.com\/salud\/salud-hoy\/wp-content\/uploads\/sites\/9\/2016\/09\/raquel-pomares-150x150.jpg","caption":"Raquel Pomares"},"description":"Raquel PomaresBi\u00f3loga, doctora y divulgadora cient\u00edfica especializada en temas de salud.","sameAs":["https:\/\/www.euroresidentes.com\/salud\/raquel-pomares.html"],"url":"https:\/\/www.euroresidentes.com\/salud\/salud-hoy\/author\/raquel\/"}]}},"_links":{"self":[{"href":"https:\/\/www.euroresidentes.com\/salud\/salud-hoy\/wp-json\/wp\/v2\/posts\/2039","targetHints":{"allow":["GET"]}}],"collection":[{"href":"https:\/\/www.euroresidentes.com\/salud\/salud-hoy\/wp-json\/wp\/v2\/posts"}],"about":[{"href":"https:\/\/www.euroresidentes.com\/salud\/salud-hoy\/wp-json\/wp\/v2\/types\/post"}],"author":[{"embeddable":true,"href":"https:\/\/www.euroresidentes.com\/salud\/salud-hoy\/wp-json\/wp\/v2\/users\/2"}],"replies":[{"embeddable":true,"href":"https:\/\/www.euroresidentes.com\/salud\/salud-hoy\/wp-json\/wp\/v2\/comments?post=2039"}],"version-history":[{"count":2,"href":"https:\/\/www.euroresidentes.com\/salud\/salud-hoy\/wp-json\/wp\/v2\/posts\/2039\/revisions"}],"predecessor-version":[{"id":3191,"href":"https:\/\/www.euroresidentes.com\/salud\/salud-hoy\/wp-json\/wp\/v2\/posts\/2039\/revisions\/3191"}],"wp:featuredmedia":[{"embeddable":true,"href":"https:\/\/www.euroresidentes.com\/salud\/salud-hoy\/wp-json\/wp\/v2\/media\/2725"}],"wp:attachment":[{"href":"https:\/\/www.euroresidentes.com\/salud\/salud-hoy\/wp-json\/wp\/v2\/media?parent=2039"}],"wp:term":[{"taxonomy":"category","embeddable":true,"href":"https:\/\/www.euroresidentes.com\/salud\/salud-hoy\/wp-json\/wp\/v2\/categories?post=2039"},{"taxonomy":"post_tag","embeddable":true,"href":"https:\/\/www.euroresidentes.com\/salud\/salud-hoy\/wp-json\/wp\/v2\/tags?post=2039"}],"curies":[{"name":"wp","href":"https:\/\/api.w.org\/{rel}","templated":true}]}}