 

{"id":1999,"date":"2012-07-18T07:47:00","date_gmt":"2012-07-18T07:47:00","guid":{"rendered":"https:\/\/www.euroresidentes.com\/salud\/salud-hoy\/cancer-de-prostata-y-nanoparticulas"},"modified":"2016-03-15T12:00:36","modified_gmt":"2016-03-15T12:00:36","slug":"cancer-de-prostata-y-nanoparticulas","status":"publish","type":"post","link":"https:\/\/www.euroresidentes.com\/salud\/salud-hoy\/cancer-de-prostata-y-nanoparticulas\/","title":{"rendered":"C\u00e1ncer de pr\u00f3stata y nanopart\u00edculas"},"content":{"rendered":"<div class=\"separator\" style=\"clear: both; text-align: center;\">\n<a href=\"http:\/\/4.bp.blogspot.com\/-_CqYT1QgAjE\/UAZoJa6wK-I\/AAAAAAAAAco\/h_FiazX9Svc\/s1600\/520800_36813827.jpg\" imageanchor=\"1\" style=\"margin-left: 1em; margin-right: 1em;\"><img loading=\"lazy\" decoding=\"async\" alt=\"Nanopart\u00edculas de oro y t\u00e9 para reducir el c\u00e1ncer de pr\u00f3stata. \" border=\"0\" src=\"https:\/\/www.euroresidentes.com\/salud\/salud-hoy\/wp-content\/uploads\/sites\/9\/2012\/07\/520800_368138271.jpg\" height=\"444\" title=\"Nanopart\u00edculas de oro y t\u00e9 para reducir el c\u00e1ncer de pr\u00f3stata. \" width=\"640\" \/><\/a><\/div>\n<p><\/p>\n<div style=\"text-align: justify;\">\n<b>Nanopart\u00edculas de oro y t\u00e9 para reducir el c\u00e1ncer de pr\u00f3stata.<\/b><\/div>\n<div style=\"text-align: justify;\">\n\n<\/div>\n<div style=\"text-align: justify;\">\nLa quimioterapia es el tratamiento que se utiliza para ciertas formas de c\u00e1ncer, sin embargo no s\u00f3lo afectan a las c\u00e9lulas tumorales, sino que tambi\u00e9n da\u00f1a \u00f3rganos vitales y altera ciertas funciones corporales.<\/div>\n<div style=\"text-align: justify;\">\n\n<\/div>\n<div style=\"text-align: justify;\">\nEn el tratamiento de tumores s\u00f3lidos, como el c\u00e1ncer de pr\u00f3stata, la existencia de barreras vasculares e intersticiales dificulta la administraci\u00f3n sist\u00e9mica de los agentes terap\u00e9uticos.<\/div>\n<div style=\"text-align: justify;\">\n\n<\/div>\n<div style=\"text-align: justify;\">\nUn equipo de cient\u00edficos de la Universidad de Missouri, en EE.UU., ha encontrado una forma m\u00e1s eficaz de combatir tumores de pr\u00f3stata mediante la inyecci\u00f3n intratumoral de nanopart\u00edculas de oro y un compuesto encontrado en las hojas de t\u00e9, los polifenoles.&nbsp;<\/div>\n<div style=\"text-align: justify;\">\n\n<\/div>\n<div style=\"text-align: justify;\">\nLos experimentos, realizados en ratones, mostraron una reducci\u00f3n del 80% en los vol\u00famenes tumorales despu\u00e9s de 28 d\u00edas, lo que demuestra una inhibici\u00f3n significativa del crecimiento tumoral en comparaci\u00f3n con los controles.<\/div>\n<div style=\"text-align: justify;\">\n\n<\/div>\n<div style=\"text-align: justify;\">\nEn el estudio, publicado en la revista <i><a href=\"http:\/\/www.pnas.org\/content\/early\/2012\/07\/09\/1121174109.abstract?sid=c61382ba-bd09-4a17-bf9c-7e3395ed391b\" target=\"_blank\">Proceedings of the National Academy of Sciences<\/a><\/i>, se utilizaron nanopart\u00edculas de oro, derivadas del is\u00f3topo de Au-19,8, con una forma y tama\u00f1o concretos para tratar el c\u00e1ncer de pr\u00f3stata.&nbsp;<\/div>\n<div style=\"text-align: justify;\">\n\n<\/div>\n<div style=\"text-align: justify;\">\nLa inyecci\u00f3n intratumoral&nbsp;permite evitar las barreras del transporte, favoreciendo as\u00ed la ejecuci\u00f3n selectiva de los agentes terap\u00e9uticos. Adem\u00e1s, con&nbsp;este nuevo tratamiento se requieren dosis que son miles de veces m\u00e1s peque\u00f1as que en el caso de la quimioterapia, y que no viajan a trav\u00e9s del cuerpo causando da\u00f1o a las zonas sanas.<\/div>\n<div style=\"text-align: justify;\">\n\n<\/div>\n<div style=\"text-align: justify;\">\nLa eficacia de este tratamiento tambi\u00e9n se debe a las favorables caracter\u00edsticas radioqu\u00edmicas de las nanopart\u00edculas, ya que poseen una vida media muy corta, lo que permite minimizar la dosis de radiaci\u00f3n a los tejidos cercanos a la periferia de la gl\u00e1ndula prost\u00e1tica.<\/div>\n<div style=\"text-align: justify;\">\n\n<\/div>\n<div style=\"text-align: justify;\">\nSi las nanopart\u00edculas son muy peque\u00f1as, puedan dispersarse, en cambio si tienen el tama\u00f1o apropiado, se quedar\u00e1n en el interior del tumor, y as\u00ed el tratamiento ser\u00e1 mucho m\u00e1s eficaz.<\/div>\n<div style=\"text-align: justify;\">\n\n<\/div>\n<div style=\"text-align: justify;\">\nEl compuesto que se encuentra en el t\u00e9 ayuda a que las nanopart\u00edculas se mantengan en los sitios del tumor, lo que aumenta a\u00fan m\u00e1s el nivel de eficacia de este tratamiento.<\/div>\n<div style=\"text-align: justify;\">\n\n<\/div>\n<div style=\"text-align: justify;\">\nShukla R, Chanda N, Zambre A, Upendran A, Katti K, Kulkarni RR, y col. Proceedings of the National Academy of Sciences, USA (2012). <a href=\"http:\/\/www.pnas.org\/content\/early\/2012\/07\/09\/1121174109.abstract?sid=c61382ba-bd09-4a17-bf9c-7e3395ed391b\" target=\"_blank\">Online<\/a>.<\/p>\n<p>\n<b>Temas relacionados con c\u00e1ncer de pr\u00f3stata y nanopart\u00edculas:<\/b><\/p>\n<ul>\n<li><a href=\"http:\/\/www.euroresidentes.com\/Blogs\/avances_tecnologicos\/2004\/11\/nanotecnologia-y-nuevos-tratamientos.htm\" style=\"font-family: 'Trebuchet MS', sans-serif;\">Nanotecnolog\u00eda y nuevos tratamientos contra el c\u00e1ncer<\/a><\/li>\n<li><a href=\"http:\/\/avances-tecnologicos.euroresidentes.com\/2010\/04\/la-prueba-de-cancer-de-prostata-mas.html\" style=\"font-family: 'Trebuchet MS', sans-serif;\">La prueba de c\u00e1ncer de pr\u00f3stata m\u00e1s r\u00e1pida<\/a><\/li>\n<li><a href=\"http:\/\/www.euroresidentes.com\/Blogs\/avances_tecnologicos\/2005\/06\/avances-en-medicina-el-sol-podra.htm\" style=\"font-family: 'Trebuchet MS', sans-serif;\">Avances en medicina: el sol podr\u00eda reducir el riesgo de c\u00e1ncer de pr\u00f3stata<\/a><\/li>\n<li><a href=\"http:\/\/www.euroresidentes.com\/salud\/cancer\/\" style=\"font-family: 'Trebuchet MS', sans-serif;\">Avances contra el c\u00e1ncer<\/a><\/li>\n<li><a href=\"http:\/\/www.euroresidentes.com\/Blogs\/nanotecnologia\/2005\/03\/nanoparticulas-para-detectar-cancer.html\" style=\"font-family: 'Trebuchet MS', sans-serif;\">Nanopart\u00edculas para detectar c\u00e1ncer<\/a><\/li>\n<li><a href=\"http:\/\/avances-nanotecnologia.euroresidentes.com\/2005\/06\/nanopartculas-para-tratar-cncer.html\" style=\"font-family: 'Trebuchet MS', sans-serif;\">Nanopart\u00edculas para tratar c\u00e1ncer<\/a><\/li>\n<li><a href=\"http:\/\/www.euroresidentes.com\/Alimentos\/vitaminas\/vitamina-e.htm\">Vitamina E<\/a><\/li>\n<\/ul>\n<\/div>\n","protected":false},"excerpt":{"rendered":"<p>Nanopart\u00edculas de oro y t\u00e9 para reducir el c\u00e1ncer de pr\u00f3stata. La quimioterapia es el tratamiento que se utiliza para ciertas formas de c\u00e1ncer, sin embargo no s\u00f3lo afectan a las c\u00e9lulas tumorales, sino que tambi\u00e9n da\u00f1a \u00f3rganos vitales y altera ciertas funciones corporales. En el tratamiento de tumores s\u00f3lidos, como el c\u00e1ncer de pr\u00f3stata, la existencia de barreras vasculares e intersticiales dificulta la administraci\u00f3n sist\u00e9mica de los agentes terap\u00e9uticos. Un equipo de cient\u00edficos de la Universidad de Missouri, en EE.UU., ha encontrado una forma m\u00e1s eficaz de combatir tumores de pr\u00f3stata mediante la inyecci\u00f3n intratumoral de nanopart\u00edculas de oro <\/p>\n","protected":false},"author":2,"featured_media":2642,"comment_status":"open","ping_status":"open","sticky":false,"template":"","format":"standard","meta":{"footnotes":""},"categories":[1],"tags":[],"class_list":["post-1999","post","type-post","status-publish","format-standard","has-post-thumbnail","hentry","category-general","has_thumb"],"yoast_head":"<!-- This site is optimized with the Yoast SEO plugin v26.8 - https:\/\/yoast.com\/product\/yoast-seo-wordpress\/ -->\n<title>C\u00e1ncer de pr\u00f3stata y nanopart\u00edculas - Salud hoy<\/title>\n<meta name=\"robots\" content=\"index, follow, max-snippet:-1, max-image-preview:large, max-video-preview:-1\" \/>\n<link rel=\"canonical\" href=\"https:\/\/www.euroresidentes.com\/salud\/salud-hoy\/cancer-de-prostata-y-nanoparticulas\/\" \/>\n<meta property=\"og:locale\" content=\"es_ES\" \/>\n<meta property=\"og:type\" content=\"article\" \/>\n<meta property=\"og:title\" content=\"C\u00e1ncer de pr\u00f3stata y nanopart\u00edculas - Salud hoy\" \/>\n<meta property=\"og:description\" content=\"Nanopart\u00edculas de oro y t\u00e9 para reducir el c\u00e1ncer de pr\u00f3stata. La quimioterapia es el tratamiento que se utiliza para ciertas formas de c\u00e1ncer, sin embargo no s\u00f3lo afectan a las c\u00e9lulas tumorales, sino que tambi\u00e9n da\u00f1a \u00f3rganos vitales y altera ciertas funciones corporales. En el tratamiento de tumores s\u00f3lidos, como el c\u00e1ncer de pr\u00f3stata, la existencia de barreras vasculares e intersticiales dificulta la administraci\u00f3n sist\u00e9mica de los agentes terap\u00e9uticos. Un equipo de cient\u00edficos de la Universidad de Missouri, en EE.UU., ha encontrado una forma m\u00e1s eficaz de combatir tumores de pr\u00f3stata mediante la inyecci\u00f3n intratumoral de nanopart\u00edculas de oro\" \/>\n<meta property=\"og:url\" content=\"https:\/\/www.euroresidentes.com\/salud\/salud-hoy\/cancer-de-prostata-y-nanoparticulas\/\" \/>\n<meta property=\"og:site_name\" content=\"Salud hoy\" \/>\n<meta property=\"article:publisher\" content=\"https:\/\/www.facebook.com\/Salud-Euroresidentes-399995783365932\/\" \/>\n<meta property=\"article:published_time\" content=\"2012-07-18T07:47:00+00:00\" \/>\n<meta property=\"article:modified_time\" content=\"2016-03-15T12:00:36+00:00\" \/>\n<meta property=\"og:image\" content=\"https:\/\/www.euroresidentes.com\/salud\/salud-hoy\/wp-content\/uploads\/sites\/9\/2012\/07\/520800_368138271.jpg\" \/>\n\t<meta property=\"og:image:width\" content=\"640\" \/>\n\t<meta property=\"og:image:height\" content=\"446\" \/>\n\t<meta property=\"og:image:type\" content=\"image\/jpeg\" \/>\n<meta name=\"author\" content=\"Raquel Pomares\" \/>\n<meta name=\"twitter:card\" content=\"summary_large_image\" \/>\n<meta name=\"twitter:label1\" content=\"Written by\" \/>\n\t<meta name=\"twitter:data1\" content=\"Raquel Pomares\" \/>\n\t<meta name=\"twitter:label2\" content=\"Est. reading time\" \/>\n\t<meta name=\"twitter:data2\" content=\"2 minutos\" \/>\n<script type=\"application\/ld+json\" class=\"yoast-schema-graph\">{\"@context\":\"https:\/\/schema.org\",\"@graph\":[{\"@type\":\"Article\",\"@id\":\"https:\/\/www.euroresidentes.com\/salud\/salud-hoy\/cancer-de-prostata-y-nanoparticulas\/#article\",\"isPartOf\":{\"@id\":\"https:\/\/www.euroresidentes.com\/salud\/salud-hoy\/cancer-de-prostata-y-nanoparticulas\/\"},\"author\":{\"name\":\"Raquel Pomares\",\"@id\":\"https:\/\/www.euroresidentes.com\/salud\/salud-hoy\/#\/schema\/person\/c0299534643677f2282b416ac1fe97f1\"},\"headline\":\"C\u00e1ncer de pr\u00f3stata y nanopart\u00edculas\",\"datePublished\":\"2012-07-18T07:47:00+00:00\",\"dateModified\":\"2016-03-15T12:00:36+00:00\",\"mainEntityOfPage\":{\"@id\":\"https:\/\/www.euroresidentes.com\/salud\/salud-hoy\/cancer-de-prostata-y-nanoparticulas\/\"},\"wordCount\":492,\"commentCount\":0,\"image\":{\"@id\":\"https:\/\/www.euroresidentes.com\/salud\/salud-hoy\/cancer-de-prostata-y-nanoparticulas\/#primaryimage\"},\"thumbnailUrl\":\"https:\/\/www.euroresidentes.com\/salud\/salud-hoy\/wp-content\/uploads\/sites\/9\/2012\/07\/520800_368138271.jpg\",\"articleSection\":[\"General\"],\"inLanguage\":\"es\",\"potentialAction\":[{\"@type\":\"CommentAction\",\"name\":\"Comment\",\"target\":[\"https:\/\/www.euroresidentes.com\/salud\/salud-hoy\/cancer-de-prostata-y-nanoparticulas\/#respond\"]}]},{\"@type\":\"WebPage\",\"@id\":\"https:\/\/www.euroresidentes.com\/salud\/salud-hoy\/cancer-de-prostata-y-nanoparticulas\/\",\"url\":\"https:\/\/www.euroresidentes.com\/salud\/salud-hoy\/cancer-de-prostata-y-nanoparticulas\/\",\"name\":\"C\u00e1ncer de pr\u00f3stata y nanopart\u00edculas - Salud hoy\",\"isPartOf\":{\"@id\":\"https:\/\/www.euroresidentes.com\/salud\/salud-hoy\/#website\"},\"primaryImageOfPage\":{\"@id\":\"https:\/\/www.euroresidentes.com\/salud\/salud-hoy\/cancer-de-prostata-y-nanoparticulas\/#primaryimage\"},\"image\":{\"@id\":\"https:\/\/www.euroresidentes.com\/salud\/salud-hoy\/cancer-de-prostata-y-nanoparticulas\/#primaryimage\"},\"thumbnailUrl\":\"https:\/\/www.euroresidentes.com\/salud\/salud-hoy\/wp-content\/uploads\/sites\/9\/2012\/07\/520800_368138271.jpg\",\"datePublished\":\"2012-07-18T07:47:00+00:00\",\"dateModified\":\"2016-03-15T12:00:36+00:00\",\"author\":{\"@id\":\"https:\/\/www.euroresidentes.com\/salud\/salud-hoy\/#\/schema\/person\/c0299534643677f2282b416ac1fe97f1\"},\"breadcrumb\":{\"@id\":\"https:\/\/www.euroresidentes.com\/salud\/salud-hoy\/cancer-de-prostata-y-nanoparticulas\/#breadcrumb\"},\"inLanguage\":\"es\",\"potentialAction\":[{\"@type\":\"ReadAction\",\"target\":[\"https:\/\/www.euroresidentes.com\/salud\/salud-hoy\/cancer-de-prostata-y-nanoparticulas\/\"]}]},{\"@type\":\"ImageObject\",\"inLanguage\":\"es\",\"@id\":\"https:\/\/www.euroresidentes.com\/salud\/salud-hoy\/cancer-de-prostata-y-nanoparticulas\/#primaryimage\",\"url\":\"https:\/\/www.euroresidentes.com\/salud\/salud-hoy\/wp-content\/uploads\/sites\/9\/2012\/07\/520800_368138271.jpg\",\"contentUrl\":\"https:\/\/www.euroresidentes.com\/salud\/salud-hoy\/wp-content\/uploads\/sites\/9\/2012\/07\/520800_368138271.jpg\",\"width\":640,\"height\":446},{\"@type\":\"BreadcrumbList\",\"@id\":\"https:\/\/www.euroresidentes.com\/salud\/salud-hoy\/cancer-de-prostata-y-nanoparticulas\/#breadcrumb\",\"itemListElement\":[{\"@type\":\"ListItem\",\"position\":1,\"name\":\"Portada\",\"item\":\"https:\/\/www.euroresidentes.com\/salud\/salud-hoy\/\"},{\"@type\":\"ListItem\",\"position\":2,\"name\":\"C\u00e1ncer de pr\u00f3stata y nanopart\u00edculas\"}]},{\"@type\":\"WebSite\",\"@id\":\"https:\/\/www.euroresidentes.com\/salud\/salud-hoy\/#website\",\"url\":\"https:\/\/www.euroresidentes.com\/salud\/salud-hoy\/\",\"name\":\"Salud hoy\",\"description\":\"Salud hoy Euroresidentes\",\"potentialAction\":[{\"@type\":\"SearchAction\",\"target\":{\"@type\":\"EntryPoint\",\"urlTemplate\":\"https:\/\/www.euroresidentes.com\/salud\/salud-hoy\/?s={search_term_string}\"},\"query-input\":{\"@type\":\"PropertyValueSpecification\",\"valueRequired\":true,\"valueName\":\"search_term_string\"}}],\"inLanguage\":\"es\"},{\"@type\":\"Person\",\"@id\":\"https:\/\/www.euroresidentes.com\/salud\/salud-hoy\/#\/schema\/person\/c0299534643677f2282b416ac1fe97f1\",\"name\":\"Raquel Pomares\",\"image\":{\"@type\":\"ImageObject\",\"inLanguage\":\"es\",\"@id\":\"https:\/\/www.euroresidentes.com\/salud\/salud-hoy\/#\/schema\/person\/image\/\",\"url\":\"https:\/\/www.euroresidentes.com\/salud\/salud-hoy\/wp-content\/uploads\/sites\/9\/2016\/09\/raquel-pomares-150x150.jpg\",\"contentUrl\":\"https:\/\/www.euroresidentes.com\/salud\/salud-hoy\/wp-content\/uploads\/sites\/9\/2016\/09\/raquel-pomares-150x150.jpg\",\"caption\":\"Raquel Pomares\"},\"description\":\"Raquel PomaresBi\u00f3loga, doctora y divulgadora cient\u00edfica especializada en temas de salud.\",\"sameAs\":[\"https:\/\/www.euroresidentes.com\/salud\/raquel-pomares.html\"],\"url\":\"https:\/\/www.euroresidentes.com\/salud\/salud-hoy\/author\/raquel\/\"}]}<\/script>\n<!-- \/ Yoast SEO plugin. -->","yoast_head_json":{"title":"C\u00e1ncer de pr\u00f3stata y nanopart\u00edculas - Salud hoy","robots":{"index":"index","follow":"follow","max-snippet":"max-snippet:-1","max-image-preview":"max-image-preview:large","max-video-preview":"max-video-preview:-1"},"canonical":"https:\/\/www.euroresidentes.com\/salud\/salud-hoy\/cancer-de-prostata-y-nanoparticulas\/","og_locale":"es_ES","og_type":"article","og_title":"C\u00e1ncer de pr\u00f3stata y nanopart\u00edculas - Salud hoy","og_description":"Nanopart\u00edculas de oro y t\u00e9 para reducir el c\u00e1ncer de pr\u00f3stata. La quimioterapia es el tratamiento que se utiliza para ciertas formas de c\u00e1ncer, sin embargo no s\u00f3lo afectan a las c\u00e9lulas tumorales, sino que tambi\u00e9n da\u00f1a \u00f3rganos vitales y altera ciertas funciones corporales. En el tratamiento de tumores s\u00f3lidos, como el c\u00e1ncer de pr\u00f3stata, la existencia de barreras vasculares e intersticiales dificulta la administraci\u00f3n sist\u00e9mica de los agentes terap\u00e9uticos. Un equipo de cient\u00edficos de la Universidad de Missouri, en EE.UU., ha encontrado una forma m\u00e1s eficaz de combatir tumores de pr\u00f3stata mediante la inyecci\u00f3n intratumoral de nanopart\u00edculas de oro","og_url":"https:\/\/www.euroresidentes.com\/salud\/salud-hoy\/cancer-de-prostata-y-nanoparticulas\/","og_site_name":"Salud hoy","article_publisher":"https:\/\/www.facebook.com\/Salud-Euroresidentes-399995783365932\/","article_published_time":"2012-07-18T07:47:00+00:00","article_modified_time":"2016-03-15T12:00:36+00:00","og_image":[{"width":640,"height":446,"url":"https:\/\/www.euroresidentes.com\/salud\/salud-hoy\/wp-content\/uploads\/sites\/9\/2012\/07\/520800_368138271.jpg","type":"image\/jpeg"}],"author":"Raquel Pomares","twitter_card":"summary_large_image","twitter_misc":{"Written by":"Raquel Pomares","Est. reading time":"2 minutos"},"schema":{"@context":"https:\/\/schema.org","@graph":[{"@type":"Article","@id":"https:\/\/www.euroresidentes.com\/salud\/salud-hoy\/cancer-de-prostata-y-nanoparticulas\/#article","isPartOf":{"@id":"https:\/\/www.euroresidentes.com\/salud\/salud-hoy\/cancer-de-prostata-y-nanoparticulas\/"},"author":{"name":"Raquel Pomares","@id":"https:\/\/www.euroresidentes.com\/salud\/salud-hoy\/#\/schema\/person\/c0299534643677f2282b416ac1fe97f1"},"headline":"C\u00e1ncer de pr\u00f3stata y nanopart\u00edculas","datePublished":"2012-07-18T07:47:00+00:00","dateModified":"2016-03-15T12:00:36+00:00","mainEntityOfPage":{"@id":"https:\/\/www.euroresidentes.com\/salud\/salud-hoy\/cancer-de-prostata-y-nanoparticulas\/"},"wordCount":492,"commentCount":0,"image":{"@id":"https:\/\/www.euroresidentes.com\/salud\/salud-hoy\/cancer-de-prostata-y-nanoparticulas\/#primaryimage"},"thumbnailUrl":"https:\/\/www.euroresidentes.com\/salud\/salud-hoy\/wp-content\/uploads\/sites\/9\/2012\/07\/520800_368138271.jpg","articleSection":["General"],"inLanguage":"es","potentialAction":[{"@type":"CommentAction","name":"Comment","target":["https:\/\/www.euroresidentes.com\/salud\/salud-hoy\/cancer-de-prostata-y-nanoparticulas\/#respond"]}]},{"@type":"WebPage","@id":"https:\/\/www.euroresidentes.com\/salud\/salud-hoy\/cancer-de-prostata-y-nanoparticulas\/","url":"https:\/\/www.euroresidentes.com\/salud\/salud-hoy\/cancer-de-prostata-y-nanoparticulas\/","name":"C\u00e1ncer de pr\u00f3stata y nanopart\u00edculas - Salud hoy","isPartOf":{"@id":"https:\/\/www.euroresidentes.com\/salud\/salud-hoy\/#website"},"primaryImageOfPage":{"@id":"https:\/\/www.euroresidentes.com\/salud\/salud-hoy\/cancer-de-prostata-y-nanoparticulas\/#primaryimage"},"image":{"@id":"https:\/\/www.euroresidentes.com\/salud\/salud-hoy\/cancer-de-prostata-y-nanoparticulas\/#primaryimage"},"thumbnailUrl":"https:\/\/www.euroresidentes.com\/salud\/salud-hoy\/wp-content\/uploads\/sites\/9\/2012\/07\/520800_368138271.jpg","datePublished":"2012-07-18T07:47:00+00:00","dateModified":"2016-03-15T12:00:36+00:00","author":{"@id":"https:\/\/www.euroresidentes.com\/salud\/salud-hoy\/#\/schema\/person\/c0299534643677f2282b416ac1fe97f1"},"breadcrumb":{"@id":"https:\/\/www.euroresidentes.com\/salud\/salud-hoy\/cancer-de-prostata-y-nanoparticulas\/#breadcrumb"},"inLanguage":"es","potentialAction":[{"@type":"ReadAction","target":["https:\/\/www.euroresidentes.com\/salud\/salud-hoy\/cancer-de-prostata-y-nanoparticulas\/"]}]},{"@type":"ImageObject","inLanguage":"es","@id":"https:\/\/www.euroresidentes.com\/salud\/salud-hoy\/cancer-de-prostata-y-nanoparticulas\/#primaryimage","url":"https:\/\/www.euroresidentes.com\/salud\/salud-hoy\/wp-content\/uploads\/sites\/9\/2012\/07\/520800_368138271.jpg","contentUrl":"https:\/\/www.euroresidentes.com\/salud\/salud-hoy\/wp-content\/uploads\/sites\/9\/2012\/07\/520800_368138271.jpg","width":640,"height":446},{"@type":"BreadcrumbList","@id":"https:\/\/www.euroresidentes.com\/salud\/salud-hoy\/cancer-de-prostata-y-nanoparticulas\/#breadcrumb","itemListElement":[{"@type":"ListItem","position":1,"name":"Portada","item":"https:\/\/www.euroresidentes.com\/salud\/salud-hoy\/"},{"@type":"ListItem","position":2,"name":"C\u00e1ncer de pr\u00f3stata y nanopart\u00edculas"}]},{"@type":"WebSite","@id":"https:\/\/www.euroresidentes.com\/salud\/salud-hoy\/#website","url":"https:\/\/www.euroresidentes.com\/salud\/salud-hoy\/","name":"Salud hoy","description":"Salud hoy Euroresidentes","potentialAction":[{"@type":"SearchAction","target":{"@type":"EntryPoint","urlTemplate":"https:\/\/www.euroresidentes.com\/salud\/salud-hoy\/?s={search_term_string}"},"query-input":{"@type":"PropertyValueSpecification","valueRequired":true,"valueName":"search_term_string"}}],"inLanguage":"es"},{"@type":"Person","@id":"https:\/\/www.euroresidentes.com\/salud\/salud-hoy\/#\/schema\/person\/c0299534643677f2282b416ac1fe97f1","name":"Raquel Pomares","image":{"@type":"ImageObject","inLanguage":"es","@id":"https:\/\/www.euroresidentes.com\/salud\/salud-hoy\/#\/schema\/person\/image\/","url":"https:\/\/www.euroresidentes.com\/salud\/salud-hoy\/wp-content\/uploads\/sites\/9\/2016\/09\/raquel-pomares-150x150.jpg","contentUrl":"https:\/\/www.euroresidentes.com\/salud\/salud-hoy\/wp-content\/uploads\/sites\/9\/2016\/09\/raquel-pomares-150x150.jpg","caption":"Raquel Pomares"},"description":"Raquel PomaresBi\u00f3loga, doctora y divulgadora cient\u00edfica especializada en temas de salud.","sameAs":["https:\/\/www.euroresidentes.com\/salud\/raquel-pomares.html"],"url":"https:\/\/www.euroresidentes.com\/salud\/salud-hoy\/author\/raquel\/"}]}},"_links":{"self":[{"href":"https:\/\/www.euroresidentes.com\/salud\/salud-hoy\/wp-json\/wp\/v2\/posts\/1999","targetHints":{"allow":["GET"]}}],"collection":[{"href":"https:\/\/www.euroresidentes.com\/salud\/salud-hoy\/wp-json\/wp\/v2\/posts"}],"about":[{"href":"https:\/\/www.euroresidentes.com\/salud\/salud-hoy\/wp-json\/wp\/v2\/types\/post"}],"author":[{"embeddable":true,"href":"https:\/\/www.euroresidentes.com\/salud\/salud-hoy\/wp-json\/wp\/v2\/users\/2"}],"replies":[{"embeddable":true,"href":"https:\/\/www.euroresidentes.com\/salud\/salud-hoy\/wp-json\/wp\/v2\/comments?post=1999"}],"version-history":[{"count":1,"href":"https:\/\/www.euroresidentes.com\/salud\/salud-hoy\/wp-json\/wp\/v2\/posts\/1999\/revisions"}],"predecessor-version":[{"id":2643,"href":"https:\/\/www.euroresidentes.com\/salud\/salud-hoy\/wp-json\/wp\/v2\/posts\/1999\/revisions\/2643"}],"wp:featuredmedia":[{"embeddable":true,"href":"https:\/\/www.euroresidentes.com\/salud\/salud-hoy\/wp-json\/wp\/v2\/media\/2642"}],"wp:attachment":[{"href":"https:\/\/www.euroresidentes.com\/salud\/salud-hoy\/wp-json\/wp\/v2\/media?parent=1999"}],"wp:term":[{"taxonomy":"category","embeddable":true,"href":"https:\/\/www.euroresidentes.com\/salud\/salud-hoy\/wp-json\/wp\/v2\/categories?post=1999"},{"taxonomy":"post_tag","embeddable":true,"href":"https:\/\/www.euroresidentes.com\/salud\/salud-hoy\/wp-json\/wp\/v2\/tags?post=1999"}],"curies":[{"name":"wp","href":"https:\/\/api.w.org\/{rel}","templated":true}]}}