 

{"id":1918,"date":"2013-03-21T10:22:00","date_gmt":"2013-03-21T09:22:00","guid":{"rendered":"https:\/\/www.euroresidentes.com\/salud\/salud-hoy\/alzheimer-y-calidad-del-sueno"},"modified":"2018-05-22T11:20:09","modified_gmt":"2018-05-22T09:20:09","slug":"alzheimer-y-calidad-del-sueno","status":"publish","type":"post","link":"https:\/\/www.euroresidentes.com\/salud\/salud-hoy\/alzheimer-y-calidad-del-sueno\/","title":{"rendered":"Alzheimer y calidad del sue\u00f1o"},"content":{"rendered":"<div class=\"separator\" style=\"clear: both; text-align: center;\">\n<a href=\"http:\/\/3.bp.blogspot.com\/-lsBGpvaLxL8\/UUMeLwbZkjI\/AAAAAAAABr8\/5i8tmbNf7jg\/s1600\/insomnio+y+alzheimer.jpg\" imageanchor=\"1\" style=\"margin-left: 1em; margin-right: 1em;\"><img loading=\"lazy\" decoding=\"async\" alt=\"Alzheimer y calidad del sue\u00f1o\" border=\"0\" src=\"https:\/\/www.euroresidentes.com\/salud\/salud-hoy\/wp-content\/uploads\/sites\/9\/2013\/03\/insomnio-y-alzheimer1.jpg\" height=\"480\" title=\"Alzheimer y calidad del sue\u00f1o\" width=\"640\" \/><\/a><\/div>\n<div style=\"text-align: justify;\">\n<\/div>\n<div style=\"text-align: justify;\">\n<b>Tener problemas de sue\u00f1o podr\u00eda ser uno de los primeros signos de la enfermedad de Alzheimer.<\/b><\/div>\n<div style=\"text-align: justify;\">\n<\/div>\n<div style=\"text-align: justify;\">\nIncluso cuando no hay problemas de memoria evidentes, un estudio&nbsp;sugiere que las personas que no son capaces de dormir toda la noche tienen un mayor riesgo de sufrir Alzheimer.&nbsp;<\/div>\n<div style=\"text-align: justify;\">\n<\/div>\n<div style=\"text-align: justify;\">\nEl estudio, publicado en la revista <i><a href=\"http:\/\/archneur.jamanetwork.com\/article.aspx?articleid=1663363\" target=\"_blank\">JAMA Neurology<\/a><\/i>, incluy\u00f3 a 145 personas de entre 45 y 75 a\u00f1os que al inicio del estudio no ten\u00eda problemas cognitivos. Los investigadores pidieron a los participantes del estudio que anotaran sus horarios de sue\u00f1o y de vigilia, y que llevasen unos sensores especiales en la mu\u00f1eca para detectar sus movimientos durante dos semanas.<\/p>\n<p>Tambi\u00e9n se analiz\u00f3 el l\u00edquido cefalorraqu\u00eddeo de los participantes para medir los niveles de la prote\u00edna AB42. Estudios previos han demostrado que niveles bajos de la prote\u00edna AB42 en el fluido cerebroespinal, es un signo precl\u00ednico de la enfermedad, ya que se asocian con la formaci\u00f3n de placas amiloides en el cerebro, una caracter\u00edstica&nbsp;de la enfermedad&nbsp;de Alzheimer<\/p>\n<p>Encontraron que alrededor de un tercio de los participantes ten\u00edan signos precl\u00ednicos de la enfermedad, y que estos sujetos ten\u00edan una peor calidad de sue\u00f1o que el resto de sus compa\u00f1eros.<\/p>\n<p>Estos sujetos con signos precl\u00ednicos de Alzheimer ten\u00edan una peor eficiencia de sue\u00f1o, &nbsp;lo que no significa que durmieran menos horas, sino que dorm\u00edan peor. Adem\u00e1s, estos individuos ten\u00edan m\u00e1s tendencia a realizar siestas durante el d\u00eda y tardaban m\u00e1s tiempo en dormirse que el resto de sus compa\u00f1eros.<\/p>\n<p>Los investigadores creen que posiblemente los dep\u00f3sitos de prote\u00edna amiloide podr\u00edan estar provocando una fragmentaci\u00f3n del sue\u00f1o, ya que podr\u00eda estar interfiriendo directamente en el funcionamiento de \u00e1reas del cerebro implicadas en el sue\u00f1o.<\/p>\n<\/div>\n<div style=\"text-align: justify;\">\nJu Y-E, McLeland JS, Toedebusch CD, Xiong C, Fagan AM, Duntley SP, y col. JAMA Neurology (2013). <a href=\"http:\/\/archneur.jamanetwork.com\/article.aspx?articleid=1663363\" target=\"_blank\">Online<\/a>.<\/p>\n<p>\n<b>Temas relacionados con:&nbsp;<\/b><b>Alzheimer y calidad del sue\u00f1o.<\/b><\/p>\n<ul style=\"background-color: white; margin: 0.5em 0px; padding: 0px 2.5em; text-align: start;\">\n<li><a href=\"http:\/\/salud-hoy.euroresidentes.com\/2012\/07\/nuevo-farmaco-para-la-enfermedad-de.html\">Nuevo f\u00e1rmaco para la enfermedad de Alzeimer<\/a><\/li>\n<li style=\"margin: 0px 0px 0.25em; padding: 0px;\"><a href=\"http:\/\/avances-tecnologicos.euroresidentes.com\/2006\/06\/vacuna-contra-alzheimer.html\">Vacuna contra Alzheimer<\/a><\/li>\n<li style=\"margin: 0px 0px 0.25em; padding: 0px;\"><a href=\"http:\/\/avances-tecnologicos.euroresidentes.com\/2008\/06\/deteccin-de-alzheimer-con-lser.html\" style=\"font-family: inherit;\">Detecci\u00f3n de Alzheimer con l\u00e1ser<\/a><\/li>\n<li style=\"margin: 0px 0px 0.25em; padding: 0px;\"><a href=\"http:\/\/www.euroresidentes.com\/Blogs\/avances_tecnologicos\/2004\/10\/esperanza-para-enfermos-de-alzheimer.htm\" style=\"font-family: inherit;\">Esperanza para enfermos de Alzheimer<\/a><\/li>\n<li style=\"margin: 0px 0px 0.25em; padding: 0px;\"><a href=\"http:\/\/noticias-nanotecnologia.euroresidentes.com\/2006\/02\/un-sensor-podra-detectar-seales-de.html\" style=\"font-family: inherit;\">Un sensor podr\u00eda detectar se\u00f1ales de Alzheimer<\/a><\/li>\n<li style=\"margin: 0px 0px 0.25em; padding: 0px;\"><a href=\"http:\/\/consejos-trucos-remedios.euroresidentes.com\/2010\/06\/consejos-para-ayudar-prevenir-alzheimer.html\">Consejos para ayudar a prevenir Alzheimer<\/a><\/li>\n<li style=\"margin: 0px 0px 0.25em; padding: 0px;\"><a href=\"http:\/\/avances-tecnologicos.euroresidentes.com\/2008\/04\/prueba-para-diagnostica-alzheimer-y.html\" style=\"font-family: inherit;\">Prueba para diagnosticar Alzheimer y Parkinson<\/a><\/li>\n<li><a href=\"http:\/\/salud-hoy.euroresidentes.com\/2012\/04\/sueno-y-memoria.html\" target=\"_blank\">Sue\u00f1o y memoria<\/a><\/li>\n<li><a href=\"http:\/\/salud-hoy.euroresidentes.com\/2012\/07\/la-perdida-del-sueno-afecta-al-sistema.html\" target=\"_blank\">P\u00e9rdida de sue\u00f1o y sistema inmunol\u00f3gico<\/a><\/li>\n<li><a href=\"http:\/\/www.euroresidentes.com\/suenos\/\" target=\"_blank\">Sue\u00f1os<\/a><\/li>\n<\/ul>\n<\/div>\n","protected":false},"excerpt":{"rendered":"<p>Tener problemas de sue\u00f1o podr\u00eda ser uno de los primeros signos de la enfermedad de Alzheimer. Incluso cuando no hay problemas de memoria evidentes, un estudio&nbsp;sugiere que las personas que no son capaces de dormir toda la noche tienen un mayor riesgo de sufrir Alzheimer.&nbsp; El estudio, publicado en la revista JAMA Neurology, incluy\u00f3 a 145 personas de entre 45 y 75 a\u00f1os que al inicio del estudio no ten\u00eda problemas cognitivos. Los investigadores pidieron a los participantes del estudio que anotaran sus horarios de sue\u00f1o y de vigilia, y que llevasen unos sensores especiales en la mu\u00f1eca para detectar <\/p>\n","protected":false},"author":2,"featured_media":2474,"comment_status":"open","ping_status":"open","sticky":false,"template":"","format":"standard","meta":{"footnotes":""},"categories":[11,20],"tags":[],"class_list":["post-1918","post","type-post","status-publish","format-standard","has-post-thumbnail","hentry","category-alzheimer","category-trastornos-sueno","has_thumb"],"yoast_head":"<!-- This site is optimized with the Yoast SEO plugin v26.8 - https:\/\/yoast.com\/product\/yoast-seo-wordpress\/ -->\n<title>Alzheimer y calidad del sue\u00f1o - Salud hoy<\/title>\n<meta name=\"robots\" content=\"index, follow, max-snippet:-1, max-image-preview:large, max-video-preview:-1\" \/>\n<link rel=\"canonical\" href=\"https:\/\/www.euroresidentes.com\/salud\/salud-hoy\/alzheimer-y-calidad-del-sueno\/\" \/>\n<meta property=\"og:locale\" content=\"es_ES\" \/>\n<meta property=\"og:type\" content=\"article\" \/>\n<meta property=\"og:title\" content=\"Alzheimer y calidad del sue\u00f1o - Salud hoy\" \/>\n<meta property=\"og:description\" content=\"Tener problemas de sue\u00f1o podr\u00eda ser uno de los primeros signos de la enfermedad de Alzheimer. Incluso cuando no hay problemas de memoria evidentes, un estudio&nbsp;sugiere que las personas que no son capaces de dormir toda la noche tienen un mayor riesgo de sufrir Alzheimer.&nbsp; El estudio, publicado en la revista JAMA Neurology, incluy\u00f3 a 145 personas de entre 45 y 75 a\u00f1os que al inicio del estudio no ten\u00eda problemas cognitivos. Los investigadores pidieron a los participantes del estudio que anotaran sus horarios de sue\u00f1o y de vigilia, y que llevasen unos sensores especiales en la mu\u00f1eca para detectar\" \/>\n<meta property=\"og:url\" content=\"https:\/\/www.euroresidentes.com\/salud\/salud-hoy\/alzheimer-y-calidad-del-sueno\/\" \/>\n<meta property=\"og:site_name\" content=\"Salud hoy\" \/>\n<meta property=\"article:publisher\" content=\"https:\/\/www.facebook.com\/Salud-Euroresidentes-399995783365932\/\" \/>\n<meta property=\"article:published_time\" content=\"2013-03-21T09:22:00+00:00\" \/>\n<meta property=\"article:modified_time\" content=\"2018-05-22T09:20:09+00:00\" \/>\n<meta property=\"og:image\" content=\"https:\/\/www.euroresidentes.com\/salud\/salud-hoy\/wp-content\/uploads\/sites\/9\/2013\/03\/insomnio-y-alzheimer1.jpg\" \/>\n\t<meta property=\"og:image:width\" content=\"640\" \/>\n\t<meta property=\"og:image:height\" content=\"480\" \/>\n\t<meta property=\"og:image:type\" content=\"image\/jpeg\" \/>\n<meta name=\"author\" content=\"Raquel Pomares\" \/>\n<meta name=\"twitter:card\" content=\"summary_large_image\" \/>\n<meta name=\"twitter:label1\" content=\"Written by\" \/>\n\t<meta name=\"twitter:data1\" content=\"Raquel Pomares\" \/>\n\t<meta name=\"twitter:label2\" content=\"Est. reading time\" \/>\n\t<meta name=\"twitter:data2\" content=\"2 minutos\" \/>\n<script type=\"application\/ld+json\" class=\"yoast-schema-graph\">{\"@context\":\"https:\/\/schema.org\",\"@graph\":[{\"@type\":\"Article\",\"@id\":\"https:\/\/www.euroresidentes.com\/salud\/salud-hoy\/alzheimer-y-calidad-del-sueno\/#article\",\"isPartOf\":{\"@id\":\"https:\/\/www.euroresidentes.com\/salud\/salud-hoy\/alzheimer-y-calidad-del-sueno\/\"},\"author\":{\"name\":\"Raquel Pomares\",\"@id\":\"https:\/\/www.euroresidentes.com\/salud\/salud-hoy\/#\/schema\/person\/c0299534643677f2282b416ac1fe97f1\"},\"headline\":\"Alzheimer y calidad del sue\u00f1o\",\"datePublished\":\"2013-03-21T09:22:00+00:00\",\"dateModified\":\"2018-05-22T09:20:09+00:00\",\"mainEntityOfPage\":{\"@id\":\"https:\/\/www.euroresidentes.com\/salud\/salud-hoy\/alzheimer-y-calidad-del-sueno\/\"},\"wordCount\":409,\"commentCount\":1,\"image\":{\"@id\":\"https:\/\/www.euroresidentes.com\/salud\/salud-hoy\/alzheimer-y-calidad-del-sueno\/#primaryimage\"},\"thumbnailUrl\":\"https:\/\/www.euroresidentes.com\/salud\/salud-hoy\/wp-content\/uploads\/sites\/9\/2013\/03\/insomnio-y-alzheimer1.jpg\",\"articleSection\":[\"Alzheimer\",\"Trastornos sue\u00f1o\"],\"inLanguage\":\"es\",\"potentialAction\":[{\"@type\":\"CommentAction\",\"name\":\"Comment\",\"target\":[\"https:\/\/www.euroresidentes.com\/salud\/salud-hoy\/alzheimer-y-calidad-del-sueno\/#respond\"]}]},{\"@type\":\"WebPage\",\"@id\":\"https:\/\/www.euroresidentes.com\/salud\/salud-hoy\/alzheimer-y-calidad-del-sueno\/\",\"url\":\"https:\/\/www.euroresidentes.com\/salud\/salud-hoy\/alzheimer-y-calidad-del-sueno\/\",\"name\":\"Alzheimer y calidad del sue\u00f1o - Salud hoy\",\"isPartOf\":{\"@id\":\"https:\/\/www.euroresidentes.com\/salud\/salud-hoy\/#website\"},\"primaryImageOfPage\":{\"@id\":\"https:\/\/www.euroresidentes.com\/salud\/salud-hoy\/alzheimer-y-calidad-del-sueno\/#primaryimage\"},\"image\":{\"@id\":\"https:\/\/www.euroresidentes.com\/salud\/salud-hoy\/alzheimer-y-calidad-del-sueno\/#primaryimage\"},\"thumbnailUrl\":\"https:\/\/www.euroresidentes.com\/salud\/salud-hoy\/wp-content\/uploads\/sites\/9\/2013\/03\/insomnio-y-alzheimer1.jpg\",\"datePublished\":\"2013-03-21T09:22:00+00:00\",\"dateModified\":\"2018-05-22T09:20:09+00:00\",\"author\":{\"@id\":\"https:\/\/www.euroresidentes.com\/salud\/salud-hoy\/#\/schema\/person\/c0299534643677f2282b416ac1fe97f1\"},\"breadcrumb\":{\"@id\":\"https:\/\/www.euroresidentes.com\/salud\/salud-hoy\/alzheimer-y-calidad-del-sueno\/#breadcrumb\"},\"inLanguage\":\"es\",\"potentialAction\":[{\"@type\":\"ReadAction\",\"target\":[\"https:\/\/www.euroresidentes.com\/salud\/salud-hoy\/alzheimer-y-calidad-del-sueno\/\"]}]},{\"@type\":\"ImageObject\",\"inLanguage\":\"es\",\"@id\":\"https:\/\/www.euroresidentes.com\/salud\/salud-hoy\/alzheimer-y-calidad-del-sueno\/#primaryimage\",\"url\":\"https:\/\/www.euroresidentes.com\/salud\/salud-hoy\/wp-content\/uploads\/sites\/9\/2013\/03\/insomnio-y-alzheimer1.jpg\",\"contentUrl\":\"https:\/\/www.euroresidentes.com\/salud\/salud-hoy\/wp-content\/uploads\/sites\/9\/2013\/03\/insomnio-y-alzheimer1.jpg\",\"width\":640,\"height\":480},{\"@type\":\"BreadcrumbList\",\"@id\":\"https:\/\/www.euroresidentes.com\/salud\/salud-hoy\/alzheimer-y-calidad-del-sueno\/#breadcrumb\",\"itemListElement\":[{\"@type\":\"ListItem\",\"position\":1,\"name\":\"Portada\",\"item\":\"https:\/\/www.euroresidentes.com\/salud\/salud-hoy\/\"},{\"@type\":\"ListItem\",\"position\":2,\"name\":\"Alzheimer y calidad del sue\u00f1o\"}]},{\"@type\":\"WebSite\",\"@id\":\"https:\/\/www.euroresidentes.com\/salud\/salud-hoy\/#website\",\"url\":\"https:\/\/www.euroresidentes.com\/salud\/salud-hoy\/\",\"name\":\"Salud hoy\",\"description\":\"Salud hoy Euroresidentes\",\"potentialAction\":[{\"@type\":\"SearchAction\",\"target\":{\"@type\":\"EntryPoint\",\"urlTemplate\":\"https:\/\/www.euroresidentes.com\/salud\/salud-hoy\/?s={search_term_string}\"},\"query-input\":{\"@type\":\"PropertyValueSpecification\",\"valueRequired\":true,\"valueName\":\"search_term_string\"}}],\"inLanguage\":\"es\"},{\"@type\":\"Person\",\"@id\":\"https:\/\/www.euroresidentes.com\/salud\/salud-hoy\/#\/schema\/person\/c0299534643677f2282b416ac1fe97f1\",\"name\":\"Raquel Pomares\",\"image\":{\"@type\":\"ImageObject\",\"inLanguage\":\"es\",\"@id\":\"https:\/\/www.euroresidentes.com\/salud\/salud-hoy\/#\/schema\/person\/image\/\",\"url\":\"https:\/\/www.euroresidentes.com\/salud\/salud-hoy\/wp-content\/uploads\/sites\/9\/2016\/09\/raquel-pomares-150x150.jpg\",\"contentUrl\":\"https:\/\/www.euroresidentes.com\/salud\/salud-hoy\/wp-content\/uploads\/sites\/9\/2016\/09\/raquel-pomares-150x150.jpg\",\"caption\":\"Raquel Pomares\"},\"description\":\"Raquel PomaresBi\u00f3loga, doctora y divulgadora cient\u00edfica especializada en temas de salud.\",\"sameAs\":[\"https:\/\/www.euroresidentes.com\/salud\/raquel-pomares.html\"],\"url\":\"https:\/\/www.euroresidentes.com\/salud\/salud-hoy\/author\/raquel\/\"}]}<\/script>\n<!-- \/ Yoast SEO plugin. -->","yoast_head_json":{"title":"Alzheimer y calidad del sue\u00f1o - Salud hoy","robots":{"index":"index","follow":"follow","max-snippet":"max-snippet:-1","max-image-preview":"max-image-preview:large","max-video-preview":"max-video-preview:-1"},"canonical":"https:\/\/www.euroresidentes.com\/salud\/salud-hoy\/alzheimer-y-calidad-del-sueno\/","og_locale":"es_ES","og_type":"article","og_title":"Alzheimer y calidad del sue\u00f1o - Salud hoy","og_description":"Tener problemas de sue\u00f1o podr\u00eda ser uno de los primeros signos de la enfermedad de Alzheimer. Incluso cuando no hay problemas de memoria evidentes, un estudio&nbsp;sugiere que las personas que no son capaces de dormir toda la noche tienen un mayor riesgo de sufrir Alzheimer.&nbsp; El estudio, publicado en la revista JAMA Neurology, incluy\u00f3 a 145 personas de entre 45 y 75 a\u00f1os que al inicio del estudio no ten\u00eda problemas cognitivos. Los investigadores pidieron a los participantes del estudio que anotaran sus horarios de sue\u00f1o y de vigilia, y que llevasen unos sensores especiales en la mu\u00f1eca para detectar","og_url":"https:\/\/www.euroresidentes.com\/salud\/salud-hoy\/alzheimer-y-calidad-del-sueno\/","og_site_name":"Salud hoy","article_publisher":"https:\/\/www.facebook.com\/Salud-Euroresidentes-399995783365932\/","article_published_time":"2013-03-21T09:22:00+00:00","article_modified_time":"2018-05-22T09:20:09+00:00","og_image":[{"width":640,"height":480,"url":"https:\/\/www.euroresidentes.com\/salud\/salud-hoy\/wp-content\/uploads\/sites\/9\/2013\/03\/insomnio-y-alzheimer1.jpg","type":"image\/jpeg"}],"author":"Raquel Pomares","twitter_card":"summary_large_image","twitter_misc":{"Written by":"Raquel Pomares","Est. reading time":"2 minutos"},"schema":{"@context":"https:\/\/schema.org","@graph":[{"@type":"Article","@id":"https:\/\/www.euroresidentes.com\/salud\/salud-hoy\/alzheimer-y-calidad-del-sueno\/#article","isPartOf":{"@id":"https:\/\/www.euroresidentes.com\/salud\/salud-hoy\/alzheimer-y-calidad-del-sueno\/"},"author":{"name":"Raquel Pomares","@id":"https:\/\/www.euroresidentes.com\/salud\/salud-hoy\/#\/schema\/person\/c0299534643677f2282b416ac1fe97f1"},"headline":"Alzheimer y calidad del sue\u00f1o","datePublished":"2013-03-21T09:22:00+00:00","dateModified":"2018-05-22T09:20:09+00:00","mainEntityOfPage":{"@id":"https:\/\/www.euroresidentes.com\/salud\/salud-hoy\/alzheimer-y-calidad-del-sueno\/"},"wordCount":409,"commentCount":1,"image":{"@id":"https:\/\/www.euroresidentes.com\/salud\/salud-hoy\/alzheimer-y-calidad-del-sueno\/#primaryimage"},"thumbnailUrl":"https:\/\/www.euroresidentes.com\/salud\/salud-hoy\/wp-content\/uploads\/sites\/9\/2013\/03\/insomnio-y-alzheimer1.jpg","articleSection":["Alzheimer","Trastornos sue\u00f1o"],"inLanguage":"es","potentialAction":[{"@type":"CommentAction","name":"Comment","target":["https:\/\/www.euroresidentes.com\/salud\/salud-hoy\/alzheimer-y-calidad-del-sueno\/#respond"]}]},{"@type":"WebPage","@id":"https:\/\/www.euroresidentes.com\/salud\/salud-hoy\/alzheimer-y-calidad-del-sueno\/","url":"https:\/\/www.euroresidentes.com\/salud\/salud-hoy\/alzheimer-y-calidad-del-sueno\/","name":"Alzheimer y calidad del sue\u00f1o - Salud hoy","isPartOf":{"@id":"https:\/\/www.euroresidentes.com\/salud\/salud-hoy\/#website"},"primaryImageOfPage":{"@id":"https:\/\/www.euroresidentes.com\/salud\/salud-hoy\/alzheimer-y-calidad-del-sueno\/#primaryimage"},"image":{"@id":"https:\/\/www.euroresidentes.com\/salud\/salud-hoy\/alzheimer-y-calidad-del-sueno\/#primaryimage"},"thumbnailUrl":"https:\/\/www.euroresidentes.com\/salud\/salud-hoy\/wp-content\/uploads\/sites\/9\/2013\/03\/insomnio-y-alzheimer1.jpg","datePublished":"2013-03-21T09:22:00+00:00","dateModified":"2018-05-22T09:20:09+00:00","author":{"@id":"https:\/\/www.euroresidentes.com\/salud\/salud-hoy\/#\/schema\/person\/c0299534643677f2282b416ac1fe97f1"},"breadcrumb":{"@id":"https:\/\/www.euroresidentes.com\/salud\/salud-hoy\/alzheimer-y-calidad-del-sueno\/#breadcrumb"},"inLanguage":"es","potentialAction":[{"@type":"ReadAction","target":["https:\/\/www.euroresidentes.com\/salud\/salud-hoy\/alzheimer-y-calidad-del-sueno\/"]}]},{"@type":"ImageObject","inLanguage":"es","@id":"https:\/\/www.euroresidentes.com\/salud\/salud-hoy\/alzheimer-y-calidad-del-sueno\/#primaryimage","url":"https:\/\/www.euroresidentes.com\/salud\/salud-hoy\/wp-content\/uploads\/sites\/9\/2013\/03\/insomnio-y-alzheimer1.jpg","contentUrl":"https:\/\/www.euroresidentes.com\/salud\/salud-hoy\/wp-content\/uploads\/sites\/9\/2013\/03\/insomnio-y-alzheimer1.jpg","width":640,"height":480},{"@type":"BreadcrumbList","@id":"https:\/\/www.euroresidentes.com\/salud\/salud-hoy\/alzheimer-y-calidad-del-sueno\/#breadcrumb","itemListElement":[{"@type":"ListItem","position":1,"name":"Portada","item":"https:\/\/www.euroresidentes.com\/salud\/salud-hoy\/"},{"@type":"ListItem","position":2,"name":"Alzheimer y calidad del sue\u00f1o"}]},{"@type":"WebSite","@id":"https:\/\/www.euroresidentes.com\/salud\/salud-hoy\/#website","url":"https:\/\/www.euroresidentes.com\/salud\/salud-hoy\/","name":"Salud hoy","description":"Salud hoy Euroresidentes","potentialAction":[{"@type":"SearchAction","target":{"@type":"EntryPoint","urlTemplate":"https:\/\/www.euroresidentes.com\/salud\/salud-hoy\/?s={search_term_string}"},"query-input":{"@type":"PropertyValueSpecification","valueRequired":true,"valueName":"search_term_string"}}],"inLanguage":"es"},{"@type":"Person","@id":"https:\/\/www.euroresidentes.com\/salud\/salud-hoy\/#\/schema\/person\/c0299534643677f2282b416ac1fe97f1","name":"Raquel Pomares","image":{"@type":"ImageObject","inLanguage":"es","@id":"https:\/\/www.euroresidentes.com\/salud\/salud-hoy\/#\/schema\/person\/image\/","url":"https:\/\/www.euroresidentes.com\/salud\/salud-hoy\/wp-content\/uploads\/sites\/9\/2016\/09\/raquel-pomares-150x150.jpg","contentUrl":"https:\/\/www.euroresidentes.com\/salud\/salud-hoy\/wp-content\/uploads\/sites\/9\/2016\/09\/raquel-pomares-150x150.jpg","caption":"Raquel Pomares"},"description":"Raquel PomaresBi\u00f3loga, doctora y divulgadora cient\u00edfica especializada en temas de salud.","sameAs":["https:\/\/www.euroresidentes.com\/salud\/raquel-pomares.html"],"url":"https:\/\/www.euroresidentes.com\/salud\/salud-hoy\/author\/raquel\/"}]}},"_links":{"self":[{"href":"https:\/\/www.euroresidentes.com\/salud\/salud-hoy\/wp-json\/wp\/v2\/posts\/1918","targetHints":{"allow":["GET"]}}],"collection":[{"href":"https:\/\/www.euroresidentes.com\/salud\/salud-hoy\/wp-json\/wp\/v2\/posts"}],"about":[{"href":"https:\/\/www.euroresidentes.com\/salud\/salud-hoy\/wp-json\/wp\/v2\/types\/post"}],"author":[{"embeddable":true,"href":"https:\/\/www.euroresidentes.com\/salud\/salud-hoy\/wp-json\/wp\/v2\/users\/2"}],"replies":[{"embeddable":true,"href":"https:\/\/www.euroresidentes.com\/salud\/salud-hoy\/wp-json\/wp\/v2\/comments?post=1918"}],"version-history":[{"count":1,"href":"https:\/\/www.euroresidentes.com\/salud\/salud-hoy\/wp-json\/wp\/v2\/posts\/1918\/revisions"}],"predecessor-version":[{"id":2475,"href":"https:\/\/www.euroresidentes.com\/salud\/salud-hoy\/wp-json\/wp\/v2\/posts\/1918\/revisions\/2475"}],"wp:featuredmedia":[{"embeddable":true,"href":"https:\/\/www.euroresidentes.com\/salud\/salud-hoy\/wp-json\/wp\/v2\/media\/2474"}],"wp:attachment":[{"href":"https:\/\/www.euroresidentes.com\/salud\/salud-hoy\/wp-json\/wp\/v2\/media?parent=1918"}],"wp:term":[{"taxonomy":"category","embeddable":true,"href":"https:\/\/www.euroresidentes.com\/salud\/salud-hoy\/wp-json\/wp\/v2\/categories?post=1918"},{"taxonomy":"post_tag","embeddable":true,"href":"https:\/\/www.euroresidentes.com\/salud\/salud-hoy\/wp-json\/wp\/v2\/tags?post=1918"}],"curies":[{"name":"wp","href":"https:\/\/api.w.org\/{rel}","templated":true}]}}