 

{"id":1905,"date":"2013-06-17T09:02:00","date_gmt":"2013-06-17T07:02:00","guid":{"rendered":"https:\/\/www.euroresidentes.com\/salud\/salud-hoy\/el-estres-cronico-del-padre-podria"},"modified":"2018-05-22T11:48:46","modified_gmt":"2018-05-22T09:48:46","slug":"el-estres-cronico-del-padre-podria","status":"publish","type":"post","link":"https:\/\/www.euroresidentes.com\/salud\/salud-hoy\/el-estres-cronico-del-padre-podria\/","title":{"rendered":"El estr\u00e9s cr\u00f3nico del padre podr\u00eda afectar la respuesta al estr\u00e9s de sus hijos"},"content":{"rendered":"<div class=\"separator\" style=\"clear: both; text-align: center;\">\n<a href=\"http:\/\/4.bp.blogspot.com\/-JYygg9gQjZs\/Ub7O5x4LfiI\/AAAAAAAAASk\/m5FAiodIG7Q\/s1600\/estr%C3%A9s-padres-hijos.jpg\" imageanchor=\"1\" style=\"margin-left: 1em; margin-right: 1em;\"><img loading=\"lazy\" decoding=\"async\" alt=\"El estr\u00e9s cr\u00f3nico del padre podr\u00eda afectar la respuesta al estr\u00e9s de sus hijos.\" border=\"0\" src=\"https:\/\/www.euroresidentes.com\/salud\/salud-hoy\/wp-content\/uploads\/sites\/9\/2013\/06\/estr\u00e9s-padres-hijos1.jpg\" height=\"480\" title=\"El estr\u00e9s cr\u00f3nico del padre podr\u00eda afectar la respuesta al estr\u00e9s de sus hijos.\" width=\"640\" \/><\/a><\/div>\n<div style=\"text-align: justify;\">\n<b><br \/><\/b><br \/>\n<b>El estr\u00e9s del padre podr\u00eda afectar a la descendencia a trav\u00e9s de cambios en los genes de los espermatozoides.<\/b><br \/>\n<b><br \/><\/b><\/div>\n<h3 class=\"access\" style=\"background-color: white; font-size: 13px; margin: 0px; padding: 0px; text-align: justify;\">\n<\/h3>\n<div style=\"text-align: justify;\">\nCient\u00edficos de la Universidad de Pensilvania han demostrado que la exposici\u00f3n cr\u00f3nica a estr\u00e9s provoca efectos epigen\u00e9ticos, es decir la alteraci\u00f3n de la expresi\u00f3n de ciertos genes debido a factores externos, en el esperma de ratones macho.&nbsp;<\/div>\n<div style=\"text-align: justify;\">\n<\/div>\n<div style=\"text-align: justify;\">\nEl resultado de la exposici\u00f3n paterna al estr\u00e9s&nbsp;produce la reprogramaci\u00f3n del eje hipot\u00e1lamo-pituitario-adrenal (eje HPA), una regi\u00f3n del cerebro que participa en el estr\u00e9s, y&nbsp;tiene como resultado que la descendencia de estos animales tengan tambi\u00e9n modificada su respuesta al estr\u00e9s.&nbsp;La descendencia de los ratones estresados \u200b\u200btambi\u00e9n experimentaron cambios de expresi\u00f3n g\u00e9nica en las regiones del cerebro relacionadas con el estr\u00e9s.&nbsp;<\/div>\n<div style=\"text-align: justify;\">\n<\/div>\n<div style=\"text-align: justify;\">\nEn el estudio, publicado en la revista <i><a href=\"http:\/\/www.jneurosci.org\/content\/33\/21\/9003\">Journal of Neuroscience<\/a><\/i>, los ratones fueron sometidos a un estr\u00e9s cr\u00f3nico durante seis semanas, como la exposici\u00f3n a olores de depredadores, ruidos, objetos extra\u00f1os o entornos nuevos tanto durante la pubertad como en la edad adulta. Los resultados mostraron que, en comparaci\u00f3n con la descendencia de los ratones criados sin estr\u00e9s, las cr\u00edas de los ratones estresados \u200b\u200bprodujeron niveles bajos de corticosterona, una hormona hom\u00f3loga al cortisol, la hormona del estr\u00e9s en los humanos.<\/div>\n<div style=\"text-align: justify;\">\n<\/div>\n<div style=\"text-align: justify;\">\nLa alteraci\u00f3n de la respuesta al estr\u00e9s, tanto si est\u00e1 aumentada como disminuida, no es bueno, ya que esto podr\u00eda significar que el animal no responde adecuadamente al estr\u00e9s y podr\u00eda incluso desencadenar el desarrollo de alg\u00fan trastorno psiqui\u00e1trico.<\/div>\n<div style=\"text-align: justify;\">\nNo obstante, que este efecto se traslade a la descendencia puede tener alguna ventaja, ya que esto les prepara para un entorno supuestamente m\u00e1s estresante<\/div>\n<div style=\"text-align: justify;\">\n<\/div>\n<div style=\"text-align: justify;\">\nRodgers AB, Morgan CP, Bronson SL, Revello S y Bale TL. Journal of Neuroscience (2013). <a href=\"http:\/\/www.jneurosci.org\/content\/33\/21\/9003\">M\u00e1s informaci\u00f3n<\/a>.<\/p>\n<p>\n<b>Temas relacionados con:&nbsp;El estr\u00e9s cr\u00f3nico del padre podr\u00eda afectar la respuesta al estr\u00e9s de sus hijos.<\/b><\/p>\n<ul>\n<li><a href=\"http:\/\/www.euroresidentes.com\/estres\/estres.htm\">Estr\u00e9s<\/a><\/li>\n<li><a href=\"http:\/\/www.euroresidentes.com\/estres\/combatir_el_estres.htm\">Combatir el estr\u00e9s<\/a><\/li>\n<\/ul>\n<\/div>\n","protected":false},"excerpt":{"rendered":"<p>El estr\u00e9s del padre podr\u00eda afectar a la descendencia a trav\u00e9s de cambios en los genes de los espermatozoides. Cient\u00edficos de la Universidad de Pensilvania han demostrado que la exposici\u00f3n cr\u00f3nica a estr\u00e9s provoca efectos epigen\u00e9ticos, es decir la alteraci\u00f3n de la expresi\u00f3n de ciertos genes debido a factores externos, en el esperma de ratones macho.&nbsp; El resultado de la exposici\u00f3n paterna al estr\u00e9s&nbsp;produce la reprogramaci\u00f3n del eje hipot\u00e1lamo-pituitario-adrenal (eje HPA), una regi\u00f3n del cerebro que participa en el estr\u00e9s, y&nbsp;tiene como resultado que la descendencia de estos animales tengan tambi\u00e9n modificada su respuesta al estr\u00e9s.&nbsp;La descendencia de los ratones <\/p>\n","protected":false},"author":2,"featured_media":2448,"comment_status":"open","ping_status":"open","sticky":false,"template":"","format":"standard","meta":{"footnotes":""},"categories":[21],"tags":[],"class_list":["post-1905","post","type-post","status-publish","format-standard","has-post-thumbnail","hentry","category-habitos-saludables","has_thumb"],"yoast_head":"<!-- This site is optimized with the Yoast SEO plugin v26.8 - https:\/\/yoast.com\/product\/yoast-seo-wordpress\/ -->\n<title>El estr\u00e9s cr\u00f3nico del padre podr\u00eda afectar la respuesta al estr\u00e9s de sus hijos - Salud hoy<\/title>\n<meta name=\"robots\" content=\"index, follow, max-snippet:-1, max-image-preview:large, max-video-preview:-1\" \/>\n<link rel=\"canonical\" href=\"https:\/\/www.euroresidentes.com\/salud\/salud-hoy\/el-estres-cronico-del-padre-podria\/\" \/>\n<meta property=\"og:locale\" content=\"es_ES\" \/>\n<meta property=\"og:type\" content=\"article\" \/>\n<meta property=\"og:title\" content=\"El estr\u00e9s cr\u00f3nico del padre podr\u00eda afectar la respuesta al estr\u00e9s de sus hijos - Salud hoy\" \/>\n<meta property=\"og:description\" content=\"El estr\u00e9s del padre podr\u00eda afectar a la descendencia a trav\u00e9s de cambios en los genes de los espermatozoides. Cient\u00edficos de la Universidad de Pensilvania han demostrado que la exposici\u00f3n cr\u00f3nica a estr\u00e9s provoca efectos epigen\u00e9ticos, es decir la alteraci\u00f3n de la expresi\u00f3n de ciertos genes debido a factores externos, en el esperma de ratones macho.&nbsp; El resultado de la exposici\u00f3n paterna al estr\u00e9s&nbsp;produce la reprogramaci\u00f3n del eje hipot\u00e1lamo-pituitario-adrenal (eje HPA), una regi\u00f3n del cerebro que participa en el estr\u00e9s, y&nbsp;tiene como resultado que la descendencia de estos animales tengan tambi\u00e9n modificada su respuesta al estr\u00e9s.&nbsp;La descendencia de los ratones\" \/>\n<meta property=\"og:url\" content=\"https:\/\/www.euroresidentes.com\/salud\/salud-hoy\/el-estres-cronico-del-padre-podria\/\" \/>\n<meta property=\"og:site_name\" content=\"Salud hoy\" \/>\n<meta property=\"article:publisher\" content=\"https:\/\/www.facebook.com\/Salud-Euroresidentes-399995783365932\/\" \/>\n<meta property=\"article:published_time\" content=\"2013-06-17T07:02:00+00:00\" \/>\n<meta property=\"article:modified_time\" content=\"2018-05-22T09:48:46+00:00\" \/>\n<meta property=\"og:image\" content=\"https:\/\/www.euroresidentes.com\/salud\/salud-hoy\/wp-content\/uploads\/sites\/9\/2013\/06\/estr\u00e9s-padres-hijos1.jpg\" \/>\n\t<meta property=\"og:image:width\" content=\"640\" \/>\n\t<meta property=\"og:image:height\" content=\"480\" \/>\n\t<meta property=\"og:image:type\" content=\"image\/jpeg\" \/>\n<meta name=\"author\" content=\"Raquel Pomares\" \/>\n<meta name=\"twitter:card\" content=\"summary_large_image\" \/>\n<meta name=\"twitter:label1\" content=\"Written by\" \/>\n\t<meta name=\"twitter:data1\" content=\"Raquel Pomares\" \/>\n\t<meta name=\"twitter:label2\" content=\"Est. reading time\" \/>\n\t<meta name=\"twitter:data2\" content=\"2 minutos\" \/>\n<script type=\"application\/ld+json\" class=\"yoast-schema-graph\">{\"@context\":\"https:\/\/schema.org\",\"@graph\":[{\"@type\":\"Article\",\"@id\":\"https:\/\/www.euroresidentes.com\/salud\/salud-hoy\/el-estres-cronico-del-padre-podria\/#article\",\"isPartOf\":{\"@id\":\"https:\/\/www.euroresidentes.com\/salud\/salud-hoy\/el-estres-cronico-del-padre-podria\/\"},\"author\":{\"name\":\"Raquel Pomares\",\"@id\":\"https:\/\/www.euroresidentes.com\/salud\/salud-hoy\/#\/schema\/person\/c0299534643677f2282b416ac1fe97f1\"},\"headline\":\"El estr\u00e9s cr\u00f3nico del padre podr\u00eda afectar la respuesta al estr\u00e9s de sus hijos\",\"datePublished\":\"2013-06-17T07:02:00+00:00\",\"dateModified\":\"2018-05-22T09:48:46+00:00\",\"mainEntityOfPage\":{\"@id\":\"https:\/\/www.euroresidentes.com\/salud\/salud-hoy\/el-estres-cronico-del-padre-podria\/\"},\"wordCount\":372,\"commentCount\":0,\"image\":{\"@id\":\"https:\/\/www.euroresidentes.com\/salud\/salud-hoy\/el-estres-cronico-del-padre-podria\/#primaryimage\"},\"thumbnailUrl\":\"https:\/\/www.euroresidentes.com\/salud\/salud-hoy\/wp-content\/uploads\/sites\/9\/2013\/06\/estr\u00e9s-padres-hijos1.jpg\",\"articleSection\":[\"H\u00e1bitos saludables\"],\"inLanguage\":\"es\",\"potentialAction\":[{\"@type\":\"CommentAction\",\"name\":\"Comment\",\"target\":[\"https:\/\/www.euroresidentes.com\/salud\/salud-hoy\/el-estres-cronico-del-padre-podria\/#respond\"]}]},{\"@type\":\"WebPage\",\"@id\":\"https:\/\/www.euroresidentes.com\/salud\/salud-hoy\/el-estres-cronico-del-padre-podria\/\",\"url\":\"https:\/\/www.euroresidentes.com\/salud\/salud-hoy\/el-estres-cronico-del-padre-podria\/\",\"name\":\"El estr\u00e9s cr\u00f3nico del padre podr\u00eda afectar la respuesta al estr\u00e9s de sus hijos - Salud hoy\",\"isPartOf\":{\"@id\":\"https:\/\/www.euroresidentes.com\/salud\/salud-hoy\/#website\"},\"primaryImageOfPage\":{\"@id\":\"https:\/\/www.euroresidentes.com\/salud\/salud-hoy\/el-estres-cronico-del-padre-podria\/#primaryimage\"},\"image\":{\"@id\":\"https:\/\/www.euroresidentes.com\/salud\/salud-hoy\/el-estres-cronico-del-padre-podria\/#primaryimage\"},\"thumbnailUrl\":\"https:\/\/www.euroresidentes.com\/salud\/salud-hoy\/wp-content\/uploads\/sites\/9\/2013\/06\/estr\u00e9s-padres-hijos1.jpg\",\"datePublished\":\"2013-06-17T07:02:00+00:00\",\"dateModified\":\"2018-05-22T09:48:46+00:00\",\"author\":{\"@id\":\"https:\/\/www.euroresidentes.com\/salud\/salud-hoy\/#\/schema\/person\/c0299534643677f2282b416ac1fe97f1\"},\"breadcrumb\":{\"@id\":\"https:\/\/www.euroresidentes.com\/salud\/salud-hoy\/el-estres-cronico-del-padre-podria\/#breadcrumb\"},\"inLanguage\":\"es\",\"potentialAction\":[{\"@type\":\"ReadAction\",\"target\":[\"https:\/\/www.euroresidentes.com\/salud\/salud-hoy\/el-estres-cronico-del-padre-podria\/\"]}]},{\"@type\":\"ImageObject\",\"inLanguage\":\"es\",\"@id\":\"https:\/\/www.euroresidentes.com\/salud\/salud-hoy\/el-estres-cronico-del-padre-podria\/#primaryimage\",\"url\":\"https:\/\/www.euroresidentes.com\/salud\/salud-hoy\/wp-content\/uploads\/sites\/9\/2013\/06\/estr\u00e9s-padres-hijos1.jpg\",\"contentUrl\":\"https:\/\/www.euroresidentes.com\/salud\/salud-hoy\/wp-content\/uploads\/sites\/9\/2013\/06\/estr\u00e9s-padres-hijos1.jpg\",\"width\":640,\"height\":480},{\"@type\":\"BreadcrumbList\",\"@id\":\"https:\/\/www.euroresidentes.com\/salud\/salud-hoy\/el-estres-cronico-del-padre-podria\/#breadcrumb\",\"itemListElement\":[{\"@type\":\"ListItem\",\"position\":1,\"name\":\"Portada\",\"item\":\"https:\/\/www.euroresidentes.com\/salud\/salud-hoy\/\"},{\"@type\":\"ListItem\",\"position\":2,\"name\":\"El estr\u00e9s cr\u00f3nico del padre podr\u00eda afectar la respuesta al estr\u00e9s de sus hijos\"}]},{\"@type\":\"WebSite\",\"@id\":\"https:\/\/www.euroresidentes.com\/salud\/salud-hoy\/#website\",\"url\":\"https:\/\/www.euroresidentes.com\/salud\/salud-hoy\/\",\"name\":\"Salud hoy\",\"description\":\"Salud hoy Euroresidentes\",\"potentialAction\":[{\"@type\":\"SearchAction\",\"target\":{\"@type\":\"EntryPoint\",\"urlTemplate\":\"https:\/\/www.euroresidentes.com\/salud\/salud-hoy\/?s={search_term_string}\"},\"query-input\":{\"@type\":\"PropertyValueSpecification\",\"valueRequired\":true,\"valueName\":\"search_term_string\"}}],\"inLanguage\":\"es\"},{\"@type\":\"Person\",\"@id\":\"https:\/\/www.euroresidentes.com\/salud\/salud-hoy\/#\/schema\/person\/c0299534643677f2282b416ac1fe97f1\",\"name\":\"Raquel Pomares\",\"image\":{\"@type\":\"ImageObject\",\"inLanguage\":\"es\",\"@id\":\"https:\/\/www.euroresidentes.com\/salud\/salud-hoy\/#\/schema\/person\/image\/\",\"url\":\"https:\/\/www.euroresidentes.com\/salud\/salud-hoy\/wp-content\/uploads\/sites\/9\/2016\/09\/raquel-pomares-150x150.jpg\",\"contentUrl\":\"https:\/\/www.euroresidentes.com\/salud\/salud-hoy\/wp-content\/uploads\/sites\/9\/2016\/09\/raquel-pomares-150x150.jpg\",\"caption\":\"Raquel Pomares\"},\"description\":\"Raquel PomaresBi\u00f3loga, doctora y divulgadora cient\u00edfica especializada en temas de salud.\",\"sameAs\":[\"https:\/\/www.euroresidentes.com\/salud\/raquel-pomares.html\"],\"url\":\"https:\/\/www.euroresidentes.com\/salud\/salud-hoy\/author\/raquel\/\"}]}<\/script>\n<!-- \/ Yoast SEO plugin. -->","yoast_head_json":{"title":"El estr\u00e9s cr\u00f3nico del padre podr\u00eda afectar la respuesta al estr\u00e9s de sus hijos - Salud hoy","robots":{"index":"index","follow":"follow","max-snippet":"max-snippet:-1","max-image-preview":"max-image-preview:large","max-video-preview":"max-video-preview:-1"},"canonical":"https:\/\/www.euroresidentes.com\/salud\/salud-hoy\/el-estres-cronico-del-padre-podria\/","og_locale":"es_ES","og_type":"article","og_title":"El estr\u00e9s cr\u00f3nico del padre podr\u00eda afectar la respuesta al estr\u00e9s de sus hijos - Salud hoy","og_description":"El estr\u00e9s del padre podr\u00eda afectar a la descendencia a trav\u00e9s de cambios en los genes de los espermatozoides. Cient\u00edficos de la Universidad de Pensilvania han demostrado que la exposici\u00f3n cr\u00f3nica a estr\u00e9s provoca efectos epigen\u00e9ticos, es decir la alteraci\u00f3n de la expresi\u00f3n de ciertos genes debido a factores externos, en el esperma de ratones macho.&nbsp; El resultado de la exposici\u00f3n paterna al estr\u00e9s&nbsp;produce la reprogramaci\u00f3n del eje hipot\u00e1lamo-pituitario-adrenal (eje HPA), una regi\u00f3n del cerebro que participa en el estr\u00e9s, y&nbsp;tiene como resultado que la descendencia de estos animales tengan tambi\u00e9n modificada su respuesta al estr\u00e9s.&nbsp;La descendencia de los ratones","og_url":"https:\/\/www.euroresidentes.com\/salud\/salud-hoy\/el-estres-cronico-del-padre-podria\/","og_site_name":"Salud hoy","article_publisher":"https:\/\/www.facebook.com\/Salud-Euroresidentes-399995783365932\/","article_published_time":"2013-06-17T07:02:00+00:00","article_modified_time":"2018-05-22T09:48:46+00:00","og_image":[{"width":640,"height":480,"url":"https:\/\/www.euroresidentes.com\/salud\/salud-hoy\/wp-content\/uploads\/sites\/9\/2013\/06\/estr\u00e9s-padres-hijos1.jpg","type":"image\/jpeg"}],"author":"Raquel Pomares","twitter_card":"summary_large_image","twitter_misc":{"Written by":"Raquel Pomares","Est. reading time":"2 minutos"},"schema":{"@context":"https:\/\/schema.org","@graph":[{"@type":"Article","@id":"https:\/\/www.euroresidentes.com\/salud\/salud-hoy\/el-estres-cronico-del-padre-podria\/#article","isPartOf":{"@id":"https:\/\/www.euroresidentes.com\/salud\/salud-hoy\/el-estres-cronico-del-padre-podria\/"},"author":{"name":"Raquel Pomares","@id":"https:\/\/www.euroresidentes.com\/salud\/salud-hoy\/#\/schema\/person\/c0299534643677f2282b416ac1fe97f1"},"headline":"El estr\u00e9s cr\u00f3nico del padre podr\u00eda afectar la respuesta al estr\u00e9s de sus hijos","datePublished":"2013-06-17T07:02:00+00:00","dateModified":"2018-05-22T09:48:46+00:00","mainEntityOfPage":{"@id":"https:\/\/www.euroresidentes.com\/salud\/salud-hoy\/el-estres-cronico-del-padre-podria\/"},"wordCount":372,"commentCount":0,"image":{"@id":"https:\/\/www.euroresidentes.com\/salud\/salud-hoy\/el-estres-cronico-del-padre-podria\/#primaryimage"},"thumbnailUrl":"https:\/\/www.euroresidentes.com\/salud\/salud-hoy\/wp-content\/uploads\/sites\/9\/2013\/06\/estr\u00e9s-padres-hijos1.jpg","articleSection":["H\u00e1bitos saludables"],"inLanguage":"es","potentialAction":[{"@type":"CommentAction","name":"Comment","target":["https:\/\/www.euroresidentes.com\/salud\/salud-hoy\/el-estres-cronico-del-padre-podria\/#respond"]}]},{"@type":"WebPage","@id":"https:\/\/www.euroresidentes.com\/salud\/salud-hoy\/el-estres-cronico-del-padre-podria\/","url":"https:\/\/www.euroresidentes.com\/salud\/salud-hoy\/el-estres-cronico-del-padre-podria\/","name":"El estr\u00e9s cr\u00f3nico del padre podr\u00eda afectar la respuesta al estr\u00e9s de sus hijos - Salud hoy","isPartOf":{"@id":"https:\/\/www.euroresidentes.com\/salud\/salud-hoy\/#website"},"primaryImageOfPage":{"@id":"https:\/\/www.euroresidentes.com\/salud\/salud-hoy\/el-estres-cronico-del-padre-podria\/#primaryimage"},"image":{"@id":"https:\/\/www.euroresidentes.com\/salud\/salud-hoy\/el-estres-cronico-del-padre-podria\/#primaryimage"},"thumbnailUrl":"https:\/\/www.euroresidentes.com\/salud\/salud-hoy\/wp-content\/uploads\/sites\/9\/2013\/06\/estr\u00e9s-padres-hijos1.jpg","datePublished":"2013-06-17T07:02:00+00:00","dateModified":"2018-05-22T09:48:46+00:00","author":{"@id":"https:\/\/www.euroresidentes.com\/salud\/salud-hoy\/#\/schema\/person\/c0299534643677f2282b416ac1fe97f1"},"breadcrumb":{"@id":"https:\/\/www.euroresidentes.com\/salud\/salud-hoy\/el-estres-cronico-del-padre-podria\/#breadcrumb"},"inLanguage":"es","potentialAction":[{"@type":"ReadAction","target":["https:\/\/www.euroresidentes.com\/salud\/salud-hoy\/el-estres-cronico-del-padre-podria\/"]}]},{"@type":"ImageObject","inLanguage":"es","@id":"https:\/\/www.euroresidentes.com\/salud\/salud-hoy\/el-estres-cronico-del-padre-podria\/#primaryimage","url":"https:\/\/www.euroresidentes.com\/salud\/salud-hoy\/wp-content\/uploads\/sites\/9\/2013\/06\/estr\u00e9s-padres-hijos1.jpg","contentUrl":"https:\/\/www.euroresidentes.com\/salud\/salud-hoy\/wp-content\/uploads\/sites\/9\/2013\/06\/estr\u00e9s-padres-hijos1.jpg","width":640,"height":480},{"@type":"BreadcrumbList","@id":"https:\/\/www.euroresidentes.com\/salud\/salud-hoy\/el-estres-cronico-del-padre-podria\/#breadcrumb","itemListElement":[{"@type":"ListItem","position":1,"name":"Portada","item":"https:\/\/www.euroresidentes.com\/salud\/salud-hoy\/"},{"@type":"ListItem","position":2,"name":"El estr\u00e9s cr\u00f3nico del padre podr\u00eda afectar la respuesta al estr\u00e9s de sus hijos"}]},{"@type":"WebSite","@id":"https:\/\/www.euroresidentes.com\/salud\/salud-hoy\/#website","url":"https:\/\/www.euroresidentes.com\/salud\/salud-hoy\/","name":"Salud hoy","description":"Salud hoy Euroresidentes","potentialAction":[{"@type":"SearchAction","target":{"@type":"EntryPoint","urlTemplate":"https:\/\/www.euroresidentes.com\/salud\/salud-hoy\/?s={search_term_string}"},"query-input":{"@type":"PropertyValueSpecification","valueRequired":true,"valueName":"search_term_string"}}],"inLanguage":"es"},{"@type":"Person","@id":"https:\/\/www.euroresidentes.com\/salud\/salud-hoy\/#\/schema\/person\/c0299534643677f2282b416ac1fe97f1","name":"Raquel Pomares","image":{"@type":"ImageObject","inLanguage":"es","@id":"https:\/\/www.euroresidentes.com\/salud\/salud-hoy\/#\/schema\/person\/image\/","url":"https:\/\/www.euroresidentes.com\/salud\/salud-hoy\/wp-content\/uploads\/sites\/9\/2016\/09\/raquel-pomares-150x150.jpg","contentUrl":"https:\/\/www.euroresidentes.com\/salud\/salud-hoy\/wp-content\/uploads\/sites\/9\/2016\/09\/raquel-pomares-150x150.jpg","caption":"Raquel Pomares"},"description":"Raquel PomaresBi\u00f3loga, doctora y divulgadora cient\u00edfica especializada en temas de salud.","sameAs":["https:\/\/www.euroresidentes.com\/salud\/raquel-pomares.html"],"url":"https:\/\/www.euroresidentes.com\/salud\/salud-hoy\/author\/raquel\/"}]}},"_links":{"self":[{"href":"https:\/\/www.euroresidentes.com\/salud\/salud-hoy\/wp-json\/wp\/v2\/posts\/1905","targetHints":{"allow":["GET"]}}],"collection":[{"href":"https:\/\/www.euroresidentes.com\/salud\/salud-hoy\/wp-json\/wp\/v2\/posts"}],"about":[{"href":"https:\/\/www.euroresidentes.com\/salud\/salud-hoy\/wp-json\/wp\/v2\/types\/post"}],"author":[{"embeddable":true,"href":"https:\/\/www.euroresidentes.com\/salud\/salud-hoy\/wp-json\/wp\/v2\/users\/2"}],"replies":[{"embeddable":true,"href":"https:\/\/www.euroresidentes.com\/salud\/salud-hoy\/wp-json\/wp\/v2\/comments?post=1905"}],"version-history":[{"count":1,"href":"https:\/\/www.euroresidentes.com\/salud\/salud-hoy\/wp-json\/wp\/v2\/posts\/1905\/revisions"}],"predecessor-version":[{"id":2449,"href":"https:\/\/www.euroresidentes.com\/salud\/salud-hoy\/wp-json\/wp\/v2\/posts\/1905\/revisions\/2449"}],"wp:featuredmedia":[{"embeddable":true,"href":"https:\/\/www.euroresidentes.com\/salud\/salud-hoy\/wp-json\/wp\/v2\/media\/2448"}],"wp:attachment":[{"href":"https:\/\/www.euroresidentes.com\/salud\/salud-hoy\/wp-json\/wp\/v2\/media?parent=1905"}],"wp:term":[{"taxonomy":"category","embeddable":true,"href":"https:\/\/www.euroresidentes.com\/salud\/salud-hoy\/wp-json\/wp\/v2\/categories?post=1905"},{"taxonomy":"post_tag","embeddable":true,"href":"https:\/\/www.euroresidentes.com\/salud\/salud-hoy\/wp-json\/wp\/v2\/tags?post=1905"}],"curies":[{"name":"wp","href":"https:\/\/api.w.org\/{rel}","templated":true}]}}