 

{"id":1865,"date":"2016-08-09T10:52:00","date_gmt":"2016-08-09T08:52:00","guid":{"rendered":"https:\/\/www.euroresidentes.com\/salud\/salud-hoy\/por-que-al-rascarnos-nos-pica-mas"},"modified":"2018-05-22T12:34:07","modified_gmt":"2018-05-22T10:34:07","slug":"por-que-al-rascarnos-nos-pica-mas","status":"publish","type":"post","link":"https:\/\/www.euroresidentes.com\/salud\/salud-hoy\/por-que-al-rascarnos-nos-pica-mas\/","title":{"rendered":"Por qu\u00e9 al rascarnos nos pica m\u00e1s"},"content":{"rendered":"<h3 class=\"separator\" style=\"clear: both; text-align: justify;\">\u00a1No te rasques!<\/h3>\n<div class=\"separator\" style=\"clear: both; text-align: justify;\">Seguro que en m\u00e1s de una ocasi\u00f3n hemos dicho u o\u00eddo esta expresi\u00f3n. Ahora una investigaci\u00f3n demuestra que esto tiene una <strong>base cient\u00edfica<\/strong>.\u00a0<\/div>\n<div class=\"separator\" style=\"clear: both; text-align: justify;\">Al rascarnos, nuestro cerebro libera serotonina, que\u00a0parece ser la responsable de que aumente la sensaci\u00f3n de picor al rascarnos.<\/div>\n<div style=\"text-align: justify;\"><a href=\"https:\/\/www.euroresidentes.com\/salud\/salud-hoy\/wp-content\/uploads\/sites\/9\/2014\/11\/picar-rascar-euroresidentes.jpg\"><img loading=\"lazy\" decoding=\"async\" class=\"aligncenter size-full wp-image-3588\" src=\"https:\/\/www.euroresidentes.com\/salud\/salud-hoy\/wp-content\/uploads\/sites\/9\/2014\/11\/picar-rascar-euroresidentes.jpg\" alt=\"Por qu\u00e9 al rascarnos nos pica m\u00e1s\" width=\"700\" height=\"525\" srcset=\"https:\/\/www.euroresidentes.com\/salud\/salud-hoy\/wp-content\/uploads\/sites\/9\/2014\/11\/picar-rascar-euroresidentes.jpg 700w, https:\/\/www.euroresidentes.com\/salud\/salud-hoy\/wp-content\/uploads\/sites\/9\/2014\/11\/picar-rascar-euroresidentes-300x225.jpg 300w\" sizes=\"auto, (max-width: 700px) 100vw, 700px\" \/><\/a><\/div>\n<div style=\"text-align: justify;\">\u00a0<\/div>\n<h3 style=\"text-align: justify;\">Rascarse alivia\u00a0el picor\u00a0generando\u00a0una peque\u00f1a cantidad de dolor.<\/h3>\n<div style=\"text-align: justify;\">Las se\u00f1ales del picor y del dolor se transmiten a trav\u00e9s de v\u00edas nerviosas diferentes, pero relacionadas.\u00a0Rascarse puede aliviar el picor mediante la creaci\u00f3n de un dolor leve.<\/div>\n<div style=\"text-align: justify;\">Por lo que cuando nos rascamos, y durante un corto tiempo, las c\u00e9lulas nerviosas de la m\u00e9dula espinal llevan las se\u00f1ales de dolor al cerebro, en lugar de las se\u00f1ales del picor.<\/div>\n<div style=\"text-align: justify;\">El cerebro responde mediante la <strong>liberaci\u00f3n de serotonina<\/strong> para ayudar a controlar el dolor. Pero a medida que la serotonina se extiende desde el cerebro a la m\u00e9dula espinal, <strong>estimula m\u00e1s el picor<\/strong>, haciendo que se comience un <strong>c\u00edrculo vicioso<\/strong> de picor-rascado-dolor-picor que cada vez es m\u00e1s y m\u00e1s dif\u00edcil de romper.<\/div>\n<div style=\"text-align: justify;\">Por esto, cuando el cuerpo responde a las se\u00f1ales de dolor, la respuesta en realidad empeora el picor.<\/div>\n<div style=\"text-align: justify;\">\u00a0<a href=\"https:\/\/www.euroresidentes.com\/salud\/salud-hoy\/wp-content\/uploads\/sites\/9\/2016\/08\/picor-al-rascarse.jpg\"><img loading=\"lazy\" decoding=\"async\" class=\"aligncenter size-full wp-image-3592\" src=\"https:\/\/www.euroresidentes.com\/salud\/salud-hoy\/wp-content\/uploads\/sites\/9\/2016\/08\/picor-al-rascarse.jpg\" alt=\"picor-al-rascarse\" width=\"700\" height=\"525\" srcset=\"https:\/\/www.euroresidentes.com\/salud\/salud-hoy\/wp-content\/uploads\/sites\/9\/2016\/08\/picor-al-rascarse.jpg 700w, https:\/\/www.euroresidentes.com\/salud\/salud-hoy\/wp-content\/uploads\/sites\/9\/2016\/08\/picor-al-rascarse-300x225.jpg 300w\" sizes=\"auto, (max-width: 700px) 100vw, 700px\" \/><\/a><\/div>\n<h3 style=\"text-align: justify;\">Experimentos de laboratorio.<\/h3>\n<p style=\"text-align: justify;\">Se inyect\u00f3 a los ratones una sustancia que les caus\u00f3 picor.<\/p>\n<p style=\"text-align: justify;\">Las pruebas revelaron que se produc\u00eda la <strong>activaci\u00f3n de un receptor de serotonina<\/strong> (5HT1A) que se encuentra en neuronas del picor de la m\u00e9dula espinal (GRPR).<\/p>\n<div style=\"text-align: justify;\">Con\u00a0el <strong>bloqueo de los receptores<\/strong> de serotonina de la columna vertebral podr\u00eda <strong>reducir el picor cr\u00f3nico<\/strong>.\u00a0Si se reduce la serotonina se reduce la intensidad del picor.<\/div>\n<div style=\"text-align: justify;\">Sin embargo, a pesar de los resultados, el bloqueo de la liberaci\u00f3n de serotonina <strong>no es una soluci\u00f3n<\/strong> para el picor porque este neurotransmisor tiene muchas otras funciones esenciales. Est\u00e1 implicado en el crecimiento, el envejecimiento, el metabolismo \u00f3seo y la regulaci\u00f3n del humor. Algunos f\u00e1rmacos como el Prozac controlar la depresi\u00f3n al aumentar los niveles de serotonina en el cerebro.<\/p>\n<p> Zhao Z-Q, Liu X-Y, Jeffry J, Karunarathne WKA, Li J-L, Neuron (2014). <a href=\"http:\/\/www.cell.com\/neuron\/abstract\/S0896-6273(14)00901-5\" target=\"_blank\">M\u00e1s informaci\u00f3n<\/a>.<\/p>\n<p> <b><\/b><\/div>\n<div style=\"text-align: justify;\">\u00a0<b>Seguir leyendo:<\/b><\/p>\n<ul>\n<li><a href=\"http:\/\/salud-hoy.euroresidentes.com\/2014\/09\/el-deporte-es-malo-para-los-dientes.html\" target=\"_blank\">\u00bfEl deporte es malo para los dientes?<\/a><\/li>\n<li><a href=\"http:\/\/salud-hoy.euroresidentes.com\/2014\/06\/ver-demasiada-television-puede-ser.html\" target=\"_blank\">Ver demasiada tele puede ser mortal<\/a><\/li>\n<\/ul>\n<\/div>\n","protected":false},"excerpt":{"rendered":"<p>\u00a1No te rasques! Seguro que en m\u00e1s de una ocasi\u00f3n hemos dicho u o\u00eddo esta expresi\u00f3n. Ahora una investigaci\u00f3n demuestra que esto tiene una base cient\u00edfica.\u00a0 Al rascarnos, nuestro cerebro libera serotonina, que\u00a0parece ser la responsable de que aumente la sensaci\u00f3n de picor al rascarnos. \u00a0 Rascarse alivia\u00a0el picor\u00a0generando\u00a0una peque\u00f1a cantidad de dolor. Las se\u00f1ales del picor y del dolor se transmiten a trav\u00e9s de v\u00edas nerviosas diferentes, pero relacionadas.\u00a0Rascarse puede aliviar el picor mediante la creaci\u00f3n de un dolor leve. Por lo que cuando nos rascamos, y durante un corto tiempo, las c\u00e9lulas nerviosas de la m\u00e9dula espinal llevan <\/p>\n","protected":false},"author":2,"featured_media":3588,"comment_status":"open","ping_status":"open","sticky":false,"template":"","format":"standard","meta":{"footnotes":""},"categories":[1],"tags":[],"class_list":["post-1865","post","type-post","status-publish","format-standard","has-post-thumbnail","hentry","category-general","has_thumb"],"yoast_head":"<!-- This site is optimized with the Yoast SEO plugin v26.8 - https:\/\/yoast.com\/product\/yoast-seo-wordpress\/ -->\n<title>Por qu\u00e9 al rascarnos nos pica m\u00e1s - Salud hoy<\/title>\n<meta name=\"robots\" content=\"index, follow, max-snippet:-1, max-image-preview:large, max-video-preview:-1\" \/>\n<link rel=\"canonical\" href=\"https:\/\/www.euroresidentes.com\/salud\/salud-hoy\/por-que-al-rascarnos-nos-pica-mas\/\" \/>\n<meta property=\"og:locale\" content=\"es_ES\" \/>\n<meta property=\"og:type\" content=\"article\" \/>\n<meta property=\"og:title\" content=\"Por qu\u00e9 al rascarnos nos pica m\u00e1s - Salud hoy\" \/>\n<meta property=\"og:description\" content=\"\u00a1No te rasques! Seguro que en m\u00e1s de una ocasi\u00f3n hemos dicho u o\u00eddo esta expresi\u00f3n. Ahora una investigaci\u00f3n demuestra que esto tiene una base cient\u00edfica.\u00a0 Al rascarnos, nuestro cerebro libera serotonina, que\u00a0parece ser la responsable de que aumente la sensaci\u00f3n de picor al rascarnos. \u00a0 Rascarse alivia\u00a0el picor\u00a0generando\u00a0una peque\u00f1a cantidad de dolor. Las se\u00f1ales del picor y del dolor se transmiten a trav\u00e9s de v\u00edas nerviosas diferentes, pero relacionadas.\u00a0Rascarse puede aliviar el picor mediante la creaci\u00f3n de un dolor leve. Por lo que cuando nos rascamos, y durante un corto tiempo, las c\u00e9lulas nerviosas de la m\u00e9dula espinal llevan\" \/>\n<meta property=\"og:url\" content=\"https:\/\/www.euroresidentes.com\/salud\/salud-hoy\/por-que-al-rascarnos-nos-pica-mas\/\" \/>\n<meta property=\"og:site_name\" content=\"Salud hoy\" \/>\n<meta property=\"article:publisher\" content=\"https:\/\/www.facebook.com\/Salud-Euroresidentes-399995783365932\/\" \/>\n<meta property=\"article:published_time\" content=\"2016-08-09T08:52:00+00:00\" \/>\n<meta property=\"article:modified_time\" content=\"2018-05-22T10:34:07+00:00\" \/>\n<meta property=\"og:image\" content=\"https:\/\/www.euroresidentes.com\/salud\/salud-hoy\/wp-content\/uploads\/sites\/9\/2014\/11\/picar-rascar-euroresidentes.jpg\" \/>\n\t<meta property=\"og:image:width\" content=\"700\" \/>\n\t<meta property=\"og:image:height\" content=\"525\" \/>\n\t<meta property=\"og:image:type\" content=\"image\/jpeg\" \/>\n<meta name=\"author\" content=\"Raquel Pomares\" \/>\n<meta name=\"twitter:card\" content=\"summary_large_image\" \/>\n<meta name=\"twitter:label1\" content=\"Written by\" \/>\n\t<meta name=\"twitter:data1\" content=\"Raquel Pomares\" \/>\n\t<meta name=\"twitter:label2\" content=\"Est. reading time\" \/>\n\t<meta name=\"twitter:data2\" content=\"2 minutos\" \/>\n<script type=\"application\/ld+json\" class=\"yoast-schema-graph\">{\"@context\":\"https:\/\/schema.org\",\"@graph\":[{\"@type\":\"Article\",\"@id\":\"https:\/\/www.euroresidentes.com\/salud\/salud-hoy\/por-que-al-rascarnos-nos-pica-mas\/#article\",\"isPartOf\":{\"@id\":\"https:\/\/www.euroresidentes.com\/salud\/salud-hoy\/por-que-al-rascarnos-nos-pica-mas\/\"},\"author\":{\"name\":\"Raquel Pomares\",\"@id\":\"https:\/\/www.euroresidentes.com\/salud\/salud-hoy\/#\/schema\/person\/c0299534643677f2282b416ac1fe97f1\"},\"headline\":\"Por qu\u00e9 al rascarnos nos pica m\u00e1s\",\"datePublished\":\"2016-08-09T08:52:00+00:00\",\"dateModified\":\"2018-05-22T10:34:07+00:00\",\"mainEntityOfPage\":{\"@id\":\"https:\/\/www.euroresidentes.com\/salud\/salud-hoy\/por-que-al-rascarnos-nos-pica-mas\/\"},\"wordCount\":389,\"commentCount\":0,\"image\":{\"@id\":\"https:\/\/www.euroresidentes.com\/salud\/salud-hoy\/por-que-al-rascarnos-nos-pica-mas\/#primaryimage\"},\"thumbnailUrl\":\"https:\/\/www.euroresidentes.com\/salud\/salud-hoy\/wp-content\/uploads\/sites\/9\/2014\/11\/picar-rascar-euroresidentes.jpg\",\"articleSection\":[\"General\"],\"inLanguage\":\"es\",\"potentialAction\":[{\"@type\":\"CommentAction\",\"name\":\"Comment\",\"target\":[\"https:\/\/www.euroresidentes.com\/salud\/salud-hoy\/por-que-al-rascarnos-nos-pica-mas\/#respond\"]}]},{\"@type\":\"WebPage\",\"@id\":\"https:\/\/www.euroresidentes.com\/salud\/salud-hoy\/por-que-al-rascarnos-nos-pica-mas\/\",\"url\":\"https:\/\/www.euroresidentes.com\/salud\/salud-hoy\/por-que-al-rascarnos-nos-pica-mas\/\",\"name\":\"Por qu\u00e9 al rascarnos nos pica m\u00e1s - Salud hoy\",\"isPartOf\":{\"@id\":\"https:\/\/www.euroresidentes.com\/salud\/salud-hoy\/#website\"},\"primaryImageOfPage\":{\"@id\":\"https:\/\/www.euroresidentes.com\/salud\/salud-hoy\/por-que-al-rascarnos-nos-pica-mas\/#primaryimage\"},\"image\":{\"@id\":\"https:\/\/www.euroresidentes.com\/salud\/salud-hoy\/por-que-al-rascarnos-nos-pica-mas\/#primaryimage\"},\"thumbnailUrl\":\"https:\/\/www.euroresidentes.com\/salud\/salud-hoy\/wp-content\/uploads\/sites\/9\/2014\/11\/picar-rascar-euroresidentes.jpg\",\"datePublished\":\"2016-08-09T08:52:00+00:00\",\"dateModified\":\"2018-05-22T10:34:07+00:00\",\"author\":{\"@id\":\"https:\/\/www.euroresidentes.com\/salud\/salud-hoy\/#\/schema\/person\/c0299534643677f2282b416ac1fe97f1\"},\"breadcrumb\":{\"@id\":\"https:\/\/www.euroresidentes.com\/salud\/salud-hoy\/por-que-al-rascarnos-nos-pica-mas\/#breadcrumb\"},\"inLanguage\":\"es\",\"potentialAction\":[{\"@type\":\"ReadAction\",\"target\":[\"https:\/\/www.euroresidentes.com\/salud\/salud-hoy\/por-que-al-rascarnos-nos-pica-mas\/\"]}]},{\"@type\":\"ImageObject\",\"inLanguage\":\"es\",\"@id\":\"https:\/\/www.euroresidentes.com\/salud\/salud-hoy\/por-que-al-rascarnos-nos-pica-mas\/#primaryimage\",\"url\":\"https:\/\/www.euroresidentes.com\/salud\/salud-hoy\/wp-content\/uploads\/sites\/9\/2014\/11\/picar-rascar-euroresidentes.jpg\",\"contentUrl\":\"https:\/\/www.euroresidentes.com\/salud\/salud-hoy\/wp-content\/uploads\/sites\/9\/2014\/11\/picar-rascar-euroresidentes.jpg\",\"width\":700,\"height\":525,\"caption\":\"Por qu\u00e9 al rascarnos nos pica m\u00e1s\"},{\"@type\":\"BreadcrumbList\",\"@id\":\"https:\/\/www.euroresidentes.com\/salud\/salud-hoy\/por-que-al-rascarnos-nos-pica-mas\/#breadcrumb\",\"itemListElement\":[{\"@type\":\"ListItem\",\"position\":1,\"name\":\"Portada\",\"item\":\"https:\/\/www.euroresidentes.com\/salud\/salud-hoy\/\"},{\"@type\":\"ListItem\",\"position\":2,\"name\":\"Por qu\u00e9 al rascarnos nos pica m\u00e1s\"}]},{\"@type\":\"WebSite\",\"@id\":\"https:\/\/www.euroresidentes.com\/salud\/salud-hoy\/#website\",\"url\":\"https:\/\/www.euroresidentes.com\/salud\/salud-hoy\/\",\"name\":\"Salud hoy\",\"description\":\"Salud hoy Euroresidentes\",\"potentialAction\":[{\"@type\":\"SearchAction\",\"target\":{\"@type\":\"EntryPoint\",\"urlTemplate\":\"https:\/\/www.euroresidentes.com\/salud\/salud-hoy\/?s={search_term_string}\"},\"query-input\":{\"@type\":\"PropertyValueSpecification\",\"valueRequired\":true,\"valueName\":\"search_term_string\"}}],\"inLanguage\":\"es\"},{\"@type\":\"Person\",\"@id\":\"https:\/\/www.euroresidentes.com\/salud\/salud-hoy\/#\/schema\/person\/c0299534643677f2282b416ac1fe97f1\",\"name\":\"Raquel Pomares\",\"image\":{\"@type\":\"ImageObject\",\"inLanguage\":\"es\",\"@id\":\"https:\/\/www.euroresidentes.com\/salud\/salud-hoy\/#\/schema\/person\/image\/\",\"url\":\"https:\/\/www.euroresidentes.com\/salud\/salud-hoy\/wp-content\/uploads\/sites\/9\/2016\/09\/raquel-pomares-150x150.jpg\",\"contentUrl\":\"https:\/\/www.euroresidentes.com\/salud\/salud-hoy\/wp-content\/uploads\/sites\/9\/2016\/09\/raquel-pomares-150x150.jpg\",\"caption\":\"Raquel Pomares\"},\"description\":\"Raquel PomaresBi\u00f3loga, doctora y divulgadora cient\u00edfica especializada en temas de salud.\",\"sameAs\":[\"https:\/\/www.euroresidentes.com\/salud\/raquel-pomares.html\"],\"url\":\"https:\/\/www.euroresidentes.com\/salud\/salud-hoy\/author\/raquel\/\"}]}<\/script>\n<!-- \/ Yoast SEO plugin. -->","yoast_head_json":{"title":"Por qu\u00e9 al rascarnos nos pica m\u00e1s - Salud hoy","robots":{"index":"index","follow":"follow","max-snippet":"max-snippet:-1","max-image-preview":"max-image-preview:large","max-video-preview":"max-video-preview:-1"},"canonical":"https:\/\/www.euroresidentes.com\/salud\/salud-hoy\/por-que-al-rascarnos-nos-pica-mas\/","og_locale":"es_ES","og_type":"article","og_title":"Por qu\u00e9 al rascarnos nos pica m\u00e1s - Salud hoy","og_description":"\u00a1No te rasques! Seguro que en m\u00e1s de una ocasi\u00f3n hemos dicho u o\u00eddo esta expresi\u00f3n. Ahora una investigaci\u00f3n demuestra que esto tiene una base cient\u00edfica.\u00a0 Al rascarnos, nuestro cerebro libera serotonina, que\u00a0parece ser la responsable de que aumente la sensaci\u00f3n de picor al rascarnos. \u00a0 Rascarse alivia\u00a0el picor\u00a0generando\u00a0una peque\u00f1a cantidad de dolor. Las se\u00f1ales del picor y del dolor se transmiten a trav\u00e9s de v\u00edas nerviosas diferentes, pero relacionadas.\u00a0Rascarse puede aliviar el picor mediante la creaci\u00f3n de un dolor leve. Por lo que cuando nos rascamos, y durante un corto tiempo, las c\u00e9lulas nerviosas de la m\u00e9dula espinal llevan","og_url":"https:\/\/www.euroresidentes.com\/salud\/salud-hoy\/por-que-al-rascarnos-nos-pica-mas\/","og_site_name":"Salud hoy","article_publisher":"https:\/\/www.facebook.com\/Salud-Euroresidentes-399995783365932\/","article_published_time":"2016-08-09T08:52:00+00:00","article_modified_time":"2018-05-22T10:34:07+00:00","og_image":[{"width":700,"height":525,"url":"https:\/\/www.euroresidentes.com\/salud\/salud-hoy\/wp-content\/uploads\/sites\/9\/2014\/11\/picar-rascar-euroresidentes.jpg","type":"image\/jpeg"}],"author":"Raquel Pomares","twitter_card":"summary_large_image","twitter_misc":{"Written by":"Raquel Pomares","Est. reading time":"2 minutos"},"schema":{"@context":"https:\/\/schema.org","@graph":[{"@type":"Article","@id":"https:\/\/www.euroresidentes.com\/salud\/salud-hoy\/por-que-al-rascarnos-nos-pica-mas\/#article","isPartOf":{"@id":"https:\/\/www.euroresidentes.com\/salud\/salud-hoy\/por-que-al-rascarnos-nos-pica-mas\/"},"author":{"name":"Raquel Pomares","@id":"https:\/\/www.euroresidentes.com\/salud\/salud-hoy\/#\/schema\/person\/c0299534643677f2282b416ac1fe97f1"},"headline":"Por qu\u00e9 al rascarnos nos pica m\u00e1s","datePublished":"2016-08-09T08:52:00+00:00","dateModified":"2018-05-22T10:34:07+00:00","mainEntityOfPage":{"@id":"https:\/\/www.euroresidentes.com\/salud\/salud-hoy\/por-que-al-rascarnos-nos-pica-mas\/"},"wordCount":389,"commentCount":0,"image":{"@id":"https:\/\/www.euroresidentes.com\/salud\/salud-hoy\/por-que-al-rascarnos-nos-pica-mas\/#primaryimage"},"thumbnailUrl":"https:\/\/www.euroresidentes.com\/salud\/salud-hoy\/wp-content\/uploads\/sites\/9\/2014\/11\/picar-rascar-euroresidentes.jpg","articleSection":["General"],"inLanguage":"es","potentialAction":[{"@type":"CommentAction","name":"Comment","target":["https:\/\/www.euroresidentes.com\/salud\/salud-hoy\/por-que-al-rascarnos-nos-pica-mas\/#respond"]}]},{"@type":"WebPage","@id":"https:\/\/www.euroresidentes.com\/salud\/salud-hoy\/por-que-al-rascarnos-nos-pica-mas\/","url":"https:\/\/www.euroresidentes.com\/salud\/salud-hoy\/por-que-al-rascarnos-nos-pica-mas\/","name":"Por qu\u00e9 al rascarnos nos pica m\u00e1s - Salud hoy","isPartOf":{"@id":"https:\/\/www.euroresidentes.com\/salud\/salud-hoy\/#website"},"primaryImageOfPage":{"@id":"https:\/\/www.euroresidentes.com\/salud\/salud-hoy\/por-que-al-rascarnos-nos-pica-mas\/#primaryimage"},"image":{"@id":"https:\/\/www.euroresidentes.com\/salud\/salud-hoy\/por-que-al-rascarnos-nos-pica-mas\/#primaryimage"},"thumbnailUrl":"https:\/\/www.euroresidentes.com\/salud\/salud-hoy\/wp-content\/uploads\/sites\/9\/2014\/11\/picar-rascar-euroresidentes.jpg","datePublished":"2016-08-09T08:52:00+00:00","dateModified":"2018-05-22T10:34:07+00:00","author":{"@id":"https:\/\/www.euroresidentes.com\/salud\/salud-hoy\/#\/schema\/person\/c0299534643677f2282b416ac1fe97f1"},"breadcrumb":{"@id":"https:\/\/www.euroresidentes.com\/salud\/salud-hoy\/por-que-al-rascarnos-nos-pica-mas\/#breadcrumb"},"inLanguage":"es","potentialAction":[{"@type":"ReadAction","target":["https:\/\/www.euroresidentes.com\/salud\/salud-hoy\/por-que-al-rascarnos-nos-pica-mas\/"]}]},{"@type":"ImageObject","inLanguage":"es","@id":"https:\/\/www.euroresidentes.com\/salud\/salud-hoy\/por-que-al-rascarnos-nos-pica-mas\/#primaryimage","url":"https:\/\/www.euroresidentes.com\/salud\/salud-hoy\/wp-content\/uploads\/sites\/9\/2014\/11\/picar-rascar-euroresidentes.jpg","contentUrl":"https:\/\/www.euroresidentes.com\/salud\/salud-hoy\/wp-content\/uploads\/sites\/9\/2014\/11\/picar-rascar-euroresidentes.jpg","width":700,"height":525,"caption":"Por qu\u00e9 al rascarnos nos pica m\u00e1s"},{"@type":"BreadcrumbList","@id":"https:\/\/www.euroresidentes.com\/salud\/salud-hoy\/por-que-al-rascarnos-nos-pica-mas\/#breadcrumb","itemListElement":[{"@type":"ListItem","position":1,"name":"Portada","item":"https:\/\/www.euroresidentes.com\/salud\/salud-hoy\/"},{"@type":"ListItem","position":2,"name":"Por qu\u00e9 al rascarnos nos pica m\u00e1s"}]},{"@type":"WebSite","@id":"https:\/\/www.euroresidentes.com\/salud\/salud-hoy\/#website","url":"https:\/\/www.euroresidentes.com\/salud\/salud-hoy\/","name":"Salud hoy","description":"Salud hoy Euroresidentes","potentialAction":[{"@type":"SearchAction","target":{"@type":"EntryPoint","urlTemplate":"https:\/\/www.euroresidentes.com\/salud\/salud-hoy\/?s={search_term_string}"},"query-input":{"@type":"PropertyValueSpecification","valueRequired":true,"valueName":"search_term_string"}}],"inLanguage":"es"},{"@type":"Person","@id":"https:\/\/www.euroresidentes.com\/salud\/salud-hoy\/#\/schema\/person\/c0299534643677f2282b416ac1fe97f1","name":"Raquel Pomares","image":{"@type":"ImageObject","inLanguage":"es","@id":"https:\/\/www.euroresidentes.com\/salud\/salud-hoy\/#\/schema\/person\/image\/","url":"https:\/\/www.euroresidentes.com\/salud\/salud-hoy\/wp-content\/uploads\/sites\/9\/2016\/09\/raquel-pomares-150x150.jpg","contentUrl":"https:\/\/www.euroresidentes.com\/salud\/salud-hoy\/wp-content\/uploads\/sites\/9\/2016\/09\/raquel-pomares-150x150.jpg","caption":"Raquel Pomares"},"description":"Raquel PomaresBi\u00f3loga, doctora y divulgadora cient\u00edfica especializada en temas de salud.","sameAs":["https:\/\/www.euroresidentes.com\/salud\/raquel-pomares.html"],"url":"https:\/\/www.euroresidentes.com\/salud\/salud-hoy\/author\/raquel\/"}]}},"_links":{"self":[{"href":"https:\/\/www.euroresidentes.com\/salud\/salud-hoy\/wp-json\/wp\/v2\/posts\/1865","targetHints":{"allow":["GET"]}}],"collection":[{"href":"https:\/\/www.euroresidentes.com\/salud\/salud-hoy\/wp-json\/wp\/v2\/posts"}],"about":[{"href":"https:\/\/www.euroresidentes.com\/salud\/salud-hoy\/wp-json\/wp\/v2\/types\/post"}],"author":[{"embeddable":true,"href":"https:\/\/www.euroresidentes.com\/salud\/salud-hoy\/wp-json\/wp\/v2\/users\/2"}],"replies":[{"embeddable":true,"href":"https:\/\/www.euroresidentes.com\/salud\/salud-hoy\/wp-json\/wp\/v2\/comments?post=1865"}],"version-history":[{"count":6,"href":"https:\/\/www.euroresidentes.com\/salud\/salud-hoy\/wp-json\/wp\/v2\/posts\/1865\/revisions"}],"predecessor-version":[{"id":3595,"href":"https:\/\/www.euroresidentes.com\/salud\/salud-hoy\/wp-json\/wp\/v2\/posts\/1865\/revisions\/3595"}],"wp:featuredmedia":[{"embeddable":true,"href":"https:\/\/www.euroresidentes.com\/salud\/salud-hoy\/wp-json\/wp\/v2\/media\/3588"}],"wp:attachment":[{"href":"https:\/\/www.euroresidentes.com\/salud\/salud-hoy\/wp-json\/wp\/v2\/media?parent=1865"}],"wp:term":[{"taxonomy":"category","embeddable":true,"href":"https:\/\/www.euroresidentes.com\/salud\/salud-hoy\/wp-json\/wp\/v2\/categories?post=1865"},{"taxonomy":"post_tag","embeddable":true,"href":"https:\/\/www.euroresidentes.com\/salud\/salud-hoy\/wp-json\/wp\/v2\/tags?post=1865"}],"curies":[{"name":"wp","href":"https:\/\/api.w.org\/{rel}","templated":true}]}}