 

{"id":1856,"date":"2015-01-29T14:33:00","date_gmt":"2015-01-29T13:33:00","guid":{"rendered":"https:\/\/www.euroresidentes.com\/salud\/salud-hoy\/cual-es-el-mejor-momento-del-dia-para"},"modified":"2018-05-22T11:46:13","modified_gmt":"2018-05-22T09:46:13","slug":"cual-es-el-mejor-momento-del-dia-para","status":"publish","type":"post","link":"https:\/\/www.euroresidentes.com\/salud\/salud-hoy\/cual-es-el-mejor-momento-del-dia-para\/","title":{"rendered":"\u00bfCu\u00e1l es el mejor momento del d\u00eda para hacer ejercicio?"},"content":{"rendered":"<h3>Si quieres que el ejercicio que hagas sea m\u00e1s beneficioso, deber\u00edas hacerlo&#8230;<b>\u00a0<\/b><\/h3>\n<div class=\"separator\" style=\"clear: both;text-align: center\"><a href=\"https:\/\/www.euroresidentes.com\/salud\/salud-hoy\/wp-content\/uploads\/sites\/9\/2015\/01\/momento-dia-ejercicio-euroresidentes.jpg\"><img loading=\"lazy\" decoding=\"async\" class=\"aligncenter size-full wp-image-3433\" src=\"https:\/\/www.euroresidentes.com\/salud\/salud-hoy\/wp-content\/uploads\/sites\/9\/2015\/01\/momento-dia-ejercicio-euroresidentes.jpg\" alt=\"Cu\u00e1ndo es el mejor momento del d\u00eda para hacer ejercicio\" width=\"700\" height=\"525\" srcset=\"https:\/\/www.euroresidentes.com\/salud\/salud-hoy\/wp-content\/uploads\/sites\/9\/2015\/01\/momento-dia-ejercicio-euroresidentes.jpg 700w, https:\/\/www.euroresidentes.com\/salud\/salud-hoy\/wp-content\/uploads\/sites\/9\/2015\/01\/momento-dia-ejercicio-euroresidentes-300x225.jpg 300w\" sizes=\"auto, (max-width: 700px) 100vw, 700px\" \/><\/a><\/div>\n<div class=\"separator\" style=\"clear: both;text-align: center\">\u00a0<\/div>\n<h3>&#8230;antes de desayunar.\u00a0<\/h3>\n<p><b>Existen estudios que demuestran que cuando el est\u00f3mago est\u00e1 completamente vac\u00edo<\/b> (estado de ayuno) <b>y se hace ejercicio, el cuerpo va a quemar m\u00e1s grasa para obtener la energ\u00eda necesaria,<\/b> y por tanto se va a favorecer la p\u00e9rdida de peso, si se compara con hacer ejercicio en otros momentos del d\u00eda.<\/p>\n<p><b>Para llegar a esta conclusi\u00f3n<\/b>, los participantes de un estudio ingirieron durante 6 semanas una dieta con un 30% m\u00e1s de calor\u00edas y un 50% m\u00e1s de grasa de lo que estaban acostumbrados a comer habitualmente. De entre todos los participantes del estudio, parte de ellos tuvieron un estilo de vida sedentario, otros comenzaron una rutina de ejercicio de resistencia (4 d\u00edas por semana) despu\u00e9s de haber desayunado, y el resto sigui\u00f3 el mismo r\u00e9gimen de entrenamiento que el grupo anterior, pero lo hizo antes de haber desayunado.<\/p>\n<p><img loading=\"lazy\" decoding=\"async\" class=\"aligncenter\" src=\"https:\/\/www.euroresidentes.com\/salud\/salud-hoy\/wp-content\/uploads\/sites\/9\/2015\/01\/mejor-momento-dia-deporte1.jpg\" alt=\"\" width=\"384\" height=\"288\" border=\"0\" \/><\/p>\n<div style=\"text-align: justify\"><b>Al final de las seis semanas, los individuos del grupo sedentario<\/b> hab\u00eda ganado aproximadamente 3 Kg de peso cada uno, hab\u00edan desarrollado resistencia a la insulina y acumulado m\u00e1s grasa en sus m\u00fasculos. <b>Mientras que los participantes que hab\u00edan hecho ejercicio despu\u00e9s del desayuno<\/b> tambi\u00e9n hab\u00edan ganado peso (aproximadamente m\u00e1s de 1,5 Kg cada uno) y desarrollado problemas de insulina.\u00a0<\/div>\n<p><!-- inserta publi --><\/p>\n<div style=\"text-align: justify\"><b>Por el contrario, los que hab\u00edan hecho ejercicio a primera hora de la ma\u00f1ana, antes de desayunar<\/b>, no hab\u00eda ganado casi peso y manten\u00edan unos niveles de insulina saludables.<\/div>\n<div style=\"text-align: justify\"><b>El ejercicio antes del desayuno impidi\u00f3 el aumento de peso, aunque es importante saber que no induce la p\u00e9rdida de peso.<\/b><\/div>\n<div style=\"text-align: justify\">La estrategia \u00f3ptima para evitar el aumento del peso corporal es combinar una dieta saludable y balanceada, con un estilo de vida activo. Pero los resultados de este estudio muestran que el ejercicio en ayunas es mejor para evitar ganar peso.\u00a0<\/div>\n<div style=\"text-align: center\"><img decoding=\"async\" src=\"https:\/\/www.euroresidentes.com\/salud\/salud-hoy\/wp-content\/uploads\/sites\/9\/2015\/01\/cual-es-el-mejor-momento-del-dia-para-hacer-ejercicio-si-se-quiere-perder-peso1.jpg\" alt=\"cual-es-el-mejor-momento-del-dia-para-perder-peso\" \/><\/div>\n<div style=\"text-align: justify\">\n<p> Van Proeyen K, Szlufcik K, Nielens H, Pelgrim K, Deldicque L, Hesselink M, y col. Journal of Physiology (2010). <a href=\"http:\/\/onlinelibrary.wiley.com\/doi\/10.1113\/jphysiol.2010.196493\/abstract\" target=\"_blank\">M\u00e1s informaci\u00f3n<\/a>.<\/div>\n<div style=\"text-align: justify\"><strong>\u00a0<\/strong><\/div>\n<div style=\"text-align: justify\"><strong>Seguir leyendo:\u00a0<\/strong><\/div>\n<ul>\n<li><a href=\"http:\/\/menopausia.euroresidentes.com\/2013\/07\/engordar-en-la-menopausia.html\" target=\"_blank\">Engordar en la menopausia<\/a><\/li>\n<li><a href=\"http:\/\/menopausia.euroresidentes.com\/2013\/05\/el-aumento-de-peso-en-la-menopausia.html\" target=\"_blank\">El aumento de peso en la menopausia<\/a><\/li>\n<li><a href=\"https:\/\/www.euroresidentes.com\/salud\/salud-hoy\/que-debes-hacer-despues-de-un-entrenamiento\">5 cosas que debes hacer inmediatamente despu\u00e9s de un entrenamiento<\/a><\/li>\n<\/ul>\n","protected":false},"excerpt":{"rendered":"<p>Si quieres que el ejercicio que hagas sea m\u00e1s beneficioso, deber\u00edas hacerlo&#8230;\u00a0 \u00a0 &#8230;antes de desayunar.\u00a0 Existen estudios que demuestran que cuando el est\u00f3mago est\u00e1 completamente vac\u00edo (estado de ayuno) y se hace ejercicio, el cuerpo va a quemar m\u00e1s grasa para obtener la energ\u00eda necesaria, y por tanto se va a favorecer la p\u00e9rdida de peso, si se compara con hacer ejercicio en otros momentos del d\u00eda. Para llegar a esta conclusi\u00f3n, los participantes de un estudio ingirieron durante 6 semanas una dieta con un 30% m\u00e1s de calor\u00edas y un 50% m\u00e1s de grasa de lo que estaban <\/p>\n","protected":false},"author":2,"featured_media":3433,"comment_status":"open","ping_status":"open","sticky":false,"template":"","format":"standard","meta":{"footnotes":""},"categories":[21],"tags":[],"class_list":["post-1856","post","type-post","status-publish","format-standard","has-post-thumbnail","hentry","category-habitos-saludables","has_thumb"],"yoast_head":"<!-- This site is optimized with the Yoast SEO plugin v26.8 - https:\/\/yoast.com\/product\/yoast-seo-wordpress\/ -->\n<title>\u00bfCu\u00e1l es el mejor momento del d\u00eda para hacer ejercicio? - Salud hoy<\/title>\n<meta name=\"robots\" content=\"index, follow, max-snippet:-1, max-image-preview:large, max-video-preview:-1\" \/>\n<link rel=\"canonical\" href=\"https:\/\/www.euroresidentes.com\/salud\/salud-hoy\/cual-es-el-mejor-momento-del-dia-para\/\" \/>\n<meta property=\"og:locale\" content=\"es_ES\" \/>\n<meta property=\"og:type\" content=\"article\" \/>\n<meta property=\"og:title\" content=\"\u00bfCu\u00e1l es el mejor momento del d\u00eda para hacer ejercicio? - Salud hoy\" \/>\n<meta property=\"og:description\" content=\"Si quieres que el ejercicio que hagas sea m\u00e1s beneficioso, deber\u00edas hacerlo&#8230;\u00a0 \u00a0 &#8230;antes de desayunar.\u00a0 Existen estudios que demuestran que cuando el est\u00f3mago est\u00e1 completamente vac\u00edo (estado de ayuno) y se hace ejercicio, el cuerpo va a quemar m\u00e1s grasa para obtener la energ\u00eda necesaria, y por tanto se va a favorecer la p\u00e9rdida de peso, si se compara con hacer ejercicio en otros momentos del d\u00eda. Para llegar a esta conclusi\u00f3n, los participantes de un estudio ingirieron durante 6 semanas una dieta con un 30% m\u00e1s de calor\u00edas y un 50% m\u00e1s de grasa de lo que estaban\" \/>\n<meta property=\"og:url\" content=\"https:\/\/www.euroresidentes.com\/salud\/salud-hoy\/cual-es-el-mejor-momento-del-dia-para\/\" \/>\n<meta property=\"og:site_name\" content=\"Salud hoy\" \/>\n<meta property=\"article:publisher\" content=\"https:\/\/www.facebook.com\/Salud-Euroresidentes-399995783365932\/\" \/>\n<meta property=\"article:published_time\" content=\"2015-01-29T13:33:00+00:00\" \/>\n<meta property=\"article:modified_time\" content=\"2018-05-22T09:46:13+00:00\" \/>\n<meta property=\"og:image\" content=\"https:\/\/www.euroresidentes.com\/salud\/salud-hoy\/wp-content\/uploads\/sites\/9\/2015\/01\/momento-dia-ejercicio-euroresidentes.jpg\" \/>\n\t<meta property=\"og:image:width\" content=\"700\" \/>\n\t<meta property=\"og:image:height\" content=\"525\" \/>\n\t<meta property=\"og:image:type\" content=\"image\/jpeg\" \/>\n<meta name=\"author\" content=\"Raquel Pomares\" \/>\n<meta name=\"twitter:card\" content=\"summary_large_image\" \/>\n<meta name=\"twitter:label1\" content=\"Written by\" \/>\n\t<meta name=\"twitter:data1\" content=\"Raquel Pomares\" \/>\n\t<meta name=\"twitter:label2\" content=\"Est. reading time\" \/>\n\t<meta name=\"twitter:data2\" content=\"2 minutos\" \/>\n<script type=\"application\/ld+json\" class=\"yoast-schema-graph\">{\"@context\":\"https:\/\/schema.org\",\"@graph\":[{\"@type\":\"Article\",\"@id\":\"https:\/\/www.euroresidentes.com\/salud\/salud-hoy\/cual-es-el-mejor-momento-del-dia-para\/#article\",\"isPartOf\":{\"@id\":\"https:\/\/www.euroresidentes.com\/salud\/salud-hoy\/cual-es-el-mejor-momento-del-dia-para\/\"},\"author\":{\"name\":\"Raquel Pomares\",\"@id\":\"https:\/\/www.euroresidentes.com\/salud\/salud-hoy\/#\/schema\/person\/c0299534643677f2282b416ac1fe97f1\"},\"headline\":\"\u00bfCu\u00e1l es el mejor momento del d\u00eda para hacer ejercicio?\",\"datePublished\":\"2015-01-29T13:33:00+00:00\",\"dateModified\":\"2018-05-22T09:46:13+00:00\",\"mainEntityOfPage\":{\"@id\":\"https:\/\/www.euroresidentes.com\/salud\/salud-hoy\/cual-es-el-mejor-momento-del-dia-para\/\"},\"wordCount\":386,\"commentCount\":3,\"image\":{\"@id\":\"https:\/\/www.euroresidentes.com\/salud\/salud-hoy\/cual-es-el-mejor-momento-del-dia-para\/#primaryimage\"},\"thumbnailUrl\":\"https:\/\/www.euroresidentes.com\/salud\/salud-hoy\/wp-content\/uploads\/sites\/9\/2015\/01\/momento-dia-ejercicio-euroresidentes.jpg\",\"articleSection\":[\"H\u00e1bitos saludables\"],\"inLanguage\":\"es\",\"potentialAction\":[{\"@type\":\"CommentAction\",\"name\":\"Comment\",\"target\":[\"https:\/\/www.euroresidentes.com\/salud\/salud-hoy\/cual-es-el-mejor-momento-del-dia-para\/#respond\"]}]},{\"@type\":\"WebPage\",\"@id\":\"https:\/\/www.euroresidentes.com\/salud\/salud-hoy\/cual-es-el-mejor-momento-del-dia-para\/\",\"url\":\"https:\/\/www.euroresidentes.com\/salud\/salud-hoy\/cual-es-el-mejor-momento-del-dia-para\/\",\"name\":\"\u00bfCu\u00e1l es el mejor momento del d\u00eda para hacer ejercicio? - Salud hoy\",\"isPartOf\":{\"@id\":\"https:\/\/www.euroresidentes.com\/salud\/salud-hoy\/#website\"},\"primaryImageOfPage\":{\"@id\":\"https:\/\/www.euroresidentes.com\/salud\/salud-hoy\/cual-es-el-mejor-momento-del-dia-para\/#primaryimage\"},\"image\":{\"@id\":\"https:\/\/www.euroresidentes.com\/salud\/salud-hoy\/cual-es-el-mejor-momento-del-dia-para\/#primaryimage\"},\"thumbnailUrl\":\"https:\/\/www.euroresidentes.com\/salud\/salud-hoy\/wp-content\/uploads\/sites\/9\/2015\/01\/momento-dia-ejercicio-euroresidentes.jpg\",\"datePublished\":\"2015-01-29T13:33:00+00:00\",\"dateModified\":\"2018-05-22T09:46:13+00:00\",\"author\":{\"@id\":\"https:\/\/www.euroresidentes.com\/salud\/salud-hoy\/#\/schema\/person\/c0299534643677f2282b416ac1fe97f1\"},\"breadcrumb\":{\"@id\":\"https:\/\/www.euroresidentes.com\/salud\/salud-hoy\/cual-es-el-mejor-momento-del-dia-para\/#breadcrumb\"},\"inLanguage\":\"es\",\"potentialAction\":[{\"@type\":\"ReadAction\",\"target\":[\"https:\/\/www.euroresidentes.com\/salud\/salud-hoy\/cual-es-el-mejor-momento-del-dia-para\/\"]}]},{\"@type\":\"ImageObject\",\"inLanguage\":\"es\",\"@id\":\"https:\/\/www.euroresidentes.com\/salud\/salud-hoy\/cual-es-el-mejor-momento-del-dia-para\/#primaryimage\",\"url\":\"https:\/\/www.euroresidentes.com\/salud\/salud-hoy\/wp-content\/uploads\/sites\/9\/2015\/01\/momento-dia-ejercicio-euroresidentes.jpg\",\"contentUrl\":\"https:\/\/www.euroresidentes.com\/salud\/salud-hoy\/wp-content\/uploads\/sites\/9\/2015\/01\/momento-dia-ejercicio-euroresidentes.jpg\",\"width\":700,\"height\":525,\"caption\":\"Cu\u00e1ndo es el mejor momento del d\u00eda para hacer ejercicio\"},{\"@type\":\"BreadcrumbList\",\"@id\":\"https:\/\/www.euroresidentes.com\/salud\/salud-hoy\/cual-es-el-mejor-momento-del-dia-para\/#breadcrumb\",\"itemListElement\":[{\"@type\":\"ListItem\",\"position\":1,\"name\":\"Portada\",\"item\":\"https:\/\/www.euroresidentes.com\/salud\/salud-hoy\/\"},{\"@type\":\"ListItem\",\"position\":2,\"name\":\"\u00bfCu\u00e1l es el mejor momento del d\u00eda para hacer ejercicio?\"}]},{\"@type\":\"WebSite\",\"@id\":\"https:\/\/www.euroresidentes.com\/salud\/salud-hoy\/#website\",\"url\":\"https:\/\/www.euroresidentes.com\/salud\/salud-hoy\/\",\"name\":\"Salud hoy\",\"description\":\"Salud hoy Euroresidentes\",\"potentialAction\":[{\"@type\":\"SearchAction\",\"target\":{\"@type\":\"EntryPoint\",\"urlTemplate\":\"https:\/\/www.euroresidentes.com\/salud\/salud-hoy\/?s={search_term_string}\"},\"query-input\":{\"@type\":\"PropertyValueSpecification\",\"valueRequired\":true,\"valueName\":\"search_term_string\"}}],\"inLanguage\":\"es\"},{\"@type\":\"Person\",\"@id\":\"https:\/\/www.euroresidentes.com\/salud\/salud-hoy\/#\/schema\/person\/c0299534643677f2282b416ac1fe97f1\",\"name\":\"Raquel Pomares\",\"image\":{\"@type\":\"ImageObject\",\"inLanguage\":\"es\",\"@id\":\"https:\/\/www.euroresidentes.com\/salud\/salud-hoy\/#\/schema\/person\/image\/\",\"url\":\"https:\/\/www.euroresidentes.com\/salud\/salud-hoy\/wp-content\/uploads\/sites\/9\/2016\/09\/raquel-pomares-150x150.jpg\",\"contentUrl\":\"https:\/\/www.euroresidentes.com\/salud\/salud-hoy\/wp-content\/uploads\/sites\/9\/2016\/09\/raquel-pomares-150x150.jpg\",\"caption\":\"Raquel Pomares\"},\"description\":\"Raquel PomaresBi\u00f3loga, doctora y divulgadora cient\u00edfica especializada en temas de salud.\",\"sameAs\":[\"https:\/\/www.euroresidentes.com\/salud\/raquel-pomares.html\"],\"url\":\"https:\/\/www.euroresidentes.com\/salud\/salud-hoy\/author\/raquel\/\"}]}<\/script>\n<!-- \/ Yoast SEO plugin. -->","yoast_head_json":{"title":"\u00bfCu\u00e1l es el mejor momento del d\u00eda para hacer ejercicio? - Salud hoy","robots":{"index":"index","follow":"follow","max-snippet":"max-snippet:-1","max-image-preview":"max-image-preview:large","max-video-preview":"max-video-preview:-1"},"canonical":"https:\/\/www.euroresidentes.com\/salud\/salud-hoy\/cual-es-el-mejor-momento-del-dia-para\/","og_locale":"es_ES","og_type":"article","og_title":"\u00bfCu\u00e1l es el mejor momento del d\u00eda para hacer ejercicio? - Salud hoy","og_description":"Si quieres que el ejercicio que hagas sea m\u00e1s beneficioso, deber\u00edas hacerlo&#8230;\u00a0 \u00a0 &#8230;antes de desayunar.\u00a0 Existen estudios que demuestran que cuando el est\u00f3mago est\u00e1 completamente vac\u00edo (estado de ayuno) y se hace ejercicio, el cuerpo va a quemar m\u00e1s grasa para obtener la energ\u00eda necesaria, y por tanto se va a favorecer la p\u00e9rdida de peso, si se compara con hacer ejercicio en otros momentos del d\u00eda. Para llegar a esta conclusi\u00f3n, los participantes de un estudio ingirieron durante 6 semanas una dieta con un 30% m\u00e1s de calor\u00edas y un 50% m\u00e1s de grasa de lo que estaban","og_url":"https:\/\/www.euroresidentes.com\/salud\/salud-hoy\/cual-es-el-mejor-momento-del-dia-para\/","og_site_name":"Salud hoy","article_publisher":"https:\/\/www.facebook.com\/Salud-Euroresidentes-399995783365932\/","article_published_time":"2015-01-29T13:33:00+00:00","article_modified_time":"2018-05-22T09:46:13+00:00","og_image":[{"width":700,"height":525,"url":"https:\/\/www.euroresidentes.com\/salud\/salud-hoy\/wp-content\/uploads\/sites\/9\/2015\/01\/momento-dia-ejercicio-euroresidentes.jpg","type":"image\/jpeg"}],"author":"Raquel Pomares","twitter_card":"summary_large_image","twitter_misc":{"Written by":"Raquel Pomares","Est. reading time":"2 minutos"},"schema":{"@context":"https:\/\/schema.org","@graph":[{"@type":"Article","@id":"https:\/\/www.euroresidentes.com\/salud\/salud-hoy\/cual-es-el-mejor-momento-del-dia-para\/#article","isPartOf":{"@id":"https:\/\/www.euroresidentes.com\/salud\/salud-hoy\/cual-es-el-mejor-momento-del-dia-para\/"},"author":{"name":"Raquel Pomares","@id":"https:\/\/www.euroresidentes.com\/salud\/salud-hoy\/#\/schema\/person\/c0299534643677f2282b416ac1fe97f1"},"headline":"\u00bfCu\u00e1l es el mejor momento del d\u00eda para hacer ejercicio?","datePublished":"2015-01-29T13:33:00+00:00","dateModified":"2018-05-22T09:46:13+00:00","mainEntityOfPage":{"@id":"https:\/\/www.euroresidentes.com\/salud\/salud-hoy\/cual-es-el-mejor-momento-del-dia-para\/"},"wordCount":386,"commentCount":3,"image":{"@id":"https:\/\/www.euroresidentes.com\/salud\/salud-hoy\/cual-es-el-mejor-momento-del-dia-para\/#primaryimage"},"thumbnailUrl":"https:\/\/www.euroresidentes.com\/salud\/salud-hoy\/wp-content\/uploads\/sites\/9\/2015\/01\/momento-dia-ejercicio-euroresidentes.jpg","articleSection":["H\u00e1bitos saludables"],"inLanguage":"es","potentialAction":[{"@type":"CommentAction","name":"Comment","target":["https:\/\/www.euroresidentes.com\/salud\/salud-hoy\/cual-es-el-mejor-momento-del-dia-para\/#respond"]}]},{"@type":"WebPage","@id":"https:\/\/www.euroresidentes.com\/salud\/salud-hoy\/cual-es-el-mejor-momento-del-dia-para\/","url":"https:\/\/www.euroresidentes.com\/salud\/salud-hoy\/cual-es-el-mejor-momento-del-dia-para\/","name":"\u00bfCu\u00e1l es el mejor momento del d\u00eda para hacer ejercicio? - Salud hoy","isPartOf":{"@id":"https:\/\/www.euroresidentes.com\/salud\/salud-hoy\/#website"},"primaryImageOfPage":{"@id":"https:\/\/www.euroresidentes.com\/salud\/salud-hoy\/cual-es-el-mejor-momento-del-dia-para\/#primaryimage"},"image":{"@id":"https:\/\/www.euroresidentes.com\/salud\/salud-hoy\/cual-es-el-mejor-momento-del-dia-para\/#primaryimage"},"thumbnailUrl":"https:\/\/www.euroresidentes.com\/salud\/salud-hoy\/wp-content\/uploads\/sites\/9\/2015\/01\/momento-dia-ejercicio-euroresidentes.jpg","datePublished":"2015-01-29T13:33:00+00:00","dateModified":"2018-05-22T09:46:13+00:00","author":{"@id":"https:\/\/www.euroresidentes.com\/salud\/salud-hoy\/#\/schema\/person\/c0299534643677f2282b416ac1fe97f1"},"breadcrumb":{"@id":"https:\/\/www.euroresidentes.com\/salud\/salud-hoy\/cual-es-el-mejor-momento-del-dia-para\/#breadcrumb"},"inLanguage":"es","potentialAction":[{"@type":"ReadAction","target":["https:\/\/www.euroresidentes.com\/salud\/salud-hoy\/cual-es-el-mejor-momento-del-dia-para\/"]}]},{"@type":"ImageObject","inLanguage":"es","@id":"https:\/\/www.euroresidentes.com\/salud\/salud-hoy\/cual-es-el-mejor-momento-del-dia-para\/#primaryimage","url":"https:\/\/www.euroresidentes.com\/salud\/salud-hoy\/wp-content\/uploads\/sites\/9\/2015\/01\/momento-dia-ejercicio-euroresidentes.jpg","contentUrl":"https:\/\/www.euroresidentes.com\/salud\/salud-hoy\/wp-content\/uploads\/sites\/9\/2015\/01\/momento-dia-ejercicio-euroresidentes.jpg","width":700,"height":525,"caption":"Cu\u00e1ndo es el mejor momento del d\u00eda para hacer ejercicio"},{"@type":"BreadcrumbList","@id":"https:\/\/www.euroresidentes.com\/salud\/salud-hoy\/cual-es-el-mejor-momento-del-dia-para\/#breadcrumb","itemListElement":[{"@type":"ListItem","position":1,"name":"Portada","item":"https:\/\/www.euroresidentes.com\/salud\/salud-hoy\/"},{"@type":"ListItem","position":2,"name":"\u00bfCu\u00e1l es el mejor momento del d\u00eda para hacer ejercicio?"}]},{"@type":"WebSite","@id":"https:\/\/www.euroresidentes.com\/salud\/salud-hoy\/#website","url":"https:\/\/www.euroresidentes.com\/salud\/salud-hoy\/","name":"Salud hoy","description":"Salud hoy Euroresidentes","potentialAction":[{"@type":"SearchAction","target":{"@type":"EntryPoint","urlTemplate":"https:\/\/www.euroresidentes.com\/salud\/salud-hoy\/?s={search_term_string}"},"query-input":{"@type":"PropertyValueSpecification","valueRequired":true,"valueName":"search_term_string"}}],"inLanguage":"es"},{"@type":"Person","@id":"https:\/\/www.euroresidentes.com\/salud\/salud-hoy\/#\/schema\/person\/c0299534643677f2282b416ac1fe97f1","name":"Raquel Pomares","image":{"@type":"ImageObject","inLanguage":"es","@id":"https:\/\/www.euroresidentes.com\/salud\/salud-hoy\/#\/schema\/person\/image\/","url":"https:\/\/www.euroresidentes.com\/salud\/salud-hoy\/wp-content\/uploads\/sites\/9\/2016\/09\/raquel-pomares-150x150.jpg","contentUrl":"https:\/\/www.euroresidentes.com\/salud\/salud-hoy\/wp-content\/uploads\/sites\/9\/2016\/09\/raquel-pomares-150x150.jpg","caption":"Raquel Pomares"},"description":"Raquel PomaresBi\u00f3loga, doctora y divulgadora cient\u00edfica especializada en temas de salud.","sameAs":["https:\/\/www.euroresidentes.com\/salud\/raquel-pomares.html"],"url":"https:\/\/www.euroresidentes.com\/salud\/salud-hoy\/author\/raquel\/"}]}},"_links":{"self":[{"href":"https:\/\/www.euroresidentes.com\/salud\/salud-hoy\/wp-json\/wp\/v2\/posts\/1856","targetHints":{"allow":["GET"]}}],"collection":[{"href":"https:\/\/www.euroresidentes.com\/salud\/salud-hoy\/wp-json\/wp\/v2\/posts"}],"about":[{"href":"https:\/\/www.euroresidentes.com\/salud\/salud-hoy\/wp-json\/wp\/v2\/types\/post"}],"author":[{"embeddable":true,"href":"https:\/\/www.euroresidentes.com\/salud\/salud-hoy\/wp-json\/wp\/v2\/users\/2"}],"replies":[{"embeddable":true,"href":"https:\/\/www.euroresidentes.com\/salud\/salud-hoy\/wp-json\/wp\/v2\/comments?post=1856"}],"version-history":[{"count":16,"href":"https:\/\/www.euroresidentes.com\/salud\/salud-hoy\/wp-json\/wp\/v2\/posts\/1856\/revisions"}],"predecessor-version":[{"id":4879,"href":"https:\/\/www.euroresidentes.com\/salud\/salud-hoy\/wp-json\/wp\/v2\/posts\/1856\/revisions\/4879"}],"wp:featuredmedia":[{"embeddable":true,"href":"https:\/\/www.euroresidentes.com\/salud\/salud-hoy\/wp-json\/wp\/v2\/media\/3433"}],"wp:attachment":[{"href":"https:\/\/www.euroresidentes.com\/salud\/salud-hoy\/wp-json\/wp\/v2\/media?parent=1856"}],"wp:term":[{"taxonomy":"category","embeddable":true,"href":"https:\/\/www.euroresidentes.com\/salud\/salud-hoy\/wp-json\/wp\/v2\/categories?post=1856"},{"taxonomy":"post_tag","embeddable":true,"href":"https:\/\/www.euroresidentes.com\/salud\/salud-hoy\/wp-json\/wp\/v2\/tags?post=1856"}],"curies":[{"name":"wp","href":"https:\/\/api.w.org\/{rel}","templated":true}]}}